{"id":4417,"date":"2025-11-20T17:32:00","date_gmt":"2025-11-20T17:32:00","guid":{"rendered":"https:\/\/www.qualfarma.com.br\/vivabem\/?p=4417"},"modified":"2025-03-16T17:35:01","modified_gmt":"2025-03-16T17:35:01","slug":"como-tratar-assadura-de-bebe","status":"publish","type":"post","link":"https:\/\/www.qualfarma.com.br\/vivabem\/como-tratar-assadura-de-bebe\/","title":{"rendered":"Como tratar assadura de beb\u00ea? Dicas pr\u00e1ticas"},"content":{"rendered":"\n<p>Se o seu beb\u00ea est\u00e1 com a pele vermelha e sens\u00edvel na regi\u00e3o da fralda, \u00e9 importante saber <strong>como tratar assadura de beb\u00ea<\/strong> para aliviar o inc\u00f4modo e evitar que o problema piore. As assaduras s\u00e3o muito comuns nos primeiros meses de vida e podem causar bastante desconforto. Mas a boa not\u00edcia \u00e9 que, com os cuidados certos, a pele do beb\u00ea se recupera rapidamente. Veja o que fazer!<\/p>\n\n\n\n<div id=\"ez-toc-container\" class=\"ez-toc-v2_0_82_2 counter-hierarchy ez-toc-counter ez-toc-grey ez-toc-container-direction\">\n<div class=\"ez-toc-title-container\">\n<p class=\"ez-toc-title\" style=\"cursor:inherit\">Navegue pelo assunto<\/p>\n<span class=\"ez-toc-title-toggle\"><\/span><\/div>\n<nav><ul class='ez-toc-list ez-toc-list-level-1 ' ><li class='ez-toc-page-1 ez-toc-heading-level-2'><a class=\"ez-toc-link ez-toc-heading-1\" href=\"https:\/\/www.qualfarma.com.br\/vivabem\/como-tratar-assadura-de-bebe\/#O_que_causa_assadura_em_bebes\" >O que causa assadura em beb\u00eas?<\/a><\/li><li class='ez-toc-page-1 ez-toc-heading-level-2'><a class=\"ez-toc-link ez-toc-heading-2\" href=\"https:\/\/www.qualfarma.com.br\/vivabem\/como-tratar-assadura-de-bebe\/#Passo_a_passo_para_tratar_assadura_de_bebe\" >Passo a passo para tratar assadura de beb\u00ea<\/a><\/li><li class='ez-toc-page-1 ez-toc-heading-level-2'><a class=\"ez-toc-link ez-toc-heading-3\" href=\"https:\/\/www.qualfarma.com.br\/vivabem\/como-tratar-assadura-de-bebe\/#Como_prevenir_assaduras_no_dia_a_dia\" >Como prevenir assaduras no dia a dia<\/a><\/li><li class='ez-toc-page-1 ez-toc-heading-level-2'><a class=\"ez-toc-link ez-toc-heading-4\" href=\"https:\/\/www.qualfarma.com.br\/vivabem\/como-tratar-assadura-de-bebe\/#Quando_procurar_um_pediatra\" >Quando procurar um pediatra?<\/a><\/li><\/ul><\/nav><\/div>\n<h2 class=\"wp-block-heading\"><span class=\"ez-toc-section\" id=\"O_que_causa_assadura_em_bebes\"><\/span><strong>O que causa assadura em beb\u00eas?<\/strong><span class=\"ez-toc-section-end\"><\/span><\/h2>\n\n\n\n<p>A assadura acontece quando a pele do beb\u00ea fica irritada, geralmente devido a fatores como:<\/p>\n\n\n\n<ul class=\"wp-block-list\">\n<li><strong>Contato prolongado com urina e fezes<\/strong>, que podem agredir a pele sens\u00edvel da regi\u00e3o da fralda.<\/li>\n\n\n\n<li><strong>Uso de fraldas muito apertadas<\/strong>, que dificultam a circula\u00e7\u00e3o de ar e aumentam a umidade.<\/li>\n\n\n\n<li><strong>Sensibilidade a produtos<\/strong>, como len\u00e7os umedecidos, sabonetes perfumados ou cremes com fragr\u00e2ncia.<\/li>\n\n\n\n<li><strong>Calor excessivo<\/strong>, que intensifica a transpira\u00e7\u00e3o e deixa a pele mais propensa \u00e0 irrita\u00e7\u00e3o.<\/li>\n<\/ul>\n\n\n\n<p><\/p>\n\n\n\n<p>Saber identificar a causa da assadura ajuda a evitar que o problema volte a acontecer.<\/p>\n\n\n\n<h2 class=\"wp-block-heading\"><span class=\"ez-toc-section\" id=\"Passo_a_passo_para_tratar_assadura_de_bebe\"><\/span>Passo a passo para tratar assadura de beb\u00ea<span class=\"ez-toc-section-end\"><\/span><\/h2>\n\n\n\n<p>Quando a pele do beb\u00ea j\u00e1 est\u00e1 irritada, alguns cuidados simples podem acelerar a recupera\u00e7\u00e3o:<\/p>\n\n\n\n<ol class=\"wp-block-list\">\n<li><strong>Troque a fralda com mais frequ\u00eancia<\/strong>, evitando que a pele fique \u00famida por muito tempo.<\/li>\n\n\n\n<li><strong>Lave a regi\u00e3o com \u00e1gua morna e algod\u00e3o<\/strong>, pois len\u00e7os umedecidos podem piorar a irrita\u00e7\u00e3o.<\/li>\n\n\n\n<li><strong>Seque a pele com delicadeza<\/strong>, sem esfregar, apenas pressionando levemente a toalha.<\/li>\n\n\n\n<li><strong>Aplique uma pomada para assaduras<\/strong> com \u00f3xido de zinco, que ajuda a proteger e regenerar a pele.<\/li>\n\n\n\n<li><strong>Deixe o beb\u00ea sem fralda por alguns minutos ao dia<\/strong>, para permitir que a pele respire e se recupere mais r\u00e1pido.<\/li>\n<\/ol>\n\n\n\n<p><\/p>\n\n\n\n<p>Esses cuidados aliviam o desconforto e ajudam a pele a cicatrizar mais rapidamente.<\/p>\n\n\n\n<h2 class=\"wp-block-heading\"><span class=\"ez-toc-section\" id=\"Como_prevenir_assaduras_no_dia_a_dia\"><\/span>Como prevenir assaduras no dia a dia<span class=\"ez-toc-section-end\"><\/span><\/h2>\n\n\n\n<p>Para evitar que o beb\u00ea sofra com assaduras, algumas mudan\u00e7as na rotina podem fazer toda a diferen\u00e7a:<\/p>\n\n\n\n<ul class=\"wp-block-list\">\n<li><strong>Escolha fraldas de boa absor\u00e7\u00e3o<\/strong> e troque-as assim que estiverem sujas ou \u00famidas.<\/li>\n\n\n\n<li><strong>Use pomadas preventivas a cada troca<\/strong>, criando uma camada de prote\u00e7\u00e3o na pele.<\/li>\n\n\n\n<li><strong>D\u00ea prefer\u00eancia \u00e0 limpeza com algod\u00e3o e \u00e1gua<\/strong>, evitando len\u00e7os umedecidos sempre que poss\u00edvel.<\/li>\n\n\n\n<li><strong>Deixe o beb\u00ea sem fralda por alguns momentos ao longo do dia<\/strong>, para manter a pele arejada.<\/li>\n<\/ul>\n\n\n\n<p><\/p>\n\n\n\n<p>A preven\u00e7\u00e3o \u00e9 o melhor caminho para evitar irrita\u00e7\u00f5es e manter o beb\u00ea sempre confort\u00e1vel.<\/p>\n\n\n\n<h2 class=\"wp-block-heading\"><span class=\"ez-toc-section\" id=\"Quando_procurar_um_pediatra\"><\/span>Quando procurar um pediatra?<span class=\"ez-toc-section-end\"><\/span><\/h2>\n\n\n\n<p>Na maioria dos casos, as assaduras melhoram em poucos dias com os cuidados corretos. Mas \u00e9 importante ficar atento a alguns sinais de alerta:<\/p>\n\n\n\n<ul class=\"wp-block-list\">\n<li><strong>Se a assadura n\u00e3o melhorar em at\u00e9 tr\u00eas dias<\/strong>, mesmo com os cuidados adequados.<\/li>\n\n\n\n<li><strong>Se surgirem feridas, bolhas ou sangramentos<\/strong>, o que pode indicar uma infec\u00e7\u00e3o.<\/li>\n\n\n\n<li><strong>Se o beb\u00ea estiver muito irritado e com febre<\/strong>, pois pode ser um sinal de inflama\u00e7\u00e3o mais grave.<\/li>\n<\/ul>\n\n\n\n<p><\/p>\n\n\n\n<p>Nessas situa\u00e7\u00f5es, um pediatra poder\u00e1 avaliar a pele do beb\u00ea e indicar o melhor tratamento.<\/p>\n\n\n\n<p>Com aten\u00e7\u00e3o e alguns cuidados di\u00e1rios, \u00e9 poss\u00edvel evitar que a assadura se torne um problema recorrente. Manter a pele do beb\u00ea sempre limpa, seca e protegida \u00e9 o segredo para deix\u00e1-lo mais confort\u00e1vel e longe das irrita\u00e7\u00f5es.<\/p>\n\n\n\n<p><\/p>\n","protected":false},"excerpt":{"rendered":"<p>Se o seu beb\u00ea est\u00e1 com a pele vermelha e sens\u00edvel na regi\u00e3o da fralda, \u00e9 importante saber como tratar assadura de beb\u00ea para aliviar o inc\u00f4modo e evitar que o problema piore. As assaduras s\u00e3o muito comuns nos primeiros meses de vida e podem causar bastante desconforto. Mas a boa not\u00edcia \u00e9 que, com [&hellip;]<\/p>\n","protected":false},"author":7,"featured_media":4365,"comment_status":"open","ping_status":"open","sticky":false,"template":"","format":"standard","meta":{"tpgb_global_settings":"","footnotes":""},"categories":[106,107],"tags":[92],"class_list":["post-4417","post","type-post","status-publish","format-standard","has-post-thumbnail","hentry","category-saude","category-saude-do-bebe-e-crianca","tag-saude-do-bebe-e-crianca"],"yoast_head":"<!-- This site is optimized with the Yoast SEO plugin v27.5 - https:\/\/yoast.com\/product\/yoast-seo-wordpress\/ -->\n<title>Como tratar assadura de beb\u00ea? Dicas pr\u00e1ticas - Blog Viva Bem por Qualfarma<\/title>\n<meta name=\"description\" content=\"A assadura pode causar desconforto para o beb\u00ea, mas \u00e9 poss\u00edvel aliviar os sintomas. Veja como tratar assadura de beb\u00ea com cuidados simples!\" \/>\n<meta name=\"robots\" content=\"index, follow, max-snippet:-1, max-image-preview:large, max-video-preview:-1\" \/>\n<link rel=\"canonical\" href=\"https:\/\/www.qualfarma.com.br\/vivabem\/como-tratar-assadura-de-bebe\/\" \/>\n<meta property=\"og:locale\" content=\"pt_BR\" \/>\n<meta property=\"og:type\" content=\"article\" \/>\n<meta property=\"og:title\" content=\"Como tratar assadura de beb\u00ea? Dicas pr\u00e1ticas - Blog Viva Bem por Qualfarma\" \/>\n<meta property=\"og:description\" content=\"A assadura pode causar desconforto para o beb\u00ea, mas \u00e9 poss\u00edvel aliviar os sintomas. Veja como tratar assadura de beb\u00ea com cuidados simples!\" \/>\n<meta property=\"og:url\" content=\"https:\/\/www.qualfarma.com.br\/vivabem\/como-tratar-assadura-de-bebe\/\" \/>\n<meta property=\"og:site_name\" content=\"Blog Viva Bem por Qualfarma\" \/>\n<meta property=\"article:published_time\" content=\"2025-11-20T17:32:00+00:00\" \/>\n<meta property=\"og:image\" content=\"https:\/\/www.qualfarma.com.br\/vivabem\/wp-content\/uploads\/2025\/03\/como-tratar-assadura-de-bebe.png\" \/>\n\t<meta property=\"og:image:width\" content=\"750\" \/>\n\t<meta property=\"og:image:height\" content=\"500\" \/>\n\t<meta property=\"og:image:type\" content=\"image\/png\" \/>\n<meta name=\"author\" content=\"Stephanie Kroll\" \/>\n<meta name=\"twitter:card\" content=\"summary_large_image\" \/>\n<meta name=\"twitter:label1\" content=\"Escrito por\" \/>\n\t<meta name=\"twitter:data1\" content=\"Stephanie Kroll\" \/>\n\t<meta name=\"twitter:label2\" content=\"Est. tempo de leitura\" \/>\n\t<meta name=\"twitter:data2\" content=\"3 minutos\" \/>\n<script type=\"application\/ld+json\" class=\"yoast-schema-graph\">{\"@context\":\"https:\\\/\\\/schema.org\",\"@graph\":[{\"@type\":\"Article\",\"@id\":\"https:\\\/\\\/www.qualfarma.com.br\\\/vivabem\\\/como-tratar-assadura-de-bebe\\\/#article\",\"isPartOf\":{\"@id\":\"https:\\\/\\\/www.qualfarma.com.br\\\/vivabem\\\/como-tratar-assadura-de-bebe\\\/\"},\"author\":{\"name\":\"Stephanie Kroll\",\"@id\":\"https:\\\/\\\/www.qualfarma.com.br\\\/vivabem\\\/#\\\/schema\\\/person\\\/a690dda13b8cef2d1093f56c7e09b224\"},\"headline\":\"Como tratar assadura de beb\u00ea? Dicas pr\u00e1ticas\",\"datePublished\":\"2025-11-20T17:32:00+00:00\",\"mainEntityOfPage\":{\"@id\":\"https:\\\/\\\/www.qualfarma.com.br\\\/vivabem\\\/como-tratar-assadura-de-bebe\\\/\"},\"wordCount\":541,\"commentCount\":0,\"image\":{\"@id\":\"https:\\\/\\\/www.qualfarma.com.br\\\/vivabem\\\/como-tratar-assadura-de-bebe\\\/#primaryimage\"},\"thumbnailUrl\":\"https:\\\/\\\/www.qualfarma.com.br\\\/vivabem\\\/wp-content\\\/uploads\\\/2025\\\/03\\\/como-tratar-assadura-de-bebe.png\",\"keywords\":[\"Sa\u00fade do Beb\u00ea e Crian\u00e7a\"],\"articleSection\":[\"Sa\u00fade\",\"Sa\u00fade do beb\u00ea e crian\u00e7a\"],\"inLanguage\":\"pt-BR\",\"potentialAction\":[{\"@type\":\"CommentAction\",\"name\":\"Comment\",\"target\":[\"https:\\\/\\\/www.qualfarma.com.br\\\/vivabem\\\/como-tratar-assadura-de-bebe\\\/#respond\"]}]},{\"@type\":\"WebPage\",\"@id\":\"https:\\\/\\\/www.qualfarma.com.br\\\/vivabem\\\/como-tratar-assadura-de-bebe\\\/\",\"url\":\"https:\\\/\\\/www.qualfarma.com.br\\\/vivabem\\\/como-tratar-assadura-de-bebe\\\/\",\"name\":\"Como tratar assadura de beb\u00ea? Dicas pr\u00e1ticas - Blog Viva Bem por Qualfarma\",\"isPartOf\":{\"@id\":\"https:\\\/\\\/www.qualfarma.com.br\\\/vivabem\\\/#website\"},\"primaryImageOfPage\":{\"@id\":\"https:\\\/\\\/www.qualfarma.com.br\\\/vivabem\\\/como-tratar-assadura-de-bebe\\\/#primaryimage\"},\"image\":{\"@id\":\"https:\\\/\\\/www.qualfarma.com.br\\\/vivabem\\\/como-tratar-assadura-de-bebe\\\/#primaryimage\"},\"thumbnailUrl\":\"https:\\\/\\\/www.qualfarma.com.br\\\/vivabem\\\/wp-content\\\/uploads\\\/2025\\\/03\\\/como-tratar-assadura-de-bebe.png\",\"datePublished\":\"2025-11-20T17:32:00+00:00\",\"author\":{\"@id\":\"https:\\\/\\\/www.qualfarma.com.br\\\/vivabem\\\/#\\\/schema\\\/person\\\/a690dda13b8cef2d1093f56c7e09b224\"},\"description\":\"A assadura pode causar desconforto para o beb\u00ea, mas \u00e9 poss\u00edvel aliviar os sintomas. Veja como tratar assadura de beb\u00ea com cuidados simples!\",\"breadcrumb\":{\"@id\":\"https:\\\/\\\/www.qualfarma.com.br\\\/vivabem\\\/como-tratar-assadura-de-bebe\\\/#breadcrumb\"},\"inLanguage\":\"pt-BR\",\"potentialAction\":[{\"@type\":\"ReadAction\",\"target\":[\"https:\\\/\\\/www.qualfarma.com.br\\\/vivabem\\\/como-tratar-assadura-de-bebe\\\/\"]}]},{\"@type\":\"ImageObject\",\"inLanguage\":\"pt-BR\",\"@id\":\"https:\\\/\\\/www.qualfarma.com.br\\\/vivabem\\\/como-tratar-assadura-de-bebe\\\/#primaryimage\",\"url\":\"https:\\\/\\\/www.qualfarma.com.br\\\/vivabem\\\/wp-content\\\/uploads\\\/2025\\\/03\\\/como-tratar-assadura-de-bebe.png\",\"contentUrl\":\"https:\\\/\\\/www.qualfarma.com.br\\\/vivabem\\\/wp-content\\\/uploads\\\/2025\\\/03\\\/como-tratar-assadura-de-bebe.png\",\"width\":750,\"height\":500,\"caption\":\"Como tratar assadura de beb\u00ea\"},{\"@type\":\"BreadcrumbList\",\"@id\":\"https:\\\/\\\/www.qualfarma.com.br\\\/vivabem\\\/como-tratar-assadura-de-bebe\\\/#breadcrumb\",\"itemListElement\":[{\"@type\":\"ListItem\",\"position\":1,\"name\":\"Blog Viva Bem\",\"item\":\"https:\\\/\\\/www.qualfarma.com.br\\\/vivabem\\\/\"},{\"@type\":\"ListItem\",\"position\":2,\"name\":\"Sa\u00fade\",\"item\":\"https:\\\/\\\/www.qualfarma.com.br\\\/vivabem\\\/saude\\\/\"},{\"@type\":\"ListItem\",\"position\":3,\"name\":\"Como tratar assadura de beb\u00ea? Dicas pr\u00e1ticas\"}]},{\"@type\":\"WebSite\",\"@id\":\"https:\\\/\\\/www.qualfarma.com.br\\\/vivabem\\\/#website\",\"url\":\"https:\\\/\\\/www.qualfarma.com.br\\\/vivabem\\\/\",\"name\":\"Blog Viva Bem por Qualfarma\",\"description\":\"\u00ae 2023\",\"potentialAction\":[{\"@type\":\"SearchAction\",\"target\":{\"@type\":\"EntryPoint\",\"urlTemplate\":\"https:\\\/\\\/www.qualfarma.com.br\\\/vivabem\\\/?s={search_term_string}\"},\"query-input\":{\"@type\":\"PropertyValueSpecification\",\"valueRequired\":true,\"valueName\":\"search_term_string\"}}],\"inLanguage\":\"pt-BR\"},{\"@type\":\"Person\",\"@id\":\"https:\\\/\\\/www.qualfarma.com.br\\\/vivabem\\\/#\\\/schema\\\/person\\\/a690dda13b8cef2d1093f56c7e09b224\",\"name\":\"Stephanie Kroll\",\"image\":{\"@type\":\"ImageObject\",\"inLanguage\":\"pt-BR\",\"@id\":\"https:\\\/\\\/secure.gravatar.com\\\/avatar\\\/dd1b82540a7b66c3112346e4a6b0e24b524511df3d028133ca1eea9eafc829bc?s=96&d=mm&r=g\",\"url\":\"https:\\\/\\\/secure.gravatar.com\\\/avatar\\\/dd1b82540a7b66c3112346e4a6b0e24b524511df3d028133ca1eea9eafc829bc?s=96&d=mm&r=g\",\"contentUrl\":\"https:\\\/\\\/secure.gravatar.com\\\/avatar\\\/dd1b82540a7b66c3112346e4a6b0e24b524511df3d028133ca1eea9eafc829bc?s=96&d=mm&r=g\",\"caption\":\"Stephanie Kroll\"},\"description\":\"Graduada em Farm\u00e1cia pela Universidade Federal do Rio de Janeiro (UFRJ), Stephanie Kroll (CRF\\\/RJ 28001) atua na \u00e1rea da sa\u00fade da fam\u00edlia com uma abordagem humanizada e \u00e9 respons\u00e1vel t\u00e9cnica pelos conte\u00fados do Viva Bem por Qualfarma.\"}]}<\/script>\n<!-- \/ Yoast SEO plugin. -->","yoast_head_json":{"title":"Como tratar assadura de beb\u00ea? Dicas pr\u00e1ticas - Blog Viva Bem por Qualfarma","description":"A assadura pode causar desconforto para o beb\u00ea, mas \u00e9 poss\u00edvel aliviar os sintomas. Veja como tratar assadura de beb\u00ea com cuidados simples!","robots":{"index":"index","follow":"follow","max-snippet":"max-snippet:-1","max-image-preview":"max-image-preview:large","max-video-preview":"max-video-preview:-1"},"canonical":"https:\/\/www.qualfarma.com.br\/vivabem\/como-tratar-assadura-de-bebe\/","og_locale":"pt_BR","og_type":"article","og_title":"Como tratar assadura de beb\u00ea? Dicas pr\u00e1ticas - Blog Viva Bem por Qualfarma","og_description":"A assadura pode causar desconforto para o beb\u00ea, mas \u00e9 poss\u00edvel aliviar os sintomas. Veja como tratar assadura de beb\u00ea com cuidados simples!","og_url":"https:\/\/www.qualfarma.com.br\/vivabem\/como-tratar-assadura-de-bebe\/","og_site_name":"Blog Viva Bem por Qualfarma","article_published_time":"2025-11-20T17:32:00+00:00","og_image":[{"width":750,"height":500,"url":"https:\/\/www.qualfarma.com.br\/vivabem\/wp-content\/uploads\/2025\/03\/como-tratar-assadura-de-bebe.png","type":"image\/png"}],"author":"Stephanie Kroll","twitter_card":"summary_large_image","twitter_misc":{"Escrito por":"Stephanie Kroll","Est. tempo de leitura":"3 minutos"},"schema":{"@context":"https:\/\/schema.org","@graph":[{"@type":"Article","@id":"https:\/\/www.qualfarma.com.br\/vivabem\/como-tratar-assadura-de-bebe\/#article","isPartOf":{"@id":"https:\/\/www.qualfarma.com.br\/vivabem\/como-tratar-assadura-de-bebe\/"},"author":{"name":"Stephanie Kroll","@id":"https:\/\/www.qualfarma.com.br\/vivabem\/#\/schema\/person\/a690dda13b8cef2d1093f56c7e09b224"},"headline":"Como tratar assadura de beb\u00ea? Dicas pr\u00e1ticas","datePublished":"2025-11-20T17:32:00+00:00","mainEntityOfPage":{"@id":"https:\/\/www.qualfarma.com.br\/vivabem\/como-tratar-assadura-de-bebe\/"},"wordCount":541,"commentCount":0,"image":{"@id":"https:\/\/www.qualfarma.com.br\/vivabem\/como-tratar-assadura-de-bebe\/#primaryimage"},"thumbnailUrl":"https:\/\/www.qualfarma.com.br\/vivabem\/wp-content\/uploads\/2025\/03\/como-tratar-assadura-de-bebe.png","keywords":["Sa\u00fade do Beb\u00ea e Crian\u00e7a"],"articleSection":["Sa\u00fade","Sa\u00fade do beb\u00ea e crian\u00e7a"],"inLanguage":"pt-BR","potentialAction":[{"@type":"CommentAction","name":"Comment","target":["https:\/\/www.qualfarma.com.br\/vivabem\/como-tratar-assadura-de-bebe\/#respond"]}]},{"@type":"WebPage","@id":"https:\/\/www.qualfarma.com.br\/vivabem\/como-tratar-assadura-de-bebe\/","url":"https:\/\/www.qualfarma.com.br\/vivabem\/como-tratar-assadura-de-bebe\/","name":"Como tratar assadura de beb\u00ea? Dicas pr\u00e1ticas - Blog Viva Bem por Qualfarma","isPartOf":{"@id":"https:\/\/www.qualfarma.com.br\/vivabem\/#website"},"primaryImageOfPage":{"@id":"https:\/\/www.qualfarma.com.br\/vivabem\/como-tratar-assadura-de-bebe\/#primaryimage"},"image":{"@id":"https:\/\/www.qualfarma.com.br\/vivabem\/como-tratar-assadura-de-bebe\/#primaryimage"},"thumbnailUrl":"https:\/\/www.qualfarma.com.br\/vivabem\/wp-content\/uploads\/2025\/03\/como-tratar-assadura-de-bebe.png","datePublished":"2025-11-20T17:32:00+00:00","author":{"@id":"https:\/\/www.qualfarma.com.br\/vivabem\/#\/schema\/person\/a690dda13b8cef2d1093f56c7e09b224"},"description":"A assadura pode causar desconforto para o beb\u00ea, mas \u00e9 poss\u00edvel aliviar os sintomas. Veja como tratar assadura de beb\u00ea com cuidados simples!","breadcrumb":{"@id":"https:\/\/www.qualfarma.com.br\/vivabem\/como-tratar-assadura-de-bebe\/#breadcrumb"},"inLanguage":"pt-BR","potentialAction":[{"@type":"ReadAction","target":["https:\/\/www.qualfarma.com.br\/vivabem\/como-tratar-assadura-de-bebe\/"]}]},{"@type":"ImageObject","inLanguage":"pt-BR","@id":"https:\/\/www.qualfarma.com.br\/vivabem\/como-tratar-assadura-de-bebe\/#primaryimage","url":"https:\/\/www.qualfarma.com.br\/vivabem\/wp-content\/uploads\/2025\/03\/como-tratar-assadura-de-bebe.png","contentUrl":"https:\/\/www.qualfarma.com.br\/vivabem\/wp-content\/uploads\/2025\/03\/como-tratar-assadura-de-bebe.png","width":750,"height":500,"caption":"Como tratar assadura de beb\u00ea"},{"@type":"BreadcrumbList","@id":"https:\/\/www.qualfarma.com.br\/vivabem\/como-tratar-assadura-de-bebe\/#breadcrumb","itemListElement":[{"@type":"ListItem","position":1,"name":"Blog Viva Bem","item":"https:\/\/www.qualfarma.com.br\/vivabem\/"},{"@type":"ListItem","position":2,"name":"Sa\u00fade","item":"https:\/\/www.qualfarma.com.br\/vivabem\/saude\/"},{"@type":"ListItem","position":3,"name":"Como tratar assadura de beb\u00ea? Dicas pr\u00e1ticas"}]},{"@type":"WebSite","@id":"https:\/\/www.qualfarma.com.br\/vivabem\/#website","url":"https:\/\/www.qualfarma.com.br\/vivabem\/","name":"Blog Viva Bem por Qualfarma","description":"\u00ae 2023","potentialAction":[{"@type":"SearchAction","target":{"@type":"EntryPoint","urlTemplate":"https:\/\/www.qualfarma.com.br\/vivabem\/?s={search_term_string}"},"query-input":{"@type":"PropertyValueSpecification","valueRequired":true,"valueName":"search_term_string"}}],"inLanguage":"pt-BR"},{"@type":"Person","@id":"https:\/\/www.qualfarma.com.br\/vivabem\/#\/schema\/person\/a690dda13b8cef2d1093f56c7e09b224","name":"Stephanie Kroll","image":{"@type":"ImageObject","inLanguage":"pt-BR","@id":"https:\/\/secure.gravatar.com\/avatar\/dd1b82540a7b66c3112346e4a6b0e24b524511df3d028133ca1eea9eafc829bc?s=96&d=mm&r=g","url":"https:\/\/secure.gravatar.com\/avatar\/dd1b82540a7b66c3112346e4a6b0e24b524511df3d028133ca1eea9eafc829bc?s=96&d=mm&r=g","contentUrl":"https:\/\/secure.gravatar.com\/avatar\/dd1b82540a7b66c3112346e4a6b0e24b524511df3d028133ca1eea9eafc829bc?s=96&d=mm&r=g","caption":"Stephanie Kroll"},"description":"Graduada em Farm\u00e1cia pela Universidade Federal do Rio de Janeiro (UFRJ), Stephanie Kroll (CRF\/RJ 28001) atua na \u00e1rea da sa\u00fade da fam\u00edlia com uma abordagem humanizada e \u00e9 respons\u00e1vel t\u00e9cnica pelos conte\u00fados do Viva Bem por Qualfarma."}]}},"jetpack_featured_media_url":"https:\/\/www.qualfarma.com.br\/vivabem\/wp-content\/uploads\/2025\/03\/como-tratar-assadura-de-bebe.png","tpgb_featured_images":{"full":["https:\/\/www.qualfarma.com.br\/vivabem\/wp-content\/uploads\/2025\/03\/como-tratar-assadura-de-bebe.png",750,500,false],"tp-image-grid":["https:\/\/www.qualfarma.com.br\/vivabem\/wp-content\/uploads\/2025\/03\/como-tratar-assadura-de-bebe-700x700.png",700,700,true],"thumbnail":["https:\/\/www.qualfarma.com.br\/vivabem\/wp-content\/uploads\/2025\/03\/como-tratar-assadura-de-bebe-150x150.png",150,150,true],"medium":["https:\/\/www.qualfarma.com.br\/vivabem\/wp-content\/uploads\/2025\/03\/como-tratar-assadura-de-bebe-300x200.png",300,200,true],"medium_large":["https:\/\/www.qualfarma.com.br\/vivabem\/wp-content\/uploads\/2025\/03\/como-tratar-assadura-de-bebe.png",750,500,false],"large":["https:\/\/www.qualfarma.com.br\/vivabem\/wp-content\/uploads\/2025\/03\/como-tratar-assadura-de-bebe.png",750,500,false],"default":"https:\/\/www.qualfarma.com.br\/vivabem\/wp-content\/plugins\/the-plus-addons-for-block-editor\/assets\/images\/tpgb-placeholder.jpg"},"tpgb_post_meta_info":{"get_date":"novembro 20, 2025","get_modified_date":"mar\u00e7o 16, 2025","category_list":{"category":[{"term_id":106,"name":"Sa\u00fade","slug":"saude","term_group":0,"term_taxonomy_id":106,"taxonomy":"category","description":"Cuide da sua sa\u00fade com conte\u00fados informativos e dicas pr\u00e1ticas. No Viva Bem por Qualfarma, voc\u00ea encontra informa\u00e7\u00f5es sobre sa\u00fade f\u00edsica e mental, amplia seus conhecimentos sobre doen\u00e7as e sintomas e muito mais. Mantenha sua sa\u00fade sempre em dia e viva bem com Qualfarma.","parent":0,"count":23,"filter":"raw"},{"term_id":107,"name":"Sa\u00fade do beb\u00ea e crian\u00e7a","slug":"saude-do-bebe-e-crianca","term_group":0,"term_taxonomy_id":107,"taxonomy":"category","description":"","parent":106,"count":3,"filter":"raw"}],"post_tag":[{"term_id":92,"name":"Sa\u00fade do Beb\u00ea e Crian\u00e7a","slug":"saude-do-bebe-e-crianca","term_group":0,"term_taxonomy_id":92,"taxonomy":"post_tag","description":"","parent":0,"count":3,"filter":"raw"}]},"author_name":"Stephanie Kroll","author_url":"https:\/\/www.qualfarma.com.br\/vivabem\/author\/sterabelohotmail-com\/","author_email":"sterabelo@hotmail.com","author_website":"","author_description":"Graduada em Farm\u00e1cia pela Universidade Federal do Rio de Janeiro (UFRJ), Stephanie Kroll (CRF\/RJ 28001) atua na \u00e1rea da sa\u00fade da fam\u00edlia com uma abordagem humanizada e \u00e9 respons\u00e1vel t\u00e9cnica pelos conte\u00fados do Viva Bem por Qualfarma.","author_facebook":"","author_twitter":"","author_instagram":"","author_role":["editor"],"author_firstname":"Stephanie","author_lastname":"Kroll","user_login":"sterabelo@hotmail.com","author_avatar":"<img alt='' src='https:\/\/secure.gravatar.com\/avatar\/dd1b82540a7b66c3112346e4a6b0e24b524511df3d028133ca1eea9eafc829bc?s=200&#038;d=mm&#038;r=g' srcset='https:\/\/secure.gravatar.com\/avatar\/dd1b82540a7b66c3112346e4a6b0e24b524511df3d028133ca1eea9eafc829bc?s=400&#038;d=mm&#038;r=g 2x' class='avatar avatar-200 photo' height='200' width='200' decoding='async'\/>","author_avatar_url":"https:\/\/secure.gravatar.com\/avatar\/dd1b82540a7b66c3112346e4a6b0e24b524511df3d028133ca1eea9eafc829bc?s=96&d=mm&r=g","comment_count":0,"post_likes":0,"post_views":0},"tpgb_post_category":{"category":"<a href=\"https:\/\/www.qualfarma.com.br\/vivabem\/saude\/\" alt=\"Sa\u00fade\"  class=\"category-saude\">Sa\u00fade<\/a> <a href=\"https:\/\/www.qualfarma.com.br\/vivabem\/saude\/saude-do-bebe-e-crianca\/\" alt=\"Sa\u00fade do beb\u00ea e crian\u00e7a\"  class=\"category-saude-do-bebe-e-crianca\">Sa\u00fade do beb\u00ea e crian\u00e7a<\/a> ","post_tag":"<a href=\"https:\/\/www.qualfarma.com.br\/vivabem\/tag\/saude-do-bebe-e-crianca\/\" alt=\"Sa\u00fade do Beb\u00ea e Crian\u00e7a\"  class=\"post_tag-saude-do-bebe-e-crianca\">Sa\u00fade do Beb\u00ea e Crian\u00e7a<\/a> "},"_links":{"self":[{"href":"https:\/\/www.qualfarma.com.br\/vivabem\/wp-json\/wp\/v2\/posts\/4417","targetHints":{"allow":["GET"]}}],"collection":[{"href":"https:\/\/www.qualfarma.com.br\/vivabem\/wp-json\/wp\/v2\/posts"}],"about":[{"href":"https:\/\/www.qualfarma.com.br\/vivabem\/wp-json\/wp\/v2\/types\/post"}],"author":[{"embeddable":true,"href":"https:\/\/www.qualfarma.com.br\/vivabem\/wp-json\/wp\/v2\/users\/7"}],"replies":[{"embeddable":true,"href":"https:\/\/www.qualfarma.com.br\/vivabem\/wp-json\/wp\/v2\/comments?post=4417"}],"version-history":[{"count":2,"href":"https:\/\/www.qualfarma.com.br\/vivabem\/wp-json\/wp\/v2\/posts\/4417\/revisions"}],"predecessor-version":[{"id":4420,"href":"https:\/\/www.qualfarma.com.br\/vivabem\/wp-json\/wp\/v2\/posts\/4417\/revisions\/4420"}],"wp:featuredmedia":[{"embeddable":true,"href":"https:\/\/www.qualfarma.com.br\/vivabem\/wp-json\/wp\/v2\/media\/4365"}],"wp:attachment":[{"href":"https:\/\/www.qualfarma.com.br\/vivabem\/wp-json\/wp\/v2\/media?parent=4417"}],"wp:term":[{"taxonomy":"category","embeddable":true,"href":"https:\/\/www.qualfarma.com.br\/vivabem\/wp-json\/wp\/v2\/categories?post=4417"},{"taxonomy":"post_tag","embeddable":true,"href":"https:\/\/www.qualfarma.com.br\/vivabem\/wp-json\/wp\/v2\/tags?post=4417"}],"curies":[{"name":"wp","href":"https:\/\/api.w.org\/{rel}","templated":true}]}}