{"id":4301,"date":"2025-02-11T14:53:34","date_gmt":"2025-02-11T14:53:34","guid":{"rendered":"https:\/\/www.qualfarma.com.br\/vivabem\/?p=4301"},"modified":"2025-09-02T20:29:42","modified_gmt":"2025-09-02T20:29:42","slug":"pele-mista","status":"publish","type":"post","link":"https:\/\/www.qualfarma.com.br\/vivabem\/pele-mista\/","title":{"rendered":"Pele mista: os segredos para equilibrar e cuidar da sua pele"},"content":{"rendered":"\n<p>A <strong>pele mista<\/strong> pode ser um desafio quando se trata de skincare, j\u00e1 que combina caracter\u00edsticas de pele oleosa e seca ao mesmo tempo. Mas, com os cuidados certos, \u00e9 poss\u00edvel equilibrar a oleosidade da zona T e manter as \u00e1reas mais secas hidratadas, garantindo uma pele bonita e saud\u00e1vel.<\/p>\n\n\n\n<p>Se voc\u00ea tem d\u00favidas sobre sua pele e quer saber como trat\u00e1-la da melhor forma, continue a leitura e descubra tudo sobre os cuidados essenciais para a pele mista!<\/p>\n\n\n\n<div id=\"ez-toc-container\" class=\"ez-toc-v2_0_82_2 counter-hierarchy ez-toc-counter ez-toc-grey ez-toc-container-direction\">\n<div class=\"ez-toc-title-container\">\n<p class=\"ez-toc-title\" style=\"cursor:inherit\">Navegue pelo assunto<\/p>\n<span class=\"ez-toc-title-toggle\"><\/span><\/div>\n<nav><ul class='ez-toc-list ez-toc-list-level-1 ' ><li class='ez-toc-page-1 ez-toc-heading-level-2'><a class=\"ez-toc-link ez-toc-heading-1\" href=\"https:\/\/www.qualfarma.com.br\/vivabem\/pele-mista\/#Quais_sao_as_caracteristicas_da_pele_mista\" >Quais s\u00e3o as caracter\u00edsticas da pele mista?<\/a><\/li><li class='ez-toc-page-1 ez-toc-heading-level-2'><a class=\"ez-toc-link ez-toc-heading-2\" href=\"https:\/\/www.qualfarma.com.br\/vivabem\/pele-mista\/#Como_saber_se_a_minha_pele_e_mista\" >Como saber se a minha pele \u00e9 mista?<\/a><ul class='ez-toc-list-level-3' ><li class='ez-toc-heading-level-3'><a class=\"ez-toc-link ez-toc-heading-3\" href=\"https:\/\/www.qualfarma.com.br\/vivabem\/pele-mista\/#Qual_a_diferenca_da_pele_mista_e_pele_oleosa\" >Qual a diferen\u00e7a da pele mista e pele oleosa?<\/a><\/li><\/ul><\/li><li class='ez-toc-page-1 ez-toc-heading-level-2'><a class=\"ez-toc-link ez-toc-heading-4\" href=\"https:\/\/www.qualfarma.com.br\/vivabem\/pele-mista\/#Como_cuidar_da_pele_mista\" >Como cuidar da pele mista?<\/a><ul class='ez-toc-list-level-3' ><li class='ez-toc-heading-level-3'><a class=\"ez-toc-link ez-toc-heading-5\" href=\"https:\/\/www.qualfarma.com.br\/vivabem\/pele-mista\/#1_Limpeza_delicada_e_eficaz\" >1. Limpeza delicada e eficaz<\/a><\/li><li class='ez-toc-page-1 ez-toc-heading-level-3'><a class=\"ez-toc-link ez-toc-heading-6\" href=\"https:\/\/www.qualfarma.com.br\/vivabem\/pele-mista\/#2_Equilibrio_do_pH_com_tonicos_suaves\" >2. Equil\u00edbrio do pH com t\u00f4nicos suaves<\/a><\/li><li class='ez-toc-page-1 ez-toc-heading-level-3'><a class=\"ez-toc-link ez-toc-heading-7\" href=\"https:\/\/www.qualfarma.com.br\/vivabem\/pele-mista\/#3_Hidratacao_personalizada_para_areas_distintas\" >3. Hidrata\u00e7\u00e3o personalizada para \u00e1reas distintas<\/a><\/li><li class='ez-toc-page-1 ez-toc-heading-level-3'><a class=\"ez-toc-link ez-toc-heading-8\" href=\"https:\/\/www.qualfarma.com.br\/vivabem\/pele-mista\/#4_Esfoliacao_para_renovar_a_pele\" >4. Esfolia\u00e7\u00e3o para renovar a pele<\/a><\/li><li class='ez-toc-page-1 ez-toc-heading-level-3'><a class=\"ez-toc-link ez-toc-heading-9\" href=\"https:\/\/www.qualfarma.com.br\/vivabem\/pele-mista\/#5_Mascaras_para_hidratacao_profunda_e_luminosidade\" >5. M\u00e1scaras para hidrata\u00e7\u00e3o profunda e luminosidade<\/a><\/li><li class='ez-toc-page-1 ez-toc-heading-level-3'><a class=\"ez-toc-link ez-toc-heading-10\" href=\"https:\/\/www.qualfarma.com.br\/vivabem\/pele-mista\/#6_Protecao_solar_essencial_para_prevencao_e_beleza\" >6. Prote\u00e7\u00e3o solar essencial para preven\u00e7\u00e3o e beleza<\/a><\/li><\/ul><\/li><li class='ez-toc-page-1 ez-toc-heading-level-2'><a class=\"ez-toc-link ez-toc-heading-11\" href=\"https:\/\/www.qualfarma.com.br\/vivabem\/pele-mista\/#Como_escolher_os_melhores_produtos_de_skincare_para_pele_mista\" >Como escolher os melhores produtos de skincare para pele mista?<\/a><\/li><\/ul><\/nav><\/div>\n<h2 class=\"wp-block-heading\"><span class=\"ez-toc-section\" id=\"Quais_sao_as_caracteristicas_da_pele_mista\"><\/span>Quais s\u00e3o as caracter\u00edsticas da pele mista?<span class=\"ez-toc-section-end\"><\/span><\/h2>\n\n\n\n<p>A pele mista tem um comportamento peculiar: enquanto algumas \u00e1reas do rosto tendem a ser mais oleosas \u2013 especialmente a testa, o nariz e o queixo (zona T) \u2013, outras partes, como as bochechas, podem ser normais ou at\u00e9 secas.<\/p>\n\n\n\n<p>Entre as principais caracter\u00edsticas da pele mista, podemos destacar:<\/p>\n\n\n\n<ul class=\"wp-block-list\">\n<li><strong>Oleosidade excessiva na zona T<\/strong>: tend\u00eancia ao brilho e poros dilatados nessa regi\u00e3o;<\/li>\n\n\n\n<li><strong>\u00c1reas secas ou normais nas laterais do rosto<\/strong>: algumas regi\u00f5es podem apresentar descama\u00e7\u00e3o ou sensa\u00e7\u00e3o de repuxamento;<\/li>\n\n\n\n<li><strong>Propens\u00e3o a cravos e espinhas na zona T<\/strong>: devido ao ac\u00famulo de oleosidade;<\/li>\n\n\n\n<li><strong>Dificuldade em encontrar produtos adequados<\/strong>: muitos produtos para pele oleosa ressecam demais, enquanto os hidratantes para pele seca podem agravar a oleosidade.<\/li>\n<\/ul>\n\n\n\n<h2 class=\"wp-block-heading\"><span class=\"ez-toc-section\" id=\"Como_saber_se_a_minha_pele_e_mista\"><\/span>Como saber se a minha pele \u00e9 mista?<span class=\"ez-toc-section-end\"><\/span><\/h2>\n\n\n\n<p>Se voc\u00ea sente que precisa equilibrar diferentes regi\u00f5es do rosto ao longo do dia, h\u00e1 grandes chances de sua pele ser mista. Mas, para ter certeza, voc\u00ea pode fazer um teste simples:<\/p>\n\n\n\n<ol class=\"wp-block-list\">\n<li><strong>Lave o rosto com um sabonete neutro<\/strong> e seque sem esfregar.<\/li>\n\n\n\n<li><strong>Espere cerca de 30 minutos<\/strong> sem aplicar nenhum produto.<\/li>\n\n\n\n<li>Observe a pele:\n<ul class=\"wp-block-list\">\n<li>Se a zona T estiver oleosa e as bochechas normais ou secas, sua pele provavelmente \u00e9 mista.<\/li>\n\n\n\n<li>Se todo o rosto estiver oleoso, sua pele tende a ser oleosa.<\/li>\n\n\n\n<li>Se estiver ressecada e sem brilho, pode ser uma pele seca.<\/li>\n<\/ul>\n<\/li>\n<\/ol>\n\n\n\n<p><\/p>\n\n\n\n<p>Outra op\u00e7\u00e3o \u00e9 consultar um dermatologista para um diagn\u00f3stico mais preciso e recomenda\u00e7\u00f5es personalizadas.<\/p>\n\n\n\n<h3 class=\"wp-block-heading\"><span class=\"ez-toc-section\" id=\"Qual_a_diferenca_da_pele_mista_e_pele_oleosa\"><\/span>Qual a diferen\u00e7a da pele mista e pele oleosa?<span class=\"ez-toc-section-end\"><\/span><\/h3>\n\n\n\n<p>A confus\u00e3o entre pele mista e a <a href=\"https:\/\/www.qualfarma.com.br\/vivabem\/como-saber-se-minha-pele-e-oleosa-ou-seca\/\" target=\"_blank\" rel=\"noreferrer noopener\">pele oleosa<\/a> \u00e9 comum, j\u00e1 que ambas podem apresentar brilho e tend\u00eancia a acne. No entanto, a diferen\u00e7a principal est\u00e1 na distribui\u00e7\u00e3o da oleosidade:<\/p>\n\n\n\n<ul class=\"wp-block-list\">\n<li><strong>Pele mista<\/strong>: a oleosidade se concentra apenas na zona T, enquanto as bochechas podem ser normais ou secas;<\/li>\n\n\n\n<li><strong>Pele oleosa<\/strong>: todo o rosto produz mais sebo, resultando em brilho excessivo, poros dilatados e maior propens\u00e3o a cravos e espinhas.<\/li>\n<\/ul>\n\n\n\n<p><\/p>\n\n\n\n<p>Por isso, a pele mista exige um equil\u00edbrio maior no skincare, combinando produtos que controlem a oleosidade sem ressecar as \u00e1reas mais secas.<\/p>\n\n\n\n<h2 class=\"wp-block-heading\"><span class=\"ez-toc-section\" id=\"Como_cuidar_da_pele_mista\"><\/span>Como cuidar da pele mista?<span class=\"ez-toc-section-end\"><\/span><\/h2>\n\n\n\n<p>A rotina de cuidados para pele mista deve focar no equil\u00edbrio, evitando tanto o ressecamento quanto o excesso de oleosidade. Confira as melhores pr\u00e1ticas:<\/p>\n\n\n\n<h3 class=\"wp-block-heading\"><span class=\"ez-toc-section\" id=\"1_Limpeza_delicada_e_eficaz\"><\/span>1. Limpeza delicada e eficaz<span class=\"ez-toc-section-end\"><\/span><\/h3>\n\n\n\n<p>Opte por sabonetes suaves, de prefer\u00eancia em gel ou espuma, que removam a oleosidade sem comprometer a hidrata\u00e7\u00e3o natural da pele. Ingredientes como \u00e1cido salic\u00edlico e extratos bot\u00e2nicos ajudam a controlar a produ\u00e7\u00e3o de sebo sem ressecar.<\/p>\n\n\n\n<h3 class=\"wp-block-heading\"><span class=\"ez-toc-section\" id=\"2_Equilibrio_do_pH_com_tonicos_suaves\"><\/span>2. Equil\u00edbrio do pH com t\u00f4nicos suaves<span class=\"ez-toc-section-end\"><\/span><\/h3>\n\n\n\n<p>Os t\u00f4nicos ajudam a regular a oleosidade e manter o pH equilibrado. Prefira f\u00f3rmulas sem \u00e1lcool para evitar o ressecamento excessivo. Extratos naturais, como hamam\u00e9lis e ch\u00e1 verde, s\u00e3o \u00f3timas op\u00e7\u00f5es.<\/p>\n\n\n\n<h3 class=\"wp-block-heading\"><span class=\"ez-toc-section\" id=\"3_Hidratacao_personalizada_para_areas_distintas\"><\/span>3. Hidrata\u00e7\u00e3o personalizada para \u00e1reas distintas<span class=\"ez-toc-section-end\"><\/span><\/h3>\n\n\n\n<p>Aposte em hidratantes leves, como s\u00e9runs e g\u00e9is oil-free, para a zona T e produtos mais nutritivos para as \u00e1reas secas. O <a href=\"https:\/\/www.qualfarma.com.br\/vivabem\/para-que-serve-acido-hialuronico-no-rosto\/\" target=\"_blank\" rel=\"noreferrer noopener\">\u00e1cido hialur\u00f4nico<\/a> \u00e9 um excelente aliado, pois hidrata sem pesar.<\/p>\n\n\n\n<h3 class=\"wp-block-heading\"><span class=\"ez-toc-section\" id=\"4_Esfoliacao_para_renovar_a_pele\"><\/span>4. Esfolia\u00e7\u00e3o para renovar a pele<span class=\"ez-toc-section-end\"><\/span><\/h3>\n\n\n\n<p>A esfolia\u00e7\u00e3o \u00e9 essencial para remover c\u00e9lulas mortas e evitar cravos, mas deve ser feita com modera\u00e7\u00e3o \u2013 at\u00e9 duas vezes por semana. Prefira esfoliantes qu\u00edmicos suaves, como os que cont\u00eam \u00e1cido l\u00e1tico ou glic\u00f3lico.<\/p>\n\n\n\n<h3 class=\"wp-block-heading\"><span class=\"ez-toc-section\" id=\"5_Mascaras_para_hidratacao_profunda_e_luminosidade\"><\/span>5. M\u00e1scaras para hidrata\u00e7\u00e3o profunda e luminosidade<span class=\"ez-toc-section-end\"><\/span><\/h3>\n\n\n\n<p>As m\u00e1scaras faciais s\u00e3o um complemento valioso na rotina de skincare para pele mista. M\u00e1scaras de argila verde ajudam a controlar a oleosidade da zona T, enquanto m\u00e1scaras hidratantes com \u00e1cido hialur\u00f4nico e vitamina E revitalizam \u00e1reas mais secas.<\/p>\n\n\n\n<h3 class=\"wp-block-heading\"><span class=\"ez-toc-section\" id=\"6_Protecao_solar_essencial_para_prevencao_e_beleza\"><\/span>6. Prote\u00e7\u00e3o solar essencial para preven\u00e7\u00e3o e beleza<span class=\"ez-toc-section-end\"><\/span><\/h3>\n\n\n\n<p>O protetor solar \u00e9 indispens\u00e1vel para manter a pele saud\u00e1vel e prevenir o envelhecimento precoce. Escolha uma f\u00f3rmula leve, oil-free e com acabamento matte para evitar o brilho excessivo.<\/p>\n\n\n\n<h2 class=\"wp-block-heading\"><span class=\"ez-toc-section\" id=\"Como_escolher_os_melhores_produtos_de_skincare_para_pele_mista\"><\/span>Como escolher os melhores produtos de skincare para pele mista?<span class=\"ez-toc-section-end\"><\/span><\/h2>\n\n\n\n<p>Encontrar os produtos certos pode ser desafiador, mas algumas dicas ajudam na escolha:<\/p>\n\n\n\n<ul class=\"wp-block-list\">\n<li><strong>Sabonetes suaves<\/strong>: evite f\u00f3rmulas agressivas que ressecam demais;<\/li>\n\n\n\n<li><strong>Hidratantes leves e oil-free<\/strong>: s\u00e9runs e g\u00e9is s\u00e3o mais indicados;<\/li>\n\n\n\n<li><strong>Protetores solares de toque seco<\/strong>: garantem prote\u00e7\u00e3o sem sensa\u00e7\u00e3o pegajosa;<\/li>\n\n\n\n<li><strong>Esfoliantes qu\u00edmicos suaves<\/strong>: removem c\u00e9lulas mortas sem irritar;<\/li>\n\n\n\n<li><strong>M\u00e1scaras faciais espec\u00edficas<\/strong>: argilas para controle da oleosidade e hidratantes para \u00e1reas secas.<\/li>\n<\/ul>\n\n\n\n<p><\/p>\n\n\n\n<p>Com os cuidados certos, a pele mista pode ficar equilibrada, saud\u00e1vel e radiante. Adapte sua rotina \u00e0s necessidades do seu rosto e aproveite todos os benef\u00edcios de uma pele bem cuidada!<\/p>\n\n\n\n<p><\/p>\n","protected":false},"excerpt":{"rendered":"<p>A pele mista pode ser um desafio quando se trata de skincare, j\u00e1 que combina caracter\u00edsticas de pele oleosa e seca ao mesmo tempo. Mas, com os cuidados certos, \u00e9 poss\u00edvel equilibrar a oleosidade da zona T e manter as \u00e1reas mais secas hidratadas, garantindo uma pele bonita e saud\u00e1vel. Se voc\u00ea tem d\u00favidas sobre [&hellip;]<\/p>\n","protected":false},"author":7,"featured_media":4306,"comment_status":"open","ping_status":"open","sticky":false,"template":"","format":"standard","meta":{"tpgb_global_settings":"","footnotes":""},"categories":[106,109],"tags":[],"class_list":["post-4301","post","type-post","status-publish","format-standard","has-post-thumbnail","hentry","category-saude","category-saude-da-pele"],"yoast_head":"<!-- This site is optimized with the Yoast SEO plugin v27.5 - https:\/\/yoast.com\/product\/yoast-seo-wordpress\/ -->\n<title>Pele mista: os segredos para equilibrar e cuidar da sua pele<\/title>\n<meta name=\"description\" content=\"Como cuidar da pele mista? Quais s\u00e3o os cuidados necess\u00e1rios? Confira as respostas neste guia pr\u00e1tico sobre peles mistas!\" \/>\n<meta name=\"robots\" content=\"index, follow, max-snippet:-1, max-image-preview:large, max-video-preview:-1\" \/>\n<link rel=\"canonical\" href=\"https:\/\/www.qualfarma.com.br\/vivabem\/pele-mista\/\" \/>\n<meta property=\"og:locale\" content=\"pt_BR\" \/>\n<meta property=\"og:type\" content=\"article\" \/>\n<meta property=\"og:title\" content=\"Pele mista: os segredos para equilibrar e cuidar da sua pele\" \/>\n<meta property=\"og:description\" content=\"Como cuidar da pele mista? Quais s\u00e3o os cuidados necess\u00e1rios? Confira as respostas neste guia pr\u00e1tico sobre peles mistas!\" \/>\n<meta property=\"og:url\" content=\"https:\/\/www.qualfarma.com.br\/vivabem\/pele-mista\/\" \/>\n<meta property=\"og:site_name\" content=\"Blog Viva Bem por Qualfarma\" \/>\n<meta property=\"article:published_time\" content=\"2025-02-11T14:53:34+00:00\" \/>\n<meta property=\"article:modified_time\" content=\"2025-09-02T20:29:42+00:00\" \/>\n<meta property=\"og:image\" content=\"https:\/\/www.qualfarma.com.br\/vivabem\/wp-content\/uploads\/2025\/02\/pele-mista.jpg\" \/>\n\t<meta property=\"og:image:width\" content=\"750\" \/>\n\t<meta property=\"og:image:height\" content=\"500\" \/>\n\t<meta property=\"og:image:type\" content=\"image\/jpeg\" \/>\n<meta name=\"author\" content=\"Stephanie Kroll\" \/>\n<meta name=\"twitter:card\" content=\"summary_large_image\" \/>\n<meta name=\"twitter:label1\" content=\"Escrito por\" \/>\n\t<meta name=\"twitter:data1\" content=\"Stephanie Kroll\" \/>\n\t<meta name=\"twitter:label2\" content=\"Est. tempo de leitura\" \/>\n\t<meta name=\"twitter:data2\" content=\"5 minutos\" \/>\n<script type=\"application\/ld+json\" class=\"yoast-schema-graph\">{\"@context\":\"https:\\\/\\\/schema.org\",\"@graph\":[{\"@type\":\"Article\",\"@id\":\"https:\\\/\\\/www.qualfarma.com.br\\\/vivabem\\\/pele-mista\\\/#article\",\"isPartOf\":{\"@id\":\"https:\\\/\\\/www.qualfarma.com.br\\\/vivabem\\\/pele-mista\\\/\"},\"author\":{\"name\":\"Stephanie Kroll\",\"@id\":\"https:\\\/\\\/www.qualfarma.com.br\\\/vivabem\\\/#\\\/schema\\\/person\\\/a690dda13b8cef2d1093f56c7e09b224\"},\"headline\":\"Pele mista: os segredos para equilibrar e cuidar da sua pele\",\"datePublished\":\"2025-02-11T14:53:34+00:00\",\"dateModified\":\"2025-09-02T20:29:42+00:00\",\"mainEntityOfPage\":{\"@id\":\"https:\\\/\\\/www.qualfarma.com.br\\\/vivabem\\\/pele-mista\\\/\"},\"wordCount\":862,\"commentCount\":0,\"image\":{\"@id\":\"https:\\\/\\\/www.qualfarma.com.br\\\/vivabem\\\/pele-mista\\\/#primaryimage\"},\"thumbnailUrl\":\"https:\\\/\\\/www.qualfarma.com.br\\\/vivabem\\\/wp-content\\\/uploads\\\/2025\\\/02\\\/pele-mista.jpg\",\"articleSection\":[\"Sa\u00fade\",\"Sa\u00fade da pele\"],\"inLanguage\":\"pt-BR\",\"potentialAction\":[{\"@type\":\"CommentAction\",\"name\":\"Comment\",\"target\":[\"https:\\\/\\\/www.qualfarma.com.br\\\/vivabem\\\/pele-mista\\\/#respond\"]}]},{\"@type\":\"WebPage\",\"@id\":\"https:\\\/\\\/www.qualfarma.com.br\\\/vivabem\\\/pele-mista\\\/\",\"url\":\"https:\\\/\\\/www.qualfarma.com.br\\\/vivabem\\\/pele-mista\\\/\",\"name\":\"Pele mista: os segredos para equilibrar e cuidar da sua pele\",\"isPartOf\":{\"@id\":\"https:\\\/\\\/www.qualfarma.com.br\\\/vivabem\\\/#website\"},\"primaryImageOfPage\":{\"@id\":\"https:\\\/\\\/www.qualfarma.com.br\\\/vivabem\\\/pele-mista\\\/#primaryimage\"},\"image\":{\"@id\":\"https:\\\/\\\/www.qualfarma.com.br\\\/vivabem\\\/pele-mista\\\/#primaryimage\"},\"thumbnailUrl\":\"https:\\\/\\\/www.qualfarma.com.br\\\/vivabem\\\/wp-content\\\/uploads\\\/2025\\\/02\\\/pele-mista.jpg\",\"datePublished\":\"2025-02-11T14:53:34+00:00\",\"dateModified\":\"2025-09-02T20:29:42+00:00\",\"author\":{\"@id\":\"https:\\\/\\\/www.qualfarma.com.br\\\/vivabem\\\/#\\\/schema\\\/person\\\/a690dda13b8cef2d1093f56c7e09b224\"},\"description\":\"Como cuidar da pele mista? Quais s\u00e3o os cuidados necess\u00e1rios? Confira as respostas neste guia pr\u00e1tico sobre peles mistas!\",\"breadcrumb\":{\"@id\":\"https:\\\/\\\/www.qualfarma.com.br\\\/vivabem\\\/pele-mista\\\/#breadcrumb\"},\"inLanguage\":\"pt-BR\",\"potentialAction\":[{\"@type\":\"ReadAction\",\"target\":[\"https:\\\/\\\/www.qualfarma.com.br\\\/vivabem\\\/pele-mista\\\/\"]}]},{\"@type\":\"ImageObject\",\"inLanguage\":\"pt-BR\",\"@id\":\"https:\\\/\\\/www.qualfarma.com.br\\\/vivabem\\\/pele-mista\\\/#primaryimage\",\"url\":\"https:\\\/\\\/www.qualfarma.com.br\\\/vivabem\\\/wp-content\\\/uploads\\\/2025\\\/02\\\/pele-mista.jpg\",\"contentUrl\":\"https:\\\/\\\/www.qualfarma.com.br\\\/vivabem\\\/wp-content\\\/uploads\\\/2025\\\/02\\\/pele-mista.jpg\",\"width\":750,\"height\":500,\"caption\":\"Quer saber como cuidar da sua pele mista? Confira nosso guia pr\u00e1tico!\"},{\"@type\":\"BreadcrumbList\",\"@id\":\"https:\\\/\\\/www.qualfarma.com.br\\\/vivabem\\\/pele-mista\\\/#breadcrumb\",\"itemListElement\":[{\"@type\":\"ListItem\",\"position\":1,\"name\":\"Blog Viva Bem\",\"item\":\"https:\\\/\\\/www.qualfarma.com.br\\\/vivabem\\\/\"},{\"@type\":\"ListItem\",\"position\":2,\"name\":\"Sa\u00fade\",\"item\":\"https:\\\/\\\/www.qualfarma.com.br\\\/vivabem\\\/saude\\\/\"},{\"@type\":\"ListItem\",\"position\":3,\"name\":\"Pele mista: os segredos para equilibrar e cuidar da sua pele\"}]},{\"@type\":\"WebSite\",\"@id\":\"https:\\\/\\\/www.qualfarma.com.br\\\/vivabem\\\/#website\",\"url\":\"https:\\\/\\\/www.qualfarma.com.br\\\/vivabem\\\/\",\"name\":\"Blog Viva Bem por Qualfarma\",\"description\":\"\u00ae 2023\",\"potentialAction\":[{\"@type\":\"SearchAction\",\"target\":{\"@type\":\"EntryPoint\",\"urlTemplate\":\"https:\\\/\\\/www.qualfarma.com.br\\\/vivabem\\\/?s={search_term_string}\"},\"query-input\":{\"@type\":\"PropertyValueSpecification\",\"valueRequired\":true,\"valueName\":\"search_term_string\"}}],\"inLanguage\":\"pt-BR\"},{\"@type\":\"Person\",\"@id\":\"https:\\\/\\\/www.qualfarma.com.br\\\/vivabem\\\/#\\\/schema\\\/person\\\/a690dda13b8cef2d1093f56c7e09b224\",\"name\":\"Stephanie Kroll\",\"image\":{\"@type\":\"ImageObject\",\"inLanguage\":\"pt-BR\",\"@id\":\"https:\\\/\\\/secure.gravatar.com\\\/avatar\\\/dd1b82540a7b66c3112346e4a6b0e24b524511df3d028133ca1eea9eafc829bc?s=96&d=mm&r=g\",\"url\":\"https:\\\/\\\/secure.gravatar.com\\\/avatar\\\/dd1b82540a7b66c3112346e4a6b0e24b524511df3d028133ca1eea9eafc829bc?s=96&d=mm&r=g\",\"contentUrl\":\"https:\\\/\\\/secure.gravatar.com\\\/avatar\\\/dd1b82540a7b66c3112346e4a6b0e24b524511df3d028133ca1eea9eafc829bc?s=96&d=mm&r=g\",\"caption\":\"Stephanie Kroll\"},\"description\":\"Graduada em Farm\u00e1cia pela Universidade Federal do Rio de Janeiro (UFRJ), Stephanie Kroll (CRF\\\/RJ 28001) atua na \u00e1rea da sa\u00fade da fam\u00edlia com uma abordagem humanizada e \u00e9 respons\u00e1vel t\u00e9cnica pelos conte\u00fados do Viva Bem por Qualfarma.\"}]}<\/script>\n<!-- \/ Yoast SEO plugin. -->","yoast_head_json":{"title":"Pele mista: os segredos para equilibrar e cuidar da sua pele","description":"Como cuidar da pele mista? Quais s\u00e3o os cuidados necess\u00e1rios? Confira as respostas neste guia pr\u00e1tico sobre peles mistas!","robots":{"index":"index","follow":"follow","max-snippet":"max-snippet:-1","max-image-preview":"max-image-preview:large","max-video-preview":"max-video-preview:-1"},"canonical":"https:\/\/www.qualfarma.com.br\/vivabem\/pele-mista\/","og_locale":"pt_BR","og_type":"article","og_title":"Pele mista: os segredos para equilibrar e cuidar da sua pele","og_description":"Como cuidar da pele mista? Quais s\u00e3o os cuidados necess\u00e1rios? Confira as respostas neste guia pr\u00e1tico sobre peles mistas!","og_url":"https:\/\/www.qualfarma.com.br\/vivabem\/pele-mista\/","og_site_name":"Blog Viva Bem por Qualfarma","article_published_time":"2025-02-11T14:53:34+00:00","article_modified_time":"2025-09-02T20:29:42+00:00","og_image":[{"width":750,"height":500,"url":"https:\/\/www.qualfarma.com.br\/vivabem\/wp-content\/uploads\/2025\/02\/pele-mista.jpg","type":"image\/jpeg"}],"author":"Stephanie Kroll","twitter_card":"summary_large_image","twitter_misc":{"Escrito por":"Stephanie Kroll","Est. tempo de leitura":"5 minutos"},"schema":{"@context":"https:\/\/schema.org","@graph":[{"@type":"Article","@id":"https:\/\/www.qualfarma.com.br\/vivabem\/pele-mista\/#article","isPartOf":{"@id":"https:\/\/www.qualfarma.com.br\/vivabem\/pele-mista\/"},"author":{"name":"Stephanie Kroll","@id":"https:\/\/www.qualfarma.com.br\/vivabem\/#\/schema\/person\/a690dda13b8cef2d1093f56c7e09b224"},"headline":"Pele mista: os segredos para equilibrar e cuidar da sua pele","datePublished":"2025-02-11T14:53:34+00:00","dateModified":"2025-09-02T20:29:42+00:00","mainEntityOfPage":{"@id":"https:\/\/www.qualfarma.com.br\/vivabem\/pele-mista\/"},"wordCount":862,"commentCount":0,"image":{"@id":"https:\/\/www.qualfarma.com.br\/vivabem\/pele-mista\/#primaryimage"},"thumbnailUrl":"https:\/\/www.qualfarma.com.br\/vivabem\/wp-content\/uploads\/2025\/02\/pele-mista.jpg","articleSection":["Sa\u00fade","Sa\u00fade da pele"],"inLanguage":"pt-BR","potentialAction":[{"@type":"CommentAction","name":"Comment","target":["https:\/\/www.qualfarma.com.br\/vivabem\/pele-mista\/#respond"]}]},{"@type":"WebPage","@id":"https:\/\/www.qualfarma.com.br\/vivabem\/pele-mista\/","url":"https:\/\/www.qualfarma.com.br\/vivabem\/pele-mista\/","name":"Pele mista: os segredos para equilibrar e cuidar da sua pele","isPartOf":{"@id":"https:\/\/www.qualfarma.com.br\/vivabem\/#website"},"primaryImageOfPage":{"@id":"https:\/\/www.qualfarma.com.br\/vivabem\/pele-mista\/#primaryimage"},"image":{"@id":"https:\/\/www.qualfarma.com.br\/vivabem\/pele-mista\/#primaryimage"},"thumbnailUrl":"https:\/\/www.qualfarma.com.br\/vivabem\/wp-content\/uploads\/2025\/02\/pele-mista.jpg","datePublished":"2025-02-11T14:53:34+00:00","dateModified":"2025-09-02T20:29:42+00:00","author":{"@id":"https:\/\/www.qualfarma.com.br\/vivabem\/#\/schema\/person\/a690dda13b8cef2d1093f56c7e09b224"},"description":"Como cuidar da pele mista? Quais s\u00e3o os cuidados necess\u00e1rios? Confira as respostas neste guia pr\u00e1tico sobre peles mistas!","breadcrumb":{"@id":"https:\/\/www.qualfarma.com.br\/vivabem\/pele-mista\/#breadcrumb"},"inLanguage":"pt-BR","potentialAction":[{"@type":"ReadAction","target":["https:\/\/www.qualfarma.com.br\/vivabem\/pele-mista\/"]}]},{"@type":"ImageObject","inLanguage":"pt-BR","@id":"https:\/\/www.qualfarma.com.br\/vivabem\/pele-mista\/#primaryimage","url":"https:\/\/www.qualfarma.com.br\/vivabem\/wp-content\/uploads\/2025\/02\/pele-mista.jpg","contentUrl":"https:\/\/www.qualfarma.com.br\/vivabem\/wp-content\/uploads\/2025\/02\/pele-mista.jpg","width":750,"height":500,"caption":"Quer saber como cuidar da sua pele mista? Confira nosso guia pr\u00e1tico!"},{"@type":"BreadcrumbList","@id":"https:\/\/www.qualfarma.com.br\/vivabem\/pele-mista\/#breadcrumb","itemListElement":[{"@type":"ListItem","position":1,"name":"Blog Viva Bem","item":"https:\/\/www.qualfarma.com.br\/vivabem\/"},{"@type":"ListItem","position":2,"name":"Sa\u00fade","item":"https:\/\/www.qualfarma.com.br\/vivabem\/saude\/"},{"@type":"ListItem","position":3,"name":"Pele mista: os segredos para equilibrar e cuidar da sua pele"}]},{"@type":"WebSite","@id":"https:\/\/www.qualfarma.com.br\/vivabem\/#website","url":"https:\/\/www.qualfarma.com.br\/vivabem\/","name":"Blog Viva Bem por Qualfarma","description":"\u00ae 2023","potentialAction":[{"@type":"SearchAction","target":{"@type":"EntryPoint","urlTemplate":"https:\/\/www.qualfarma.com.br\/vivabem\/?s={search_term_string}"},"query-input":{"@type":"PropertyValueSpecification","valueRequired":true,"valueName":"search_term_string"}}],"inLanguage":"pt-BR"},{"@type":"Person","@id":"https:\/\/www.qualfarma.com.br\/vivabem\/#\/schema\/person\/a690dda13b8cef2d1093f56c7e09b224","name":"Stephanie Kroll","image":{"@type":"ImageObject","inLanguage":"pt-BR","@id":"https:\/\/secure.gravatar.com\/avatar\/dd1b82540a7b66c3112346e4a6b0e24b524511df3d028133ca1eea9eafc829bc?s=96&d=mm&r=g","url":"https:\/\/secure.gravatar.com\/avatar\/dd1b82540a7b66c3112346e4a6b0e24b524511df3d028133ca1eea9eafc829bc?s=96&d=mm&r=g","contentUrl":"https:\/\/secure.gravatar.com\/avatar\/dd1b82540a7b66c3112346e4a6b0e24b524511df3d028133ca1eea9eafc829bc?s=96&d=mm&r=g","caption":"Stephanie Kroll"},"description":"Graduada em Farm\u00e1cia pela Universidade Federal do Rio de Janeiro (UFRJ), Stephanie Kroll (CRF\/RJ 28001) atua na \u00e1rea da sa\u00fade da fam\u00edlia com uma abordagem humanizada e \u00e9 respons\u00e1vel t\u00e9cnica pelos conte\u00fados do Viva Bem por Qualfarma."}]}},"jetpack_featured_media_url":"https:\/\/www.qualfarma.com.br\/vivabem\/wp-content\/uploads\/2025\/02\/pele-mista.jpg","tpgb_featured_images":{"full":["https:\/\/www.qualfarma.com.br\/vivabem\/wp-content\/uploads\/2025\/02\/pele-mista.jpg",750,500,false],"tp-image-grid":["https:\/\/www.qualfarma.com.br\/vivabem\/wp-content\/uploads\/2025\/02\/pele-mista-700x700.jpg",700,700,true],"thumbnail":["https:\/\/www.qualfarma.com.br\/vivabem\/wp-content\/uploads\/2025\/02\/pele-mista-150x150.jpg",150,150,true],"medium":["https:\/\/www.qualfarma.com.br\/vivabem\/wp-content\/uploads\/2025\/02\/pele-mista-300x200.jpg",300,200,true],"medium_large":["https:\/\/www.qualfarma.com.br\/vivabem\/wp-content\/uploads\/2025\/02\/pele-mista.jpg",750,500,false],"large":["https:\/\/www.qualfarma.com.br\/vivabem\/wp-content\/uploads\/2025\/02\/pele-mista.jpg",750,500,false],"default":"https:\/\/www.qualfarma.com.br\/vivabem\/wp-content\/plugins\/the-plus-addons-for-block-editor\/assets\/images\/tpgb-placeholder.jpg"},"tpgb_post_meta_info":{"get_date":"fevereiro 11, 2025","get_modified_date":"setembro 2, 2025","category_list":{"category":[{"term_id":106,"name":"Sa\u00fade","slug":"saude","term_group":0,"term_taxonomy_id":106,"taxonomy":"category","description":"Cuide da sua sa\u00fade com conte\u00fados informativos e dicas pr\u00e1ticas. No Viva Bem por Qualfarma, voc\u00ea encontra informa\u00e7\u00f5es sobre sa\u00fade f\u00edsica e mental, amplia seus conhecimentos sobre doen\u00e7as e sintomas e muito mais. Mantenha sua sa\u00fade sempre em dia e viva bem com Qualfarma.","parent":0,"count":23,"filter":"raw"},{"term_id":109,"name":"Sa\u00fade da pele","slug":"saude-da-pele","term_group":0,"term_taxonomy_id":109,"taxonomy":"category","description":"","parent":106,"count":13,"filter":"raw"}],"post_tag":false},"author_name":"Stephanie Kroll","author_url":"https:\/\/www.qualfarma.com.br\/vivabem\/author\/sterabelohotmail-com\/","author_email":"sterabelo@hotmail.com","author_website":"","author_description":"Graduada em Farm\u00e1cia pela Universidade Federal do Rio de Janeiro (UFRJ), Stephanie Kroll (CRF\/RJ 28001) atua na \u00e1rea da sa\u00fade da fam\u00edlia com uma abordagem humanizada e \u00e9 respons\u00e1vel t\u00e9cnica pelos conte\u00fados do Viva Bem por Qualfarma.","author_facebook":"","author_twitter":"","author_instagram":"","author_role":["editor"],"author_firstname":"Stephanie","author_lastname":"Kroll","user_login":"sterabelo@hotmail.com","author_avatar":"<img alt='' src='https:\/\/secure.gravatar.com\/avatar\/dd1b82540a7b66c3112346e4a6b0e24b524511df3d028133ca1eea9eafc829bc?s=200&#038;d=mm&#038;r=g' srcset='https:\/\/secure.gravatar.com\/avatar\/dd1b82540a7b66c3112346e4a6b0e24b524511df3d028133ca1eea9eafc829bc?s=400&#038;d=mm&#038;r=g 2x' class='avatar avatar-200 photo' height='200' width='200' decoding='async'\/>","author_avatar_url":"https:\/\/secure.gravatar.com\/avatar\/dd1b82540a7b66c3112346e4a6b0e24b524511df3d028133ca1eea9eafc829bc?s=96&d=mm&r=g","comment_count":0,"post_likes":0,"post_views":0},"tpgb_post_category":{"category":"<a href=\"https:\/\/www.qualfarma.com.br\/vivabem\/saude\/\" alt=\"Sa\u00fade\"  class=\"category-saude\">Sa\u00fade<\/a> <a href=\"https:\/\/www.qualfarma.com.br\/vivabem\/saude\/saude-da-pele\/\" alt=\"Sa\u00fade da pele\"  class=\"category-saude-da-pele\">Sa\u00fade da pele<\/a> "},"_links":{"self":[{"href":"https:\/\/www.qualfarma.com.br\/vivabem\/wp-json\/wp\/v2\/posts\/4301","targetHints":{"allow":["GET"]}}],"collection":[{"href":"https:\/\/www.qualfarma.com.br\/vivabem\/wp-json\/wp\/v2\/posts"}],"about":[{"href":"https:\/\/www.qualfarma.com.br\/vivabem\/wp-json\/wp\/v2\/types\/post"}],"author":[{"embeddable":true,"href":"https:\/\/www.qualfarma.com.br\/vivabem\/wp-json\/wp\/v2\/users\/7"}],"replies":[{"embeddable":true,"href":"https:\/\/www.qualfarma.com.br\/vivabem\/wp-json\/wp\/v2\/comments?post=4301"}],"version-history":[{"count":8,"href":"https:\/\/www.qualfarma.com.br\/vivabem\/wp-json\/wp\/v2\/posts\/4301\/revisions"}],"predecessor-version":[{"id":4507,"href":"https:\/\/www.qualfarma.com.br\/vivabem\/wp-json\/wp\/v2\/posts\/4301\/revisions\/4507"}],"wp:featuredmedia":[{"embeddable":true,"href":"https:\/\/www.qualfarma.com.br\/vivabem\/wp-json\/wp\/v2\/media\/4306"}],"wp:attachment":[{"href":"https:\/\/www.qualfarma.com.br\/vivabem\/wp-json\/wp\/v2\/media?parent=4301"}],"wp:term":[{"taxonomy":"category","embeddable":true,"href":"https:\/\/www.qualfarma.com.br\/vivabem\/wp-json\/wp\/v2\/categories?post=4301"},{"taxonomy":"post_tag","embeddable":true,"href":"https:\/\/www.qualfarma.com.br\/vivabem\/wp-json\/wp\/v2\/tags?post=4301"}],"curies":[{"name":"wp","href":"https:\/\/api.w.org\/{rel}","templated":true}]}}