{"id":4286,"date":"2025-01-28T15:53:55","date_gmt":"2025-01-28T15:53:55","guid":{"rendered":"https:\/\/www.qualfarma.com.br\/vivabem\/?p=4286"},"modified":"2025-09-02T18:20:50","modified_gmt":"2025-09-02T18:20:50","slug":"pele-seca","status":"publish","type":"post","link":"https:\/\/www.qualfarma.com.br\/vivabem\/pele-seca\/","title":{"rendered":"Pele seca: caracter\u00edsticas, cuidados e tratamentos"},"content":{"rendered":"\n<p>A <strong>pele seca<\/strong> \u00e9 um dos tipos de pele mais comuns e se caracteriza por apresentar ressecamento, descama\u00e7\u00e3o e at\u00e9 sensibilidade em algumas \u00e1reas do rosto. <\/p>\n\n\n\n<p>Embora possa parecer dif\u00edcil lidar com essa condi\u00e7\u00e3o, com os cuidados certos e uma rotina de skincare bem estruturada, \u00e9 poss\u00edvel manter a pele saud\u00e1vel, hidratada e com uma apar\u00eancia radiante. Confira, a seguir, as principais caracter\u00edsticas da pele seca e dicas para trat\u00e1-la!<\/p>\n\n\n\n<div id=\"ez-toc-container\" class=\"ez-toc-v2_0_82_2 counter-hierarchy ez-toc-counter ez-toc-grey ez-toc-container-direction\">\n<div class=\"ez-toc-title-container\">\n<p class=\"ez-toc-title\" style=\"cursor:inherit\">Navegue pelo assunto<\/p>\n<span class=\"ez-toc-title-toggle\"><\/span><\/div>\n<nav><ul class='ez-toc-list ez-toc-list-level-1 ' ><li class='ez-toc-page-1 ez-toc-heading-level-2'><a class=\"ez-toc-link ez-toc-heading-1\" href=\"https:\/\/www.qualfarma.com.br\/vivabem\/pele-seca\/#Como_saber_se_minha_pele_e_seca\" >Como saber se minha pele \u00e9 seca?<\/a><ul class='ez-toc-list-level-3' ><li class='ez-toc-heading-level-3'><a class=\"ez-toc-link ez-toc-heading-2\" href=\"https:\/\/www.qualfarma.com.br\/vivabem\/pele-seca\/#Caracteristicas_da_pele_seca\" >Caracter\u00edsticas da pele seca<\/a><\/li><li class='ez-toc-page-1 ez-toc-heading-level-3'><a class=\"ez-toc-link ez-toc-heading-3\" href=\"https:\/\/www.qualfarma.com.br\/vivabem\/pele-seca\/#O_que_deixa_a_pele_ressecada\" >O que deixa a pele ressecada?<\/a><\/li><\/ul><\/li><li class='ez-toc-page-1 ez-toc-heading-level-2'><a class=\"ez-toc-link ez-toc-heading-4\" href=\"https:\/\/www.qualfarma.com.br\/vivabem\/pele-seca\/#Como_cuidar_da_pele_seca_do_rosto\" >Como cuidar da pele seca do rosto?<\/a><\/li><li class='ez-toc-page-1 ez-toc-heading-level-2'><a class=\"ez-toc-link ez-toc-heading-5\" href=\"https:\/\/www.qualfarma.com.br\/vivabem\/pele-seca\/#Como_tratar_pele_seca\" >Como tratar pele seca?<\/a><ul class='ez-toc-list-level-3' ><li class='ez-toc-heading-level-3'><a class=\"ez-toc-link ez-toc-heading-6\" href=\"https:\/\/www.qualfarma.com.br\/vivabem\/pele-seca\/#Mascaras_hidratantes\" >M\u00e1scaras hidratantes<\/a><\/li><li class='ez-toc-page-1 ez-toc-heading-level-3'><a class=\"ez-toc-link ez-toc-heading-7\" href=\"https:\/\/www.qualfarma.com.br\/vivabem\/pele-seca\/#Hidratacao_noturna\" >Hidrata\u00e7\u00e3o noturna<\/a><\/li><li class='ez-toc-page-1 ez-toc-heading-level-3'><a class=\"ez-toc-link ez-toc-heading-8\" href=\"https:\/\/www.qualfarma.com.br\/vivabem\/pele-seca\/#Alimentacao_equilibrada\" >Alimenta\u00e7\u00e3o equilibrada<\/a><\/li><li class='ez-toc-page-1 ez-toc-heading-level-3'><a class=\"ez-toc-link ez-toc-heading-9\" href=\"https:\/\/www.qualfarma.com.br\/vivabem\/pele-seca\/#Tratamentos_dermatologicos\" >Tratamentos dermatol\u00f3gicos<\/a><\/li><\/ul><\/li><li class='ez-toc-page-1 ez-toc-heading-level-2'><a class=\"ez-toc-link ez-toc-heading-10\" href=\"https:\/\/www.qualfarma.com.br\/vivabem\/pele-seca\/#Rotina_de_skincare_para_pele_seca_passo_a_passo\" >Rotina de skincare para pele seca passo a passo<\/a><\/li><\/ul><\/nav><\/div>\n<h2 class=\"wp-block-heading\"><span class=\"ez-toc-section\" id=\"Como_saber_se_minha_pele_e_seca\"><\/span>Como saber se minha pele \u00e9 seca?<span class=\"ez-toc-section-end\"><\/span><\/h2>\n\n\n\n<p>Identificar o tipo de pele \u00e9 o primeiro passo para escolher os cuidados e produtos adequados. Pessoas com pele seca costumam sentir a <strong>sensa\u00e7\u00e3o de repuxamento constante<\/strong>, especialmente ap\u00f3s lavar o rosto. <\/p>\n\n\n\n<p>A textura pode ser \u00e1spera ou opaca, com <strong>tend\u00eancia \u00e0 descama\u00e7\u00e3o <\/strong>em \u00e1reas como testa, nariz e queixo. Al\u00e9m disso, os poros costumam ser quase invis\u00edveis, e a produ\u00e7\u00e3o de oleosidade natural \u00e9 bastante baixa.<\/p>\n\n\n\n<h3 class=\"wp-block-heading\"><span class=\"ez-toc-section\" id=\"Caracteristicas_da_pele_seca\"><\/span>Caracter\u00edsticas da pele seca<span class=\"ez-toc-section-end\"><\/span><\/h3>\n\n\n\n<p>A pele seca ocorre devido \u00e0 produ\u00e7\u00e3o insuficiente de sebo \u2013 subst\u00e2ncia natural respons\u00e1vel por manter a hidrata\u00e7\u00e3o e a prote\u00e7\u00e3o da pele. Essa falta de oleosidade leva a:<\/p>\n\n\n\n<ul class=\"wp-block-list\">\n<li>Maior sensibilidade \u00e0s mudan\u00e7as clim\u00e1ticas, como frio ou vento;<\/li>\n\n\n\n<li>Predisposi\u00e7\u00e3o ao envelhecimento precoce, como linhas finas e rugas;<\/li>\n\n\n\n<li>Dificuldade em manter a hidrata\u00e7\u00e3o natural da pele.<\/li>\n<\/ul>\n\n\n\n<h3 class=\"wp-block-heading\"><span class=\"ez-toc-section\" id=\"O_que_deixa_a_pele_ressecada\"><\/span>O que deixa a pele ressecada?<span class=\"ez-toc-section-end\"><\/span><\/h3>\n\n\n\n<p>Embora a pele seca seja muitas vezes determinada geneticamente, alguns fatores externos podem agravar o ressecamento, como:<\/p>\n\n\n\n<ul class=\"wp-block-list\">\n<li>Exposi\u00e7\u00e3o ao frio ou clima seco, especialmente no inverno;<\/li>\n\n\n\n<li>Uso de produtos inadequados, como sabonetes muito adstringentes;<\/li>\n\n\n\n<li>Banhos muito quentes e demorados;<\/li>\n\n\n\n<li>Baixa ingest\u00e3o de \u00e1gua e falta de nutrientes na dieta;<\/li>\n\n\n\n<li>Excesso de exposi\u00e7\u00e3o ao sol sem prote\u00e7\u00e3o.<\/li>\n<\/ul>\n\n\n\n<h2 class=\"wp-block-heading\"><span class=\"ez-toc-section\" id=\"Como_cuidar_da_pele_seca_do_rosto\"><\/span>Como cuidar da pele seca do rosto?<span class=\"ez-toc-section-end\"><\/span><\/h2>\n\n\n\n<p>O cuidado com esse tipo de pele exige uma aten\u00e7\u00e3o especial, mas n\u00e3o \u00e9 t\u00e3o complicado quanto parece. O segredo est\u00e1 em priorizar a hidrata\u00e7\u00e3o e a prote\u00e7\u00e3o. Aqui est\u00e3o algumas dicas pr\u00e1ticas:<\/p>\n\n\n\n<ul class=\"wp-block-list\">\n<li><strong>Escolha produtos de limpeza suaves<\/strong>, que n\u00e3o retirem completamente a oleosidade natural;<\/li>\n\n\n\n<li>Invista em<strong> hidratantes espec\u00edficos para pele seca<\/strong>, com ativos como \u00e1cido hialur\u00f4nico, ceramidas e manteiga de karit\u00e9;<\/li>\n\n\n\n<li>Use <a href=\"https:\/\/www.qualfarma.com.br\/vivabem\/wp-content\/uploads\/2023\/12\/protetor-solar-para-cada-tipo-de-pele.jpg\" target=\"_blank\" rel=\"noreferrer noopener\">protetor solar<\/a><strong> todos os dias<\/strong>, optando por f\u00f3rmulas hidratantes;<\/li>\n\n\n\n<li><strong>Evite esfolia\u00e7\u00f5es agressivas,<\/strong> preferindo produtos com part\u00edculas mais delicadas e aplicados uma vez por semana.<\/li>\n<\/ul>\n\n\n\n<h2 class=\"wp-block-heading\"><span class=\"ez-toc-section\" id=\"Como_tratar_pele_seca\"><\/span>Como tratar pele seca?<span class=\"ez-toc-section-end\"><\/span><\/h2>\n\n\n\n<p>O tratamento da pele seca vai al\u00e9m dos cuidados di\u00e1rios e envolve estrat\u00e9gias espec\u00edficas para restaurar a hidrata\u00e7\u00e3o e proteger a barreira natural da pele. <\/p>\n\n\n\n<p>Combinando o uso de produtos adequados, h\u00e1bitos saud\u00e1veis e, em alguns casos, tratamentos mais intensivos, \u00e9 poss\u00edvel recuperar a maciez e a vitalidade da pele. Confira algumas abordagens eficazes:<\/p>\n\n\n\n<h3 class=\"wp-block-heading\"><span class=\"ez-toc-section\" id=\"Mascaras_hidratantes\"><\/span>M\u00e1scaras hidratantes<span class=\"ez-toc-section-end\"><\/span><\/h3>\n\n\n\n<p>As m\u00e1scaras faciais hidratantes s\u00e3o excelentes aliadas no tratamento da pele seca. Elas <strong>ajudam a repor a umidade e os nutrientes<\/strong> que a pele perde ao longo do dia. <\/p>\n\n\n\n<p>Opte por produtos ricos em ativos como \u00e1cido hialur\u00f4nico, manteiga de karit\u00e9 ou aloe vera. Use essas m\u00e1scaras uma ou duas vezes por semana para um efeito mais profundo e duradouro.<\/p>\n\n\n\n<h3 class=\"wp-block-heading\"><span class=\"ez-toc-section\" id=\"Hidratacao_noturna\"><\/span>Hidrata\u00e7\u00e3o noturna<span class=\"ez-toc-section-end\"><\/span><\/h3>\n\n\n\n<p>Durante a noite, a pele entra em um processo natural de regenera\u00e7\u00e3o, tornando esse o momento ideal para apostar em cremes mais densos e nutritivos. <\/p>\n\n\n\n<p>Procure hidratantes noturnos com ingredientes como ceramidas, pantenol ou \u00f3leos naturais, como o de jojoba e am\u00eandoas, que <strong>ajudam a reparar a barreira cut\u00e2nea <\/strong>e a combater a sensa\u00e7\u00e3o de ressecamento ao acordar.<\/p>\n\n\n\n<h3 class=\"wp-block-heading\"><span class=\"ez-toc-section\" id=\"Alimentacao_equilibrada\"><\/span>Alimenta\u00e7\u00e3o equilibrada<span class=\"ez-toc-section-end\"><\/span><\/h3>\n\n\n\n<p>Uma dieta rica em nutrientes \u00e9 essencial para tratar a pele de dentro para fora. Inclua <strong>alimentos ricos em \u00f4mega-3,<\/strong> como salm\u00e3o, chia e linha\u00e7a, que ajudam a manter a pele hidratada e el\u00e1stica. <\/p>\n\n\n\n<p>Al\u00e9m disso, consuma<strong> fontes de vitamina E e antioxidantes<\/strong>, como nozes, sementes e frutas vermelhas, para proteger a pele contra os danos externos e o envelhecimento precoce.<\/p>\n\n\n\n<h3 class=\"wp-block-heading\"><span class=\"ez-toc-section\" id=\"Tratamentos_dermatologicos\"><\/span>Tratamentos dermatol\u00f3gicos<span class=\"ez-toc-section-end\"><\/span><\/h3>\n\n\n\n<p>Para quem busca resultados mais intensivos, tratamentos dermatol\u00f3gicos podem ser uma \u00f3tima op\u00e7\u00e3o. <\/p>\n\n\n\n<p>Procedimentos como <strong>peelings hidratantes, aplica\u00e7\u00e3o de lasers espec\u00edficos e tratamentos com dermocosm\u00e9ticos<\/strong> potencializados ajudam a combater a pele seca, melhorar a textura e reduzir sinais de envelhecimento.<\/p>\n\n\n\n<h2 class=\"wp-block-heading\"><span class=\"ez-toc-section\" id=\"Rotina_de_skincare_para_pele_seca_passo_a_passo\"><\/span>Rotina de skincare para pele seca passo a passo<span class=\"ez-toc-section-end\"><\/span><\/h2>\n\n\n\n<p>Manter uma rotina de cuidados bem definida \u00e9 essencial para tratar a esse tipo de pele. Confira um exemplo de passo a passo simples e eficaz:<\/p>\n\n\n\n<ol class=\"wp-block-list\">\n<li><strong>Limpeza:<\/strong> lave o rosto com um sabonete ou gel de limpeza suave, formulado para pele seca;<\/li>\n\n\n\n<li><strong>Tonifica\u00e7\u00e3o:<\/strong> use um t\u00f4nico hidratante, sem \u00e1lcool, para preparar a pele para os pr\u00f3ximos passos;<\/li>\n\n\n\n<li><strong>Hidrata\u00e7\u00e3o:<\/strong> aplique um hidratante espec\u00edfico para pele seca, massageando suavemente;<\/li>\n\n\n\n<li><strong>Protetor solar:<\/strong> finalize com um protetor solar hidratante de, no m\u00ednimo, FPS 30;<\/li>\n\n\n\n<li><a href=\"https:\/\/www.qualfarma.com.br\/vivabem\/skincare-noturno\/\" target=\"_blank\" rel=\"noreferrer noopener\">Skincare noturno<\/a><strong>:<\/strong> repita o processo, substituindo o protetor por um creme noturno ou m\u00e1scara reparadora.<\/li>\n<\/ol>\n\n\n\n<p><\/p>\n\n\n\n<p>Adotar esses cuidados di\u00e1rios e escolher os produtos adequados \u00e9 fundamental para transformar a pele seca em uma pele saud\u00e1vel e radiante. <\/p>\n\n\n\n<p>E lembre-se: \u00e9 sempre importante consultar um dermatologista para uma avalia\u00e7\u00e3o personalizada. Ele pode identificar as causas espec\u00edficas do ressecamento e recomendar os tratamentos mais adequados para o seu caso.<\/p>\n\n\n\n<p><\/p>\n","protected":false},"excerpt":{"rendered":"<p>A pele seca \u00e9 um dos tipos de pele mais comuns e se caracteriza por apresentar ressecamento, descama\u00e7\u00e3o e at\u00e9 sensibilidade em algumas \u00e1reas do rosto. Embora possa parecer dif\u00edcil lidar com essa condi\u00e7\u00e3o, com os cuidados certos e uma rotina de skincare bem estruturada, \u00e9 poss\u00edvel manter a pele saud\u00e1vel, hidratada e com uma [&hellip;]<\/p>\n","protected":false},"author":7,"featured_media":4287,"comment_status":"open","ping_status":"open","sticky":false,"template":"","format":"standard","meta":{"tpgb_global_settings":"","footnotes":""},"categories":[105,104],"tags":[100,99],"class_list":["post-4286","post","type-post","status-publish","format-standard","has-post-thumbnail","hentry","category-rotinas-de-skincare","category-skincare","tag-rotinas-de-skincare","tag-skincare"],"yoast_head":"<!-- This site is optimized with the Yoast SEO plugin v27.5 - https:\/\/yoast.com\/product\/yoast-seo-wordpress\/ -->\n<title>Pele seca: caracter\u00edsticas, cuidados e tratamentos<\/title>\n<meta name=\"description\" content=\"Buscando entender mais sobre as caracter\u00edsticas e cuidados necess\u00e1rios com a pele seca? Confira nosso guia e esclare\u00e7a suas d\u00favidas!\" \/>\n<meta name=\"robots\" content=\"index, follow, max-snippet:-1, max-image-preview:large, max-video-preview:-1\" \/>\n<link rel=\"canonical\" href=\"https:\/\/www.qualfarma.com.br\/vivabem\/pele-seca\/\" \/>\n<meta property=\"og:locale\" content=\"pt_BR\" \/>\n<meta property=\"og:type\" content=\"article\" \/>\n<meta property=\"og:title\" content=\"Pele seca: caracter\u00edsticas, cuidados e tratamentos\" \/>\n<meta property=\"og:description\" content=\"Buscando entender mais sobre as caracter\u00edsticas e cuidados necess\u00e1rios com a pele seca? Confira nosso guia e esclare\u00e7a suas d\u00favidas!\" \/>\n<meta property=\"og:url\" content=\"https:\/\/www.qualfarma.com.br\/vivabem\/pele-seca\/\" \/>\n<meta property=\"og:site_name\" content=\"Blog Viva Bem por Qualfarma\" \/>\n<meta property=\"article:published_time\" content=\"2025-01-28T15:53:55+00:00\" \/>\n<meta property=\"article:modified_time\" content=\"2025-09-02T18:20:50+00:00\" \/>\n<meta property=\"og:image\" content=\"https:\/\/www.qualfarma.com.br\/vivabem\/wp-content\/uploads\/2025\/01\/pele-seca.jpg\" \/>\n\t<meta property=\"og:image:width\" content=\"750\" \/>\n\t<meta property=\"og:image:height\" content=\"500\" \/>\n\t<meta property=\"og:image:type\" content=\"image\/jpeg\" \/>\n<meta name=\"author\" content=\"Stephanie Kroll\" \/>\n<meta name=\"twitter:card\" content=\"summary_large_image\" \/>\n<meta name=\"twitter:label1\" content=\"Escrito por\" \/>\n\t<meta name=\"twitter:data1\" content=\"Stephanie Kroll\" \/>\n\t<meta name=\"twitter:label2\" content=\"Est. tempo de leitura\" \/>\n\t<meta name=\"twitter:data2\" content=\"5 minutos\" \/>\n<script type=\"application\/ld+json\" class=\"yoast-schema-graph\">{\"@context\":\"https:\\\/\\\/schema.org\",\"@graph\":[{\"@type\":\"Article\",\"@id\":\"https:\\\/\\\/www.qualfarma.com.br\\\/vivabem\\\/pele-seca\\\/#article\",\"isPartOf\":{\"@id\":\"https:\\\/\\\/www.qualfarma.com.br\\\/vivabem\\\/pele-seca\\\/\"},\"author\":{\"name\":\"Stephanie Kroll\",\"@id\":\"https:\\\/\\\/www.qualfarma.com.br\\\/vivabem\\\/#\\\/schema\\\/person\\\/a690dda13b8cef2d1093f56c7e09b224\"},\"headline\":\"Pele seca: caracter\u00edsticas, cuidados e tratamentos\",\"datePublished\":\"2025-01-28T15:53:55+00:00\",\"dateModified\":\"2025-09-02T18:20:50+00:00\",\"mainEntityOfPage\":{\"@id\":\"https:\\\/\\\/www.qualfarma.com.br\\\/vivabem\\\/pele-seca\\\/\"},\"wordCount\":874,\"commentCount\":0,\"image\":{\"@id\":\"https:\\\/\\\/www.qualfarma.com.br\\\/vivabem\\\/pele-seca\\\/#primaryimage\"},\"thumbnailUrl\":\"https:\\\/\\\/www.qualfarma.com.br\\\/vivabem\\\/wp-content\\\/uploads\\\/2025\\\/01\\\/pele-seca.jpg\",\"keywords\":[\"Rotinas de Skincare\",\"Skincare\"],\"articleSection\":[\"Rotinas de skincare\",\"Skincare\"],\"inLanguage\":\"pt-BR\",\"potentialAction\":[{\"@type\":\"CommentAction\",\"name\":\"Comment\",\"target\":[\"https:\\\/\\\/www.qualfarma.com.br\\\/vivabem\\\/pele-seca\\\/#respond\"]}]},{\"@type\":\"WebPage\",\"@id\":\"https:\\\/\\\/www.qualfarma.com.br\\\/vivabem\\\/pele-seca\\\/\",\"url\":\"https:\\\/\\\/www.qualfarma.com.br\\\/vivabem\\\/pele-seca\\\/\",\"name\":\"Pele seca: caracter\u00edsticas, cuidados e tratamentos\",\"isPartOf\":{\"@id\":\"https:\\\/\\\/www.qualfarma.com.br\\\/vivabem\\\/#website\"},\"primaryImageOfPage\":{\"@id\":\"https:\\\/\\\/www.qualfarma.com.br\\\/vivabem\\\/pele-seca\\\/#primaryimage\"},\"image\":{\"@id\":\"https:\\\/\\\/www.qualfarma.com.br\\\/vivabem\\\/pele-seca\\\/#primaryimage\"},\"thumbnailUrl\":\"https:\\\/\\\/www.qualfarma.com.br\\\/vivabem\\\/wp-content\\\/uploads\\\/2025\\\/01\\\/pele-seca.jpg\",\"datePublished\":\"2025-01-28T15:53:55+00:00\",\"dateModified\":\"2025-09-02T18:20:50+00:00\",\"author\":{\"@id\":\"https:\\\/\\\/www.qualfarma.com.br\\\/vivabem\\\/#\\\/schema\\\/person\\\/a690dda13b8cef2d1093f56c7e09b224\"},\"description\":\"Buscando entender mais sobre as caracter\u00edsticas e cuidados necess\u00e1rios com a pele seca? Confira nosso guia e esclare\u00e7a suas d\u00favidas!\",\"breadcrumb\":{\"@id\":\"https:\\\/\\\/www.qualfarma.com.br\\\/vivabem\\\/pele-seca\\\/#breadcrumb\"},\"inLanguage\":\"pt-BR\",\"potentialAction\":[{\"@type\":\"ReadAction\",\"target\":[\"https:\\\/\\\/www.qualfarma.com.br\\\/vivabem\\\/pele-seca\\\/\"]}]},{\"@type\":\"ImageObject\",\"inLanguage\":\"pt-BR\",\"@id\":\"https:\\\/\\\/www.qualfarma.com.br\\\/vivabem\\\/pele-seca\\\/#primaryimage\",\"url\":\"https:\\\/\\\/www.qualfarma.com.br\\\/vivabem\\\/wp-content\\\/uploads\\\/2025\\\/01\\\/pele-seca.jpg\",\"contentUrl\":\"https:\\\/\\\/www.qualfarma.com.br\\\/vivabem\\\/wp-content\\\/uploads\\\/2025\\\/01\\\/pele-seca.jpg\",\"width\":750,\"height\":500,\"caption\":\"Saber como cuidar devidamente da pele seca \u00e9 fundamental para garantir a sa\u00fade da pele!\"},{\"@type\":\"BreadcrumbList\",\"@id\":\"https:\\\/\\\/www.qualfarma.com.br\\\/vivabem\\\/pele-seca\\\/#breadcrumb\",\"itemListElement\":[{\"@type\":\"ListItem\",\"position\":1,\"name\":\"Blog Viva Bem\",\"item\":\"https:\\\/\\\/www.qualfarma.com.br\\\/vivabem\\\/\"},{\"@type\":\"ListItem\",\"position\":2,\"name\":\"Skincare\",\"item\":\"https:\\\/\\\/www.qualfarma.com.br\\\/vivabem\\\/skincare\\\/\"},{\"@type\":\"ListItem\",\"position\":3,\"name\":\"Pele seca: caracter\u00edsticas, cuidados e tratamentos\"}]},{\"@type\":\"WebSite\",\"@id\":\"https:\\\/\\\/www.qualfarma.com.br\\\/vivabem\\\/#website\",\"url\":\"https:\\\/\\\/www.qualfarma.com.br\\\/vivabem\\\/\",\"name\":\"Blog Viva Bem por Qualfarma\",\"description\":\"\u00ae 2023\",\"potentialAction\":[{\"@type\":\"SearchAction\",\"target\":{\"@type\":\"EntryPoint\",\"urlTemplate\":\"https:\\\/\\\/www.qualfarma.com.br\\\/vivabem\\\/?s={search_term_string}\"},\"query-input\":{\"@type\":\"PropertyValueSpecification\",\"valueRequired\":true,\"valueName\":\"search_term_string\"}}],\"inLanguage\":\"pt-BR\"},{\"@type\":\"Person\",\"@id\":\"https:\\\/\\\/www.qualfarma.com.br\\\/vivabem\\\/#\\\/schema\\\/person\\\/a690dda13b8cef2d1093f56c7e09b224\",\"name\":\"Stephanie Kroll\",\"image\":{\"@type\":\"ImageObject\",\"inLanguage\":\"pt-BR\",\"@id\":\"https:\\\/\\\/secure.gravatar.com\\\/avatar\\\/dd1b82540a7b66c3112346e4a6b0e24b524511df3d028133ca1eea9eafc829bc?s=96&d=mm&r=g\",\"url\":\"https:\\\/\\\/secure.gravatar.com\\\/avatar\\\/dd1b82540a7b66c3112346e4a6b0e24b524511df3d028133ca1eea9eafc829bc?s=96&d=mm&r=g\",\"contentUrl\":\"https:\\\/\\\/secure.gravatar.com\\\/avatar\\\/dd1b82540a7b66c3112346e4a6b0e24b524511df3d028133ca1eea9eafc829bc?s=96&d=mm&r=g\",\"caption\":\"Stephanie Kroll\"},\"description\":\"Graduada em Farm\u00e1cia pela Universidade Federal do Rio de Janeiro (UFRJ), Stephanie Kroll (CRF\\\/RJ 28001) atua na \u00e1rea da sa\u00fade da fam\u00edlia com uma abordagem humanizada e \u00e9 respons\u00e1vel t\u00e9cnica pelos conte\u00fados do Viva Bem por Qualfarma.\"}]}<\/script>\n<!-- \/ Yoast SEO plugin. -->","yoast_head_json":{"title":"Pele seca: caracter\u00edsticas, cuidados e tratamentos","description":"Buscando entender mais sobre as caracter\u00edsticas e cuidados necess\u00e1rios com a pele seca? Confira nosso guia e esclare\u00e7a suas d\u00favidas!","robots":{"index":"index","follow":"follow","max-snippet":"max-snippet:-1","max-image-preview":"max-image-preview:large","max-video-preview":"max-video-preview:-1"},"canonical":"https:\/\/www.qualfarma.com.br\/vivabem\/pele-seca\/","og_locale":"pt_BR","og_type":"article","og_title":"Pele seca: caracter\u00edsticas, cuidados e tratamentos","og_description":"Buscando entender mais sobre as caracter\u00edsticas e cuidados necess\u00e1rios com a pele seca? Confira nosso guia e esclare\u00e7a suas d\u00favidas!","og_url":"https:\/\/www.qualfarma.com.br\/vivabem\/pele-seca\/","og_site_name":"Blog Viva Bem por Qualfarma","article_published_time":"2025-01-28T15:53:55+00:00","article_modified_time":"2025-09-02T18:20:50+00:00","og_image":[{"width":750,"height":500,"url":"https:\/\/www.qualfarma.com.br\/vivabem\/wp-content\/uploads\/2025\/01\/pele-seca.jpg","type":"image\/jpeg"}],"author":"Stephanie Kroll","twitter_card":"summary_large_image","twitter_misc":{"Escrito por":"Stephanie Kroll","Est. tempo de leitura":"5 minutos"},"schema":{"@context":"https:\/\/schema.org","@graph":[{"@type":"Article","@id":"https:\/\/www.qualfarma.com.br\/vivabem\/pele-seca\/#article","isPartOf":{"@id":"https:\/\/www.qualfarma.com.br\/vivabem\/pele-seca\/"},"author":{"name":"Stephanie Kroll","@id":"https:\/\/www.qualfarma.com.br\/vivabem\/#\/schema\/person\/a690dda13b8cef2d1093f56c7e09b224"},"headline":"Pele seca: caracter\u00edsticas, cuidados e tratamentos","datePublished":"2025-01-28T15:53:55+00:00","dateModified":"2025-09-02T18:20:50+00:00","mainEntityOfPage":{"@id":"https:\/\/www.qualfarma.com.br\/vivabem\/pele-seca\/"},"wordCount":874,"commentCount":0,"image":{"@id":"https:\/\/www.qualfarma.com.br\/vivabem\/pele-seca\/#primaryimage"},"thumbnailUrl":"https:\/\/www.qualfarma.com.br\/vivabem\/wp-content\/uploads\/2025\/01\/pele-seca.jpg","keywords":["Rotinas de Skincare","Skincare"],"articleSection":["Rotinas de skincare","Skincare"],"inLanguage":"pt-BR","potentialAction":[{"@type":"CommentAction","name":"Comment","target":["https:\/\/www.qualfarma.com.br\/vivabem\/pele-seca\/#respond"]}]},{"@type":"WebPage","@id":"https:\/\/www.qualfarma.com.br\/vivabem\/pele-seca\/","url":"https:\/\/www.qualfarma.com.br\/vivabem\/pele-seca\/","name":"Pele seca: caracter\u00edsticas, cuidados e tratamentos","isPartOf":{"@id":"https:\/\/www.qualfarma.com.br\/vivabem\/#website"},"primaryImageOfPage":{"@id":"https:\/\/www.qualfarma.com.br\/vivabem\/pele-seca\/#primaryimage"},"image":{"@id":"https:\/\/www.qualfarma.com.br\/vivabem\/pele-seca\/#primaryimage"},"thumbnailUrl":"https:\/\/www.qualfarma.com.br\/vivabem\/wp-content\/uploads\/2025\/01\/pele-seca.jpg","datePublished":"2025-01-28T15:53:55+00:00","dateModified":"2025-09-02T18:20:50+00:00","author":{"@id":"https:\/\/www.qualfarma.com.br\/vivabem\/#\/schema\/person\/a690dda13b8cef2d1093f56c7e09b224"},"description":"Buscando entender mais sobre as caracter\u00edsticas e cuidados necess\u00e1rios com a pele seca? Confira nosso guia e esclare\u00e7a suas d\u00favidas!","breadcrumb":{"@id":"https:\/\/www.qualfarma.com.br\/vivabem\/pele-seca\/#breadcrumb"},"inLanguage":"pt-BR","potentialAction":[{"@type":"ReadAction","target":["https:\/\/www.qualfarma.com.br\/vivabem\/pele-seca\/"]}]},{"@type":"ImageObject","inLanguage":"pt-BR","@id":"https:\/\/www.qualfarma.com.br\/vivabem\/pele-seca\/#primaryimage","url":"https:\/\/www.qualfarma.com.br\/vivabem\/wp-content\/uploads\/2025\/01\/pele-seca.jpg","contentUrl":"https:\/\/www.qualfarma.com.br\/vivabem\/wp-content\/uploads\/2025\/01\/pele-seca.jpg","width":750,"height":500,"caption":"Saber como cuidar devidamente da pele seca \u00e9 fundamental para garantir a sa\u00fade da pele!"},{"@type":"BreadcrumbList","@id":"https:\/\/www.qualfarma.com.br\/vivabem\/pele-seca\/#breadcrumb","itemListElement":[{"@type":"ListItem","position":1,"name":"Blog Viva Bem","item":"https:\/\/www.qualfarma.com.br\/vivabem\/"},{"@type":"ListItem","position":2,"name":"Skincare","item":"https:\/\/www.qualfarma.com.br\/vivabem\/skincare\/"},{"@type":"ListItem","position":3,"name":"Pele seca: caracter\u00edsticas, cuidados e tratamentos"}]},{"@type":"WebSite","@id":"https:\/\/www.qualfarma.com.br\/vivabem\/#website","url":"https:\/\/www.qualfarma.com.br\/vivabem\/","name":"Blog Viva Bem por Qualfarma","description":"\u00ae 2023","potentialAction":[{"@type":"SearchAction","target":{"@type":"EntryPoint","urlTemplate":"https:\/\/www.qualfarma.com.br\/vivabem\/?s={search_term_string}"},"query-input":{"@type":"PropertyValueSpecification","valueRequired":true,"valueName":"search_term_string"}}],"inLanguage":"pt-BR"},{"@type":"Person","@id":"https:\/\/www.qualfarma.com.br\/vivabem\/#\/schema\/person\/a690dda13b8cef2d1093f56c7e09b224","name":"Stephanie Kroll","image":{"@type":"ImageObject","inLanguage":"pt-BR","@id":"https:\/\/secure.gravatar.com\/avatar\/dd1b82540a7b66c3112346e4a6b0e24b524511df3d028133ca1eea9eafc829bc?s=96&d=mm&r=g","url":"https:\/\/secure.gravatar.com\/avatar\/dd1b82540a7b66c3112346e4a6b0e24b524511df3d028133ca1eea9eafc829bc?s=96&d=mm&r=g","contentUrl":"https:\/\/secure.gravatar.com\/avatar\/dd1b82540a7b66c3112346e4a6b0e24b524511df3d028133ca1eea9eafc829bc?s=96&d=mm&r=g","caption":"Stephanie Kroll"},"description":"Graduada em Farm\u00e1cia pela Universidade Federal do Rio de Janeiro (UFRJ), Stephanie Kroll (CRF\/RJ 28001) atua na \u00e1rea da sa\u00fade da fam\u00edlia com uma abordagem humanizada e \u00e9 respons\u00e1vel t\u00e9cnica pelos conte\u00fados do Viva Bem por Qualfarma."}]}},"jetpack_featured_media_url":"https:\/\/www.qualfarma.com.br\/vivabem\/wp-content\/uploads\/2025\/01\/pele-seca.jpg","tpgb_featured_images":{"full":["https:\/\/www.qualfarma.com.br\/vivabem\/wp-content\/uploads\/2025\/01\/pele-seca.jpg",750,500,false],"tp-image-grid":["https:\/\/www.qualfarma.com.br\/vivabem\/wp-content\/uploads\/2025\/01\/pele-seca-700x700.jpg",700,700,true],"thumbnail":["https:\/\/www.qualfarma.com.br\/vivabem\/wp-content\/uploads\/2025\/01\/pele-seca-150x150.jpg",150,150,true],"medium":["https:\/\/www.qualfarma.com.br\/vivabem\/wp-content\/uploads\/2025\/01\/pele-seca-300x200.jpg",300,200,true],"medium_large":["https:\/\/www.qualfarma.com.br\/vivabem\/wp-content\/uploads\/2025\/01\/pele-seca.jpg",750,500,false],"large":["https:\/\/www.qualfarma.com.br\/vivabem\/wp-content\/uploads\/2025\/01\/pele-seca.jpg",750,500,false],"default":"https:\/\/www.qualfarma.com.br\/vivabem\/wp-content\/plugins\/the-plus-addons-for-block-editor\/assets\/images\/tpgb-placeholder.jpg"},"tpgb_post_meta_info":{"get_date":"janeiro 28, 2025","get_modified_date":"setembro 2, 2025","category_list":{"category":[{"term_id":105,"name":"Rotinas de skincare","slug":"rotinas-de-skincare","term_group":0,"term_taxonomy_id":105,"taxonomy":"category","description":"","parent":104,"count":12,"filter":"raw"},{"term_id":104,"name":"Skincare","slug":"skincare","term_group":0,"term_taxonomy_id":104,"taxonomy":"category","description":"Respeite as necessidades da sua pele e atenda \u00e0s demandas de autocuidado com dicas, recomenda\u00e7\u00f5es e mais informa\u00e7\u00f5es sobre o mundo do skincare. Inspire-se com conte\u00fados sobre rotinas de skincare, tratamentos e recomenda\u00e7\u00f5es de produtos para deixar a sua pele saud\u00e1vel e radiante todos os dias. E claro: viver bem!","parent":0,"count":9,"filter":"raw"}],"post_tag":[{"term_id":100,"name":"Rotinas de Skincare","slug":"rotinas-de-skincare","term_group":0,"term_taxonomy_id":100,"taxonomy":"post_tag","description":"","parent":0,"count":10,"filter":"raw"},{"term_id":99,"name":"Skincare","slug":"skincare","term_group":0,"term_taxonomy_id":99,"taxonomy":"post_tag","description":"","parent":0,"count":14,"filter":"raw"}]},"author_name":"Stephanie Kroll","author_url":"https:\/\/www.qualfarma.com.br\/vivabem\/author\/sterabelohotmail-com\/","author_email":"sterabelo@hotmail.com","author_website":"","author_description":"Graduada em Farm\u00e1cia pela Universidade Federal do Rio de Janeiro (UFRJ), Stephanie Kroll (CRF\/RJ 28001) atua na \u00e1rea da sa\u00fade da fam\u00edlia com uma abordagem humanizada e \u00e9 respons\u00e1vel t\u00e9cnica pelos conte\u00fados do Viva Bem por Qualfarma.","author_facebook":"","author_twitter":"","author_instagram":"","author_role":["editor"],"author_firstname":"Stephanie","author_lastname":"Kroll","user_login":"sterabelo@hotmail.com","author_avatar":"<img alt='' src='https:\/\/secure.gravatar.com\/avatar\/dd1b82540a7b66c3112346e4a6b0e24b524511df3d028133ca1eea9eafc829bc?s=200&#038;d=mm&#038;r=g' srcset='https:\/\/secure.gravatar.com\/avatar\/dd1b82540a7b66c3112346e4a6b0e24b524511df3d028133ca1eea9eafc829bc?s=400&#038;d=mm&#038;r=g 2x' class='avatar avatar-200 photo' height='200' width='200' decoding='async'\/>","author_avatar_url":"https:\/\/secure.gravatar.com\/avatar\/dd1b82540a7b66c3112346e4a6b0e24b524511df3d028133ca1eea9eafc829bc?s=96&d=mm&r=g","comment_count":0,"post_likes":0,"post_views":0},"tpgb_post_category":{"category":"<a href=\"https:\/\/www.qualfarma.com.br\/vivabem\/skincare\/rotinas-de-skincare\/\" alt=\"Rotinas de skincare\"  class=\"category-rotinas-de-skincare\">Rotinas de skincare<\/a> <a href=\"https:\/\/www.qualfarma.com.br\/vivabem\/skincare\/\" alt=\"Skincare\"  class=\"category-skincare\">Skincare<\/a> ","post_tag":"<a href=\"https:\/\/www.qualfarma.com.br\/vivabem\/tag\/rotinas-de-skincare\/\" alt=\"Rotinas de Skincare\"  class=\"post_tag-rotinas-de-skincare\">Rotinas de Skincare<\/a> <a href=\"https:\/\/www.qualfarma.com.br\/vivabem\/tag\/skincare\/\" alt=\"Skincare\"  class=\"post_tag-skincare\">Skincare<\/a> "},"_links":{"self":[{"href":"https:\/\/www.qualfarma.com.br\/vivabem\/wp-json\/wp\/v2\/posts\/4286","targetHints":{"allow":["GET"]}}],"collection":[{"href":"https:\/\/www.qualfarma.com.br\/vivabem\/wp-json\/wp\/v2\/posts"}],"about":[{"href":"https:\/\/www.qualfarma.com.br\/vivabem\/wp-json\/wp\/v2\/types\/post"}],"author":[{"embeddable":true,"href":"https:\/\/www.qualfarma.com.br\/vivabem\/wp-json\/wp\/v2\/users\/7"}],"replies":[{"embeddable":true,"href":"https:\/\/www.qualfarma.com.br\/vivabem\/wp-json\/wp\/v2\/comments?post=4286"}],"version-history":[{"count":3,"href":"https:\/\/www.qualfarma.com.br\/vivabem\/wp-json\/wp\/v2\/posts\/4286\/revisions"}],"predecessor-version":[{"id":4461,"href":"https:\/\/www.qualfarma.com.br\/vivabem\/wp-json\/wp\/v2\/posts\/4286\/revisions\/4461"}],"wp:featuredmedia":[{"embeddable":true,"href":"https:\/\/www.qualfarma.com.br\/vivabem\/wp-json\/wp\/v2\/media\/4287"}],"wp:attachment":[{"href":"https:\/\/www.qualfarma.com.br\/vivabem\/wp-json\/wp\/v2\/media?parent=4286"}],"wp:term":[{"taxonomy":"category","embeddable":true,"href":"https:\/\/www.qualfarma.com.br\/vivabem\/wp-json\/wp\/v2\/categories?post=4286"},{"taxonomy":"post_tag","embeddable":true,"href":"https:\/\/www.qualfarma.com.br\/vivabem\/wp-json\/wp\/v2\/tags?post=4286"}],"curies":[{"name":"wp","href":"https:\/\/api.w.org\/{rel}","templated":true}]}}