{"id":4281,"date":"2025-01-23T17:58:59","date_gmt":"2025-01-23T17:58:59","guid":{"rendered":"https:\/\/www.qualfarma.com.br\/vivabem\/?p=4281"},"modified":"2025-10-02T13:45:40","modified_gmt":"2025-10-02T13:45:40","slug":"envelhecer-com-saude","status":"publish","type":"post","link":"https:\/\/www.qualfarma.com.br\/vivabem\/envelhecer-com-saude\/","title":{"rendered":"Como envelhecer com sa\u00fade? 7 dicas para come\u00e7ar hoje mesmo"},"content":{"rendered":"\n<p><strong>Envelhecer com sa\u00fade<\/strong> \u00e9 um objetivo cada vez mais buscado, e n\u00e3o \u00e9 para menos. A longevidade est\u00e1 diretamente ligada \u00e0 qualidade de vida e ao bem-estar, fatores que permitem viver a terceira idade com plenitude. Para isso, adotar h\u00e1bitos saud\u00e1veis desde cedo faz toda a diferen\u00e7a. <\/p>\n\n\n\n<p>Neste artigo, voc\u00ea encontrar\u00e1 dicas pr\u00e1ticas e valiosas para aproveitar cada etapa da vida com sa\u00fade e disposi\u00e7\u00e3o.<\/p>\n\n\n\n<div id=\"ez-toc-container\" class=\"ez-toc-v2_0_82_2 counter-hierarchy ez-toc-counter ez-toc-grey ez-toc-container-direction\">\n<div class=\"ez-toc-title-container\">\n<p class=\"ez-toc-title\" style=\"cursor:inherit\">Navegue pelo assunto<\/p>\n<span class=\"ez-toc-title-toggle\"><\/span><\/div>\n<nav><ul class='ez-toc-list ez-toc-list-level-1 ' ><li class='ez-toc-page-1 ez-toc-heading-level-2'><a class=\"ez-toc-link ez-toc-heading-1\" href=\"https:\/\/www.qualfarma.com.br\/vivabem\/envelhecer-com-saude\/#Quais_sao_as_mudancas_e_os_desafios_de_envelhecer\" >Quais s\u00e3o as mudan\u00e7as e os desafios de envelhecer?<\/a><\/li><li class='ez-toc-page-1 ez-toc-heading-level-2'><a class=\"ez-toc-link ez-toc-heading-2\" href=\"https:\/\/www.qualfarma.com.br\/vivabem\/envelhecer-com-saude\/#O_que_e_um_envelhecimento_saudavel\" >O que \u00e9 um envelhecimento saud\u00e1vel?<\/a><ul class='ez-toc-list-level-3' ><li class='ez-toc-heading-level-3'><a class=\"ez-toc-link ez-toc-heading-3\" href=\"https:\/\/www.qualfarma.com.br\/vivabem\/envelhecer-com-saude\/#Quando_comecar_a_pensar_sobre_envelhecimento\" >Quando come\u00e7ar a pensar sobre envelhecimento?<\/a><\/li><\/ul><\/li><li class='ez-toc-page-1 ez-toc-heading-level-2'><a class=\"ez-toc-link ez-toc-heading-4\" href=\"https:\/\/www.qualfarma.com.br\/vivabem\/envelhecer-com-saude\/#Como_envelhecer_com_saude\" >Como envelhecer com sa\u00fade?<\/a><ul class='ez-toc-list-level-3' ><li class='ez-toc-heading-level-3'><a class=\"ez-toc-link ez-toc-heading-5\" href=\"https:\/\/www.qualfarma.com.br\/vivabem\/envelhecer-com-saude\/#1_Alimentar-se_bem\" >1. Alimentar-se bem<\/a><\/li><li class='ez-toc-page-1 ez-toc-heading-level-3'><a class=\"ez-toc-link ez-toc-heading-6\" href=\"https:\/\/www.qualfarma.com.br\/vivabem\/envelhecer-com-saude\/#2_Praticar_exercicios_fisicos_regularmente\" >2. Praticar exerc\u00edcios f\u00edsicos regularmente<\/a><\/li><li class='ez-toc-page-1 ez-toc-heading-level-3'><a class=\"ez-toc-link ez-toc-heading-7\" href=\"https:\/\/www.qualfarma.com.br\/vivabem\/envelhecer-com-saude\/#3_Socializar_e_manter_conexoes_sociais\" >3. Socializar e manter conex\u00f5es sociais<\/a><\/li><li class='ez-toc-page-1 ez-toc-heading-level-3'><a class=\"ez-toc-link ez-toc-heading-8\" href=\"https:\/\/www.qualfarma.com.br\/vivabem\/envelhecer-com-saude\/#4_Evitar_alcool_tabaco_e_outras_drogas\" >4. Evitar \u00e1lcool, tabaco e outras drogas<\/a><\/li><li class='ez-toc-page-1 ez-toc-heading-level-3'><a class=\"ez-toc-link ez-toc-heading-9\" href=\"https:\/\/www.qualfarma.com.br\/vivabem\/envelhecer-com-saude\/#5_Procurar_acompanhamento_especializado\" >5. Procurar acompanhamento especializado<\/a><\/li><li class='ez-toc-page-1 ez-toc-heading-level-3'><a class=\"ez-toc-link ez-toc-heading-10\" href=\"https:\/\/www.qualfarma.com.br\/vivabem\/envelhecer-com-saude\/#6_Dormir_bem\" >6. Dormir bem<\/a><\/li><\/ul><\/li><\/ul><\/nav><\/div>\n<h2 class=\"wp-block-heading\"><span class=\"ez-toc-section\" id=\"Quais_sao_as_mudancas_e_os_desafios_de_envelhecer\"><\/span>Quais s\u00e3o as mudan\u00e7as e os desafios de envelhecer?<span class=\"ez-toc-section-end\"><\/span><\/h2>\n\n\n\n<p>Com o passar dos anos, o corpo e a mente passam por transforma\u00e7\u00f5es significativas. As mudan\u00e7as f\u00edsicas, como a diminui\u00e7\u00e3o da densidade \u00f3ssea, redu\u00e7\u00e3o da elasticidade da pele e altera\u00e7\u00f5es na massa muscular, s\u00e3o naturais. <\/p>\n\n\n\n<p>Al\u00e9m disso, quest\u00f5es emocionais, como a adapta\u00e7\u00e3o \u00e0 aposentadoria, a sa\u00edda dos filhos de casa e o luto, podem surgir como desafios. Entender que essas transforma\u00e7\u00f5es fazem parte do ciclo da vida \u00e9 essencial para enfrent\u00e1-las com leveza. Buscar apoio m\u00e9dico e psicol\u00f3gico, manter-se ativo e cultivar um c\u00edrculo social saud\u00e1vel ajudam a lidar com essas mudan\u00e7as de forma positiva.<\/p>\n\n\n\n<h2 class=\"wp-block-heading\"><span class=\"ez-toc-section\" id=\"O_que_e_um_envelhecimento_saudavel\"><\/span>O que \u00e9 um envelhecimento saud\u00e1vel?<span class=\"ez-toc-section-end\"><\/span><\/h2>\n\n\n\n<p>O conceito de envelhecimento saud\u00e1vel vai al\u00e9m da aus\u00eancia de doen\u00e7as. Ele<strong> engloba a manuten\u00e7\u00e3o da autonomia, do equil\u00edbrio emocional e da qualidade de vida<\/strong>. Isso significa que envelhecer bem \u00e9 poder realizar atividades cotidianas, desfrutar de momentos de lazer e preservar conex\u00f5es sociais. <\/p>\n\n\n\n<p>Um exemplo pr\u00e1tico \u00e9 o autocuidado: ele envolve desde manter uma rotina alimentar equilibrada at\u00e9 adotar pr\u00e1ticas de relaxamento, como yoga e medita\u00e7\u00e3o, para cuidar da sa\u00fade mental. Cada escolha saud\u00e1vel hoje se reflete em uma velhice mais plena no futuro.<\/p>\n\n\n\n<h3 class=\"wp-block-heading\"><span class=\"ez-toc-section\" id=\"Quando_comecar_a_pensar_sobre_envelhecimento\"><\/span>Quando come\u00e7ar a pensar sobre envelhecimento?<span class=\"ez-toc-section-end\"><\/span><\/h3>\n\n\n\n<p>Quanto antes, melhor! A ideia de envelhecer com sa\u00fade deve ser incorporada ao dia a dia desde a juventude. Muitas das condi\u00e7\u00f5es que afetam a qualidade de vida na terceira idade, como hipertens\u00e3o, diabetes e problemas articulares, podem ser prevenidas com h\u00e1bitos saud\u00e1veis ao longo da vida. <\/p>\n\n\n\n<p>Aos 30 anos, por exemplo, \u00e9 poss\u00edvel come\u00e7ar com pequenas mudan\u00e7as, como incluir mais vegetais na dieta, praticar exerc\u00edcios regularmente e evitar o consumo excessivo de \u00e1lcool. J\u00e1 aos 40, exames preventivos tornam-se indispens\u00e1veis para monitorar a sa\u00fade e prevenir doen\u00e7as silenciosas.<\/p>\n\n\n\n<h2 class=\"wp-block-heading\"><span class=\"ez-toc-section\" id=\"Como_envelhecer_com_saude\"><\/span>Como envelhecer com sa\u00fade?<span class=\"ez-toc-section-end\"><\/span><\/h2>\n\n\n\n<p>Envelhecer bem \u00e9 uma combina\u00e7\u00e3o de escolhas conscientes e a\u00e7\u00f5es pr\u00e1ticas que fortalecem o corpo e a mente. Confira 7 dicas essenciais para come\u00e7ar hoje:<\/p>\n\n\n\n<h3 class=\"wp-block-heading\"><span class=\"ez-toc-section\" id=\"1_Alimentar-se_bem\"><\/span>1. Alimentar-se bem<span class=\"ez-toc-section-end\"><\/span><\/h3>\n\n\n\n<p>Uma dieta equilibrada \u00e9 fundamental para o envelhecimento saud\u00e1vel. Consuma alimentos ricos em fibras, vitaminas e antioxidantes, como frutas, legumes, gr\u00e3os integrais e oleaginosas. Reduza o consumo de sal, a\u00e7\u00facares e gorduras saturadas, que podem prejudicar a sa\u00fade cardiovascular. <\/p>\n\n\n\n<p>Al\u00e9m disso, mantenha-se hidratado, j\u00e1 que a hidrata\u00e7\u00e3o ajuda a prevenir problemas como constipa\u00e7\u00e3o e desidrata\u00e7\u00e3o.<\/p>\n\n\n\n<h3 class=\"wp-block-heading\"><span class=\"ez-toc-section\" id=\"2_Praticar_exercicios_fisicos_regularmente\"><\/span>2. Praticar exerc\u00edcios f\u00edsicos regularmente<span class=\"ez-toc-section-end\"><\/span><\/h3>\n\n\n\n<p>Manter o corpo ativo \u00e9 essencial para fortalecer m\u00fasculos, ossos e articula\u00e7\u00f5es. Caminhadas, alongamentos e atividades de baixo impacto, como pilates e hidrogin\u00e1stica, s\u00e3o \u00f3timos para quem deseja melhorar a flexibilidade e a resist\u00eancia f\u00edsica. <\/p>\n\n\n\n<p>Al\u00e9m disso, <a href=\"https:\/\/www.qualfarma.com.br\/atividade-fisica\/beneficios-da-atividade-fisica\/\" target=\"_blank\" rel=\"noreferrer noopener\">os exerc\u00edcios ajudam a prevenir doen\u00e7as<\/a> como osteoporose e hipertens\u00e3o, al\u00e9m de melhorar o humor.<\/p>\n\n\n\n<h3 class=\"wp-block-heading\"><span class=\"ez-toc-section\" id=\"3_Socializar_e_manter_conexoes_sociais\"><\/span>3. Socializar e manter conex\u00f5es sociais<span class=\"ez-toc-section-end\"><\/span><\/h3>\n\n\n\n<p>A socializa\u00e7\u00e3o \u00e9 um pilar importante para a sa\u00fade emocional. Participar de grupos comunit\u00e1rios, clubes de leitura ou at\u00e9 mesmo manter contato frequente com amigos e familiares ajuda a combater a solid\u00e3o e a depress\u00e3o. Conex\u00f5es sociais estimulam o c\u00e9rebro e proporcionam momentos de alegria.<\/p>\n\n\n\n<h3 class=\"wp-block-heading\"><span class=\"ez-toc-section\" id=\"4_Evitar_alcool_tabaco_e_outras_drogas\"><\/span>4. Evitar \u00e1lcool, tabaco e outras drogas<span class=\"ez-toc-section-end\"><\/span><\/h3>\n\n\n\n<p>O uso de subst\u00e2ncias como cigarro e bebidas alco\u00f3licas pode acelerar o envelhecimento do corpo e aumentar o risco de doen\u00e7as cr\u00f4nicas. Substitua esses h\u00e1bitos por alternativas mais saud\u00e1veis, como ch\u00e1s relaxantes ou pr\u00e1ticas que promovam o bem-estar, como a medita\u00e7\u00e3o.<\/p>\n\n\n\n<h3 class=\"wp-block-heading\"><span class=\"ez-toc-section\" id=\"5_Procurar_acompanhamento_especializado\"><\/span>5. Procurar acompanhamento especializado<span class=\"ez-toc-section-end\"><\/span><\/h3>\n\n\n\n<p>Consultas regulares com m\u00e9dicos, nutricionistas e terapeutas s\u00e3o essenciais para monitorar a sa\u00fade e prevenir problemas futuros. Check-ups ajudam a detectar condi\u00e7\u00f5es em est\u00e1gios iniciais, aumentando as chances de tratamento eficaz. <\/p>\n\n\n\n<p>Al\u00e9m disso, profissionais podem orientar sobre os cuidados ideais para cada fase da vida.<\/p>\n\n\n\n<h3 class=\"wp-block-heading\"><span class=\"ez-toc-section\" id=\"6_Dormir_bem\"><\/span>6. Dormir bem<span class=\"ez-toc-section-end\"><\/span><\/h3>\n\n\n\n<p>O sono de qualidade \u00e9 indispens\u00e1vel para a regenera\u00e7\u00e3o celular, o equil\u00edbrio hormonal e a sa\u00fade mental. Procure criar uma rotina de sono, evitando o uso de eletr\u00f4nicos antes de dormir e garantindo um ambiente confort\u00e1vel e tranquilo.<\/p>\n\n\n\n<p>Envelhecer com sa\u00fade \u00e9 um processo cont\u00ednuo que come\u00e7a com escolhas di\u00e1rias conscientes. Priorize o cuidado com o corpo e a mente, mantenha-se ativo e valorize os relacionamentos. Dessa forma, cada ano ser\u00e1 vivido com mais plenitude e qualidade. Que tal come\u00e7ar hoje?<\/p>\n\n\n\n<p><\/p>\n","protected":false},"excerpt":{"rendered":"<p>Envelhecer com sa\u00fade \u00e9 um objetivo cada vez mais buscado, e n\u00e3o \u00e9 para menos. A longevidade est\u00e1 diretamente ligada \u00e0 qualidade de vida e ao bem-estar, fatores que permitem viver a terceira idade com plenitude. Para isso, adotar h\u00e1bitos saud\u00e1veis desde cedo faz toda a diferen\u00e7a. Neste artigo, voc\u00ea encontrar\u00e1 dicas pr\u00e1ticas e valiosas [&hellip;]<\/p>\n","protected":false},"author":7,"featured_media":4284,"comment_status":"open","ping_status":"open","sticky":false,"template":"","format":"standard","meta":{"tpgb_global_settings":"","footnotes":""},"categories":[117,102],"tags":[],"class_list":["post-4281","post","type-post","status-publish","format-standard","has-post-thumbnail","hentry","category-autocuidado","category-bem-estar"],"yoast_head":"<!-- This site is optimized with the Yoast SEO plugin v27.5 - https:\/\/yoast.com\/product\/yoast-seo-wordpress\/ -->\n<title>Como envelhecer com sa\u00fade? 7 dicas para come\u00e7ar hoje mesmo<\/title>\n<meta name=\"description\" content=\"Quer saber como envelhecer com sa\u00fade? Confira este guia r\u00e1pido, mas pr\u00e1tico, para come\u00e7ar hoje mesmo o caminho a uma velhice saud\u00e1vel.\" \/>\n<meta name=\"robots\" content=\"index, follow, max-snippet:-1, max-image-preview:large, max-video-preview:-1\" \/>\n<link rel=\"canonical\" href=\"https:\/\/www.qualfarma.com.br\/vivabem\/envelhecer-com-saude\/\" \/>\n<meta property=\"og:locale\" content=\"pt_BR\" \/>\n<meta property=\"og:type\" content=\"article\" \/>\n<meta property=\"og:title\" content=\"Como envelhecer com sa\u00fade? 7 dicas para come\u00e7ar hoje mesmo\" \/>\n<meta property=\"og:description\" content=\"Quer saber como envelhecer com sa\u00fade? Confira este guia r\u00e1pido, mas pr\u00e1tico, para come\u00e7ar hoje mesmo o caminho a uma velhice saud\u00e1vel.\" \/>\n<meta property=\"og:url\" content=\"https:\/\/www.qualfarma.com.br\/vivabem\/envelhecer-com-saude\/\" \/>\n<meta property=\"og:site_name\" content=\"Blog Viva Bem por Qualfarma\" \/>\n<meta property=\"article:published_time\" content=\"2025-01-23T17:58:59+00:00\" \/>\n<meta property=\"article:modified_time\" content=\"2025-10-02T13:45:40+00:00\" \/>\n<meta property=\"og:image\" content=\"https:\/\/www.qualfarma.com.br\/vivabem\/wp-content\/uploads\/2025\/01\/envelhecer-com-saude.jpg\" \/>\n\t<meta property=\"og:image:width\" content=\"750\" \/>\n\t<meta property=\"og:image:height\" content=\"500\" \/>\n\t<meta property=\"og:image:type\" content=\"image\/jpeg\" \/>\n<meta name=\"author\" content=\"Stephanie Kroll\" \/>\n<meta name=\"twitter:card\" content=\"summary_large_image\" \/>\n<meta name=\"twitter:label1\" content=\"Escrito por\" \/>\n\t<meta name=\"twitter:data1\" content=\"Stephanie Kroll\" \/>\n\t<meta name=\"twitter:label2\" content=\"Est. tempo de leitura\" \/>\n\t<meta name=\"twitter:data2\" content=\"5 minutos\" \/>\n<script type=\"application\/ld+json\" class=\"yoast-schema-graph\">{\"@context\":\"https:\\\/\\\/schema.org\",\"@graph\":[{\"@type\":\"Article\",\"@id\":\"https:\\\/\\\/www.qualfarma.com.br\\\/vivabem\\\/envelhecer-com-saude\\\/#article\",\"isPartOf\":{\"@id\":\"https:\\\/\\\/www.qualfarma.com.br\\\/vivabem\\\/envelhecer-com-saude\\\/\"},\"author\":{\"name\":\"Stephanie Kroll\",\"@id\":\"https:\\\/\\\/www.qualfarma.com.br\\\/vivabem\\\/#\\\/schema\\\/person\\\/a690dda13b8cef2d1093f56c7e09b224\"},\"headline\":\"Como envelhecer com sa\u00fade? 7 dicas para come\u00e7ar hoje mesmo\",\"datePublished\":\"2025-01-23T17:58:59+00:00\",\"dateModified\":\"2025-10-02T13:45:40+00:00\",\"mainEntityOfPage\":{\"@id\":\"https:\\\/\\\/www.qualfarma.com.br\\\/vivabem\\\/envelhecer-com-saude\\\/\"},\"wordCount\":832,\"commentCount\":0,\"image\":{\"@id\":\"https:\\\/\\\/www.qualfarma.com.br\\\/vivabem\\\/envelhecer-com-saude\\\/#primaryimage\"},\"thumbnailUrl\":\"https:\\\/\\\/www.qualfarma.com.br\\\/vivabem\\\/wp-content\\\/uploads\\\/2025\\\/01\\\/envelhecer-com-saude.jpg\",\"articleSection\":[\"Autocuidado\",\"Bem-estar\"],\"inLanguage\":\"pt-BR\",\"potentialAction\":[{\"@type\":\"CommentAction\",\"name\":\"Comment\",\"target\":[\"https:\\\/\\\/www.qualfarma.com.br\\\/vivabem\\\/envelhecer-com-saude\\\/#respond\"]}]},{\"@type\":\"WebPage\",\"@id\":\"https:\\\/\\\/www.qualfarma.com.br\\\/vivabem\\\/envelhecer-com-saude\\\/\",\"url\":\"https:\\\/\\\/www.qualfarma.com.br\\\/vivabem\\\/envelhecer-com-saude\\\/\",\"name\":\"Como envelhecer com sa\u00fade? 7 dicas para come\u00e7ar hoje mesmo\",\"isPartOf\":{\"@id\":\"https:\\\/\\\/www.qualfarma.com.br\\\/vivabem\\\/#website\"},\"primaryImageOfPage\":{\"@id\":\"https:\\\/\\\/www.qualfarma.com.br\\\/vivabem\\\/envelhecer-com-saude\\\/#primaryimage\"},\"image\":{\"@id\":\"https:\\\/\\\/www.qualfarma.com.br\\\/vivabem\\\/envelhecer-com-saude\\\/#primaryimage\"},\"thumbnailUrl\":\"https:\\\/\\\/www.qualfarma.com.br\\\/vivabem\\\/wp-content\\\/uploads\\\/2025\\\/01\\\/envelhecer-com-saude.jpg\",\"datePublished\":\"2025-01-23T17:58:59+00:00\",\"dateModified\":\"2025-10-02T13:45:40+00:00\",\"author\":{\"@id\":\"https:\\\/\\\/www.qualfarma.com.br\\\/vivabem\\\/#\\\/schema\\\/person\\\/a690dda13b8cef2d1093f56c7e09b224\"},\"description\":\"Quer saber como envelhecer com sa\u00fade? Confira este guia r\u00e1pido, mas pr\u00e1tico, para come\u00e7ar hoje mesmo o caminho a uma velhice saud\u00e1vel.\",\"breadcrumb\":{\"@id\":\"https:\\\/\\\/www.qualfarma.com.br\\\/vivabem\\\/envelhecer-com-saude\\\/#breadcrumb\"},\"inLanguage\":\"pt-BR\",\"potentialAction\":[{\"@type\":\"ReadAction\",\"target\":[\"https:\\\/\\\/www.qualfarma.com.br\\\/vivabem\\\/envelhecer-com-saude\\\/\"]}]},{\"@type\":\"ImageObject\",\"inLanguage\":\"pt-BR\",\"@id\":\"https:\\\/\\\/www.qualfarma.com.br\\\/vivabem\\\/envelhecer-com-saude\\\/#primaryimage\",\"url\":\"https:\\\/\\\/www.qualfarma.com.br\\\/vivabem\\\/wp-content\\\/uploads\\\/2025\\\/01\\\/envelhecer-com-saude.jpg\",\"contentUrl\":\"https:\\\/\\\/www.qualfarma.com.br\\\/vivabem\\\/wp-content\\\/uploads\\\/2025\\\/01\\\/envelhecer-com-saude.jpg\",\"width\":750,\"height\":500,\"caption\":\"Buscar pr\u00e1ticas para envelhecer com sa\u00fade \u00e9 fundamental e voc\u00ea pode come\u00e7ar hoje mesmo!\"},{\"@type\":\"BreadcrumbList\",\"@id\":\"https:\\\/\\\/www.qualfarma.com.br\\\/vivabem\\\/envelhecer-com-saude\\\/#breadcrumb\",\"itemListElement\":[{\"@type\":\"ListItem\",\"position\":1,\"name\":\"Blog Viva Bem\",\"item\":\"https:\\\/\\\/www.qualfarma.com.br\\\/vivabem\\\/\"},{\"@type\":\"ListItem\",\"position\":2,\"name\":\"Bem-estar\",\"item\":\"https:\\\/\\\/www.qualfarma.com.br\\\/vivabem\\\/bem-estar\\\/\"},{\"@type\":\"ListItem\",\"position\":3,\"name\":\"Como envelhecer com sa\u00fade? 7 dicas para come\u00e7ar hoje mesmo\"}]},{\"@type\":\"WebSite\",\"@id\":\"https:\\\/\\\/www.qualfarma.com.br\\\/vivabem\\\/#website\",\"url\":\"https:\\\/\\\/www.qualfarma.com.br\\\/vivabem\\\/\",\"name\":\"Blog Viva Bem por Qualfarma\",\"description\":\"\u00ae 2023\",\"potentialAction\":[{\"@type\":\"SearchAction\",\"target\":{\"@type\":\"EntryPoint\",\"urlTemplate\":\"https:\\\/\\\/www.qualfarma.com.br\\\/vivabem\\\/?s={search_term_string}\"},\"query-input\":{\"@type\":\"PropertyValueSpecification\",\"valueRequired\":true,\"valueName\":\"search_term_string\"}}],\"inLanguage\":\"pt-BR\"},{\"@type\":\"Person\",\"@id\":\"https:\\\/\\\/www.qualfarma.com.br\\\/vivabem\\\/#\\\/schema\\\/person\\\/a690dda13b8cef2d1093f56c7e09b224\",\"name\":\"Stephanie Kroll\",\"image\":{\"@type\":\"ImageObject\",\"inLanguage\":\"pt-BR\",\"@id\":\"https:\\\/\\\/secure.gravatar.com\\\/avatar\\\/dd1b82540a7b66c3112346e4a6b0e24b524511df3d028133ca1eea9eafc829bc?s=96&d=mm&r=g\",\"url\":\"https:\\\/\\\/secure.gravatar.com\\\/avatar\\\/dd1b82540a7b66c3112346e4a6b0e24b524511df3d028133ca1eea9eafc829bc?s=96&d=mm&r=g\",\"contentUrl\":\"https:\\\/\\\/secure.gravatar.com\\\/avatar\\\/dd1b82540a7b66c3112346e4a6b0e24b524511df3d028133ca1eea9eafc829bc?s=96&d=mm&r=g\",\"caption\":\"Stephanie Kroll\"},\"description\":\"Graduada em Farm\u00e1cia pela Universidade Federal do Rio de Janeiro (UFRJ), Stephanie Kroll (CRF\\\/RJ 28001) atua na \u00e1rea da sa\u00fade da fam\u00edlia com uma abordagem humanizada e \u00e9 respons\u00e1vel t\u00e9cnica pelos conte\u00fados do Viva Bem por Qualfarma.\"}]}<\/script>\n<!-- \/ Yoast SEO plugin. -->","yoast_head_json":{"title":"Como envelhecer com sa\u00fade? 7 dicas para come\u00e7ar hoje mesmo","description":"Quer saber como envelhecer com sa\u00fade? Confira este guia r\u00e1pido, mas pr\u00e1tico, para come\u00e7ar hoje mesmo o caminho a uma velhice saud\u00e1vel.","robots":{"index":"index","follow":"follow","max-snippet":"max-snippet:-1","max-image-preview":"max-image-preview:large","max-video-preview":"max-video-preview:-1"},"canonical":"https:\/\/www.qualfarma.com.br\/vivabem\/envelhecer-com-saude\/","og_locale":"pt_BR","og_type":"article","og_title":"Como envelhecer com sa\u00fade? 7 dicas para come\u00e7ar hoje mesmo","og_description":"Quer saber como envelhecer com sa\u00fade? Confira este guia r\u00e1pido, mas pr\u00e1tico, para come\u00e7ar hoje mesmo o caminho a uma velhice saud\u00e1vel.","og_url":"https:\/\/www.qualfarma.com.br\/vivabem\/envelhecer-com-saude\/","og_site_name":"Blog Viva Bem por Qualfarma","article_published_time":"2025-01-23T17:58:59+00:00","article_modified_time":"2025-10-02T13:45:40+00:00","og_image":[{"width":750,"height":500,"url":"https:\/\/www.qualfarma.com.br\/vivabem\/wp-content\/uploads\/2025\/01\/envelhecer-com-saude.jpg","type":"image\/jpeg"}],"author":"Stephanie Kroll","twitter_card":"summary_large_image","twitter_misc":{"Escrito por":"Stephanie Kroll","Est. tempo de leitura":"5 minutos"},"schema":{"@context":"https:\/\/schema.org","@graph":[{"@type":"Article","@id":"https:\/\/www.qualfarma.com.br\/vivabem\/envelhecer-com-saude\/#article","isPartOf":{"@id":"https:\/\/www.qualfarma.com.br\/vivabem\/envelhecer-com-saude\/"},"author":{"name":"Stephanie Kroll","@id":"https:\/\/www.qualfarma.com.br\/vivabem\/#\/schema\/person\/a690dda13b8cef2d1093f56c7e09b224"},"headline":"Como envelhecer com sa\u00fade? 7 dicas para come\u00e7ar hoje mesmo","datePublished":"2025-01-23T17:58:59+00:00","dateModified":"2025-10-02T13:45:40+00:00","mainEntityOfPage":{"@id":"https:\/\/www.qualfarma.com.br\/vivabem\/envelhecer-com-saude\/"},"wordCount":832,"commentCount":0,"image":{"@id":"https:\/\/www.qualfarma.com.br\/vivabem\/envelhecer-com-saude\/#primaryimage"},"thumbnailUrl":"https:\/\/www.qualfarma.com.br\/vivabem\/wp-content\/uploads\/2025\/01\/envelhecer-com-saude.jpg","articleSection":["Autocuidado","Bem-estar"],"inLanguage":"pt-BR","potentialAction":[{"@type":"CommentAction","name":"Comment","target":["https:\/\/www.qualfarma.com.br\/vivabem\/envelhecer-com-saude\/#respond"]}]},{"@type":"WebPage","@id":"https:\/\/www.qualfarma.com.br\/vivabem\/envelhecer-com-saude\/","url":"https:\/\/www.qualfarma.com.br\/vivabem\/envelhecer-com-saude\/","name":"Como envelhecer com sa\u00fade? 7 dicas para come\u00e7ar hoje mesmo","isPartOf":{"@id":"https:\/\/www.qualfarma.com.br\/vivabem\/#website"},"primaryImageOfPage":{"@id":"https:\/\/www.qualfarma.com.br\/vivabem\/envelhecer-com-saude\/#primaryimage"},"image":{"@id":"https:\/\/www.qualfarma.com.br\/vivabem\/envelhecer-com-saude\/#primaryimage"},"thumbnailUrl":"https:\/\/www.qualfarma.com.br\/vivabem\/wp-content\/uploads\/2025\/01\/envelhecer-com-saude.jpg","datePublished":"2025-01-23T17:58:59+00:00","dateModified":"2025-10-02T13:45:40+00:00","author":{"@id":"https:\/\/www.qualfarma.com.br\/vivabem\/#\/schema\/person\/a690dda13b8cef2d1093f56c7e09b224"},"description":"Quer saber como envelhecer com sa\u00fade? Confira este guia r\u00e1pido, mas pr\u00e1tico, para come\u00e7ar hoje mesmo o caminho a uma velhice saud\u00e1vel.","breadcrumb":{"@id":"https:\/\/www.qualfarma.com.br\/vivabem\/envelhecer-com-saude\/#breadcrumb"},"inLanguage":"pt-BR","potentialAction":[{"@type":"ReadAction","target":["https:\/\/www.qualfarma.com.br\/vivabem\/envelhecer-com-saude\/"]}]},{"@type":"ImageObject","inLanguage":"pt-BR","@id":"https:\/\/www.qualfarma.com.br\/vivabem\/envelhecer-com-saude\/#primaryimage","url":"https:\/\/www.qualfarma.com.br\/vivabem\/wp-content\/uploads\/2025\/01\/envelhecer-com-saude.jpg","contentUrl":"https:\/\/www.qualfarma.com.br\/vivabem\/wp-content\/uploads\/2025\/01\/envelhecer-com-saude.jpg","width":750,"height":500,"caption":"Buscar pr\u00e1ticas para envelhecer com sa\u00fade \u00e9 fundamental e voc\u00ea pode come\u00e7ar hoje mesmo!"},{"@type":"BreadcrumbList","@id":"https:\/\/www.qualfarma.com.br\/vivabem\/envelhecer-com-saude\/#breadcrumb","itemListElement":[{"@type":"ListItem","position":1,"name":"Blog Viva Bem","item":"https:\/\/www.qualfarma.com.br\/vivabem\/"},{"@type":"ListItem","position":2,"name":"Bem-estar","item":"https:\/\/www.qualfarma.com.br\/vivabem\/bem-estar\/"},{"@type":"ListItem","position":3,"name":"Como envelhecer com sa\u00fade? 7 dicas para come\u00e7ar hoje mesmo"}]},{"@type":"WebSite","@id":"https:\/\/www.qualfarma.com.br\/vivabem\/#website","url":"https:\/\/www.qualfarma.com.br\/vivabem\/","name":"Blog Viva Bem por Qualfarma","description":"\u00ae 2023","potentialAction":[{"@type":"SearchAction","target":{"@type":"EntryPoint","urlTemplate":"https:\/\/www.qualfarma.com.br\/vivabem\/?s={search_term_string}"},"query-input":{"@type":"PropertyValueSpecification","valueRequired":true,"valueName":"search_term_string"}}],"inLanguage":"pt-BR"},{"@type":"Person","@id":"https:\/\/www.qualfarma.com.br\/vivabem\/#\/schema\/person\/a690dda13b8cef2d1093f56c7e09b224","name":"Stephanie Kroll","image":{"@type":"ImageObject","inLanguage":"pt-BR","@id":"https:\/\/secure.gravatar.com\/avatar\/dd1b82540a7b66c3112346e4a6b0e24b524511df3d028133ca1eea9eafc829bc?s=96&d=mm&r=g","url":"https:\/\/secure.gravatar.com\/avatar\/dd1b82540a7b66c3112346e4a6b0e24b524511df3d028133ca1eea9eafc829bc?s=96&d=mm&r=g","contentUrl":"https:\/\/secure.gravatar.com\/avatar\/dd1b82540a7b66c3112346e4a6b0e24b524511df3d028133ca1eea9eafc829bc?s=96&d=mm&r=g","caption":"Stephanie Kroll"},"description":"Graduada em Farm\u00e1cia pela Universidade Federal do Rio de Janeiro (UFRJ), Stephanie Kroll (CRF\/RJ 28001) atua na \u00e1rea da sa\u00fade da fam\u00edlia com uma abordagem humanizada e \u00e9 respons\u00e1vel t\u00e9cnica pelos conte\u00fados do Viva Bem por Qualfarma."}]}},"jetpack_featured_media_url":"https:\/\/www.qualfarma.com.br\/vivabem\/wp-content\/uploads\/2025\/01\/envelhecer-com-saude.jpg","tpgb_featured_images":{"full":["https:\/\/www.qualfarma.com.br\/vivabem\/wp-content\/uploads\/2025\/01\/envelhecer-com-saude.jpg",750,500,false],"tp-image-grid":["https:\/\/www.qualfarma.com.br\/vivabem\/wp-content\/uploads\/2025\/01\/envelhecer-com-saude-700x700.jpg",700,700,true],"thumbnail":["https:\/\/www.qualfarma.com.br\/vivabem\/wp-content\/uploads\/2025\/01\/envelhecer-com-saude-150x150.jpg",150,150,true],"medium":["https:\/\/www.qualfarma.com.br\/vivabem\/wp-content\/uploads\/2025\/01\/envelhecer-com-saude-300x200.jpg",300,200,true],"medium_large":["https:\/\/www.qualfarma.com.br\/vivabem\/wp-content\/uploads\/2025\/01\/envelhecer-com-saude.jpg",750,500,false],"large":["https:\/\/www.qualfarma.com.br\/vivabem\/wp-content\/uploads\/2025\/01\/envelhecer-com-saude.jpg",750,500,false],"default":"https:\/\/www.qualfarma.com.br\/vivabem\/wp-content\/plugins\/the-plus-addons-for-block-editor\/assets\/images\/tpgb-placeholder.jpg"},"tpgb_post_meta_info":{"get_date":"janeiro 23, 2025","get_modified_date":"outubro 2, 2025","category_list":{"category":[{"term_id":117,"name":"Autocuidado","slug":"autocuidado","term_group":0,"term_taxonomy_id":117,"taxonomy":"category","description":"","parent":102,"count":4,"filter":"raw"},{"term_id":102,"name":"Bem-estar","slug":"bem-estar","term_group":0,"term_taxonomy_id":102,"taxonomy":"category","description":"Encontre o equil\u00edbrio entre corpo e mente com nossas dicas de bem-estar. Explore conte\u00fados sobre autocuidado, alimenta\u00e7\u00e3o, atividade f\u00edsica e muito mais para viver uma vida mais saud\u00e1vel e feliz. Em resumo: viver bem com Qualfarma.","parent":0,"count":10,"filter":"raw"}],"post_tag":false},"author_name":"Stephanie Kroll","author_url":"https:\/\/www.qualfarma.com.br\/vivabem\/author\/sterabelohotmail-com\/","author_email":"sterabelo@hotmail.com","author_website":"","author_description":"Graduada em Farm\u00e1cia pela Universidade Federal do Rio de Janeiro (UFRJ), Stephanie Kroll (CRF\/RJ 28001) atua na \u00e1rea da sa\u00fade da fam\u00edlia com uma abordagem humanizada e \u00e9 respons\u00e1vel t\u00e9cnica pelos conte\u00fados do Viva Bem por Qualfarma.","author_facebook":"","author_twitter":"","author_instagram":"","author_role":["editor"],"author_firstname":"Stephanie","author_lastname":"Kroll","user_login":"sterabelo@hotmail.com","author_avatar":"<img alt='' src='https:\/\/secure.gravatar.com\/avatar\/dd1b82540a7b66c3112346e4a6b0e24b524511df3d028133ca1eea9eafc829bc?s=200&#038;d=mm&#038;r=g' srcset='https:\/\/secure.gravatar.com\/avatar\/dd1b82540a7b66c3112346e4a6b0e24b524511df3d028133ca1eea9eafc829bc?s=400&#038;d=mm&#038;r=g 2x' class='avatar avatar-200 photo' height='200' width='200' decoding='async'\/>","author_avatar_url":"https:\/\/secure.gravatar.com\/avatar\/dd1b82540a7b66c3112346e4a6b0e24b524511df3d028133ca1eea9eafc829bc?s=96&d=mm&r=g","comment_count":1,"post_likes":0,"post_views":0},"tpgb_post_category":{"category":"<a href=\"https:\/\/www.qualfarma.com.br\/vivabem\/bem-estar\/autocuidado\/\" alt=\"Autocuidado\"  class=\"category-autocuidado\">Autocuidado<\/a> <a href=\"https:\/\/www.qualfarma.com.br\/vivabem\/bem-estar\/\" alt=\"Bem-estar\"  class=\"category-bem-estar\">Bem-estar<\/a> "},"_links":{"self":[{"href":"https:\/\/www.qualfarma.com.br\/vivabem\/wp-json\/wp\/v2\/posts\/4281","targetHints":{"allow":["GET"]}}],"collection":[{"href":"https:\/\/www.qualfarma.com.br\/vivabem\/wp-json\/wp\/v2\/posts"}],"about":[{"href":"https:\/\/www.qualfarma.com.br\/vivabem\/wp-json\/wp\/v2\/types\/post"}],"author":[{"embeddable":true,"href":"https:\/\/www.qualfarma.com.br\/vivabem\/wp-json\/wp\/v2\/users\/7"}],"replies":[{"embeddable":true,"href":"https:\/\/www.qualfarma.com.br\/vivabem\/wp-json\/wp\/v2\/comments?post=4281"}],"version-history":[{"count":4,"href":"https:\/\/www.qualfarma.com.br\/vivabem\/wp-json\/wp\/v2\/posts\/4281\/revisions"}],"predecessor-version":[{"id":4488,"href":"https:\/\/www.qualfarma.com.br\/vivabem\/wp-json\/wp\/v2\/posts\/4281\/revisions\/4488"}],"wp:featuredmedia":[{"embeddable":true,"href":"https:\/\/www.qualfarma.com.br\/vivabem\/wp-json\/wp\/v2\/media\/4284"}],"wp:attachment":[{"href":"https:\/\/www.qualfarma.com.br\/vivabem\/wp-json\/wp\/v2\/media?parent=4281"}],"wp:term":[{"taxonomy":"category","embeddable":true,"href":"https:\/\/www.qualfarma.com.br\/vivabem\/wp-json\/wp\/v2\/categories?post=4281"},{"taxonomy":"post_tag","embeddable":true,"href":"https:\/\/www.qualfarma.com.br\/vivabem\/wp-json\/wp\/v2\/tags?post=4281"}],"curies":[{"name":"wp","href":"https:\/\/api.w.org\/{rel}","templated":true}]}}