{"id":4219,"date":"2025-01-14T15:00:00","date_gmt":"2025-01-14T15:00:00","guid":{"rendered":"https:\/\/www.qualfarma.com.br\/vivabem\/?p=4219"},"modified":"2025-09-02T20:12:35","modified_gmt":"2025-09-02T20:12:35","slug":"como-passar-protetor-solar-no-rosto","status":"publish","type":"post","link":"https:\/\/www.qualfarma.com.br\/vivabem\/como-passar-protetor-solar-no-rosto\/","title":{"rendered":"Como passar protetor solar no rosto? Dicas pr\u00e1ticas e r\u00e1pidas"},"content":{"rendered":"\n<p>Saber <strong>como passar protetor solar<\/strong> no rosto de forma correta \u00e9 fundamental para proteger a pele contra os danos causados pelos raios UV, prevenir o envelhecimento precoce e at\u00e9 reduzir os riscos de c\u00e2ncer de pele, acredita? Apesar disso, muitas pessoas ainda t\u00eam d\u00favidas sobre a maneira certa de usar o produto.<\/p>\n\n\n\n<p>Se voc\u00ea tamb\u00e9m quer garantir uma prote\u00e7\u00e3o completa para a pele e aprender tudo sobre a aplica\u00e7\u00e3o do protetor, confira este guia cheio de dicas pr\u00e1ticas!<\/p>\n\n\n\n<div id=\"ez-toc-container\" class=\"ez-toc-v2_0_82_2 counter-hierarchy ez-toc-counter ez-toc-grey ez-toc-container-direction\">\n<div class=\"ez-toc-title-container\">\n<p class=\"ez-toc-title\" style=\"cursor:inherit\">Navegue pelo assunto<\/p>\n<span class=\"ez-toc-title-toggle\"><\/span><\/div>\n<nav><ul class='ez-toc-list ez-toc-list-level-1 ' ><li class='ez-toc-page-1 ez-toc-heading-level-2'><a class=\"ez-toc-link ez-toc-heading-1\" href=\"https:\/\/www.qualfarma.com.br\/vivabem\/como-passar-protetor-solar-no-rosto\/#Passo_a_passo_de_como_aplicar_protetor_solar\" >Passo a passo de como aplicar protetor solar<\/a><ul class='ez-toc-list-level-3' ><li class='ez-toc-heading-level-3'><a class=\"ez-toc-link ez-toc-heading-2\" href=\"https:\/\/www.qualfarma.com.br\/vivabem\/como-passar-protetor-solar-no-rosto\/#1_Prepare_a_pele\" >1. Prepare a pele<\/a><\/li><li class='ez-toc-page-1 ez-toc-heading-level-3'><a class=\"ez-toc-link ez-toc-heading-3\" href=\"https:\/\/www.qualfarma.com.br\/vivabem\/como-passar-protetor-solar-no-rosto\/#2_Passe_o_protetor_solar\" >2. Passe o protetor solar<\/a><ul class='ez-toc-list-level-4' ><li class='ez-toc-heading-level-4'><a class=\"ez-toc-link ez-toc-heading-4\" href=\"https:\/\/www.qualfarma.com.br\/vivabem\/como-passar-protetor-solar-no-rosto\/#Protetor_solar_em_locao_creme_ou_gel\" >Protetor solar em lo\u00e7\u00e3o, creme ou gel<\/a><\/li><li class='ez-toc-page-1 ez-toc-heading-level-4'><a class=\"ez-toc-link ez-toc-heading-5\" href=\"https:\/\/www.qualfarma.com.br\/vivabem\/como-passar-protetor-solar-no-rosto\/#Protetor_solar_em_mousse\" >Protetor solar em mousse<\/a><\/li><li class='ez-toc-page-1 ez-toc-heading-level-4'><a class=\"ez-toc-link ez-toc-heading-6\" href=\"https:\/\/www.qualfarma.com.br\/vivabem\/como-passar-protetor-solar-no-rosto\/#Protetor_solar_em_spray\" >Protetor solar em spray<\/a><\/li><li class='ez-toc-page-1 ez-toc-heading-level-4'><a class=\"ez-toc-link ez-toc-heading-7\" href=\"https:\/\/www.qualfarma.com.br\/vivabem\/como-passar-protetor-solar-no-rosto\/#Protetor_solar_em_bastao\" >Protetor solar em bast\u00e3o<\/a><\/li><li class='ez-toc-page-1 ez-toc-heading-level-4'><a class=\"ez-toc-link ez-toc-heading-8\" href=\"https:\/\/www.qualfarma.com.br\/vivabem\/como-passar-protetor-solar-no-rosto\/#Protetor_solar_em_po\" >Protetor solar em p\u00f3<\/a><\/li><\/ul><\/li><\/ul><\/li><li class='ez-toc-page-1 ez-toc-heading-level-2'><a class=\"ez-toc-link ez-toc-heading-9\" href=\"https:\/\/www.qualfarma.com.br\/vivabem\/como-passar-protetor-solar-no-rosto\/#Qual_a_quantidade_ideal_de_protetor_solar_para_o_rosto\" >Qual a quantidade ideal de protetor solar para o rosto?<\/a><\/li><li class='ez-toc-page-1 ez-toc-heading-level-2'><a class=\"ez-toc-link ez-toc-heading-10\" href=\"https:\/\/www.qualfarma.com.br\/vivabem\/como-passar-protetor-solar-no-rosto\/#Precisa_reaplicar_protetor_solar\" >Precisa reaplicar protetor solar?<\/a><ul class='ez-toc-list-level-3' ><li class='ez-toc-heading-level-3'><a class=\"ez-toc-link ez-toc-heading-11\" href=\"https:\/\/www.qualfarma.com.br\/vivabem\/como-passar-protetor-solar-no-rosto\/#Quantas_vezes_reaplicar_o_protetor_solar\" >Quantas vezes reaplicar o protetor solar?<\/a><\/li><\/ul><\/li><\/ul><\/nav><\/div>\n<h2 class=\"wp-block-heading\"><span class=\"ez-toc-section\" id=\"Passo_a_passo_de_como_aplicar_protetor_solar\"><\/span>Passo a passo de como aplicar protetor solar<span class=\"ez-toc-section-end\"><\/span><\/h2>\n\n\n\n<p>Uma boa aplica\u00e7\u00e3o come\u00e7a com uma pele bem preparada e exige aten\u00e7\u00e3o aos <a href=\"https:\/\/www.qualfarma.com.br\/vivabem\/protetor-solar-para-cada-tipo-de-pele-confira-as-indicacoes\/\" target=\"_blank\" rel=\"noreferrer noopener\">diferentes formatos de protetor solar <\/a>dispon\u00edveis. Vem ver como fazer isso certinho:<\/p>\n\n\n\n<h3 class=\"wp-block-heading\"><span class=\"ez-toc-section\" id=\"1_Prepare_a_pele\"><\/span>1. Prepare a pele<span class=\"ez-toc-section-end\"><\/span><\/h3>\n\n\n\n<p>Antes de aplicar o protetor solar, \u00e9 importante garantir que sua <a href=\"https:\/\/www.qualfarma.com.br\/vivabem\/como-fazer-limpeza-de-pele\/\" target=\"_blank\" rel=\"noreferrer noopener\">pele esteja limpa e hidratada<\/a> para facilitar a absor\u00e7\u00e3o do produto e maximizar os resultados.<\/p>\n\n\n\n<ul class=\"wp-block-list\">\n<li><strong>Lave o rosto:<\/strong> use um sabonete espec\u00edfico para o seu tipo de pele;<\/li>\n\n\n\n<li><strong>Hidrate:<\/strong> aplique um hidratante leve, principalmente se sua pele for seca ou sens\u00edvel;<\/li>\n\n\n\n<li><strong>Espere secar:<\/strong> d\u00ea alguns minutos para o hidratante ser absorvido antes de seguir para o pr\u00f3ximo passo.<\/li>\n<\/ul>\n\n\n\n<h3 class=\"wp-block-heading\"><span class=\"ez-toc-section\" id=\"2_Passe_o_protetor_solar\"><\/span>2. Passe o protetor solar<span class=\"ez-toc-section-end\"><\/span><\/h3>\n\n\n\n<p>Agora que a pele est\u00e1 pronta, \u00e9 hora de escolher o formato mais adequado e aplicar corretamente.<\/p>\n\n\n\n<h4 class=\"wp-block-heading\"><span class=\"ez-toc-section\" id=\"Protetor_solar_em_locao_creme_ou_gel\"><\/span>Protetor solar em lo\u00e7\u00e3o, creme ou gel<span class=\"ez-toc-section-end\"><\/span><\/h4>\n\n\n\n<p>S\u00e3o os formatos mais tradicionais e funcionam bem em todos os tipos de pele. Para aplicar:<\/p>\n\n\n\n<ul class=\"wp-block-list\">\n<li>Pegue uma quantidade equivalente a uma colher de ch\u00e1 para rosto e pesco\u00e7o;<\/li>\n\n\n\n<li>Coloque o produto em pontos estrat\u00e9gicos (testa, bochechas, nariz e queixo);<\/li>\n\n\n\n<li>Espalhe com movimentos suaves e uniformes, sem esquecer de \u00e1reas como orelhas, p\u00e1lpebras e pr\u00f3ximo \u00e0 raiz do cabelo.<\/li>\n<\/ul>\n\n\n\n<h4 class=\"wp-block-heading\"><span class=\"ez-toc-section\" id=\"Protetor_solar_em_mousse\"><\/span>Protetor solar em mousse<span class=\"ez-toc-section-end\"><\/span><\/h4>\n\n\n\n<p>O protetor em mousse tem uma textura leve e \u00e9 super f\u00e1cil de espalhar:<\/p>\n\n\n\n<ul class=\"wp-block-list\">\n<li>Agite bem antes de usar;<\/li>\n\n\n\n<li>Aplique a espuma diretamente no rosto ou nas m\u00e3os e espalhe com movimentos circulares;<\/li>\n\n\n\n<li>Verifique se a cobertura est\u00e1 uniforme e reforce nas \u00e1reas mais expostas.<\/li>\n<\/ul>\n\n\n\n<h4 class=\"wp-block-heading\"><span class=\"ez-toc-section\" id=\"Protetor_solar_em_spray\"><\/span>Protetor solar em spray<span class=\"ez-toc-section-end\"><\/span><\/h4>\n\n\n\n<p>Esse \u00e9 perfeito para quem busca praticidade, mas exige aten\u00e7\u00e3o para garantir a prote\u00e7\u00e3o:<\/p>\n\n\n\n<ul class=\"wp-block-list\">\n<li>Borrife o produto no rosto a uma dist\u00e2ncia de 15 cm ou aplique primeiro nas m\u00e3os;<\/li>\n\n\n\n<li>Espalhe com os dedos para cobrir todas as \u00e1reas do rosto de maneira homog\u00eanea;<\/li>\n\n\n\n<li>Lembre-se de proteger tamb\u00e9m as orelhas e o pesco\u00e7o.<\/li>\n<\/ul>\n\n\n\n<h4 class=\"wp-block-heading\"><span class=\"ez-toc-section\" id=\"Protetor_solar_em_bastao\"><\/span>Protetor solar em bast\u00e3o<span class=\"ez-toc-section-end\"><\/span><\/h4>\n\n\n\n<p>\u00d3timo para retoques ao longo do dia e para \u00e1reas sens\u00edveis como l\u00e1bios e ao redor dos olhos:<\/p>\n\n\n\n<ul class=\"wp-block-list\">\n<li>Deslize o bast\u00e3o diretamente sobre a pele de forma suave;<\/li>\n\n\n\n<li>Se necess\u00e1rio, espalhe com os dedos para garantir que o produto fique uniforme.<\/li>\n<\/ul>\n\n\n\n<h4 class=\"wp-block-heading\"><span class=\"ez-toc-section\" id=\"Protetor_solar_em_po\"><\/span>Protetor solar em p\u00f3<span class=\"ez-toc-section-end\"><\/span><\/h4>\n\n\n\n<p>O protetor em p\u00f3 \u00e9 uma solu\u00e7\u00e3o pr\u00e1tica para reaplica\u00e7\u00e3o durante o dia, especialmente sobre a maquiagem:<\/p>\n\n\n\n<ul class=\"wp-block-list\">\n<li>Use o pincel embutido ou um pincel pr\u00f3prio para espalhar o produto;<\/li>\n\n\n\n<li>Foque em \u00e1reas mais expostas, como nariz, testa e bochechas, para refor\u00e7ar a prote\u00e7\u00e3o.<\/li>\n<\/ul>\n\n\n\n<h2 class=\"wp-block-heading\"><span class=\"ez-toc-section\" id=\"Qual_a_quantidade_ideal_de_protetor_solar_para_o_rosto\"><\/span>Qual a quantidade ideal de protetor solar para o rosto?<span class=\"ez-toc-section-end\"><\/span><\/h2>\n\n\n\n<p>Voc\u00ea sabia que a quantidade certa de protetor solar pode fazer toda a diferen\u00e7a? Para o rosto e o pesco\u00e7o, use <strong>o equivalente a uma colher de ch\u00e1<\/strong>. Essa \u00e9 a medida ideal para garantir que a pele fique realmente protegida contra os danos solares.<\/p>\n\n\n\n<p>N\u00e3o exagere, mas tamb\u00e9m n\u00e3o economize! Uma aplica\u00e7\u00e3o homog\u00eanea \u00e9 essencial para evitar \u00e1reas descobertas e garantir que o FPS do protetor funcione corretamente.<\/p>\n\n\n\n<h2 class=\"wp-block-heading\"><span class=\"ez-toc-section\" id=\"Precisa_reaplicar_protetor_solar\"><\/span>Precisa reaplicar protetor solar?<span class=\"ez-toc-section-end\"><\/span><\/h2>\n\n\n\n<p><strong>Sim, precisa<\/strong>! Afinal, o efeito do protetor solar n\u00e3o dura o dia todo, e reaplicar o produto \u00e9 indispens\u00e1vel para manter a prote\u00e7\u00e3o contra os raios UV.<\/p>\n\n\n\n<h3 class=\"wp-block-heading\"><span class=\"ez-toc-section\" id=\"Quantas_vezes_reaplicar_o_protetor_solar\"><\/span>Quantas vezes reaplicar o protetor solar?<span class=\"ez-toc-section-end\"><\/span><\/h3>\n\n\n\n<ul class=\"wp-block-list\">\n<li><strong>No dia a dia:<\/strong> reaplique o protetor a cada 3 horas, especialmente se ficar exposta ao sol por longos per\u00edodos;<\/li>\n\n\n\n<li><strong>Na praia ou piscina:<\/strong> reaplique a cada 2 horas ou imediatamente ap\u00f3s nadar, secar o rosto com a toalha ou transpirar em excesso.<\/li>\n<\/ul>\n\n\n\n<p>Ah, e se voc\u00ea usa maquiagem, formatos como p\u00f3 ou spray s\u00e3o ideais para reaplica\u00e7\u00e3o, viu? Eles s\u00e3o pr\u00e1ticos e n\u00e3o comprometem o visual.<\/p>\n\n\n\n<p>Tiramos todas as suas d\u00favidas sobre como passar protetor solar no rosto? Esperamos que sim! Lembre-se: proteger a pele vai muito al\u00e9m da est\u00e9tica \u2013 \u00e9 um investimento na sua sa\u00fade e bem-estar. Com pequenas mudan\u00e7as nos seus h\u00e1bitos, voc\u00ea pode manter sua pele saud\u00e1vel e radiante por muito mais tempo!<\/p>\n\n\n\n<p><\/p>\n","protected":false},"excerpt":{"rendered":"<p>Saber como passar protetor solar no rosto de forma correta \u00e9 fundamental para proteger a pele contra os danos causados pelos raios UV, prevenir o envelhecimento precoce e at\u00e9 reduzir os riscos de c\u00e2ncer de pele, acredita? Apesar disso, muitas pessoas ainda t\u00eam d\u00favidas sobre a maneira certa de usar o produto. Se voc\u00ea tamb\u00e9m [&hellip;]<\/p>\n","protected":false},"author":7,"featured_media":4224,"comment_status":"open","ping_status":"open","sticky":false,"template":"","format":"standard","meta":{"tpgb_global_settings":"","footnotes":""},"categories":[106,109],"tags":[],"class_list":["post-4219","post","type-post","status-publish","format-standard","has-post-thumbnail","hentry","category-saude","category-saude-da-pele"],"yoast_head":"<!-- This site is optimized with the Yoast SEO plugin v27.5 - https:\/\/yoast.com\/product\/yoast-seo-wordpress\/ -->\n<title>Como passar protetor solar no rosto? Dicas pr\u00e1ticas e r\u00e1pidas<\/title>\n<meta name=\"description\" content=\"Buscando dicas pr\u00e1ticas de como passar protetor solar no rosto? Separamos dicas f\u00e1ceis e r\u00e1pidas para todos os tipos de protetores!\" \/>\n<meta name=\"robots\" content=\"index, follow, max-snippet:-1, max-image-preview:large, max-video-preview:-1\" \/>\n<link rel=\"canonical\" href=\"https:\/\/www.qualfarma.com.br\/vivabem\/como-passar-protetor-solar-no-rosto\/\" \/>\n<meta property=\"og:locale\" content=\"pt_BR\" \/>\n<meta property=\"og:type\" content=\"article\" \/>\n<meta property=\"og:title\" content=\"Como passar protetor solar no rosto? Dicas pr\u00e1ticas e r\u00e1pidas\" \/>\n<meta property=\"og:description\" content=\"Buscando dicas pr\u00e1ticas de como passar protetor solar no rosto? Separamos dicas f\u00e1ceis e r\u00e1pidas para todos os tipos de protetores!\" \/>\n<meta property=\"og:url\" content=\"https:\/\/www.qualfarma.com.br\/vivabem\/como-passar-protetor-solar-no-rosto\/\" \/>\n<meta property=\"og:site_name\" content=\"Blog Viva Bem por Qualfarma\" \/>\n<meta property=\"article:published_time\" content=\"2025-01-14T15:00:00+00:00\" \/>\n<meta property=\"article:modified_time\" content=\"2025-09-02T20:12:35+00:00\" \/>\n<meta property=\"og:image\" content=\"https:\/\/www.qualfarma.com.br\/vivabem\/wp-content\/uploads\/2025\/01\/como-aplicar-protetor-solar-no-rosto.jpg\" \/>\n\t<meta property=\"og:image:width\" content=\"750\" \/>\n\t<meta property=\"og:image:height\" content=\"500\" \/>\n\t<meta property=\"og:image:type\" content=\"image\/jpeg\" \/>\n<meta name=\"author\" content=\"Stephanie Kroll\" \/>\n<meta name=\"twitter:card\" content=\"summary_large_image\" \/>\n<meta name=\"twitter:label1\" content=\"Escrito por\" \/>\n\t<meta name=\"twitter:data1\" content=\"Stephanie Kroll\" \/>\n\t<meta name=\"twitter:label2\" content=\"Est. tempo de leitura\" \/>\n\t<meta name=\"twitter:data2\" content=\"5 minutos\" \/>\n<script type=\"application\/ld+json\" class=\"yoast-schema-graph\">{\"@context\":\"https:\\\/\\\/schema.org\",\"@graph\":[{\"@type\":\"Article\",\"@id\":\"https:\\\/\\\/www.qualfarma.com.br\\\/vivabem\\\/como-passar-protetor-solar-no-rosto\\\/#article\",\"isPartOf\":{\"@id\":\"https:\\\/\\\/www.qualfarma.com.br\\\/vivabem\\\/como-passar-protetor-solar-no-rosto\\\/\"},\"author\":{\"name\":\"Stephanie Kroll\",\"@id\":\"https:\\\/\\\/www.qualfarma.com.br\\\/vivabem\\\/#\\\/schema\\\/person\\\/a690dda13b8cef2d1093f56c7e09b224\"},\"headline\":\"Como passar protetor solar no rosto? Dicas pr\u00e1ticas e r\u00e1pidas\",\"datePublished\":\"2025-01-14T15:00:00+00:00\",\"dateModified\":\"2025-09-02T20:12:35+00:00\",\"mainEntityOfPage\":{\"@id\":\"https:\\\/\\\/www.qualfarma.com.br\\\/vivabem\\\/como-passar-protetor-solar-no-rosto\\\/\"},\"wordCount\":764,\"commentCount\":0,\"image\":{\"@id\":\"https:\\\/\\\/www.qualfarma.com.br\\\/vivabem\\\/como-passar-protetor-solar-no-rosto\\\/#primaryimage\"},\"thumbnailUrl\":\"https:\\\/\\\/www.qualfarma.com.br\\\/vivabem\\\/wp-content\\\/uploads\\\/2025\\\/01\\\/como-aplicar-protetor-solar-no-rosto.jpg\",\"articleSection\":[\"Sa\u00fade\",\"Sa\u00fade da pele\"],\"inLanguage\":\"pt-BR\",\"potentialAction\":[{\"@type\":\"CommentAction\",\"name\":\"Comment\",\"target\":[\"https:\\\/\\\/www.qualfarma.com.br\\\/vivabem\\\/como-passar-protetor-solar-no-rosto\\\/#respond\"]}]},{\"@type\":\"WebPage\",\"@id\":\"https:\\\/\\\/www.qualfarma.com.br\\\/vivabem\\\/como-passar-protetor-solar-no-rosto\\\/\",\"url\":\"https:\\\/\\\/www.qualfarma.com.br\\\/vivabem\\\/como-passar-protetor-solar-no-rosto\\\/\",\"name\":\"Como passar protetor solar no rosto? Dicas pr\u00e1ticas e r\u00e1pidas\",\"isPartOf\":{\"@id\":\"https:\\\/\\\/www.qualfarma.com.br\\\/vivabem\\\/#website\"},\"primaryImageOfPage\":{\"@id\":\"https:\\\/\\\/www.qualfarma.com.br\\\/vivabem\\\/como-passar-protetor-solar-no-rosto\\\/#primaryimage\"},\"image\":{\"@id\":\"https:\\\/\\\/www.qualfarma.com.br\\\/vivabem\\\/como-passar-protetor-solar-no-rosto\\\/#primaryimage\"},\"thumbnailUrl\":\"https:\\\/\\\/www.qualfarma.com.br\\\/vivabem\\\/wp-content\\\/uploads\\\/2025\\\/01\\\/como-aplicar-protetor-solar-no-rosto.jpg\",\"datePublished\":\"2025-01-14T15:00:00+00:00\",\"dateModified\":\"2025-09-02T20:12:35+00:00\",\"author\":{\"@id\":\"https:\\\/\\\/www.qualfarma.com.br\\\/vivabem\\\/#\\\/schema\\\/person\\\/a690dda13b8cef2d1093f56c7e09b224\"},\"description\":\"Buscando dicas pr\u00e1ticas de como passar protetor solar no rosto? Separamos dicas f\u00e1ceis e r\u00e1pidas para todos os tipos de protetores!\",\"breadcrumb\":{\"@id\":\"https:\\\/\\\/www.qualfarma.com.br\\\/vivabem\\\/como-passar-protetor-solar-no-rosto\\\/#breadcrumb\"},\"inLanguage\":\"pt-BR\",\"potentialAction\":[{\"@type\":\"ReadAction\",\"target\":[\"https:\\\/\\\/www.qualfarma.com.br\\\/vivabem\\\/como-passar-protetor-solar-no-rosto\\\/\"]}]},{\"@type\":\"ImageObject\",\"inLanguage\":\"pt-BR\",\"@id\":\"https:\\\/\\\/www.qualfarma.com.br\\\/vivabem\\\/como-passar-protetor-solar-no-rosto\\\/#primaryimage\",\"url\":\"https:\\\/\\\/www.qualfarma.com.br\\\/vivabem\\\/wp-content\\\/uploads\\\/2025\\\/01\\\/como-aplicar-protetor-solar-no-rosto.jpg\",\"contentUrl\":\"https:\\\/\\\/www.qualfarma.com.br\\\/vivabem\\\/wp-content\\\/uploads\\\/2025\\\/01\\\/como-aplicar-protetor-solar-no-rosto.jpg\",\"width\":750,\"height\":500,\"caption\":\"Saber como aplicar protetor solar \u00e9 fundamental para garantir a prote\u00e7\u00e3o adequada contra os raios UV.\"},{\"@type\":\"BreadcrumbList\",\"@id\":\"https:\\\/\\\/www.qualfarma.com.br\\\/vivabem\\\/como-passar-protetor-solar-no-rosto\\\/#breadcrumb\",\"itemListElement\":[{\"@type\":\"ListItem\",\"position\":1,\"name\":\"Blog Viva Bem\",\"item\":\"https:\\\/\\\/www.qualfarma.com.br\\\/vivabem\\\/\"},{\"@type\":\"ListItem\",\"position\":2,\"name\":\"Sa\u00fade\",\"item\":\"https:\\\/\\\/www.qualfarma.com.br\\\/vivabem\\\/saude\\\/\"},{\"@type\":\"ListItem\",\"position\":3,\"name\":\"Como passar protetor solar no rosto? Dicas pr\u00e1ticas e r\u00e1pidas\"}]},{\"@type\":\"WebSite\",\"@id\":\"https:\\\/\\\/www.qualfarma.com.br\\\/vivabem\\\/#website\",\"url\":\"https:\\\/\\\/www.qualfarma.com.br\\\/vivabem\\\/\",\"name\":\"Blog Viva Bem por Qualfarma\",\"description\":\"\u00ae 2023\",\"potentialAction\":[{\"@type\":\"SearchAction\",\"target\":{\"@type\":\"EntryPoint\",\"urlTemplate\":\"https:\\\/\\\/www.qualfarma.com.br\\\/vivabem\\\/?s={search_term_string}\"},\"query-input\":{\"@type\":\"PropertyValueSpecification\",\"valueRequired\":true,\"valueName\":\"search_term_string\"}}],\"inLanguage\":\"pt-BR\"},{\"@type\":\"Person\",\"@id\":\"https:\\\/\\\/www.qualfarma.com.br\\\/vivabem\\\/#\\\/schema\\\/person\\\/a690dda13b8cef2d1093f56c7e09b224\",\"name\":\"Stephanie Kroll\",\"image\":{\"@type\":\"ImageObject\",\"inLanguage\":\"pt-BR\",\"@id\":\"https:\\\/\\\/secure.gravatar.com\\\/avatar\\\/dd1b82540a7b66c3112346e4a6b0e24b524511df3d028133ca1eea9eafc829bc?s=96&d=mm&r=g\",\"url\":\"https:\\\/\\\/secure.gravatar.com\\\/avatar\\\/dd1b82540a7b66c3112346e4a6b0e24b524511df3d028133ca1eea9eafc829bc?s=96&d=mm&r=g\",\"contentUrl\":\"https:\\\/\\\/secure.gravatar.com\\\/avatar\\\/dd1b82540a7b66c3112346e4a6b0e24b524511df3d028133ca1eea9eafc829bc?s=96&d=mm&r=g\",\"caption\":\"Stephanie Kroll\"},\"description\":\"Graduada em Farm\u00e1cia pela Universidade Federal do Rio de Janeiro (UFRJ), Stephanie Kroll (CRF\\\/RJ 28001) atua na \u00e1rea da sa\u00fade da fam\u00edlia com uma abordagem humanizada e \u00e9 respons\u00e1vel t\u00e9cnica pelos conte\u00fados do Viva Bem por Qualfarma.\"}]}<\/script>\n<!-- \/ Yoast SEO plugin. -->","yoast_head_json":{"title":"Como passar protetor solar no rosto? Dicas pr\u00e1ticas e r\u00e1pidas","description":"Buscando dicas pr\u00e1ticas de como passar protetor solar no rosto? Separamos dicas f\u00e1ceis e r\u00e1pidas para todos os tipos de protetores!","robots":{"index":"index","follow":"follow","max-snippet":"max-snippet:-1","max-image-preview":"max-image-preview:large","max-video-preview":"max-video-preview:-1"},"canonical":"https:\/\/www.qualfarma.com.br\/vivabem\/como-passar-protetor-solar-no-rosto\/","og_locale":"pt_BR","og_type":"article","og_title":"Como passar protetor solar no rosto? Dicas pr\u00e1ticas e r\u00e1pidas","og_description":"Buscando dicas pr\u00e1ticas de como passar protetor solar no rosto? Separamos dicas f\u00e1ceis e r\u00e1pidas para todos os tipos de protetores!","og_url":"https:\/\/www.qualfarma.com.br\/vivabem\/como-passar-protetor-solar-no-rosto\/","og_site_name":"Blog Viva Bem por Qualfarma","article_published_time":"2025-01-14T15:00:00+00:00","article_modified_time":"2025-09-02T20:12:35+00:00","og_image":[{"width":750,"height":500,"url":"https:\/\/www.qualfarma.com.br\/vivabem\/wp-content\/uploads\/2025\/01\/como-aplicar-protetor-solar-no-rosto.jpg","type":"image\/jpeg"}],"author":"Stephanie Kroll","twitter_card":"summary_large_image","twitter_misc":{"Escrito por":"Stephanie Kroll","Est. tempo de leitura":"5 minutos"},"schema":{"@context":"https:\/\/schema.org","@graph":[{"@type":"Article","@id":"https:\/\/www.qualfarma.com.br\/vivabem\/como-passar-protetor-solar-no-rosto\/#article","isPartOf":{"@id":"https:\/\/www.qualfarma.com.br\/vivabem\/como-passar-protetor-solar-no-rosto\/"},"author":{"name":"Stephanie Kroll","@id":"https:\/\/www.qualfarma.com.br\/vivabem\/#\/schema\/person\/a690dda13b8cef2d1093f56c7e09b224"},"headline":"Como passar protetor solar no rosto? Dicas pr\u00e1ticas e r\u00e1pidas","datePublished":"2025-01-14T15:00:00+00:00","dateModified":"2025-09-02T20:12:35+00:00","mainEntityOfPage":{"@id":"https:\/\/www.qualfarma.com.br\/vivabem\/como-passar-protetor-solar-no-rosto\/"},"wordCount":764,"commentCount":0,"image":{"@id":"https:\/\/www.qualfarma.com.br\/vivabem\/como-passar-protetor-solar-no-rosto\/#primaryimage"},"thumbnailUrl":"https:\/\/www.qualfarma.com.br\/vivabem\/wp-content\/uploads\/2025\/01\/como-aplicar-protetor-solar-no-rosto.jpg","articleSection":["Sa\u00fade","Sa\u00fade da pele"],"inLanguage":"pt-BR","potentialAction":[{"@type":"CommentAction","name":"Comment","target":["https:\/\/www.qualfarma.com.br\/vivabem\/como-passar-protetor-solar-no-rosto\/#respond"]}]},{"@type":"WebPage","@id":"https:\/\/www.qualfarma.com.br\/vivabem\/como-passar-protetor-solar-no-rosto\/","url":"https:\/\/www.qualfarma.com.br\/vivabem\/como-passar-protetor-solar-no-rosto\/","name":"Como passar protetor solar no rosto? Dicas pr\u00e1ticas e r\u00e1pidas","isPartOf":{"@id":"https:\/\/www.qualfarma.com.br\/vivabem\/#website"},"primaryImageOfPage":{"@id":"https:\/\/www.qualfarma.com.br\/vivabem\/como-passar-protetor-solar-no-rosto\/#primaryimage"},"image":{"@id":"https:\/\/www.qualfarma.com.br\/vivabem\/como-passar-protetor-solar-no-rosto\/#primaryimage"},"thumbnailUrl":"https:\/\/www.qualfarma.com.br\/vivabem\/wp-content\/uploads\/2025\/01\/como-aplicar-protetor-solar-no-rosto.jpg","datePublished":"2025-01-14T15:00:00+00:00","dateModified":"2025-09-02T20:12:35+00:00","author":{"@id":"https:\/\/www.qualfarma.com.br\/vivabem\/#\/schema\/person\/a690dda13b8cef2d1093f56c7e09b224"},"description":"Buscando dicas pr\u00e1ticas de como passar protetor solar no rosto? Separamos dicas f\u00e1ceis e r\u00e1pidas para todos os tipos de protetores!","breadcrumb":{"@id":"https:\/\/www.qualfarma.com.br\/vivabem\/como-passar-protetor-solar-no-rosto\/#breadcrumb"},"inLanguage":"pt-BR","potentialAction":[{"@type":"ReadAction","target":["https:\/\/www.qualfarma.com.br\/vivabem\/como-passar-protetor-solar-no-rosto\/"]}]},{"@type":"ImageObject","inLanguage":"pt-BR","@id":"https:\/\/www.qualfarma.com.br\/vivabem\/como-passar-protetor-solar-no-rosto\/#primaryimage","url":"https:\/\/www.qualfarma.com.br\/vivabem\/wp-content\/uploads\/2025\/01\/como-aplicar-protetor-solar-no-rosto.jpg","contentUrl":"https:\/\/www.qualfarma.com.br\/vivabem\/wp-content\/uploads\/2025\/01\/como-aplicar-protetor-solar-no-rosto.jpg","width":750,"height":500,"caption":"Saber como aplicar protetor solar \u00e9 fundamental para garantir a prote\u00e7\u00e3o adequada contra os raios UV."},{"@type":"BreadcrumbList","@id":"https:\/\/www.qualfarma.com.br\/vivabem\/como-passar-protetor-solar-no-rosto\/#breadcrumb","itemListElement":[{"@type":"ListItem","position":1,"name":"Blog Viva Bem","item":"https:\/\/www.qualfarma.com.br\/vivabem\/"},{"@type":"ListItem","position":2,"name":"Sa\u00fade","item":"https:\/\/www.qualfarma.com.br\/vivabem\/saude\/"},{"@type":"ListItem","position":3,"name":"Como passar protetor solar no rosto? Dicas pr\u00e1ticas e r\u00e1pidas"}]},{"@type":"WebSite","@id":"https:\/\/www.qualfarma.com.br\/vivabem\/#website","url":"https:\/\/www.qualfarma.com.br\/vivabem\/","name":"Blog Viva Bem por Qualfarma","description":"\u00ae 2023","potentialAction":[{"@type":"SearchAction","target":{"@type":"EntryPoint","urlTemplate":"https:\/\/www.qualfarma.com.br\/vivabem\/?s={search_term_string}"},"query-input":{"@type":"PropertyValueSpecification","valueRequired":true,"valueName":"search_term_string"}}],"inLanguage":"pt-BR"},{"@type":"Person","@id":"https:\/\/www.qualfarma.com.br\/vivabem\/#\/schema\/person\/a690dda13b8cef2d1093f56c7e09b224","name":"Stephanie Kroll","image":{"@type":"ImageObject","inLanguage":"pt-BR","@id":"https:\/\/secure.gravatar.com\/avatar\/dd1b82540a7b66c3112346e4a6b0e24b524511df3d028133ca1eea9eafc829bc?s=96&d=mm&r=g","url":"https:\/\/secure.gravatar.com\/avatar\/dd1b82540a7b66c3112346e4a6b0e24b524511df3d028133ca1eea9eafc829bc?s=96&d=mm&r=g","contentUrl":"https:\/\/secure.gravatar.com\/avatar\/dd1b82540a7b66c3112346e4a6b0e24b524511df3d028133ca1eea9eafc829bc?s=96&d=mm&r=g","caption":"Stephanie Kroll"},"description":"Graduada em Farm\u00e1cia pela Universidade Federal do Rio de Janeiro (UFRJ), Stephanie Kroll (CRF\/RJ 28001) atua na \u00e1rea da sa\u00fade da fam\u00edlia com uma abordagem humanizada e \u00e9 respons\u00e1vel t\u00e9cnica pelos conte\u00fados do Viva Bem por Qualfarma."}]}},"jetpack_featured_media_url":"https:\/\/www.qualfarma.com.br\/vivabem\/wp-content\/uploads\/2025\/01\/como-aplicar-protetor-solar-no-rosto.jpg","tpgb_featured_images":{"full":["https:\/\/www.qualfarma.com.br\/vivabem\/wp-content\/uploads\/2025\/01\/como-aplicar-protetor-solar-no-rosto.jpg",750,500,false],"tp-image-grid":["https:\/\/www.qualfarma.com.br\/vivabem\/wp-content\/uploads\/2025\/01\/como-aplicar-protetor-solar-no-rosto-700x700.jpg",700,700,true],"thumbnail":["https:\/\/www.qualfarma.com.br\/vivabem\/wp-content\/uploads\/2025\/01\/como-aplicar-protetor-solar-no-rosto-150x150.jpg",150,150,true],"medium":["https:\/\/www.qualfarma.com.br\/vivabem\/wp-content\/uploads\/2025\/01\/como-aplicar-protetor-solar-no-rosto-300x200.jpg",300,200,true],"medium_large":["https:\/\/www.qualfarma.com.br\/vivabem\/wp-content\/uploads\/2025\/01\/como-aplicar-protetor-solar-no-rosto.jpg",750,500,false],"large":["https:\/\/www.qualfarma.com.br\/vivabem\/wp-content\/uploads\/2025\/01\/como-aplicar-protetor-solar-no-rosto.jpg",750,500,false],"default":"https:\/\/www.qualfarma.com.br\/vivabem\/wp-content\/plugins\/the-plus-addons-for-block-editor\/assets\/images\/tpgb-placeholder.jpg"},"tpgb_post_meta_info":{"get_date":"janeiro 14, 2025","get_modified_date":"setembro 2, 2025","category_list":{"category":[{"term_id":106,"name":"Sa\u00fade","slug":"saude","term_group":0,"term_taxonomy_id":106,"taxonomy":"category","description":"Cuide da sua sa\u00fade com conte\u00fados informativos e dicas pr\u00e1ticas. No Viva Bem por Qualfarma, voc\u00ea encontra informa\u00e7\u00f5es sobre sa\u00fade f\u00edsica e mental, amplia seus conhecimentos sobre doen\u00e7as e sintomas e muito mais. Mantenha sua sa\u00fade sempre em dia e viva bem com Qualfarma.","parent":0,"count":23,"filter":"raw"},{"term_id":109,"name":"Sa\u00fade da pele","slug":"saude-da-pele","term_group":0,"term_taxonomy_id":109,"taxonomy":"category","description":"","parent":106,"count":13,"filter":"raw"}],"post_tag":false},"author_name":"Stephanie Kroll","author_url":"https:\/\/www.qualfarma.com.br\/vivabem\/author\/sterabelohotmail-com\/","author_email":"sterabelo@hotmail.com","author_website":"","author_description":"Graduada em Farm\u00e1cia pela Universidade Federal do Rio de Janeiro (UFRJ), Stephanie Kroll (CRF\/RJ 28001) atua na \u00e1rea da sa\u00fade da fam\u00edlia com uma abordagem humanizada e \u00e9 respons\u00e1vel t\u00e9cnica pelos conte\u00fados do Viva Bem por Qualfarma.","author_facebook":"","author_twitter":"","author_instagram":"","author_role":["editor"],"author_firstname":"Stephanie","author_lastname":"Kroll","user_login":"sterabelo@hotmail.com","author_avatar":"<img alt='' src='https:\/\/secure.gravatar.com\/avatar\/dd1b82540a7b66c3112346e4a6b0e24b524511df3d028133ca1eea9eafc829bc?s=200&#038;d=mm&#038;r=g' srcset='https:\/\/secure.gravatar.com\/avatar\/dd1b82540a7b66c3112346e4a6b0e24b524511df3d028133ca1eea9eafc829bc?s=400&#038;d=mm&#038;r=g 2x' class='avatar avatar-200 photo' height='200' width='200' decoding='async'\/>","author_avatar_url":"https:\/\/secure.gravatar.com\/avatar\/dd1b82540a7b66c3112346e4a6b0e24b524511df3d028133ca1eea9eafc829bc?s=96&d=mm&r=g","comment_count":0,"post_likes":0,"post_views":0},"tpgb_post_category":{"category":"<a href=\"https:\/\/www.qualfarma.com.br\/vivabem\/saude\/\" alt=\"Sa\u00fade\"  class=\"category-saude\">Sa\u00fade<\/a> <a href=\"https:\/\/www.qualfarma.com.br\/vivabem\/saude\/saude-da-pele\/\" alt=\"Sa\u00fade da pele\"  class=\"category-saude-da-pele\">Sa\u00fade da pele<\/a> "},"_links":{"self":[{"href":"https:\/\/www.qualfarma.com.br\/vivabem\/wp-json\/wp\/v2\/posts\/4219","targetHints":{"allow":["GET"]}}],"collection":[{"href":"https:\/\/www.qualfarma.com.br\/vivabem\/wp-json\/wp\/v2\/posts"}],"about":[{"href":"https:\/\/www.qualfarma.com.br\/vivabem\/wp-json\/wp\/v2\/types\/post"}],"author":[{"embeddable":true,"href":"https:\/\/www.qualfarma.com.br\/vivabem\/wp-json\/wp\/v2\/users\/7"}],"replies":[{"embeddable":true,"href":"https:\/\/www.qualfarma.com.br\/vivabem\/wp-json\/wp\/v2\/comments?post=4219"}],"version-history":[{"count":5,"href":"https:\/\/www.qualfarma.com.br\/vivabem\/wp-json\/wp\/v2\/posts\/4219\/revisions"}],"predecessor-version":[{"id":4480,"href":"https:\/\/www.qualfarma.com.br\/vivabem\/wp-json\/wp\/v2\/posts\/4219\/revisions\/4480"}],"wp:featuredmedia":[{"embeddable":true,"href":"https:\/\/www.qualfarma.com.br\/vivabem\/wp-json\/wp\/v2\/media\/4224"}],"wp:attachment":[{"href":"https:\/\/www.qualfarma.com.br\/vivabem\/wp-json\/wp\/v2\/media?parent=4219"}],"wp:term":[{"taxonomy":"category","embeddable":true,"href":"https:\/\/www.qualfarma.com.br\/vivabem\/wp-json\/wp\/v2\/categories?post=4219"},{"taxonomy":"post_tag","embeddable":true,"href":"https:\/\/www.qualfarma.com.br\/vivabem\/wp-json\/wp\/v2\/tags?post=4219"}],"curies":[{"name":"wp","href":"https:\/\/api.w.org\/{rel}","templated":true}]}}