{"id":4171,"date":"2024-12-24T08:00:00","date_gmt":"2024-12-24T08:00:00","guid":{"rendered":"https:\/\/www.qualfarma.com.br\/vivabem\/?p=4171"},"modified":"2025-09-02T20:21:32","modified_gmt":"2025-09-02T20:21:32","slug":"protetor-solar-quimico","status":"publish","type":"post","link":"https:\/\/www.qualfarma.com.br\/vivabem\/protetor-solar-quimico\/","title":{"rendered":"Protetor solar qu\u00edmico: benef\u00edcios e como escolher o ideal"},"content":{"rendered":"\n<p>O protetor solar \u00e9 um dos maiores aliados para manter a pele saud\u00e1vel e protegida dos danos causados pelos raios UV. Entre as diversas op\u00e7\u00f5es dispon\u00edveis no mercado, o <strong>protetor solar qu\u00edmico<\/strong> \u00e9 uma alternativa bastante popular por suas caracter\u00edsticas e benef\u00edcios. <\/p>\n\n\n\n<p>Quer entender melhor o que \u00e9 esse tipo de protetor e como escolher o ideal? Continue a leitura!<\/p>\n\n\n\n<div id=\"ez-toc-container\" class=\"ez-toc-v2_0_82_2 counter-hierarchy ez-toc-counter ez-toc-grey ez-toc-container-direction\">\n<div class=\"ez-toc-title-container\">\n<p class=\"ez-toc-title\" style=\"cursor:inherit\">Navegue pelo assunto<\/p>\n<span class=\"ez-toc-title-toggle\"><\/span><\/div>\n<nav><ul class='ez-toc-list ez-toc-list-level-1 ' ><li class='ez-toc-page-1 ez-toc-heading-level-2'><a class=\"ez-toc-link ez-toc-heading-1\" href=\"https:\/\/www.qualfarma.com.br\/vivabem\/protetor-solar-quimico\/#O_que_e_um_protetor_solar_quimico\" >O que \u00e9 um protetor solar qu\u00edmico?<\/a><ul class='ez-toc-list-level-3' ><li class='ez-toc-heading-level-3'><a class=\"ez-toc-link ez-toc-heading-2\" href=\"https:\/\/www.qualfarma.com.br\/vivabem\/protetor-solar-quimico\/#Diferencas_entre_protetor_solar_fisico_e_quimico\" >Diferen\u00e7as entre protetor solar f\u00edsico e qu\u00edmico<\/a><\/li><\/ul><\/li><li class='ez-toc-page-1 ez-toc-heading-level-2'><a class=\"ez-toc-link ez-toc-heading-3\" href=\"https:\/\/www.qualfarma.com.br\/vivabem\/protetor-solar-quimico\/#Qual_e_o_melhor_protetor_solar_quimico\" >Qual \u00e9 o melhor protetor solar qu\u00edmico?<\/a><ul class='ez-toc-list-level-3' ><li class='ez-toc-heading-level-3'><a class=\"ez-toc-link ez-toc-heading-4\" href=\"https:\/\/www.qualfarma.com.br\/vivabem\/protetor-solar-quimico\/#1_Anthelios_UVmune_FPS_60_%E2%80%93_La_Roche-Posay\" >1. Anthelios UVmune FPS 60 \u2013 La Roche-Posay<\/a><\/li><li class='ez-toc-page-1 ez-toc-heading-level-3'><a class=\"ez-toc-link ez-toc-heading-5\" href=\"https:\/\/www.qualfarma.com.br\/vivabem\/protetor-solar-quimico\/#2_Protetor_Solar_Aqua_Rich_FPS_50_%E2%80%93_Biore\" >2. Protetor Solar Aqua Rich FPS 50 \u2013 Bior\u00e9<\/a><\/li><li class='ez-toc-page-1 ez-toc-heading-level-3'><a class=\"ez-toc-link ez-toc-heading-6\" href=\"https:\/\/www.qualfarma.com.br\/vivabem\/protetor-solar-quimico\/#3_Sun_Fresh_FPS_70_%E2%80%93_Neutrogena\" >3. Sun Fresh FPS 70 \u2013 Neutrogena<\/a><\/li><li class='ez-toc-page-1 ez-toc-heading-level-3'><a class=\"ez-toc-link ez-toc-heading-7\" href=\"https:\/\/www.qualfarma.com.br\/vivabem\/protetor-solar-quimico\/#4_Episol_Sec_Oc_FPS_60_%E2%80%93_Mantecorp\" >4. Episol Sec Oc FPS 60 \u2013 Mantecorp<\/a><\/li><li class='ez-toc-page-1 ez-toc-heading-level-3'><a class=\"ez-toc-link ez-toc-heading-8\" href=\"https:\/\/www.qualfarma.com.br\/vivabem\/protetor-solar-quimico\/#5_UV_Defender_FPS_60_%E2%80%93_LOreal_Paris\" >5. UV Defender FPS 60 \u2013 L&#8217;Or\u00e9al Paris<\/a><\/li><\/ul><\/li><li class='ez-toc-page-1 ez-toc-heading-level-2'><a class=\"ez-toc-link ez-toc-heading-9\" href=\"https:\/\/www.qualfarma.com.br\/vivabem\/protetor-solar-quimico\/#Afinal_protetor_solar_quimico_ou_fisico_Qual_e_o_melhor\" >Afinal, protetor solar qu\u00edmico ou f\u00edsico? Qual \u00e9 o melhor?<\/a><\/li><\/ul><\/nav><\/div>\n<h2 class=\"wp-block-heading\"><span class=\"ez-toc-section\" id=\"O_que_e_um_protetor_solar_quimico\"><\/span>O que \u00e9 um protetor solar qu\u00edmico?<span class=\"ez-toc-section-end\"><\/span><\/h2>\n\n\n\n<p>O protetor solar qu\u00edmico \u00e9 aquele que u<strong>tiliza ingredientes ativos capazes de absorver os raios ultravioleta (UV) e transform\u00e1-los em calor<\/strong>, impedindo que penetrem na pele. Diferente do protetor f\u00edsico, ele n\u00e3o forma uma barreira na superf\u00edcie da pele, mas atua diretamente ao interagir com os raios solares.<\/p>\n\n\n\n<p>Entre os principais ativos encontrados nesse tipo de protetor est\u00e3o:<\/p>\n\n\n\n<ul class=\"wp-block-list\">\n<li>Avobenzona;<\/li>\n\n\n\n<li>Octinoxato;<\/li>\n\n\n\n<li>Octisalato;<\/li>\n\n\n\n<li>Oxybenzone.<\/li>\n<\/ul>\n\n\n\n<p><\/p>\n\n\n\n<p>Por sua textura mais leve e menos espessa, o protetor solar qu\u00edmico \u00e9 ideal para quem busca uma aplica\u00e7\u00e3o confort\u00e1vel e uma absor\u00e7\u00e3o r\u00e1pida, especialmente em peles oleosas ou mistas.<\/p>\n\n\n\n<h3 class=\"wp-block-heading\"><span class=\"ez-toc-section\" id=\"Diferencas_entre_protetor_solar_fisico_e_quimico\"><\/span>Diferen\u00e7as entre protetor solar f\u00edsico e qu\u00edmico<span class=\"ez-toc-section-end\"><\/span><\/h3>\n\n\n\n<p>Entender as diferen\u00e7as entre protetores solares \u00e9 essencial para escolher o melhor para sua pele. Confira:<\/p>\n\n\n\n<ul class=\"wp-block-list\">\n<li><strong>Protetor solar f\u00edsico<\/strong>: tamb\u00e9m chamado de mineral, utiliza ingredientes como di\u00f3xido de tit\u00e2nio e \u00f3xido de zinco para formar uma barreira que reflete os raios solares. \u00c9 ideal para peles sens\u00edveis e costuma ser mais espesso;<\/li>\n\n\n\n<li><strong>Protetor solar qu\u00edmico<\/strong>: absorve os raios UV, \u00e9 mais leve, tem toque seco e \u00e9 perfeito para o uso di\u00e1rio, especialmente em peles oleosas.<\/li>\n<\/ul>\n\n\n\n<p><\/p>\n\n\n\n<p>Ambos s\u00e3o eficazes na prote\u00e7\u00e3o solar, mas a escolha depende das necessidades espec\u00edficas de cada pele.<\/p>\n\n\n\n<h2 class=\"wp-block-heading\"><span class=\"ez-toc-section\" id=\"Qual_e_o_melhor_protetor_solar_quimico\"><\/span>Qual \u00e9 o melhor protetor solar qu\u00edmico?<span class=\"ez-toc-section-end\"><\/span><\/h2>\n\n\n\n<p>Escolher o melhor protetor solar qu\u00edmico pode ser um desafio diante de tantas op\u00e7\u00f5es. Confira abaixo algumas recomenda\u00e7\u00f5es que unem qualidade, textura leve e prote\u00e7\u00e3o eficaz:<\/p>\n\n\n\n<h3 class=\"wp-block-heading\"><span class=\"ez-toc-section\" id=\"1_Anthelios_UVmune_FPS_60_%E2%80%93_La_Roche-Posay\"><\/span>1. Anthelios UVmune FPS 60 \u2013 La Roche-Posay<span class=\"ez-toc-section-end\"><\/span><\/h3>\n\n\n\n<p>O <a href=\"https:\/\/www.qualfarma.com.br\/protetor-solar-facial-la-roche-posay-anthelios-uvmune-400-airlcium-fps60-50ml\/p\" target=\"_blank\" rel=\"noreferrer noopener\">protetor solar da La Roche-Posay<\/a> \u00e9 uma das op\u00e7\u00f5es mais conhecidas no mercado. Sua f\u00f3rmula tem toque seco, r\u00e1pida absor\u00e7\u00e3o e \u00e9 ideal para peles oleosas ou mistas. Ele oferece alta prote\u00e7\u00e3o contra os raios UVA e UVB, ajudando a prevenir o envelhecimento precoce e as manchas solares.<\/p>\n\n\n\n<h3 class=\"wp-block-heading\"><span class=\"ez-toc-section\" id=\"2_Protetor_Solar_Aqua_Rich_FPS_50_%E2%80%93_Biore\"><\/span>2. Protetor Solar Aqua Rich FPS 50 \u2013 Bior\u00e9<span class=\"ez-toc-section-end\"><\/span><\/h3>\n\n\n\n<p>O <a href=\"https:\/\/www.qualfarma.com.br\/protetor-solar-biore-aqua-rich-watery-essence-fps50-70g\/p\" target=\"_blank\" rel=\"noreferrer noopener\">Aqua Rich da Bior\u00e9<\/a> \u00e9 perfeito para quem busca leveza. Sua textura aquosa proporciona sensa\u00e7\u00e3o refrescante e absor\u00e7\u00e3o r\u00e1pida, deixando a pele sequinha ao longo do dia. \u00c9 uma \u00f3tima op\u00e7\u00e3o para peles mistas e oleosas que precisam de conforto sem abrir m\u00e3o da prote\u00e7\u00e3o solar eficaz.<\/p>\n\n\n\n<h3 class=\"wp-block-heading\"><span class=\"ez-toc-section\" id=\"3_Sun_Fresh_FPS_70_%E2%80%93_Neutrogena\"><\/span>3. Sun Fresh FPS 70 \u2013 Neutrogena<span class=\"ez-toc-section-end\"><\/span><\/h3>\n\n\n\n<p>O <a href=\"https:\/\/www.qualfarma.com.br\/protetor-solar-neutrogena-sun-fresh-fps50-200ml\/p\" target=\"_blank\" rel=\"noreferrer noopener\">Sun Fresh<\/a> \u00e9 uma excelente escolha tanto para o rosto quanto para o corpo. Com f\u00f3rmula resistente \u00e0 \u00e1gua e toque seco, ele garante alta prote\u00e7\u00e3o contra os raios solares e \u00e9 indicado para o uso di\u00e1rio. Sua textura \u00e9 leve e n\u00e3o deixa a pele grudenta, sendo ideal para dias quentes e atividades ao ar livre.<\/p>\n\n\n\n<h3 class=\"wp-block-heading\"><span class=\"ez-toc-section\" id=\"4_Episol_Sec_Oc_FPS_60_%E2%80%93_Mantecorp\"><\/span>4. Episol Sec Oc FPS 60 \u2013 Mantecorp<span class=\"ez-toc-section-end\"><\/span><\/h3>\n\n\n\n<p>Desenvolvido especialmente para peles oleosas e acneicas, o <a href=\"https:\/\/www.qualfarma.com.br\/protetor-solar-mantecorp-episol-sec-oc-claro-fps60-60ml\/p\" target=\"_blank\" rel=\"noreferrer noopener\">Episo Sec Ocl<\/a> controla o brilho excessivo ao longo do dia e possui uma f\u00f3rmula n\u00e3o comedog\u00eanica, ou seja, n\u00e3o obstrui os poros. Al\u00e9m disso, ele oferece alta prote\u00e7\u00e3o solar com acabamento matte.<\/p>\n\n\n\n<h3 class=\"wp-block-heading\"><span class=\"ez-toc-section\" id=\"5_UV_Defender_FPS_60_%E2%80%93_LOreal_Paris\"><\/span>5. UV Defender FPS 60 \u2013 L&#8217;Or\u00e9al Paris<span class=\"ez-toc-section-end\"><\/span><\/h3>\n\n\n\n<p>O <a href=\"https:\/\/www.qualfarma.com.br\/protetor-solar-facial-loreal-paris-uv-defender-antioleosidade-clara-fps60-40g\/p\" target=\"_blank\" rel=\"noreferrer noopener\">UV Defender da L&#8217;Or\u00e9al Paris<\/a> tem textura gel-creme e \u00e9 rapidamente absorvido pela pele. Indicado para todos os tipos de pele, ele ajuda a proteger contra o fotoenvelhecimento e os danos causados pelos raios UVA e UVB. Sua f\u00f3rmula \u00e9 confort\u00e1vel e ideal para uso di\u00e1rio.<\/p>\n\n\n\n<h2 class=\"wp-block-heading\"><span class=\"ez-toc-section\" id=\"Afinal_protetor_solar_quimico_ou_fisico_Qual_e_o_melhor\"><\/span>Afinal, protetor solar qu\u00edmico ou f\u00edsico? Qual \u00e9 o melhor?<span class=\"ez-toc-section-end\"><\/span><\/h2>\n\n\n\n<p>A escolha entre protetor solar qu\u00edmico e protetor solar f\u00edsico<strong> vai depender do seu tipo de pele e das suas necessidades<\/strong>:<\/p>\n\n\n\n<ul class=\"wp-block-list\">\n<li><strong>Peles sens\u00edveis<\/strong>: o protetor f\u00edsico pode ser mais indicado por ter menos risco de causar irrita\u00e7\u00f5es;<\/li>\n\n\n\n<li><a href=\"https:\/\/www.qualfarma.com.br\/vivabem\/pele-oleosa-como-limpar-e-tratar-esse-tipo-de-pele\/\" target=\"_blank\" rel=\"noreferrer noopener\">Peles oleosas<\/a>: o protetor qu\u00edmico \u00e9 ideal, pois tem textura mais leve e r\u00e1pida absor\u00e7\u00e3o;<\/li>\n\n\n\n<li><strong>Uso di\u00e1rio<\/strong>: ambos funcionam bem, mas o protetor qu\u00edmico costuma ser mais confort\u00e1vel por n\u00e3o deixar a pele esbranqui\u00e7ada.<\/li>\n<\/ul>\n\n\n\n<p><\/p>\n\n\n\n<p>Independentemente da sua escolha, o mais importante \u00e9 garantir o uso di\u00e1rio do protetor solar e a reaplica\u00e7\u00e3o a cada duas horas para manter a pele protegida e saud\u00e1vel.<\/p>\n\n\n\n<p><\/p>\n","protected":false},"excerpt":{"rendered":"<p>O protetor solar \u00e9 um dos maiores aliados para manter a pele saud\u00e1vel e protegida dos danos causados pelos raios UV. Entre as diversas op\u00e7\u00f5es dispon\u00edveis no mercado, o protetor solar qu\u00edmico \u00e9 uma alternativa bastante popular por suas caracter\u00edsticas e benef\u00edcios. Quer entender melhor o que \u00e9 esse tipo de protetor e como escolher [&hellip;]<\/p>\n","protected":false},"author":7,"featured_media":4173,"comment_status":"open","ping_status":"open","sticky":false,"template":"","format":"standard","meta":{"tpgb_global_settings":"","footnotes":""},"categories":[106,109],"tags":[],"class_list":["post-4171","post","type-post","status-publish","format-standard","has-post-thumbnail","hentry","category-saude","category-saude-da-pele"],"yoast_head":"<!-- This site is optimized with the Yoast SEO plugin v27.5 - https:\/\/yoast.com\/product\/yoast-seo-wordpress\/ -->\n<title>Protetor solar qu\u00edmico: benef\u00edcios e como escolher o ideal<\/title>\n<meta name=\"robots\" content=\"index, follow, max-snippet:-1, max-image-preview:large, max-video-preview:-1\" \/>\n<link rel=\"canonical\" href=\"https:\/\/www.qualfarma.com.br\/vivabem\/protetor-solar-quimico\/\" \/>\n<meta property=\"og:locale\" content=\"pt_BR\" \/>\n<meta property=\"og:type\" content=\"article\" \/>\n<meta property=\"og:title\" content=\"Protetor solar qu\u00edmico: benef\u00edcios e como escolher o ideal\" \/>\n<meta property=\"og:description\" content=\"O protetor solar \u00e9 um dos maiores aliados para manter a pele saud\u00e1vel e protegida dos danos causados pelos raios UV. Entre as diversas op\u00e7\u00f5es dispon\u00edveis no mercado, o protetor solar qu\u00edmico \u00e9 uma alternativa bastante popular por suas caracter\u00edsticas e benef\u00edcios. Quer entender melhor o que \u00e9 esse tipo de protetor e como escolher [&hellip;]\" \/>\n<meta property=\"og:url\" content=\"https:\/\/www.qualfarma.com.br\/vivabem\/protetor-solar-quimico\/\" \/>\n<meta property=\"og:site_name\" content=\"Blog Viva Bem por Qualfarma\" \/>\n<meta property=\"article:published_time\" content=\"2024-12-24T08:00:00+00:00\" \/>\n<meta property=\"article:modified_time\" content=\"2025-09-02T20:21:32+00:00\" \/>\n<meta property=\"og:image\" content=\"https:\/\/www.qualfarma.com.br\/vivabem\/wp-content\/uploads\/2024\/12\/protetor-solar-quimico.jpg\" \/>\n\t<meta property=\"og:image:width\" content=\"750\" \/>\n\t<meta property=\"og:image:height\" content=\"500\" \/>\n\t<meta property=\"og:image:type\" content=\"image\/jpeg\" \/>\n<meta name=\"author\" content=\"Stephanie Kroll\" \/>\n<meta name=\"twitter:card\" content=\"summary_large_image\" \/>\n<meta name=\"twitter:label1\" content=\"Escrito por\" \/>\n\t<meta name=\"twitter:data1\" content=\"Stephanie Kroll\" \/>\n\t<meta name=\"twitter:label2\" content=\"Est. tempo de leitura\" \/>\n\t<meta name=\"twitter:data2\" content=\"4 minutos\" \/>\n<script type=\"application\/ld+json\" class=\"yoast-schema-graph\">{\"@context\":\"https:\\\/\\\/schema.org\",\"@graph\":[{\"@type\":\"Article\",\"@id\":\"https:\\\/\\\/www.qualfarma.com.br\\\/vivabem\\\/protetor-solar-quimico\\\/#article\",\"isPartOf\":{\"@id\":\"https:\\\/\\\/www.qualfarma.com.br\\\/vivabem\\\/protetor-solar-quimico\\\/\"},\"author\":{\"name\":\"Stephanie Kroll\",\"@id\":\"https:\\\/\\\/www.qualfarma.com.br\\\/vivabem\\\/#\\\/schema\\\/person\\\/a690dda13b8cef2d1093f56c7e09b224\"},\"headline\":\"Protetor solar qu\u00edmico: benef\u00edcios e como escolher o ideal\",\"datePublished\":\"2024-12-24T08:00:00+00:00\",\"dateModified\":\"2025-09-02T20:21:32+00:00\",\"mainEntityOfPage\":{\"@id\":\"https:\\\/\\\/www.qualfarma.com.br\\\/vivabem\\\/protetor-solar-quimico\\\/\"},\"wordCount\":739,\"commentCount\":0,\"image\":{\"@id\":\"https:\\\/\\\/www.qualfarma.com.br\\\/vivabem\\\/protetor-solar-quimico\\\/#primaryimage\"},\"thumbnailUrl\":\"https:\\\/\\\/www.qualfarma.com.br\\\/vivabem\\\/wp-content\\\/uploads\\\/2024\\\/12\\\/protetor-solar-quimico.jpg\",\"articleSection\":[\"Sa\u00fade\",\"Sa\u00fade da pele\"],\"inLanguage\":\"pt-BR\",\"potentialAction\":[{\"@type\":\"CommentAction\",\"name\":\"Comment\",\"target\":[\"https:\\\/\\\/www.qualfarma.com.br\\\/vivabem\\\/protetor-solar-quimico\\\/#respond\"]}]},{\"@type\":\"WebPage\",\"@id\":\"https:\\\/\\\/www.qualfarma.com.br\\\/vivabem\\\/protetor-solar-quimico\\\/\",\"url\":\"https:\\\/\\\/www.qualfarma.com.br\\\/vivabem\\\/protetor-solar-quimico\\\/\",\"name\":\"Protetor solar qu\u00edmico: benef\u00edcios e como escolher o ideal\",\"isPartOf\":{\"@id\":\"https:\\\/\\\/www.qualfarma.com.br\\\/vivabem\\\/#website\"},\"primaryImageOfPage\":{\"@id\":\"https:\\\/\\\/www.qualfarma.com.br\\\/vivabem\\\/protetor-solar-quimico\\\/#primaryimage\"},\"image\":{\"@id\":\"https:\\\/\\\/www.qualfarma.com.br\\\/vivabem\\\/protetor-solar-quimico\\\/#primaryimage\"},\"thumbnailUrl\":\"https:\\\/\\\/www.qualfarma.com.br\\\/vivabem\\\/wp-content\\\/uploads\\\/2024\\\/12\\\/protetor-solar-quimico.jpg\",\"datePublished\":\"2024-12-24T08:00:00+00:00\",\"dateModified\":\"2025-09-02T20:21:32+00:00\",\"author\":{\"@id\":\"https:\\\/\\\/www.qualfarma.com.br\\\/vivabem\\\/#\\\/schema\\\/person\\\/a690dda13b8cef2d1093f56c7e09b224\"},\"breadcrumb\":{\"@id\":\"https:\\\/\\\/www.qualfarma.com.br\\\/vivabem\\\/protetor-solar-quimico\\\/#breadcrumb\"},\"inLanguage\":\"pt-BR\",\"potentialAction\":[{\"@type\":\"ReadAction\",\"target\":[\"https:\\\/\\\/www.qualfarma.com.br\\\/vivabem\\\/protetor-solar-quimico\\\/\"]}]},{\"@type\":\"ImageObject\",\"inLanguage\":\"pt-BR\",\"@id\":\"https:\\\/\\\/www.qualfarma.com.br\\\/vivabem\\\/protetor-solar-quimico\\\/#primaryimage\",\"url\":\"https:\\\/\\\/www.qualfarma.com.br\\\/vivabem\\\/wp-content\\\/uploads\\\/2024\\\/12\\\/protetor-solar-quimico.jpg\",\"contentUrl\":\"https:\\\/\\\/www.qualfarma.com.br\\\/vivabem\\\/wp-content\\\/uploads\\\/2024\\\/12\\\/protetor-solar-quimico.jpg\",\"width\":750,\"height\":500,\"caption\":\"O protetor solar qu\u00edmico pode ser uma boa alternativa para peles oleosas\"},{\"@type\":\"BreadcrumbList\",\"@id\":\"https:\\\/\\\/www.qualfarma.com.br\\\/vivabem\\\/protetor-solar-quimico\\\/#breadcrumb\",\"itemListElement\":[{\"@type\":\"ListItem\",\"position\":1,\"name\":\"Blog Viva Bem\",\"item\":\"https:\\\/\\\/www.qualfarma.com.br\\\/vivabem\\\/\"},{\"@type\":\"ListItem\",\"position\":2,\"name\":\"Sa\u00fade\",\"item\":\"https:\\\/\\\/www.qualfarma.com.br\\\/vivabem\\\/saude\\\/\"},{\"@type\":\"ListItem\",\"position\":3,\"name\":\"Protetor solar qu\u00edmico: benef\u00edcios e como escolher o ideal\"}]},{\"@type\":\"WebSite\",\"@id\":\"https:\\\/\\\/www.qualfarma.com.br\\\/vivabem\\\/#website\",\"url\":\"https:\\\/\\\/www.qualfarma.com.br\\\/vivabem\\\/\",\"name\":\"Blog Viva Bem por Qualfarma\",\"description\":\"\u00ae 2023\",\"potentialAction\":[{\"@type\":\"SearchAction\",\"target\":{\"@type\":\"EntryPoint\",\"urlTemplate\":\"https:\\\/\\\/www.qualfarma.com.br\\\/vivabem\\\/?s={search_term_string}\"},\"query-input\":{\"@type\":\"PropertyValueSpecification\",\"valueRequired\":true,\"valueName\":\"search_term_string\"}}],\"inLanguage\":\"pt-BR\"},{\"@type\":\"Person\",\"@id\":\"https:\\\/\\\/www.qualfarma.com.br\\\/vivabem\\\/#\\\/schema\\\/person\\\/a690dda13b8cef2d1093f56c7e09b224\",\"name\":\"Stephanie Kroll\",\"image\":{\"@type\":\"ImageObject\",\"inLanguage\":\"pt-BR\",\"@id\":\"https:\\\/\\\/secure.gravatar.com\\\/avatar\\\/dd1b82540a7b66c3112346e4a6b0e24b524511df3d028133ca1eea9eafc829bc?s=96&d=mm&r=g\",\"url\":\"https:\\\/\\\/secure.gravatar.com\\\/avatar\\\/dd1b82540a7b66c3112346e4a6b0e24b524511df3d028133ca1eea9eafc829bc?s=96&d=mm&r=g\",\"contentUrl\":\"https:\\\/\\\/secure.gravatar.com\\\/avatar\\\/dd1b82540a7b66c3112346e4a6b0e24b524511df3d028133ca1eea9eafc829bc?s=96&d=mm&r=g\",\"caption\":\"Stephanie Kroll\"},\"description\":\"Graduada em Farm\u00e1cia pela Universidade Federal do Rio de Janeiro (UFRJ), Stephanie Kroll (CRF\\\/RJ 28001) atua na \u00e1rea da sa\u00fade da fam\u00edlia com uma abordagem humanizada e \u00e9 respons\u00e1vel t\u00e9cnica pelos conte\u00fados do Viva Bem por Qualfarma.\"}]}<\/script>\n<!-- \/ Yoast SEO plugin. -->","yoast_head_json":{"title":"Protetor solar qu\u00edmico: benef\u00edcios e como escolher o ideal","robots":{"index":"index","follow":"follow","max-snippet":"max-snippet:-1","max-image-preview":"max-image-preview:large","max-video-preview":"max-video-preview:-1"},"canonical":"https:\/\/www.qualfarma.com.br\/vivabem\/protetor-solar-quimico\/","og_locale":"pt_BR","og_type":"article","og_title":"Protetor solar qu\u00edmico: benef\u00edcios e como escolher o ideal","og_description":"O protetor solar \u00e9 um dos maiores aliados para manter a pele saud\u00e1vel e protegida dos danos causados pelos raios UV. Entre as diversas op\u00e7\u00f5es dispon\u00edveis no mercado, o protetor solar qu\u00edmico \u00e9 uma alternativa bastante popular por suas caracter\u00edsticas e benef\u00edcios. Quer entender melhor o que \u00e9 esse tipo de protetor e como escolher [&hellip;]","og_url":"https:\/\/www.qualfarma.com.br\/vivabem\/protetor-solar-quimico\/","og_site_name":"Blog Viva Bem por Qualfarma","article_published_time":"2024-12-24T08:00:00+00:00","article_modified_time":"2025-09-02T20:21:32+00:00","og_image":[{"width":750,"height":500,"url":"https:\/\/www.qualfarma.com.br\/vivabem\/wp-content\/uploads\/2024\/12\/protetor-solar-quimico.jpg","type":"image\/jpeg"}],"author":"Stephanie Kroll","twitter_card":"summary_large_image","twitter_misc":{"Escrito por":"Stephanie Kroll","Est. tempo de leitura":"4 minutos"},"schema":{"@context":"https:\/\/schema.org","@graph":[{"@type":"Article","@id":"https:\/\/www.qualfarma.com.br\/vivabem\/protetor-solar-quimico\/#article","isPartOf":{"@id":"https:\/\/www.qualfarma.com.br\/vivabem\/protetor-solar-quimico\/"},"author":{"name":"Stephanie Kroll","@id":"https:\/\/www.qualfarma.com.br\/vivabem\/#\/schema\/person\/a690dda13b8cef2d1093f56c7e09b224"},"headline":"Protetor solar qu\u00edmico: benef\u00edcios e como escolher o ideal","datePublished":"2024-12-24T08:00:00+00:00","dateModified":"2025-09-02T20:21:32+00:00","mainEntityOfPage":{"@id":"https:\/\/www.qualfarma.com.br\/vivabem\/protetor-solar-quimico\/"},"wordCount":739,"commentCount":0,"image":{"@id":"https:\/\/www.qualfarma.com.br\/vivabem\/protetor-solar-quimico\/#primaryimage"},"thumbnailUrl":"https:\/\/www.qualfarma.com.br\/vivabem\/wp-content\/uploads\/2024\/12\/protetor-solar-quimico.jpg","articleSection":["Sa\u00fade","Sa\u00fade da pele"],"inLanguage":"pt-BR","potentialAction":[{"@type":"CommentAction","name":"Comment","target":["https:\/\/www.qualfarma.com.br\/vivabem\/protetor-solar-quimico\/#respond"]}]},{"@type":"WebPage","@id":"https:\/\/www.qualfarma.com.br\/vivabem\/protetor-solar-quimico\/","url":"https:\/\/www.qualfarma.com.br\/vivabem\/protetor-solar-quimico\/","name":"Protetor solar qu\u00edmico: benef\u00edcios e como escolher o ideal","isPartOf":{"@id":"https:\/\/www.qualfarma.com.br\/vivabem\/#website"},"primaryImageOfPage":{"@id":"https:\/\/www.qualfarma.com.br\/vivabem\/protetor-solar-quimico\/#primaryimage"},"image":{"@id":"https:\/\/www.qualfarma.com.br\/vivabem\/protetor-solar-quimico\/#primaryimage"},"thumbnailUrl":"https:\/\/www.qualfarma.com.br\/vivabem\/wp-content\/uploads\/2024\/12\/protetor-solar-quimico.jpg","datePublished":"2024-12-24T08:00:00+00:00","dateModified":"2025-09-02T20:21:32+00:00","author":{"@id":"https:\/\/www.qualfarma.com.br\/vivabem\/#\/schema\/person\/a690dda13b8cef2d1093f56c7e09b224"},"breadcrumb":{"@id":"https:\/\/www.qualfarma.com.br\/vivabem\/protetor-solar-quimico\/#breadcrumb"},"inLanguage":"pt-BR","potentialAction":[{"@type":"ReadAction","target":["https:\/\/www.qualfarma.com.br\/vivabem\/protetor-solar-quimico\/"]}]},{"@type":"ImageObject","inLanguage":"pt-BR","@id":"https:\/\/www.qualfarma.com.br\/vivabem\/protetor-solar-quimico\/#primaryimage","url":"https:\/\/www.qualfarma.com.br\/vivabem\/wp-content\/uploads\/2024\/12\/protetor-solar-quimico.jpg","contentUrl":"https:\/\/www.qualfarma.com.br\/vivabem\/wp-content\/uploads\/2024\/12\/protetor-solar-quimico.jpg","width":750,"height":500,"caption":"O protetor solar qu\u00edmico pode ser uma boa alternativa para peles oleosas"},{"@type":"BreadcrumbList","@id":"https:\/\/www.qualfarma.com.br\/vivabem\/protetor-solar-quimico\/#breadcrumb","itemListElement":[{"@type":"ListItem","position":1,"name":"Blog Viva Bem","item":"https:\/\/www.qualfarma.com.br\/vivabem\/"},{"@type":"ListItem","position":2,"name":"Sa\u00fade","item":"https:\/\/www.qualfarma.com.br\/vivabem\/saude\/"},{"@type":"ListItem","position":3,"name":"Protetor solar qu\u00edmico: benef\u00edcios e como escolher o ideal"}]},{"@type":"WebSite","@id":"https:\/\/www.qualfarma.com.br\/vivabem\/#website","url":"https:\/\/www.qualfarma.com.br\/vivabem\/","name":"Blog Viva Bem por Qualfarma","description":"\u00ae 2023","potentialAction":[{"@type":"SearchAction","target":{"@type":"EntryPoint","urlTemplate":"https:\/\/www.qualfarma.com.br\/vivabem\/?s={search_term_string}"},"query-input":{"@type":"PropertyValueSpecification","valueRequired":true,"valueName":"search_term_string"}}],"inLanguage":"pt-BR"},{"@type":"Person","@id":"https:\/\/www.qualfarma.com.br\/vivabem\/#\/schema\/person\/a690dda13b8cef2d1093f56c7e09b224","name":"Stephanie Kroll","image":{"@type":"ImageObject","inLanguage":"pt-BR","@id":"https:\/\/secure.gravatar.com\/avatar\/dd1b82540a7b66c3112346e4a6b0e24b524511df3d028133ca1eea9eafc829bc?s=96&d=mm&r=g","url":"https:\/\/secure.gravatar.com\/avatar\/dd1b82540a7b66c3112346e4a6b0e24b524511df3d028133ca1eea9eafc829bc?s=96&d=mm&r=g","contentUrl":"https:\/\/secure.gravatar.com\/avatar\/dd1b82540a7b66c3112346e4a6b0e24b524511df3d028133ca1eea9eafc829bc?s=96&d=mm&r=g","caption":"Stephanie Kroll"},"description":"Graduada em Farm\u00e1cia pela Universidade Federal do Rio de Janeiro (UFRJ), Stephanie Kroll (CRF\/RJ 28001) atua na \u00e1rea da sa\u00fade da fam\u00edlia com uma abordagem humanizada e \u00e9 respons\u00e1vel t\u00e9cnica pelos conte\u00fados do Viva Bem por Qualfarma."}]}},"jetpack_featured_media_url":"https:\/\/www.qualfarma.com.br\/vivabem\/wp-content\/uploads\/2024\/12\/protetor-solar-quimico.jpg","tpgb_featured_images":{"full":["https:\/\/www.qualfarma.com.br\/vivabem\/wp-content\/uploads\/2024\/12\/protetor-solar-quimico.jpg",750,500,false],"tp-image-grid":["https:\/\/www.qualfarma.com.br\/vivabem\/wp-content\/uploads\/2024\/12\/protetor-solar-quimico-700x700.jpg",700,700,true],"thumbnail":["https:\/\/www.qualfarma.com.br\/vivabem\/wp-content\/uploads\/2024\/12\/protetor-solar-quimico-150x150.jpg",150,150,true],"medium":["https:\/\/www.qualfarma.com.br\/vivabem\/wp-content\/uploads\/2024\/12\/protetor-solar-quimico-300x200.jpg",300,200,true],"medium_large":["https:\/\/www.qualfarma.com.br\/vivabem\/wp-content\/uploads\/2024\/12\/protetor-solar-quimico.jpg",750,500,false],"large":["https:\/\/www.qualfarma.com.br\/vivabem\/wp-content\/uploads\/2024\/12\/protetor-solar-quimico.jpg",750,500,false],"default":"https:\/\/www.qualfarma.com.br\/vivabem\/wp-content\/plugins\/the-plus-addons-for-block-editor\/assets\/images\/tpgb-placeholder.jpg"},"tpgb_post_meta_info":{"get_date":"dezembro 24, 2024","get_modified_date":"setembro 2, 2025","category_list":{"category":[{"term_id":106,"name":"Sa\u00fade","slug":"saude","term_group":0,"term_taxonomy_id":106,"taxonomy":"category","description":"Cuide da sua sa\u00fade com conte\u00fados informativos e dicas pr\u00e1ticas. No Viva Bem por Qualfarma, voc\u00ea encontra informa\u00e7\u00f5es sobre sa\u00fade f\u00edsica e mental, amplia seus conhecimentos sobre doen\u00e7as e sintomas e muito mais. Mantenha sua sa\u00fade sempre em dia e viva bem com Qualfarma.","parent":0,"count":23,"filter":"raw"},{"term_id":109,"name":"Sa\u00fade da pele","slug":"saude-da-pele","term_group":0,"term_taxonomy_id":109,"taxonomy":"category","description":"","parent":106,"count":13,"filter":"raw"}],"post_tag":false},"author_name":"Stephanie Kroll","author_url":"https:\/\/www.qualfarma.com.br\/vivabem\/author\/sterabelohotmail-com\/","author_email":"sterabelo@hotmail.com","author_website":"","author_description":"Graduada em Farm\u00e1cia pela Universidade Federal do Rio de Janeiro (UFRJ), Stephanie Kroll (CRF\/RJ 28001) atua na \u00e1rea da sa\u00fade da fam\u00edlia com uma abordagem humanizada e \u00e9 respons\u00e1vel t\u00e9cnica pelos conte\u00fados do Viva Bem por Qualfarma.","author_facebook":"","author_twitter":"","author_instagram":"","author_role":["editor"],"author_firstname":"Stephanie","author_lastname":"Kroll","user_login":"sterabelo@hotmail.com","author_avatar":"<img alt='' src='https:\/\/secure.gravatar.com\/avatar\/dd1b82540a7b66c3112346e4a6b0e24b524511df3d028133ca1eea9eafc829bc?s=200&#038;d=mm&#038;r=g' srcset='https:\/\/secure.gravatar.com\/avatar\/dd1b82540a7b66c3112346e4a6b0e24b524511df3d028133ca1eea9eafc829bc?s=400&#038;d=mm&#038;r=g 2x' class='avatar avatar-200 photo' height='200' width='200' decoding='async'\/>","author_avatar_url":"https:\/\/secure.gravatar.com\/avatar\/dd1b82540a7b66c3112346e4a6b0e24b524511df3d028133ca1eea9eafc829bc?s=96&d=mm&r=g","comment_count":0,"post_likes":0,"post_views":0},"tpgb_post_category":{"category":"<a href=\"https:\/\/www.qualfarma.com.br\/vivabem\/saude\/\" alt=\"Sa\u00fade\"  class=\"category-saude\">Sa\u00fade<\/a> <a href=\"https:\/\/www.qualfarma.com.br\/vivabem\/saude\/saude-da-pele\/\" alt=\"Sa\u00fade da pele\"  class=\"category-saude-da-pele\">Sa\u00fade da pele<\/a> "},"_links":{"self":[{"href":"https:\/\/www.qualfarma.com.br\/vivabem\/wp-json\/wp\/v2\/posts\/4171","targetHints":{"allow":["GET"]}}],"collection":[{"href":"https:\/\/www.qualfarma.com.br\/vivabem\/wp-json\/wp\/v2\/posts"}],"about":[{"href":"https:\/\/www.qualfarma.com.br\/vivabem\/wp-json\/wp\/v2\/types\/post"}],"author":[{"embeddable":true,"href":"https:\/\/www.qualfarma.com.br\/vivabem\/wp-json\/wp\/v2\/users\/7"}],"replies":[{"embeddable":true,"href":"https:\/\/www.qualfarma.com.br\/vivabem\/wp-json\/wp\/v2\/comments?post=4171"}],"version-history":[{"count":3,"href":"https:\/\/www.qualfarma.com.br\/vivabem\/wp-json\/wp\/v2\/posts\/4171\/revisions"}],"predecessor-version":[{"id":4500,"href":"https:\/\/www.qualfarma.com.br\/vivabem\/wp-json\/wp\/v2\/posts\/4171\/revisions\/4500"}],"wp:featuredmedia":[{"embeddable":true,"href":"https:\/\/www.qualfarma.com.br\/vivabem\/wp-json\/wp\/v2\/media\/4173"}],"wp:attachment":[{"href":"https:\/\/www.qualfarma.com.br\/vivabem\/wp-json\/wp\/v2\/media?parent=4171"}],"wp:term":[{"taxonomy":"category","embeddable":true,"href":"https:\/\/www.qualfarma.com.br\/vivabem\/wp-json\/wp\/v2\/categories?post=4171"},{"taxonomy":"post_tag","embeddable":true,"href":"https:\/\/www.qualfarma.com.br\/vivabem\/wp-json\/wp\/v2\/tags?post=4171"}],"curies":[{"name":"wp","href":"https:\/\/api.w.org\/{rel}","templated":true}]}}