{"id":4163,"date":"2024-12-17T13:00:00","date_gmt":"2024-12-17T13:00:00","guid":{"rendered":"https:\/\/www.qualfarma.com.br\/vivabem\/?p=4163"},"modified":"2025-09-02T18:19:34","modified_gmt":"2025-09-02T18:19:34","slug":"protetor-solar-fisico","status":"publish","type":"post","link":"https:\/\/www.qualfarma.com.br\/vivabem\/protetor-solar-fisico\/","title":{"rendered":"Protetor solar f\u00edsico: caracter\u00edsticas, benef\u00edcios e como escolher"},"content":{"rendered":"\n<p>Cuidar da pele envolve mais do que apenas hidrata\u00e7\u00e3o. A prote\u00e7\u00e3o contra os danos causados pela exposi\u00e7\u00e3o ao sol \u00e9 indispens\u00e1vel, e o <strong>protetor solar f\u00edsico<\/strong>, tamb\u00e9m conhecido como filtro solar mineral, \u00e9 uma escolha que tem ganhado destaque entre quem busca uma barreira segura e eficaz. <\/p>\n\n\n\n<p>Mas o que o diferencia? Confira mais sobre suas caracter\u00edsticas, benef\u00edcios e como escolher o ideal para o seu dia a dia.<\/p>\n\n\n\n<div id=\"ez-toc-container\" class=\"ez-toc-v2_0_82_2 counter-hierarchy ez-toc-counter ez-toc-grey ez-toc-container-direction\">\n<div class=\"ez-toc-title-container\">\n<p class=\"ez-toc-title\" style=\"cursor:inherit\">Navegue pelo assunto<\/p>\n<span class=\"ez-toc-title-toggle\"><\/span><\/div>\n<nav><ul class='ez-toc-list ez-toc-list-level-1 ' ><li class='ez-toc-page-1 ez-toc-heading-level-2'><a class=\"ez-toc-link ez-toc-heading-1\" href=\"https:\/\/www.qualfarma.com.br\/vivabem\/protetor-solar-fisico\/#O_que_e_protetor_solar_fisico\" >O que \u00e9 protetor solar f\u00edsico?<\/a><ul class='ez-toc-list-level-3' ><li class='ez-toc-heading-level-3'><a class=\"ez-toc-link ez-toc-heading-2\" href=\"https:\/\/www.qualfarma.com.br\/vivabem\/protetor-solar-fisico\/#Caracteristicas_do_protetor_solar_fisico\" >Caracter\u00edsticas do protetor solar f\u00edsico<\/a><\/li><li class='ez-toc-page-1 ez-toc-heading-level-3'><a class=\"ez-toc-link ez-toc-heading-3\" href=\"https:\/\/www.qualfarma.com.br\/vivabem\/protetor-solar-fisico\/#Beneficios_de_usar_protetor_solar_fisico\" >Benef\u00edcios de usar protetor solar f\u00edsico<\/a><\/li><\/ul><\/li><li class='ez-toc-page-1 ez-toc-heading-level-2'><a class=\"ez-toc-link ez-toc-heading-4\" href=\"https:\/\/www.qualfarma.com.br\/vivabem\/protetor-solar-fisico\/#Qual_a_diferenca_entre_um_protetor_solar_quimico_e_fisico\" >Qual a diferen\u00e7a entre um protetor solar qu\u00edmico e f\u00edsico?<\/a><ul class='ez-toc-list-level-3' ><li class='ez-toc-heading-level-3'><a class=\"ez-toc-link ez-toc-heading-5\" href=\"https:\/\/www.qualfarma.com.br\/vivabem\/protetor-solar-fisico\/#E_qual_e_o_melhor_Protetor_quimico_ou_fisico\" >E qual \u00e9 o melhor? Protetor qu\u00edmico ou f\u00edsico?<\/a><\/li><\/ul><\/li><\/ul><\/nav><\/div>\n<h2 class=\"wp-block-heading\"><span class=\"ez-toc-section\" id=\"O_que_e_protetor_solar_fisico\"><\/span>O que \u00e9 protetor solar f\u00edsico?<span class=\"ez-toc-section-end\"><\/span><\/h2>\n\n\n\n<p>O protetor solar f\u00edsico \u00e9 um tipo de filtro que age criando uma barreira sobre a pele. Ele reflete e dispersa os raios solares, impedindo que eles penetrem e causem danos. <\/p>\n\n\n\n<p>Ao contr\u00e1rio dos protetores qu\u00edmicos, que absorvem a radia\u00e7\u00e3o ultravioleta (UV) e a transformam em calor, o protetor f\u00edsico utiliza ingredientes minerais, como \u00f3xido de zinco e di\u00f3xido de tit\u00e2nio, para bloquear os raios UV de forma imediata.<\/p>\n\n\n\n<h3 class=\"wp-block-heading\"><span class=\"ez-toc-section\" id=\"Caracteristicas_do_protetor_solar_fisico\"><\/span>Caracter\u00edsticas do protetor solar f\u00edsico<span class=\"ez-toc-section-end\"><\/span><\/h3>\n\n\n\n<p>Se voc\u00ea j\u00e1 ouviu falar que esse tipo de protetor deixa a pele esbranqui\u00e7ada, saiba que isso est\u00e1 relacionado \u00e0 sua composi\u00e7\u00e3o. Mas essa \u00e9 somente uma das suas caracter\u00edsticas! Confira as principais a seguir:<\/p>\n\n\n\n<ul class=\"wp-block-list\">\n<li><strong>Ingredientes minerais:<\/strong> \u00f3xido de zinco e di\u00f3xido de tit\u00e2nio s\u00e3o os principais ativos;<\/li>\n\n\n\n<li><strong>A\u00e7\u00e3o imediata:<\/strong> n\u00e3o precisa esperar para come\u00e7ar a proteger a pele;<\/li>\n\n\n\n<li><strong>Textura mais densa:<\/strong> pode deixar um leve res\u00edduo esbranqui\u00e7ado, mas vers\u00f5es modernas minimizam esse efeito;<\/li>\n\n\n\n<li><strong>Indicado para peles sens\u00edveis:<\/strong> minimiza rea\u00e7\u00f5es al\u00e9rgicas e irrita\u00e7\u00f5es;<\/li>\n\n\n\n<li><strong>Amigo da natureza:<\/strong> menos prejudicial \u00e0 vida marinha quando comparado a muitos filtros qu\u00edmicos.<\/li>\n<\/ul>\n\n\n\n<h3 class=\"wp-block-heading\"><span class=\"ez-toc-section\" id=\"Beneficios_de_usar_protetor_solar_fisico\"><\/span>Benef\u00edcios de usar protetor solar f\u00edsico<span class=\"ez-toc-section-end\"><\/span><\/h3>\n\n\n\n<p>O uso desse tipo de protetor traz uma s\u00e9rie de vantagens. Ele oferece ampla prote\u00e7\u00e3o contra os raios UVA e UVB, essenciais para evitar queimaduras, manchas e o envelhecimento precoce. Por formar uma barreira sobre a pele, \u00e9 ideal para pessoas com condi\u00e7\u00f5es como ros\u00e1cea, melasma ou dermatite.<\/p>\n\n\n\n<p>Al\u00e9m disso, \u00e9 um grande aliado na rotina de quem tem acne, j\u00e1 que tende a ser menos absorvido pela pele, reduzindo o risco de obstru\u00e7\u00e3o dos poros. E, como atua diretamente sobre a superf\u00edcie da pele, tamb\u00e9m ajuda a proteger contra o fotoenvelhecimento, um dos principais causadores de rugas e flacidez.<\/p>\n\n\n\n<p>Quais s\u00e3o protetores solares f\u00edsicos?Atualmente, diversas marcas oferecem protetores solares f\u00edsicos de alta qualidade. Algumas op\u00e7\u00f5es dispon\u00edveis no mercado incluem:<\/p>\n\n\n\n<ul class=\"wp-block-list\">\n<li><strong>KHOR<\/strong>: oferece protetores solares f\u00edsicos com part\u00edculas micronizadas, visando performance sem causar toxicidade para o corpo nem para o ambiente;<\/li>\n\n\n\n<li><strong>Quintal<\/strong>: o Protetor Solar Mineralis FPS 50+ combina filtros minerais para uma prote\u00e7\u00e3o eficaz, com foco em minimizar o efeito esbranqui\u00e7ado. <\/li>\n<\/ul>\n\n\n\n<h2 class=\"wp-block-heading\"><span class=\"ez-toc-section\" id=\"Qual_a_diferenca_entre_um_protetor_solar_quimico_e_fisico\"><\/span>Qual a diferen\u00e7a entre um protetor solar qu\u00edmico e f\u00edsico?<span class=\"ez-toc-section-end\"><\/span><\/h2>\n\n\n\n<p>A principal diferen\u00e7a entre os dois tipos est\u00e1 na forma como eles agem na pele. Enquanto o protetor f\u00edsico cria uma barreira que reflete os raios solares, o qu\u00edmico funciona absorvendo a radia\u00e7\u00e3o UV e transformando-a em calor.<\/p>\n\n\n\n<p>Por ser mais suave, o f\u00edsico \u00e9 indicado para pessoas com peles sens\u00edveis ou condi\u00e7\u00f5es dermatol\u00f3gicas. J\u00e1 o qu\u00edmico costuma ter uma textura mais leve, sendo uma escolha frequente para quem busca praticidade no dia a dia.<\/p>\n\n\n\n<p>Outra diferen\u00e7a importante \u00e9 que o protetor f\u00edsico come\u00e7a a agir imediatamente ap\u00f3s a aplica\u00e7\u00e3o, enquanto o qu\u00edmico requer cerca de 20 minutos para ativar sua prote\u00e7\u00e3o.<\/p>\n\n\n\n<h3 class=\"wp-block-heading\"><span class=\"ez-toc-section\" id=\"E_qual_e_o_melhor_Protetor_quimico_ou_fisico\"><\/span>E qual \u00e9 o melhor? Protetor qu\u00edmico ou f\u00edsico?<span class=\"ez-toc-section-end\"><\/span><\/h3>\n\n\n\n<p>A resposta depende das necessidades da sua pele. Para quem tem pele sens\u00edvel ou busca uma alternativa mais natural, o protetor f\u00edsico \u00e9 a melhor op\u00e7\u00e3o. Ele tamb\u00e9m \u00e9 ideal para beb\u00eas e crian\u00e7as.<\/p>\n\n\n\n<p>Por outro lado, se voc\u00ea prefere texturas invis\u00edveis e que se adaptem facilmente ao dia a dia, o protetor qu\u00edmico pode ser mais conveniente. Independentemente do tipo, o importante \u00e9 usar <a href=\"https:\/\/www.qualfarma.com.br\/vivabem\/protetor-solar-para-cada-tipo-de-pele-confira-as-indicacoes\/\" target=\"_blank\" rel=\"noreferrer noopener\">protetor solar<\/a> diariamente para proteger sua pele e garantir uma apar\u00eancia saud\u00e1vel por mais tempo.<\/p>\n\n\n\n<p>O protetor solar f\u00edsico \u00e9 uma \u00f3tima escolha para proteger a pele do sol, especialmente para quem tem pele sens\u00edvel ou busca uma barreira mais segura. Usar esse produto todos os dias ajuda a prevenir manchas, envelhecimento precoce e outros danos causados pelos raios UV. Escolha o que combina melhor com voc\u00ea e garanta uma pele protegida e saud\u00e1vel!<br><\/p>\n","protected":false},"excerpt":{"rendered":"<p>Cuidar da pele envolve mais do que apenas hidrata\u00e7\u00e3o. A prote\u00e7\u00e3o contra os danos causados pela exposi\u00e7\u00e3o ao sol \u00e9 indispens\u00e1vel, e o protetor solar f\u00edsico, tamb\u00e9m conhecido como filtro solar mineral, \u00e9 uma escolha que tem ganhado destaque entre quem busca uma barreira segura e eficaz. Mas o que o diferencia? Confira mais sobre [&hellip;]<\/p>\n","protected":false},"author":7,"featured_media":4162,"comment_status":"open","ping_status":"open","sticky":false,"template":"","format":"standard","meta":{"tpgb_global_settings":"","footnotes":""},"categories":[106,109],"tags":[87,91],"class_list":["post-4163","post","type-post","status-publish","format-standard","has-post-thumbnail","hentry","category-saude","category-saude-da-pele","tag-saude","tag-saude-da-pele"],"yoast_head":"<!-- This site is optimized with the Yoast SEO plugin v27.5 - https:\/\/yoast.com\/product\/yoast-seo-wordpress\/ -->\n<title>Protetor solar f\u00edsico: caracter\u00edsticas, benef\u00edcios e como escolher<\/title>\n<meta name=\"description\" content=\"J\u00e1 pensou em proteger sua pele com protetor solar f\u00edsico? Conhe\u00e7a os benef\u00edcios, diferen\u00e7as e dicas para incluir na sua rotina de cuidados.\" \/>\n<meta name=\"robots\" content=\"index, follow, max-snippet:-1, max-image-preview:large, max-video-preview:-1\" \/>\n<link rel=\"canonical\" href=\"https:\/\/www.qualfarma.com.br\/vivabem\/protetor-solar-fisico\/\" \/>\n<meta property=\"og:locale\" content=\"pt_BR\" \/>\n<meta property=\"og:type\" content=\"article\" \/>\n<meta property=\"og:title\" content=\"Protetor solar f\u00edsico: caracter\u00edsticas, benef\u00edcios e como escolher\" \/>\n<meta property=\"og:description\" content=\"J\u00e1 pensou em proteger sua pele com protetor solar f\u00edsico? Conhe\u00e7a os benef\u00edcios, diferen\u00e7as e dicas para incluir na sua rotina de cuidados.\" \/>\n<meta property=\"og:url\" content=\"https:\/\/www.qualfarma.com.br\/vivabem\/protetor-solar-fisico\/\" \/>\n<meta property=\"og:site_name\" content=\"Blog Viva Bem por Qualfarma\" \/>\n<meta property=\"article:published_time\" content=\"2024-12-17T13:00:00+00:00\" \/>\n<meta property=\"article:modified_time\" content=\"2025-09-02T18:19:34+00:00\" \/>\n<meta property=\"og:image\" content=\"https:\/\/www.qualfarma.com.br\/vivabem\/wp-content\/uploads\/2024\/12\/protetor-solar-fisico.jpg\" \/>\n\t<meta property=\"og:image:width\" content=\"750\" \/>\n\t<meta property=\"og:image:height\" content=\"500\" \/>\n\t<meta property=\"og:image:type\" content=\"image\/jpeg\" \/>\n<meta name=\"author\" content=\"Stephanie Kroll\" \/>\n<meta name=\"twitter:card\" content=\"summary_large_image\" \/>\n<meta name=\"twitter:label1\" content=\"Escrito por\" \/>\n\t<meta name=\"twitter:data1\" content=\"Stephanie Kroll\" \/>\n\t<meta name=\"twitter:label2\" content=\"Est. tempo de leitura\" \/>\n\t<meta name=\"twitter:data2\" content=\"4 minutos\" \/>\n<script type=\"application\/ld+json\" class=\"yoast-schema-graph\">{\"@context\":\"https:\\\/\\\/schema.org\",\"@graph\":[{\"@type\":\"Article\",\"@id\":\"https:\\\/\\\/www.qualfarma.com.br\\\/vivabem\\\/protetor-solar-fisico\\\/#article\",\"isPartOf\":{\"@id\":\"https:\\\/\\\/www.qualfarma.com.br\\\/vivabem\\\/protetor-solar-fisico\\\/\"},\"author\":{\"name\":\"Stephanie Kroll\",\"@id\":\"https:\\\/\\\/www.qualfarma.com.br\\\/vivabem\\\/#\\\/schema\\\/person\\\/a690dda13b8cef2d1093f56c7e09b224\"},\"headline\":\"Protetor solar f\u00edsico: caracter\u00edsticas, benef\u00edcios e como escolher\",\"datePublished\":\"2024-12-17T13:00:00+00:00\",\"dateModified\":\"2025-09-02T18:19:34+00:00\",\"mainEntityOfPage\":{\"@id\":\"https:\\\/\\\/www.qualfarma.com.br\\\/vivabem\\\/protetor-solar-fisico\\\/\"},\"wordCount\":755,\"commentCount\":0,\"image\":{\"@id\":\"https:\\\/\\\/www.qualfarma.com.br\\\/vivabem\\\/protetor-solar-fisico\\\/#primaryimage\"},\"thumbnailUrl\":\"https:\\\/\\\/www.qualfarma.com.br\\\/vivabem\\\/wp-content\\\/uploads\\\/2024\\\/12\\\/protetor-solar-fisico.jpg\",\"keywords\":[\"Sa\u00fade\",\"Sa\u00fade da Pele\"],\"articleSection\":[\"Sa\u00fade\",\"Sa\u00fade da pele\"],\"inLanguage\":\"pt-BR\",\"potentialAction\":[{\"@type\":\"CommentAction\",\"name\":\"Comment\",\"target\":[\"https:\\\/\\\/www.qualfarma.com.br\\\/vivabem\\\/protetor-solar-fisico\\\/#respond\"]}]},{\"@type\":\"WebPage\",\"@id\":\"https:\\\/\\\/www.qualfarma.com.br\\\/vivabem\\\/protetor-solar-fisico\\\/\",\"url\":\"https:\\\/\\\/www.qualfarma.com.br\\\/vivabem\\\/protetor-solar-fisico\\\/\",\"name\":\"Protetor solar f\u00edsico: caracter\u00edsticas, benef\u00edcios e como escolher\",\"isPartOf\":{\"@id\":\"https:\\\/\\\/www.qualfarma.com.br\\\/vivabem\\\/#website\"},\"primaryImageOfPage\":{\"@id\":\"https:\\\/\\\/www.qualfarma.com.br\\\/vivabem\\\/protetor-solar-fisico\\\/#primaryimage\"},\"image\":{\"@id\":\"https:\\\/\\\/www.qualfarma.com.br\\\/vivabem\\\/protetor-solar-fisico\\\/#primaryimage\"},\"thumbnailUrl\":\"https:\\\/\\\/www.qualfarma.com.br\\\/vivabem\\\/wp-content\\\/uploads\\\/2024\\\/12\\\/protetor-solar-fisico.jpg\",\"datePublished\":\"2024-12-17T13:00:00+00:00\",\"dateModified\":\"2025-09-02T18:19:34+00:00\",\"author\":{\"@id\":\"https:\\\/\\\/www.qualfarma.com.br\\\/vivabem\\\/#\\\/schema\\\/person\\\/a690dda13b8cef2d1093f56c7e09b224\"},\"description\":\"J\u00e1 pensou em proteger sua pele com protetor solar f\u00edsico? Conhe\u00e7a os benef\u00edcios, diferen\u00e7as e dicas para incluir na sua rotina de cuidados.\",\"breadcrumb\":{\"@id\":\"https:\\\/\\\/www.qualfarma.com.br\\\/vivabem\\\/protetor-solar-fisico\\\/#breadcrumb\"},\"inLanguage\":\"pt-BR\",\"potentialAction\":[{\"@type\":\"ReadAction\",\"target\":[\"https:\\\/\\\/www.qualfarma.com.br\\\/vivabem\\\/protetor-solar-fisico\\\/\"]}]},{\"@type\":\"ImageObject\",\"inLanguage\":\"pt-BR\",\"@id\":\"https:\\\/\\\/www.qualfarma.com.br\\\/vivabem\\\/protetor-solar-fisico\\\/#primaryimage\",\"url\":\"https:\\\/\\\/www.qualfarma.com.br\\\/vivabem\\\/wp-content\\\/uploads\\\/2024\\\/12\\\/protetor-solar-fisico.jpg\",\"contentUrl\":\"https:\\\/\\\/www.qualfarma.com.br\\\/vivabem\\\/wp-content\\\/uploads\\\/2024\\\/12\\\/protetor-solar-fisico.jpg\",\"width\":750,\"height\":500,\"caption\":\"O protetor solar f\u00edsico pode ser uma boa escolha para peles sens\u00edveis!\"},{\"@type\":\"BreadcrumbList\",\"@id\":\"https:\\\/\\\/www.qualfarma.com.br\\\/vivabem\\\/protetor-solar-fisico\\\/#breadcrumb\",\"itemListElement\":[{\"@type\":\"ListItem\",\"position\":1,\"name\":\"Blog Viva Bem\",\"item\":\"https:\\\/\\\/www.qualfarma.com.br\\\/vivabem\\\/\"},{\"@type\":\"ListItem\",\"position\":2,\"name\":\"Sa\u00fade\",\"item\":\"https:\\\/\\\/www.qualfarma.com.br\\\/vivabem\\\/saude\\\/\"},{\"@type\":\"ListItem\",\"position\":3,\"name\":\"Sa\u00fade da pele\",\"item\":\"https:\\\/\\\/www.qualfarma.com.br\\\/vivabem\\\/saude\\\/saude-da-pele\\\/\"},{\"@type\":\"ListItem\",\"position\":4,\"name\":\"Protetor solar f\u00edsico: caracter\u00edsticas, benef\u00edcios e como escolher\"}]},{\"@type\":\"WebSite\",\"@id\":\"https:\\\/\\\/www.qualfarma.com.br\\\/vivabem\\\/#website\",\"url\":\"https:\\\/\\\/www.qualfarma.com.br\\\/vivabem\\\/\",\"name\":\"Blog Viva Bem por Qualfarma\",\"description\":\"\u00ae 2023\",\"potentialAction\":[{\"@type\":\"SearchAction\",\"target\":{\"@type\":\"EntryPoint\",\"urlTemplate\":\"https:\\\/\\\/www.qualfarma.com.br\\\/vivabem\\\/?s={search_term_string}\"},\"query-input\":{\"@type\":\"PropertyValueSpecification\",\"valueRequired\":true,\"valueName\":\"search_term_string\"}}],\"inLanguage\":\"pt-BR\"},{\"@type\":\"Person\",\"@id\":\"https:\\\/\\\/www.qualfarma.com.br\\\/vivabem\\\/#\\\/schema\\\/person\\\/a690dda13b8cef2d1093f56c7e09b224\",\"name\":\"Stephanie Kroll\",\"image\":{\"@type\":\"ImageObject\",\"inLanguage\":\"pt-BR\",\"@id\":\"https:\\\/\\\/secure.gravatar.com\\\/avatar\\\/dd1b82540a7b66c3112346e4a6b0e24b524511df3d028133ca1eea9eafc829bc?s=96&d=mm&r=g\",\"url\":\"https:\\\/\\\/secure.gravatar.com\\\/avatar\\\/dd1b82540a7b66c3112346e4a6b0e24b524511df3d028133ca1eea9eafc829bc?s=96&d=mm&r=g\",\"contentUrl\":\"https:\\\/\\\/secure.gravatar.com\\\/avatar\\\/dd1b82540a7b66c3112346e4a6b0e24b524511df3d028133ca1eea9eafc829bc?s=96&d=mm&r=g\",\"caption\":\"Stephanie Kroll\"},\"description\":\"Graduada em Farm\u00e1cia pela Universidade Federal do Rio de Janeiro (UFRJ), Stephanie Kroll (CRF\\\/RJ 28001) atua na \u00e1rea da sa\u00fade da fam\u00edlia com uma abordagem humanizada e \u00e9 respons\u00e1vel t\u00e9cnica pelos conte\u00fados do Viva Bem por Qualfarma.\"}]}<\/script>\n<!-- \/ Yoast SEO plugin. -->","yoast_head_json":{"title":"Protetor solar f\u00edsico: caracter\u00edsticas, benef\u00edcios e como escolher","description":"J\u00e1 pensou em proteger sua pele com protetor solar f\u00edsico? Conhe\u00e7a os benef\u00edcios, diferen\u00e7as e dicas para incluir na sua rotina de cuidados.","robots":{"index":"index","follow":"follow","max-snippet":"max-snippet:-1","max-image-preview":"max-image-preview:large","max-video-preview":"max-video-preview:-1"},"canonical":"https:\/\/www.qualfarma.com.br\/vivabem\/protetor-solar-fisico\/","og_locale":"pt_BR","og_type":"article","og_title":"Protetor solar f\u00edsico: caracter\u00edsticas, benef\u00edcios e como escolher","og_description":"J\u00e1 pensou em proteger sua pele com protetor solar f\u00edsico? Conhe\u00e7a os benef\u00edcios, diferen\u00e7as e dicas para incluir na sua rotina de cuidados.","og_url":"https:\/\/www.qualfarma.com.br\/vivabem\/protetor-solar-fisico\/","og_site_name":"Blog Viva Bem por Qualfarma","article_published_time":"2024-12-17T13:00:00+00:00","article_modified_time":"2025-09-02T18:19:34+00:00","og_image":[{"width":750,"height":500,"url":"https:\/\/www.qualfarma.com.br\/vivabem\/wp-content\/uploads\/2024\/12\/protetor-solar-fisico.jpg","type":"image\/jpeg"}],"author":"Stephanie Kroll","twitter_card":"summary_large_image","twitter_misc":{"Escrito por":"Stephanie Kroll","Est. tempo de leitura":"4 minutos"},"schema":{"@context":"https:\/\/schema.org","@graph":[{"@type":"Article","@id":"https:\/\/www.qualfarma.com.br\/vivabem\/protetor-solar-fisico\/#article","isPartOf":{"@id":"https:\/\/www.qualfarma.com.br\/vivabem\/protetor-solar-fisico\/"},"author":{"name":"Stephanie Kroll","@id":"https:\/\/www.qualfarma.com.br\/vivabem\/#\/schema\/person\/a690dda13b8cef2d1093f56c7e09b224"},"headline":"Protetor solar f\u00edsico: caracter\u00edsticas, benef\u00edcios e como escolher","datePublished":"2024-12-17T13:00:00+00:00","dateModified":"2025-09-02T18:19:34+00:00","mainEntityOfPage":{"@id":"https:\/\/www.qualfarma.com.br\/vivabem\/protetor-solar-fisico\/"},"wordCount":755,"commentCount":0,"image":{"@id":"https:\/\/www.qualfarma.com.br\/vivabem\/protetor-solar-fisico\/#primaryimage"},"thumbnailUrl":"https:\/\/www.qualfarma.com.br\/vivabem\/wp-content\/uploads\/2024\/12\/protetor-solar-fisico.jpg","keywords":["Sa\u00fade","Sa\u00fade da Pele"],"articleSection":["Sa\u00fade","Sa\u00fade da pele"],"inLanguage":"pt-BR","potentialAction":[{"@type":"CommentAction","name":"Comment","target":["https:\/\/www.qualfarma.com.br\/vivabem\/protetor-solar-fisico\/#respond"]}]},{"@type":"WebPage","@id":"https:\/\/www.qualfarma.com.br\/vivabem\/protetor-solar-fisico\/","url":"https:\/\/www.qualfarma.com.br\/vivabem\/protetor-solar-fisico\/","name":"Protetor solar f\u00edsico: caracter\u00edsticas, benef\u00edcios e como escolher","isPartOf":{"@id":"https:\/\/www.qualfarma.com.br\/vivabem\/#website"},"primaryImageOfPage":{"@id":"https:\/\/www.qualfarma.com.br\/vivabem\/protetor-solar-fisico\/#primaryimage"},"image":{"@id":"https:\/\/www.qualfarma.com.br\/vivabem\/protetor-solar-fisico\/#primaryimage"},"thumbnailUrl":"https:\/\/www.qualfarma.com.br\/vivabem\/wp-content\/uploads\/2024\/12\/protetor-solar-fisico.jpg","datePublished":"2024-12-17T13:00:00+00:00","dateModified":"2025-09-02T18:19:34+00:00","author":{"@id":"https:\/\/www.qualfarma.com.br\/vivabem\/#\/schema\/person\/a690dda13b8cef2d1093f56c7e09b224"},"description":"J\u00e1 pensou em proteger sua pele com protetor solar f\u00edsico? Conhe\u00e7a os benef\u00edcios, diferen\u00e7as e dicas para incluir na sua rotina de cuidados.","breadcrumb":{"@id":"https:\/\/www.qualfarma.com.br\/vivabem\/protetor-solar-fisico\/#breadcrumb"},"inLanguage":"pt-BR","potentialAction":[{"@type":"ReadAction","target":["https:\/\/www.qualfarma.com.br\/vivabem\/protetor-solar-fisico\/"]}]},{"@type":"ImageObject","inLanguage":"pt-BR","@id":"https:\/\/www.qualfarma.com.br\/vivabem\/protetor-solar-fisico\/#primaryimage","url":"https:\/\/www.qualfarma.com.br\/vivabem\/wp-content\/uploads\/2024\/12\/protetor-solar-fisico.jpg","contentUrl":"https:\/\/www.qualfarma.com.br\/vivabem\/wp-content\/uploads\/2024\/12\/protetor-solar-fisico.jpg","width":750,"height":500,"caption":"O protetor solar f\u00edsico pode ser uma boa escolha para peles sens\u00edveis!"},{"@type":"BreadcrumbList","@id":"https:\/\/www.qualfarma.com.br\/vivabem\/protetor-solar-fisico\/#breadcrumb","itemListElement":[{"@type":"ListItem","position":1,"name":"Blog Viva Bem","item":"https:\/\/www.qualfarma.com.br\/vivabem\/"},{"@type":"ListItem","position":2,"name":"Sa\u00fade","item":"https:\/\/www.qualfarma.com.br\/vivabem\/saude\/"},{"@type":"ListItem","position":3,"name":"Sa\u00fade da pele","item":"https:\/\/www.qualfarma.com.br\/vivabem\/saude\/saude-da-pele\/"},{"@type":"ListItem","position":4,"name":"Protetor solar f\u00edsico: caracter\u00edsticas, benef\u00edcios e como escolher"}]},{"@type":"WebSite","@id":"https:\/\/www.qualfarma.com.br\/vivabem\/#website","url":"https:\/\/www.qualfarma.com.br\/vivabem\/","name":"Blog Viva Bem por Qualfarma","description":"\u00ae 2023","potentialAction":[{"@type":"SearchAction","target":{"@type":"EntryPoint","urlTemplate":"https:\/\/www.qualfarma.com.br\/vivabem\/?s={search_term_string}"},"query-input":{"@type":"PropertyValueSpecification","valueRequired":true,"valueName":"search_term_string"}}],"inLanguage":"pt-BR"},{"@type":"Person","@id":"https:\/\/www.qualfarma.com.br\/vivabem\/#\/schema\/person\/a690dda13b8cef2d1093f56c7e09b224","name":"Stephanie Kroll","image":{"@type":"ImageObject","inLanguage":"pt-BR","@id":"https:\/\/secure.gravatar.com\/avatar\/dd1b82540a7b66c3112346e4a6b0e24b524511df3d028133ca1eea9eafc829bc?s=96&d=mm&r=g","url":"https:\/\/secure.gravatar.com\/avatar\/dd1b82540a7b66c3112346e4a6b0e24b524511df3d028133ca1eea9eafc829bc?s=96&d=mm&r=g","contentUrl":"https:\/\/secure.gravatar.com\/avatar\/dd1b82540a7b66c3112346e4a6b0e24b524511df3d028133ca1eea9eafc829bc?s=96&d=mm&r=g","caption":"Stephanie Kroll"},"description":"Graduada em Farm\u00e1cia pela Universidade Federal do Rio de Janeiro (UFRJ), Stephanie Kroll (CRF\/RJ 28001) atua na \u00e1rea da sa\u00fade da fam\u00edlia com uma abordagem humanizada e \u00e9 respons\u00e1vel t\u00e9cnica pelos conte\u00fados do Viva Bem por Qualfarma."}]}},"jetpack_featured_media_url":"https:\/\/www.qualfarma.com.br\/vivabem\/wp-content\/uploads\/2024\/12\/protetor-solar-fisico.jpg","tpgb_featured_images":{"full":["https:\/\/www.qualfarma.com.br\/vivabem\/wp-content\/uploads\/2024\/12\/protetor-solar-fisico.jpg",750,500,false],"tp-image-grid":["https:\/\/www.qualfarma.com.br\/vivabem\/wp-content\/uploads\/2024\/12\/protetor-solar-fisico-700x700.jpg",700,700,true],"thumbnail":["https:\/\/www.qualfarma.com.br\/vivabem\/wp-content\/uploads\/2024\/12\/protetor-solar-fisico-150x150.jpg",150,150,true],"medium":["https:\/\/www.qualfarma.com.br\/vivabem\/wp-content\/uploads\/2024\/12\/protetor-solar-fisico-300x200.jpg",300,200,true],"medium_large":["https:\/\/www.qualfarma.com.br\/vivabem\/wp-content\/uploads\/2024\/12\/protetor-solar-fisico.jpg",750,500,false],"large":["https:\/\/www.qualfarma.com.br\/vivabem\/wp-content\/uploads\/2024\/12\/protetor-solar-fisico.jpg",750,500,false],"default":"https:\/\/www.qualfarma.com.br\/vivabem\/wp-content\/plugins\/the-plus-addons-for-block-editor\/assets\/images\/tpgb-placeholder.jpg"},"tpgb_post_meta_info":{"get_date":"dezembro 17, 2024","get_modified_date":"setembro 2, 2025","category_list":{"category":[{"term_id":106,"name":"Sa\u00fade","slug":"saude","term_group":0,"term_taxonomy_id":106,"taxonomy":"category","description":"Cuide da sua sa\u00fade com conte\u00fados informativos e dicas pr\u00e1ticas. No Viva Bem por Qualfarma, voc\u00ea encontra informa\u00e7\u00f5es sobre sa\u00fade f\u00edsica e mental, amplia seus conhecimentos sobre doen\u00e7as e sintomas e muito mais. Mantenha sua sa\u00fade sempre em dia e viva bem com Qualfarma.","parent":0,"count":23,"filter":"raw"},{"term_id":109,"name":"Sa\u00fade da pele","slug":"saude-da-pele","term_group":0,"term_taxonomy_id":109,"taxonomy":"category","description":"","parent":106,"count":13,"filter":"raw"}],"post_tag":[{"term_id":87,"name":"Sa\u00fade","slug":"saude","term_group":0,"term_taxonomy_id":87,"taxonomy":"post_tag","description":"","parent":0,"count":21,"filter":"raw"},{"term_id":91,"name":"Sa\u00fade da Pele","slug":"saude-da-pele","term_group":0,"term_taxonomy_id":91,"taxonomy":"post_tag","description":"","parent":0,"count":10,"filter":"raw"}]},"author_name":"Stephanie Kroll","author_url":"https:\/\/www.qualfarma.com.br\/vivabem\/author\/sterabelohotmail-com\/","author_email":"sterabelo@hotmail.com","author_website":"","author_description":"Graduada em Farm\u00e1cia pela Universidade Federal do Rio de Janeiro (UFRJ), Stephanie Kroll (CRF\/RJ 28001) atua na \u00e1rea da sa\u00fade da fam\u00edlia com uma abordagem humanizada e \u00e9 respons\u00e1vel t\u00e9cnica pelos conte\u00fados do Viva Bem por Qualfarma.","author_facebook":"","author_twitter":"","author_instagram":"","author_role":["editor"],"author_firstname":"Stephanie","author_lastname":"Kroll","user_login":"sterabelo@hotmail.com","author_avatar":"<img alt='' src='https:\/\/secure.gravatar.com\/avatar\/dd1b82540a7b66c3112346e4a6b0e24b524511df3d028133ca1eea9eafc829bc?s=200&#038;d=mm&#038;r=g' srcset='https:\/\/secure.gravatar.com\/avatar\/dd1b82540a7b66c3112346e4a6b0e24b524511df3d028133ca1eea9eafc829bc?s=400&#038;d=mm&#038;r=g 2x' class='avatar avatar-200 photo' height='200' width='200' decoding='async'\/>","author_avatar_url":"https:\/\/secure.gravatar.com\/avatar\/dd1b82540a7b66c3112346e4a6b0e24b524511df3d028133ca1eea9eafc829bc?s=96&d=mm&r=g","comment_count":1,"post_likes":0,"post_views":0},"tpgb_post_category":{"category":"<a href=\"https:\/\/www.qualfarma.com.br\/vivabem\/saude\/\" alt=\"Sa\u00fade\"  class=\"category-saude\">Sa\u00fade<\/a> <a href=\"https:\/\/www.qualfarma.com.br\/vivabem\/saude\/saude-da-pele\/\" alt=\"Sa\u00fade da pele\"  class=\"category-saude-da-pele\">Sa\u00fade da pele<\/a> ","post_tag":"<a href=\"https:\/\/www.qualfarma.com.br\/vivabem\/tag\/saude\/\" alt=\"Sa\u00fade\"  class=\"post_tag-saude\">Sa\u00fade<\/a> <a href=\"https:\/\/www.qualfarma.com.br\/vivabem\/tag\/saude-da-pele\/\" alt=\"Sa\u00fade da Pele\"  class=\"post_tag-saude-da-pele\">Sa\u00fade da Pele<\/a> "},"_links":{"self":[{"href":"https:\/\/www.qualfarma.com.br\/vivabem\/wp-json\/wp\/v2\/posts\/4163","targetHints":{"allow":["GET"]}}],"collection":[{"href":"https:\/\/www.qualfarma.com.br\/vivabem\/wp-json\/wp\/v2\/posts"}],"about":[{"href":"https:\/\/www.qualfarma.com.br\/vivabem\/wp-json\/wp\/v2\/types\/post"}],"author":[{"embeddable":true,"href":"https:\/\/www.qualfarma.com.br\/vivabem\/wp-json\/wp\/v2\/users\/7"}],"replies":[{"embeddable":true,"href":"https:\/\/www.qualfarma.com.br\/vivabem\/wp-json\/wp\/v2\/comments?post=4163"}],"version-history":[{"count":2,"href":"https:\/\/www.qualfarma.com.br\/vivabem\/wp-json\/wp\/v2\/posts\/4163\/revisions"}],"predecessor-version":[{"id":4459,"href":"https:\/\/www.qualfarma.com.br\/vivabem\/wp-json\/wp\/v2\/posts\/4163\/revisions\/4459"}],"wp:featuredmedia":[{"embeddable":true,"href":"https:\/\/www.qualfarma.com.br\/vivabem\/wp-json\/wp\/v2\/media\/4162"}],"wp:attachment":[{"href":"https:\/\/www.qualfarma.com.br\/vivabem\/wp-json\/wp\/v2\/media?parent=4163"}],"wp:term":[{"taxonomy":"category","embeddable":true,"href":"https:\/\/www.qualfarma.com.br\/vivabem\/wp-json\/wp\/v2\/categories?post=4163"},{"taxonomy":"post_tag","embeddable":true,"href":"https:\/\/www.qualfarma.com.br\/vivabem\/wp-json\/wp\/v2\/tags?post=4163"}],"curies":[{"name":"wp","href":"https:\/\/api.w.org\/{rel}","templated":true}]}}