{"id":4150,"date":"2024-12-05T13:00:00","date_gmt":"2024-12-05T13:00:00","guid":{"rendered":"https:\/\/www.qualfarma.com.br\/vivabem\/?p=4150"},"modified":"2025-09-02T20:21:21","modified_gmt":"2025-09-02T20:21:21","slug":"mitos-e-verdades-sobre-protetor-solar","status":"publish","type":"post","link":"https:\/\/www.qualfarma.com.br\/vivabem\/mitos-e-verdades-sobre-protetor-solar\/","title":{"rendered":"10 mitos e verdades sobre o protetor solar: saiba o que \u00e9 real"},"content":{"rendered":"\n<p>Os <strong>mitos sobre protetor solar<\/strong> podem gerar d\u00favidas e comprometer a forma como voc\u00ea protege sua pele. Ser\u00e1 que precisa reaplicar tantas vezes assim? E no inverno, o uso ainda \u00e9 necess\u00e1rio? Para acabar com essas incertezas, desvendamos os principais mitos e verdades sobre o protetor solar e como us\u00e1-lo de maneira eficaz. Confira!<\/p>\n\n\n\n<div id=\"ez-toc-container\" class=\"ez-toc-v2_0_82_2 counter-hierarchy ez-toc-counter ez-toc-grey ez-toc-container-direction\">\n<div class=\"ez-toc-title-container\">\n<p class=\"ez-toc-title\" style=\"cursor:inherit\">Navegue pelo assunto<\/p>\n<span class=\"ez-toc-title-toggle\"><\/span><\/div>\n<nav><ul class='ez-toc-list ez-toc-list-level-1 ' ><li class='ez-toc-page-1 ez-toc-heading-level-2'><a class=\"ez-toc-link ez-toc-heading-1\" href=\"https:\/\/www.qualfarma.com.br\/vivabem\/mitos-e-verdades-sobre-protetor-solar\/#O_que_e_mito_e_o_que_e_real_sobre_protetor_solar\" >O que \u00e9 mito e o que \u00e9 real sobre protetor solar?<\/a><ul class='ez-toc-list-level-3' ><li class='ez-toc-heading-level-3'><a class=\"ez-toc-link ez-toc-heading-2\" href=\"https:\/\/www.qualfarma.com.br\/vivabem\/mitos-e-verdades-sobre-protetor-solar\/#1_O_protetor_solar_precisa_ser_reaplicado_para_ter_mais_eficacia\" >1. O protetor solar precisa ser reaplicado para ter mais efic\u00e1cia<\/a><\/li><li class='ez-toc-page-1 ez-toc-heading-level-3'><a class=\"ez-toc-link ez-toc-heading-3\" href=\"https:\/\/www.qualfarma.com.br\/vivabem\/mitos-e-verdades-sobre-protetor-solar\/#2_Protetor_so_e_necessario_quando_esta_fazendo_muito_sol\" >2. Protetor s\u00f3 \u00e9 necess\u00e1rio quando est\u00e1 fazendo muito sol<\/a><\/li><li class='ez-toc-page-1 ez-toc-heading-level-3'><a class=\"ez-toc-link ez-toc-heading-4\" href=\"https:\/\/www.qualfarma.com.br\/vivabem\/mitos-e-verdades-sobre-protetor-solar\/#3_Nao_precisa_usar_protetor_solar_dentro_de_casa\" >3. N\u00e3o precisa usar protetor solar dentro de casa<\/a><ul class='ez-toc-list-level-4' ><li class='ez-toc-heading-level-4'><a class=\"ez-toc-link ez-toc-heading-5\" href=\"https:\/\/www.qualfarma.com.br\/vivabem\/mitos-e-verdades-sobre-protetor-solar\/#4_Protetor_de_FPS_maior_protege_mais\" >4. Protetor de FPS maior protege mais<\/a><\/li><\/ul><\/li><li class='ez-toc-page-1 ez-toc-heading-level-3'><a class=\"ez-toc-link ez-toc-heading-6\" href=\"https:\/\/www.qualfarma.com.br\/vivabem\/mitos-e-verdades-sobre-protetor-solar\/#5_Tem_que_usar_protetor_solar_no_inverno\" >5. Tem que usar protetor solar no inverno<\/a><\/li><li class='ez-toc-page-1 ez-toc-heading-level-3'><a class=\"ez-toc-link ez-toc-heading-7\" href=\"https:\/\/www.qualfarma.com.br\/vivabem\/mitos-e-verdades-sobre-protetor-solar\/#6_Pele_negra_nao_precisa_de_protetor_solar\" >6. Pele negra n\u00e3o precisa de protetor solar<\/a><\/li><li class='ez-toc-page-1 ez-toc-heading-level-3'><a class=\"ez-toc-link ez-toc-heading-8\" href=\"https:\/\/www.qualfarma.com.br\/vivabem\/mitos-e-verdades-sobre-protetor-solar\/#7_Usar_protetor_solar_ajuda_a_prevenir_o_envelhecimento_precoce_da_pele\" >7. Usar protetor solar ajuda a prevenir o envelhecimento precoce da pele<\/a><\/li><li class='ez-toc-page-1 ez-toc-heading-level-3'><a class=\"ez-toc-link ez-toc-heading-9\" href=\"https:\/\/www.qualfarma.com.br\/vivabem\/mitos-e-verdades-sobre-protetor-solar\/#8_Todos_os_protetores_sao_iguais_so_muda_o_FPS\" >8. Todos os protetores s\u00e3o iguais, s\u00f3 muda o FPS<\/a><\/li><li class='ez-toc-page-1 ez-toc-heading-level-3'><a class=\"ez-toc-link ez-toc-heading-10\" href=\"https:\/\/www.qualfarma.com.br\/vivabem\/mitos-e-verdades-sobre-protetor-solar\/#9_Maquiagem_com_FPS_e_suficiente_para_proteger_da_radiacao_solar\" >9. Maquiagem com FPS \u00e9 suficiente para proteger da radia\u00e7\u00e3o solar<\/a><\/li><li class='ez-toc-page-1 ez-toc-heading-level-3'><a class=\"ez-toc-link ez-toc-heading-11\" href=\"https:\/\/www.qualfarma.com.br\/vivabem\/mitos-e-verdades-sobre-protetor-solar\/#10_Protetor_solar_tem_prazo_de_validade\" >10. Protetor solar tem prazo de validade<\/a><\/li><\/ul><\/li><li class='ez-toc-page-1 ez-toc-heading-level-2'><a class=\"ez-toc-link ez-toc-heading-12\" href=\"https:\/\/www.qualfarma.com.br\/vivabem\/mitos-e-verdades-sobre-protetor-solar\/#Dicas_para_aplicar_protetor_solar_%E2%80%93_e_potencializar_sua_protecao\" >Dicas para aplicar protetor solar \u2013 e potencializar sua prote\u00e7\u00e3o!<\/a><\/li><\/ul><\/nav><\/div>\n<h2 class=\"wp-block-heading\"><span class=\"ez-toc-section\" id=\"O_que_e_mito_e_o_que_e_real_sobre_protetor_solar\"><\/span>O que \u00e9 mito e o que \u00e9 real sobre protetor solar?<span class=\"ez-toc-section-end\"><\/span><\/h2>\n\n\n\n<p>O <a href=\"https:\/\/www.qualfarma.com.br\/vivabem\/protetor-solar-para-cada-tipo-de-pele-confira-as-indicacoes\/\" target=\"_blank\" rel=\"noreferrer noopener\">protetor solar<\/a> \u00e9 cercado por informa\u00e7\u00f5es que nem sempre s\u00e3o verdadeiras, o que pode gerar confus\u00e3o sobre como utiliz\u00e1-lo corretamente. Para esclarecer de vez essas d\u00favidas, reunimos os principais mitos e verdades sobre o produto. Veja como garantir uma prote\u00e7\u00e3o eficiente e manter sua pele saud\u00e1vel!<\/p>\n\n\n\n<h3 class=\"wp-block-heading\"><span class=\"ez-toc-section\" id=\"1_O_protetor_solar_precisa_ser_reaplicado_para_ter_mais_eficacia\"><\/span>1. O protetor solar precisa ser reaplicado para ter mais efic\u00e1cia<span class=\"ez-toc-section-end\"><\/span><\/h3>\n\n\n\n<p><strong>Verdade.<\/strong> A prote\u00e7\u00e3o solar diminui ao longo do tempo, principalmente com o suor, o contato com a \u00e1gua e a exposi\u00e7\u00e3o ao sol. Para garantir efic\u00e1cia, \u00e9 necess\u00e1rio reaplicar o protetor a cada duas horas ou ap\u00f3s nadar e transpirar.<\/p>\n\n\n\n<h3 class=\"wp-block-heading\"><span class=\"ez-toc-section\" id=\"2_Protetor_so_e_necessario_quando_esta_fazendo_muito_sol\"><\/span>2. Protetor s\u00f3 \u00e9 necess\u00e1rio quando est\u00e1 fazendo muito sol<span class=\"ez-toc-section-end\"><\/span><\/h3>\n\n\n\n<p><strong>Mito.<\/strong> Os raios UVA e UVB est\u00e3o presentes mesmo em dias nublados ou chuvosos. Eles atravessam as nuvens e podem causar danos \u00e0 pele, como envelhecimento precoce e manchas.<\/p>\n\n\n\n<h3 class=\"wp-block-heading\"><span class=\"ez-toc-section\" id=\"3_Nao_precisa_usar_protetor_solar_dentro_de_casa\"><\/span>3. N\u00e3o precisa usar protetor solar dentro de casa<span class=\"ez-toc-section-end\"><\/span><\/h3>\n\n\n\n<p><strong>Mito.<\/strong> Mesmo em ambientes internos, a pele est\u00e1 exposta \u00e0 luz azul de telas e l\u00e2mpadas, al\u00e9m dos raios UV que passam pelas janelas. <\/p>\n\n\n\n<p>Aplicar protetor solar em casa \u00e9 essencial, especialmente para quem trabalha perto de janelas ou usa dispositivos eletr\u00f4nicos por longos per\u00edodos.<\/p>\n\n\n\n<h4 class=\"wp-block-heading\"><span class=\"ez-toc-section\" id=\"4_Protetor_de_FPS_maior_protege_mais\"><\/span>4. Protetor de FPS maior protege mais<span class=\"ez-toc-section-end\"><\/span><\/h4>\n\n\n\n<p><strong>Verdade, mas com ressalvas.<\/strong> Um FPS mais alto oferece maior prote\u00e7\u00e3o contra queimaduras solares (UVB), mas n\u00e3o protege 100% contra os raios. <\/p>\n\n\n\n<p>Al\u00e9m disso, \u00e9 importante verificar se o protetor tem amplo espectro, garantindo defesa tamb\u00e9m contra os raios UVA.<\/p>\n\n\n\n<h3 class=\"wp-block-heading\"><span class=\"ez-toc-section\" id=\"5_Tem_que_usar_protetor_solar_no_inverno\"><\/span>5. Tem que usar protetor solar no inverno<span class=\"ez-toc-section-end\"><\/span><\/h3>\n\n\n\n<p><strong>Verdade.<\/strong> Durante o inverno, os raios UV continuam incidindo e podem causar danos cumulativos \u00e0 pele. O uso do protetor solar deve ser mantido durante todas as esta\u00e7\u00f5es do ano.<\/p>\n\n\n\n<h3 class=\"wp-block-heading\"><span class=\"ez-toc-section\" id=\"6_Pele_negra_nao_precisa_de_protetor_solar\"><\/span>6. Pele negra n\u00e3o precisa de protetor solar<span class=\"ez-toc-section-end\"><\/span><\/h3>\n\n\n\n<p><strong>Mito.<\/strong> Apesar de conter mais melanina, que oferece prote\u00e7\u00e3o natural contra o sol, a pele negra tamb\u00e9m pode sofrer com manchas, envelhecimento precoce e at\u00e9 c\u00e2ncer de pele. Protetor solar \u00e9 essencial para todos os tipos de pele.<\/p>\n\n\n\n<h3 class=\"wp-block-heading\"><span class=\"ez-toc-section\" id=\"7_Usar_protetor_solar_ajuda_a_prevenir_o_envelhecimento_precoce_da_pele\"><\/span>7. Usar protetor solar ajuda a prevenir o envelhecimento precoce da pele<span class=\"ez-toc-section-end\"><\/span><\/h3>\n\n\n\n<p><strong>Verdade.<\/strong> O protetor solar minimiza os danos causados pelos raios UVA, respons\u00e1veis pelo fotoenvelhecimento. Ele reduz a forma\u00e7\u00e3o de rugas, manchas e a perda de elasticidade, mantendo a pele com apar\u00eancia jovem por mais tempo.<\/p>\n\n\n\n<h3 class=\"wp-block-heading\"><span class=\"ez-toc-section\" id=\"8_Todos_os_protetores_sao_iguais_so_muda_o_FPS\"><\/span>8. Todos os protetores s\u00e3o iguais, s\u00f3 muda o FPS<span class=\"ez-toc-section-end\"><\/span><\/h3>\n\n\n\n<p><strong>Mito.<\/strong> Os protetores solares variam em textura, formula\u00e7\u00e3o e benef\u00edcios adicionais, como hidrata\u00e7\u00e3o ou a\u00e7\u00e3o antioxidante. <\/p>\n\n\n\n<p>Al\u00e9m disso, \u00e9 importante escolher produtos adequados ao seu tipo de pele (oleosa, seca, sens\u00edvel etc.).<\/p>\n\n\n\n<h3 class=\"wp-block-heading\"><span class=\"ez-toc-section\" id=\"9_Maquiagem_com_FPS_e_suficiente_para_proteger_da_radiacao_solar\"><\/span>9. Maquiagem com FPS \u00e9 suficiente para proteger da radia\u00e7\u00e3o solar<span class=\"ez-toc-section-end\"><\/span><\/h3>\n\n\n\n<p><strong>Mito.<\/strong> Apesar de oferecer uma prote\u00e7\u00e3o b\u00e1sica, a maquiagem com FPS geralmente n\u00e3o \u00e9 aplicada em quantidade suficiente para garantir prote\u00e7\u00e3o eficaz. O ideal \u00e9 usar um protetor solar antes de maquiar.<\/p>\n\n\n\n<h3 class=\"wp-block-heading\"><span class=\"ez-toc-section\" id=\"10_Protetor_solar_tem_prazo_de_validade\"><\/span>10. Protetor solar tem prazo de validade<span class=\"ez-toc-section-end\"><\/span><\/h3>\n\n\n\n<p><strong>Verdade.<\/strong> Ap\u00f3s o prazo de validade, a efic\u00e1cia do protetor solar n\u00e3o \u00e9 garantida. Al\u00e9m disso, sua textura e fragr\u00e2ncia podem ser alteradas, o que pode prejudicar a experi\u00eancia de uso e, em alguns casos, causar irrita\u00e7\u00f5es na pele.<\/p>\n\n\n\n<h2 class=\"wp-block-heading\"><span class=\"ez-toc-section\" id=\"Dicas_para_aplicar_protetor_solar_%E2%80%93_e_potencializar_sua_protecao\"><\/span>Dicas para aplicar protetor solar \u2013 e potencializar sua prote\u00e7\u00e3o!<span class=\"ez-toc-section-end\"><\/span><\/h2>\n\n\n\n<p>Para garantir que sua pele esteja realmente protegida, siga essas recomenda\u00e7\u00f5es:<\/p>\n\n\n\n<ul class=\"wp-block-list\">\n<li><strong>Quantidade certa:<\/strong> aplique cerca de uma colher de ch\u00e1 no rosto e pesco\u00e7o, e duas colheres de sopa para o corpo;<\/li>\n\n\n\n<li><strong>\u00c1reas esquecidas:<\/strong> n\u00e3o se esque\u00e7a das orelhas, pesco\u00e7o, m\u00e3os e p\u00e9s;<\/li>\n\n\n\n<li><strong>Antes da exposi\u00e7\u00e3o:<\/strong> passe o protetor cerca de 20 minutos antes de sair de casa;<\/li>\n\n\n\n<li><strong>Escolha adequada:<\/strong> prefira um protetor indicado para o seu tipo de pele, seja ela <a href=\"https:\/\/www.qualfarma.com.br\/vivabem\/pele-oleosa-como-limpar-e-tratar-esse-tipo-de-pele\/\" target=\"_blank\" rel=\"noreferrer noopener\">oleosa<\/a>, mista, seca ou sens\u00edvel;<\/li>\n\n\n\n<li><strong>Reaplica\u00e7\u00e3o frequente:<\/strong> lembre-se de reaplicar, principalmente ap\u00f3s contato com \u00e1gua ou suor.<\/li>\n<\/ul>\n\n\n\n<p><\/p>\n\n\n\n<p>Com essas dicas e o entendimento dos mitos e verdades, voc\u00ea pode usar o protetor solar de forma correta e garantir uma pele mais bonita, saud\u00e1vel e protegida!<\/p>\n","protected":false},"excerpt":{"rendered":"<p>Os mitos sobre protetor solar podem gerar d\u00favidas e comprometer a forma como voc\u00ea protege sua pele. Ser\u00e1 que precisa reaplicar tantas vezes assim? E no inverno, o uso ainda \u00e9 necess\u00e1rio? Para acabar com essas incertezas, desvendamos os principais mitos e verdades sobre o protetor solar e como us\u00e1-lo de maneira eficaz. Confira! O [&hellip;]<\/p>\n","protected":false},"author":7,"featured_media":4152,"comment_status":"open","ping_status":"open","sticky":false,"template":"","format":"standard","meta":{"tpgb_global_settings":"","footnotes":""},"categories":[106,109],"tags":[87,91],"class_list":["post-4150","post","type-post","status-publish","format-standard","has-post-thumbnail","hentry","category-saude","category-saude-da-pele","tag-saude","tag-saude-da-pele"],"yoast_head":"<!-- This site is optimized with the Yoast SEO plugin v27.5 - https:\/\/yoast.com\/product\/yoast-seo-wordpress\/ -->\n<title>10 mitos e verdades sobre o protetor solar: saiba o que \u00e9 real<\/title>\n<meta name=\"description\" content=\"Descubra verdades e conhe\u00e7a mitos comuns sobre a prote\u00e7\u00e3o solar para cuidar melhor da sua pele e garantir mais seguran\u00e7a.\" \/>\n<meta name=\"robots\" content=\"index, follow, max-snippet:-1, max-image-preview:large, max-video-preview:-1\" \/>\n<link rel=\"canonical\" href=\"https:\/\/www.qualfarma.com.br\/vivabem\/mitos-e-verdades-sobre-protetor-solar\/\" \/>\n<meta property=\"og:locale\" content=\"pt_BR\" \/>\n<meta property=\"og:type\" content=\"article\" \/>\n<meta property=\"og:title\" content=\"10 mitos e verdades sobre o protetor solar: saiba o que \u00e9 real\" \/>\n<meta property=\"og:description\" content=\"Descubra verdades e conhe\u00e7a mitos comuns sobre a prote\u00e7\u00e3o solar para cuidar melhor da sua pele e garantir mais seguran\u00e7a.\" \/>\n<meta property=\"og:url\" content=\"https:\/\/www.qualfarma.com.br\/vivabem\/mitos-e-verdades-sobre-protetor-solar\/\" \/>\n<meta property=\"og:site_name\" content=\"Blog Viva Bem por Qualfarma\" \/>\n<meta property=\"article:published_time\" content=\"2024-12-05T13:00:00+00:00\" \/>\n<meta property=\"article:modified_time\" content=\"2025-09-02T20:21:21+00:00\" \/>\n<meta property=\"og:image\" content=\"https:\/\/www.qualfarma.com.br\/vivabem\/wp-content\/uploads\/2024\/12\/mitos-sobre-protetor-solar.jpg\" \/>\n\t<meta property=\"og:image:width\" content=\"750\" \/>\n\t<meta property=\"og:image:height\" content=\"500\" \/>\n\t<meta property=\"og:image:type\" content=\"image\/jpeg\" \/>\n<meta name=\"author\" content=\"Stephanie Kroll\" \/>\n<meta name=\"twitter:card\" content=\"summary_large_image\" \/>\n<meta name=\"twitter:label1\" content=\"Escrito por\" \/>\n\t<meta name=\"twitter:data1\" content=\"Stephanie Kroll\" \/>\n\t<meta name=\"twitter:label2\" content=\"Est. tempo de leitura\" \/>\n\t<meta name=\"twitter:data2\" content=\"5 minutos\" \/>\n<script type=\"application\/ld+json\" class=\"yoast-schema-graph\">{\"@context\":\"https:\\\/\\\/schema.org\",\"@graph\":[{\"@type\":\"Article\",\"@id\":\"https:\\\/\\\/www.qualfarma.com.br\\\/vivabem\\\/mitos-e-verdades-sobre-protetor-solar\\\/#article\",\"isPartOf\":{\"@id\":\"https:\\\/\\\/www.qualfarma.com.br\\\/vivabem\\\/mitos-e-verdades-sobre-protetor-solar\\\/\"},\"author\":{\"name\":\"Stephanie Kroll\",\"@id\":\"https:\\\/\\\/www.qualfarma.com.br\\\/vivabem\\\/#\\\/schema\\\/person\\\/a690dda13b8cef2d1093f56c7e09b224\"},\"headline\":\"10 mitos e verdades sobre o protetor solar: saiba o que \u00e9 real\",\"datePublished\":\"2024-12-05T13:00:00+00:00\",\"dateModified\":\"2025-09-02T20:21:21+00:00\",\"mainEntityOfPage\":{\"@id\":\"https:\\\/\\\/www.qualfarma.com.br\\\/vivabem\\\/mitos-e-verdades-sobre-protetor-solar\\\/\"},\"wordCount\":741,\"commentCount\":0,\"image\":{\"@id\":\"https:\\\/\\\/www.qualfarma.com.br\\\/vivabem\\\/mitos-e-verdades-sobre-protetor-solar\\\/#primaryimage\"},\"thumbnailUrl\":\"https:\\\/\\\/www.qualfarma.com.br\\\/vivabem\\\/wp-content\\\/uploads\\\/2024\\\/12\\\/mitos-sobre-protetor-solar.jpg\",\"keywords\":[\"Sa\u00fade\",\"Sa\u00fade da Pele\"],\"articleSection\":[\"Sa\u00fade\",\"Sa\u00fade da pele\"],\"inLanguage\":\"pt-BR\",\"potentialAction\":[{\"@type\":\"CommentAction\",\"name\":\"Comment\",\"target\":[\"https:\\\/\\\/www.qualfarma.com.br\\\/vivabem\\\/mitos-e-verdades-sobre-protetor-solar\\\/#respond\"]}]},{\"@type\":\"WebPage\",\"@id\":\"https:\\\/\\\/www.qualfarma.com.br\\\/vivabem\\\/mitos-e-verdades-sobre-protetor-solar\\\/\",\"url\":\"https:\\\/\\\/www.qualfarma.com.br\\\/vivabem\\\/mitos-e-verdades-sobre-protetor-solar\\\/\",\"name\":\"10 mitos e verdades sobre o protetor solar: saiba o que \u00e9 real\",\"isPartOf\":{\"@id\":\"https:\\\/\\\/www.qualfarma.com.br\\\/vivabem\\\/#website\"},\"primaryImageOfPage\":{\"@id\":\"https:\\\/\\\/www.qualfarma.com.br\\\/vivabem\\\/mitos-e-verdades-sobre-protetor-solar\\\/#primaryimage\"},\"image\":{\"@id\":\"https:\\\/\\\/www.qualfarma.com.br\\\/vivabem\\\/mitos-e-verdades-sobre-protetor-solar\\\/#primaryimage\"},\"thumbnailUrl\":\"https:\\\/\\\/www.qualfarma.com.br\\\/vivabem\\\/wp-content\\\/uploads\\\/2024\\\/12\\\/mitos-sobre-protetor-solar.jpg\",\"datePublished\":\"2024-12-05T13:00:00+00:00\",\"dateModified\":\"2025-09-02T20:21:21+00:00\",\"author\":{\"@id\":\"https:\\\/\\\/www.qualfarma.com.br\\\/vivabem\\\/#\\\/schema\\\/person\\\/a690dda13b8cef2d1093f56c7e09b224\"},\"description\":\"Descubra verdades e conhe\u00e7a mitos comuns sobre a prote\u00e7\u00e3o solar para cuidar melhor da sua pele e garantir mais seguran\u00e7a.\",\"breadcrumb\":{\"@id\":\"https:\\\/\\\/www.qualfarma.com.br\\\/vivabem\\\/mitos-e-verdades-sobre-protetor-solar\\\/#breadcrumb\"},\"inLanguage\":\"pt-BR\",\"potentialAction\":[{\"@type\":\"ReadAction\",\"target\":[\"https:\\\/\\\/www.qualfarma.com.br\\\/vivabem\\\/mitos-e-verdades-sobre-protetor-solar\\\/\"]}]},{\"@type\":\"ImageObject\",\"inLanguage\":\"pt-BR\",\"@id\":\"https:\\\/\\\/www.qualfarma.com.br\\\/vivabem\\\/mitos-e-verdades-sobre-protetor-solar\\\/#primaryimage\",\"url\":\"https:\\\/\\\/www.qualfarma.com.br\\\/vivabem\\\/wp-content\\\/uploads\\\/2024\\\/12\\\/mitos-sobre-protetor-solar.jpg\",\"contentUrl\":\"https:\\\/\\\/www.qualfarma.com.br\\\/vivabem\\\/wp-content\\\/uploads\\\/2024\\\/12\\\/mitos-sobre-protetor-solar.jpg\",\"width\":750,\"height\":500,\"caption\":\"Conhe\u00e7a verdades e saiba quais s\u00e3o os mitos sobre protetor solar\"},{\"@type\":\"BreadcrumbList\",\"@id\":\"https:\\\/\\\/www.qualfarma.com.br\\\/vivabem\\\/mitos-e-verdades-sobre-protetor-solar\\\/#breadcrumb\",\"itemListElement\":[{\"@type\":\"ListItem\",\"position\":1,\"name\":\"Blog Viva Bem\",\"item\":\"https:\\\/\\\/www.qualfarma.com.br\\\/vivabem\\\/\"},{\"@type\":\"ListItem\",\"position\":2,\"name\":\"Sa\u00fade\",\"item\":\"https:\\\/\\\/www.qualfarma.com.br\\\/vivabem\\\/saude\\\/\"},{\"@type\":\"ListItem\",\"position\":3,\"name\":\"Sa\u00fade da pele\",\"item\":\"https:\\\/\\\/www.qualfarma.com.br\\\/vivabem\\\/saude\\\/saude-da-pele\\\/\"},{\"@type\":\"ListItem\",\"position\":4,\"name\":\"10 mitos e verdades sobre o protetor solar: saiba o que \u00e9 real\"}]},{\"@type\":\"WebSite\",\"@id\":\"https:\\\/\\\/www.qualfarma.com.br\\\/vivabem\\\/#website\",\"url\":\"https:\\\/\\\/www.qualfarma.com.br\\\/vivabem\\\/\",\"name\":\"Blog Viva Bem por Qualfarma\",\"description\":\"\u00ae 2023\",\"potentialAction\":[{\"@type\":\"SearchAction\",\"target\":{\"@type\":\"EntryPoint\",\"urlTemplate\":\"https:\\\/\\\/www.qualfarma.com.br\\\/vivabem\\\/?s={search_term_string}\"},\"query-input\":{\"@type\":\"PropertyValueSpecification\",\"valueRequired\":true,\"valueName\":\"search_term_string\"}}],\"inLanguage\":\"pt-BR\"},{\"@type\":\"Person\",\"@id\":\"https:\\\/\\\/www.qualfarma.com.br\\\/vivabem\\\/#\\\/schema\\\/person\\\/a690dda13b8cef2d1093f56c7e09b224\",\"name\":\"Stephanie Kroll\",\"image\":{\"@type\":\"ImageObject\",\"inLanguage\":\"pt-BR\",\"@id\":\"https:\\\/\\\/secure.gravatar.com\\\/avatar\\\/dd1b82540a7b66c3112346e4a6b0e24b524511df3d028133ca1eea9eafc829bc?s=96&d=mm&r=g\",\"url\":\"https:\\\/\\\/secure.gravatar.com\\\/avatar\\\/dd1b82540a7b66c3112346e4a6b0e24b524511df3d028133ca1eea9eafc829bc?s=96&d=mm&r=g\",\"contentUrl\":\"https:\\\/\\\/secure.gravatar.com\\\/avatar\\\/dd1b82540a7b66c3112346e4a6b0e24b524511df3d028133ca1eea9eafc829bc?s=96&d=mm&r=g\",\"caption\":\"Stephanie Kroll\"},\"description\":\"Graduada em Farm\u00e1cia pela Universidade Federal do Rio de Janeiro (UFRJ), Stephanie Kroll (CRF\\\/RJ 28001) atua na \u00e1rea da sa\u00fade da fam\u00edlia com uma abordagem humanizada e \u00e9 respons\u00e1vel t\u00e9cnica pelos conte\u00fados do Viva Bem por Qualfarma.\"}]}<\/script>\n<!-- \/ Yoast SEO plugin. -->","yoast_head_json":{"title":"10 mitos e verdades sobre o protetor solar: saiba o que \u00e9 real","description":"Descubra verdades e conhe\u00e7a mitos comuns sobre a prote\u00e7\u00e3o solar para cuidar melhor da sua pele e garantir mais seguran\u00e7a.","robots":{"index":"index","follow":"follow","max-snippet":"max-snippet:-1","max-image-preview":"max-image-preview:large","max-video-preview":"max-video-preview:-1"},"canonical":"https:\/\/www.qualfarma.com.br\/vivabem\/mitos-e-verdades-sobre-protetor-solar\/","og_locale":"pt_BR","og_type":"article","og_title":"10 mitos e verdades sobre o protetor solar: saiba o que \u00e9 real","og_description":"Descubra verdades e conhe\u00e7a mitos comuns sobre a prote\u00e7\u00e3o solar para cuidar melhor da sua pele e garantir mais seguran\u00e7a.","og_url":"https:\/\/www.qualfarma.com.br\/vivabem\/mitos-e-verdades-sobre-protetor-solar\/","og_site_name":"Blog Viva Bem por Qualfarma","article_published_time":"2024-12-05T13:00:00+00:00","article_modified_time":"2025-09-02T20:21:21+00:00","og_image":[{"width":750,"height":500,"url":"https:\/\/www.qualfarma.com.br\/vivabem\/wp-content\/uploads\/2024\/12\/mitos-sobre-protetor-solar.jpg","type":"image\/jpeg"}],"author":"Stephanie Kroll","twitter_card":"summary_large_image","twitter_misc":{"Escrito por":"Stephanie Kroll","Est. tempo de leitura":"5 minutos"},"schema":{"@context":"https:\/\/schema.org","@graph":[{"@type":"Article","@id":"https:\/\/www.qualfarma.com.br\/vivabem\/mitos-e-verdades-sobre-protetor-solar\/#article","isPartOf":{"@id":"https:\/\/www.qualfarma.com.br\/vivabem\/mitos-e-verdades-sobre-protetor-solar\/"},"author":{"name":"Stephanie Kroll","@id":"https:\/\/www.qualfarma.com.br\/vivabem\/#\/schema\/person\/a690dda13b8cef2d1093f56c7e09b224"},"headline":"10 mitos e verdades sobre o protetor solar: saiba o que \u00e9 real","datePublished":"2024-12-05T13:00:00+00:00","dateModified":"2025-09-02T20:21:21+00:00","mainEntityOfPage":{"@id":"https:\/\/www.qualfarma.com.br\/vivabem\/mitos-e-verdades-sobre-protetor-solar\/"},"wordCount":741,"commentCount":0,"image":{"@id":"https:\/\/www.qualfarma.com.br\/vivabem\/mitos-e-verdades-sobre-protetor-solar\/#primaryimage"},"thumbnailUrl":"https:\/\/www.qualfarma.com.br\/vivabem\/wp-content\/uploads\/2024\/12\/mitos-sobre-protetor-solar.jpg","keywords":["Sa\u00fade","Sa\u00fade da Pele"],"articleSection":["Sa\u00fade","Sa\u00fade da pele"],"inLanguage":"pt-BR","potentialAction":[{"@type":"CommentAction","name":"Comment","target":["https:\/\/www.qualfarma.com.br\/vivabem\/mitos-e-verdades-sobre-protetor-solar\/#respond"]}]},{"@type":"WebPage","@id":"https:\/\/www.qualfarma.com.br\/vivabem\/mitos-e-verdades-sobre-protetor-solar\/","url":"https:\/\/www.qualfarma.com.br\/vivabem\/mitos-e-verdades-sobre-protetor-solar\/","name":"10 mitos e verdades sobre o protetor solar: saiba o que \u00e9 real","isPartOf":{"@id":"https:\/\/www.qualfarma.com.br\/vivabem\/#website"},"primaryImageOfPage":{"@id":"https:\/\/www.qualfarma.com.br\/vivabem\/mitos-e-verdades-sobre-protetor-solar\/#primaryimage"},"image":{"@id":"https:\/\/www.qualfarma.com.br\/vivabem\/mitos-e-verdades-sobre-protetor-solar\/#primaryimage"},"thumbnailUrl":"https:\/\/www.qualfarma.com.br\/vivabem\/wp-content\/uploads\/2024\/12\/mitos-sobre-protetor-solar.jpg","datePublished":"2024-12-05T13:00:00+00:00","dateModified":"2025-09-02T20:21:21+00:00","author":{"@id":"https:\/\/www.qualfarma.com.br\/vivabem\/#\/schema\/person\/a690dda13b8cef2d1093f56c7e09b224"},"description":"Descubra verdades e conhe\u00e7a mitos comuns sobre a prote\u00e7\u00e3o solar para cuidar melhor da sua pele e garantir mais seguran\u00e7a.","breadcrumb":{"@id":"https:\/\/www.qualfarma.com.br\/vivabem\/mitos-e-verdades-sobre-protetor-solar\/#breadcrumb"},"inLanguage":"pt-BR","potentialAction":[{"@type":"ReadAction","target":["https:\/\/www.qualfarma.com.br\/vivabem\/mitos-e-verdades-sobre-protetor-solar\/"]}]},{"@type":"ImageObject","inLanguage":"pt-BR","@id":"https:\/\/www.qualfarma.com.br\/vivabem\/mitos-e-verdades-sobre-protetor-solar\/#primaryimage","url":"https:\/\/www.qualfarma.com.br\/vivabem\/wp-content\/uploads\/2024\/12\/mitos-sobre-protetor-solar.jpg","contentUrl":"https:\/\/www.qualfarma.com.br\/vivabem\/wp-content\/uploads\/2024\/12\/mitos-sobre-protetor-solar.jpg","width":750,"height":500,"caption":"Conhe\u00e7a verdades e saiba quais s\u00e3o os mitos sobre protetor solar"},{"@type":"BreadcrumbList","@id":"https:\/\/www.qualfarma.com.br\/vivabem\/mitos-e-verdades-sobre-protetor-solar\/#breadcrumb","itemListElement":[{"@type":"ListItem","position":1,"name":"Blog Viva Bem","item":"https:\/\/www.qualfarma.com.br\/vivabem\/"},{"@type":"ListItem","position":2,"name":"Sa\u00fade","item":"https:\/\/www.qualfarma.com.br\/vivabem\/saude\/"},{"@type":"ListItem","position":3,"name":"Sa\u00fade da pele","item":"https:\/\/www.qualfarma.com.br\/vivabem\/saude\/saude-da-pele\/"},{"@type":"ListItem","position":4,"name":"10 mitos e verdades sobre o protetor solar: saiba o que \u00e9 real"}]},{"@type":"WebSite","@id":"https:\/\/www.qualfarma.com.br\/vivabem\/#website","url":"https:\/\/www.qualfarma.com.br\/vivabem\/","name":"Blog Viva Bem por Qualfarma","description":"\u00ae 2023","potentialAction":[{"@type":"SearchAction","target":{"@type":"EntryPoint","urlTemplate":"https:\/\/www.qualfarma.com.br\/vivabem\/?s={search_term_string}"},"query-input":{"@type":"PropertyValueSpecification","valueRequired":true,"valueName":"search_term_string"}}],"inLanguage":"pt-BR"},{"@type":"Person","@id":"https:\/\/www.qualfarma.com.br\/vivabem\/#\/schema\/person\/a690dda13b8cef2d1093f56c7e09b224","name":"Stephanie Kroll","image":{"@type":"ImageObject","inLanguage":"pt-BR","@id":"https:\/\/secure.gravatar.com\/avatar\/dd1b82540a7b66c3112346e4a6b0e24b524511df3d028133ca1eea9eafc829bc?s=96&d=mm&r=g","url":"https:\/\/secure.gravatar.com\/avatar\/dd1b82540a7b66c3112346e4a6b0e24b524511df3d028133ca1eea9eafc829bc?s=96&d=mm&r=g","contentUrl":"https:\/\/secure.gravatar.com\/avatar\/dd1b82540a7b66c3112346e4a6b0e24b524511df3d028133ca1eea9eafc829bc?s=96&d=mm&r=g","caption":"Stephanie Kroll"},"description":"Graduada em Farm\u00e1cia pela Universidade Federal do Rio de Janeiro (UFRJ), Stephanie Kroll (CRF\/RJ 28001) atua na \u00e1rea da sa\u00fade da fam\u00edlia com uma abordagem humanizada e \u00e9 respons\u00e1vel t\u00e9cnica pelos conte\u00fados do Viva Bem por Qualfarma."}]}},"jetpack_featured_media_url":"https:\/\/www.qualfarma.com.br\/vivabem\/wp-content\/uploads\/2024\/12\/mitos-sobre-protetor-solar.jpg","tpgb_featured_images":{"full":["https:\/\/www.qualfarma.com.br\/vivabem\/wp-content\/uploads\/2024\/12\/mitos-sobre-protetor-solar.jpg",750,500,false],"tp-image-grid":["https:\/\/www.qualfarma.com.br\/vivabem\/wp-content\/uploads\/2024\/12\/mitos-sobre-protetor-solar-700x700.jpg",700,700,true],"thumbnail":["https:\/\/www.qualfarma.com.br\/vivabem\/wp-content\/uploads\/2024\/12\/mitos-sobre-protetor-solar-150x150.jpg",150,150,true],"medium":["https:\/\/www.qualfarma.com.br\/vivabem\/wp-content\/uploads\/2024\/12\/mitos-sobre-protetor-solar-300x200.jpg",300,200,true],"medium_large":["https:\/\/www.qualfarma.com.br\/vivabem\/wp-content\/uploads\/2024\/12\/mitos-sobre-protetor-solar.jpg",750,500,false],"large":["https:\/\/www.qualfarma.com.br\/vivabem\/wp-content\/uploads\/2024\/12\/mitos-sobre-protetor-solar.jpg",750,500,false],"default":"https:\/\/www.qualfarma.com.br\/vivabem\/wp-content\/plugins\/the-plus-addons-for-block-editor\/assets\/images\/tpgb-placeholder.jpg"},"tpgb_post_meta_info":{"get_date":"dezembro 5, 2024","get_modified_date":"setembro 2, 2025","category_list":{"category":[{"term_id":106,"name":"Sa\u00fade","slug":"saude","term_group":0,"term_taxonomy_id":106,"taxonomy":"category","description":"Cuide da sua sa\u00fade com conte\u00fados informativos e dicas pr\u00e1ticas. No Viva Bem por Qualfarma, voc\u00ea encontra informa\u00e7\u00f5es sobre sa\u00fade f\u00edsica e mental, amplia seus conhecimentos sobre doen\u00e7as e sintomas e muito mais. Mantenha sua sa\u00fade sempre em dia e viva bem com Qualfarma.","parent":0,"count":23,"filter":"raw"},{"term_id":109,"name":"Sa\u00fade da pele","slug":"saude-da-pele","term_group":0,"term_taxonomy_id":109,"taxonomy":"category","description":"","parent":106,"count":13,"filter":"raw"}],"post_tag":[{"term_id":87,"name":"Sa\u00fade","slug":"saude","term_group":0,"term_taxonomy_id":87,"taxonomy":"post_tag","description":"","parent":0,"count":21,"filter":"raw"},{"term_id":91,"name":"Sa\u00fade da Pele","slug":"saude-da-pele","term_group":0,"term_taxonomy_id":91,"taxonomy":"post_tag","description":"","parent":0,"count":10,"filter":"raw"}]},"author_name":"Stephanie Kroll","author_url":"https:\/\/www.qualfarma.com.br\/vivabem\/author\/sterabelohotmail-com\/","author_email":"sterabelo@hotmail.com","author_website":"","author_description":"Graduada em Farm\u00e1cia pela Universidade Federal do Rio de Janeiro (UFRJ), Stephanie Kroll (CRF\/RJ 28001) atua na \u00e1rea da sa\u00fade da fam\u00edlia com uma abordagem humanizada e \u00e9 respons\u00e1vel t\u00e9cnica pelos conte\u00fados do Viva Bem por Qualfarma.","author_facebook":"","author_twitter":"","author_instagram":"","author_role":["editor"],"author_firstname":"Stephanie","author_lastname":"Kroll","user_login":"sterabelo@hotmail.com","author_avatar":"<img alt='' src='https:\/\/secure.gravatar.com\/avatar\/dd1b82540a7b66c3112346e4a6b0e24b524511df3d028133ca1eea9eafc829bc?s=200&#038;d=mm&#038;r=g' srcset='https:\/\/secure.gravatar.com\/avatar\/dd1b82540a7b66c3112346e4a6b0e24b524511df3d028133ca1eea9eafc829bc?s=400&#038;d=mm&#038;r=g 2x' class='avatar avatar-200 photo' height='200' width='200' decoding='async'\/>","author_avatar_url":"https:\/\/secure.gravatar.com\/avatar\/dd1b82540a7b66c3112346e4a6b0e24b524511df3d028133ca1eea9eafc829bc?s=96&d=mm&r=g","comment_count":0,"post_likes":0,"post_views":0},"tpgb_post_category":{"category":"<a href=\"https:\/\/www.qualfarma.com.br\/vivabem\/saude\/\" alt=\"Sa\u00fade\"  class=\"category-saude\">Sa\u00fade<\/a> <a href=\"https:\/\/www.qualfarma.com.br\/vivabem\/saude\/saude-da-pele\/\" alt=\"Sa\u00fade da pele\"  class=\"category-saude-da-pele\">Sa\u00fade da pele<\/a> ","post_tag":"<a href=\"https:\/\/www.qualfarma.com.br\/vivabem\/tag\/saude\/\" alt=\"Sa\u00fade\"  class=\"post_tag-saude\">Sa\u00fade<\/a> <a href=\"https:\/\/www.qualfarma.com.br\/vivabem\/tag\/saude-da-pele\/\" alt=\"Sa\u00fade da Pele\"  class=\"post_tag-saude-da-pele\">Sa\u00fade da Pele<\/a> "},"_links":{"self":[{"href":"https:\/\/www.qualfarma.com.br\/vivabem\/wp-json\/wp\/v2\/posts\/4150","targetHints":{"allow":["GET"]}}],"collection":[{"href":"https:\/\/www.qualfarma.com.br\/vivabem\/wp-json\/wp\/v2\/posts"}],"about":[{"href":"https:\/\/www.qualfarma.com.br\/vivabem\/wp-json\/wp\/v2\/types\/post"}],"author":[{"embeddable":true,"href":"https:\/\/www.qualfarma.com.br\/vivabem\/wp-json\/wp\/v2\/users\/7"}],"replies":[{"embeddable":true,"href":"https:\/\/www.qualfarma.com.br\/vivabem\/wp-json\/wp\/v2\/comments?post=4150"}],"version-history":[{"count":4,"href":"https:\/\/www.qualfarma.com.br\/vivabem\/wp-json\/wp\/v2\/posts\/4150\/revisions"}],"predecessor-version":[{"id":4499,"href":"https:\/\/www.qualfarma.com.br\/vivabem\/wp-json\/wp\/v2\/posts\/4150\/revisions\/4499"}],"wp:featuredmedia":[{"embeddable":true,"href":"https:\/\/www.qualfarma.com.br\/vivabem\/wp-json\/wp\/v2\/media\/4152"}],"wp:attachment":[{"href":"https:\/\/www.qualfarma.com.br\/vivabem\/wp-json\/wp\/v2\/media?parent=4150"}],"wp:term":[{"taxonomy":"category","embeddable":true,"href":"https:\/\/www.qualfarma.com.br\/vivabem\/wp-json\/wp\/v2\/categories?post=4150"},{"taxonomy":"post_tag","embeddable":true,"href":"https:\/\/www.qualfarma.com.br\/vivabem\/wp-json\/wp\/v2\/tags?post=4150"}],"curies":[{"name":"wp","href":"https:\/\/api.w.org\/{rel}","templated":true}]}}