{"id":4119,"date":"2024-11-21T13:00:00","date_gmt":"2024-11-21T13:00:00","guid":{"rendered":"https:\/\/www.qualfarma.com.br\/vivabem\/?p=4119"},"modified":"2025-09-02T20:20:22","modified_gmt":"2025-09-02T20:20:22","slug":"fator-de-protecao-solar","status":"publish","type":"post","link":"https:\/\/www.qualfarma.com.br\/vivabem\/fator-de-protecao-solar\/","title":{"rendered":"Fator de prote\u00e7\u00e3o solar: entenda como funciona e saiba escolher"},"content":{"rendered":"\n<p>Voc\u00ea j\u00e1 sabe que usar protetor solar \u00e9 essencial para manter a pele saud\u00e1vel e protegida, certo? Mas, afinal, o que significa o <strong>fator de prote\u00e7\u00e3o solar (FPS)<\/strong> e como escolher o ideal para a sua pele? A seguir, vamos entender o conceito de FPS e como ele age para proteger sua pele dos efeitos nocivos dos raios solares. Acompanhe!<\/p>\n\n\n\n<div id=\"ez-toc-container\" class=\"ez-toc-v2_0_82_2 counter-hierarchy ez-toc-counter ez-toc-grey ez-toc-container-direction\">\n<div class=\"ez-toc-title-container\">\n<p class=\"ez-toc-title\" style=\"cursor:inherit\">Navegue pelo assunto<\/p>\n<span class=\"ez-toc-title-toggle\"><\/span><\/div>\n<nav><ul class='ez-toc-list ez-toc-list-level-1 ' ><li class='ez-toc-page-1 ez-toc-heading-level-3'><a class=\"ez-toc-link ez-toc-heading-1\" href=\"https:\/\/www.qualfarma.com.br\/vivabem\/fator-de-protecao-solar\/#O_que_e_o_fator_de_protecao_solar_FPS_no_protetor_solar\" >O que \u00e9 o fator de prote\u00e7\u00e3o solar (FPS) no protetor solar?<\/a><\/li><li class='ez-toc-page-1 ez-toc-heading-level-3'><a class=\"ez-toc-link ez-toc-heading-2\" href=\"https:\/\/www.qualfarma.com.br\/vivabem\/fator-de-protecao-solar\/#Importancia_do_FPS\" >Import\u00e2ncia do FPS<\/a><\/li><li class='ez-toc-page-1 ez-toc-heading-level-3'><a class=\"ez-toc-link ez-toc-heading-3\" href=\"https:\/\/www.qualfarma.com.br\/vivabem\/fator-de-protecao-solar\/#Tipos_de_radiacao_ultravioleta\" >Tipos de radia\u00e7\u00e3o ultravioleta<\/a><\/li><li class='ez-toc-page-1 ez-toc-heading-level-3'><a class=\"ez-toc-link ez-toc-heading-4\" href=\"https:\/\/www.qualfarma.com.br\/vivabem\/fator-de-protecao-solar\/#Como_o_fator_de_protecao_solar_FPS_e_calculado\" >Como o fator de prote\u00e7\u00e3o solar (FPS) \u00e9 calculado?<\/a><\/li><li class='ez-toc-page-1 ez-toc-heading-level-3'><a class=\"ez-toc-link ez-toc-heading-5\" href=\"https:\/\/www.qualfarma.com.br\/vivabem\/fator-de-protecao-solar\/#Como_escolher_o_protetor_solar_adequado_para_minha_pele\" >Como escolher o protetor solar adequado para minha pele?<\/a><\/li><li class='ez-toc-page-1 ez-toc-heading-level-3'><a class=\"ez-toc-link ez-toc-heading-6\" href=\"https:\/\/www.qualfarma.com.br\/vivabem\/fator-de-protecao-solar\/#Qual_FPS_e_ideal_para_o_rosto\" >Qual FPS \u00e9 ideal para o rosto?<\/a><\/li><li class='ez-toc-page-1 ez-toc-heading-level-3'><a class=\"ez-toc-link ez-toc-heading-7\" href=\"https:\/\/www.qualfarma.com.br\/vivabem\/fator-de-protecao-solar\/#Qual_FPS_e_ideal_para_o_corpo\" >Qual FPS \u00e9 ideal para o corpo?<\/a><\/li><\/ul><\/nav><\/div>\n<h3 class=\"wp-block-heading\"><span class=\"ez-toc-section\" id=\"O_que_e_o_fator_de_protecao_solar_FPS_no_protetor_solar\"><\/span>O que \u00e9 o fator de prote\u00e7\u00e3o solar (FPS) no protetor solar?<span class=\"ez-toc-section-end\"><\/span><\/h3>\n\n\n\n<p>O fator de prote\u00e7\u00e3o solar (FPS) \u00e9<strong> uma medida que indica o n\u00edvel de prote\u00e7\u00e3o que um protetor solar oferece contra os raios ultravioleta B <\/strong>(UVB), respons\u00e1veis por causar queimaduras solares e danos \u00e0 pele. Quanto maior o FPS, maior \u00e9 a capacidade de prote\u00e7\u00e3o contra a radia\u00e7\u00e3o UVB, prolongando o tempo que sua pele pode ficar exposta ao sol sem sofrer queimaduras.<\/p>\n\n\n\n<p>Mas o FPS <strong>n\u00e3o protege contra todos os tipos de radia\u00e7\u00e3o<\/strong>. Ele \u00e9 focado apenas nos raios UVB, deixando de fora os raios UVA, que tamb\u00e9m causam danos, como envelhecimento precoce e risco de c\u00e2ncer de pele. Por isso, \u00e9 fundamental <strong>escolher produtos que ofere\u00e7am prote\u00e7\u00e3o de amplo espectro<\/strong>, cobrindo tanto os raios UVA quanto UVB.<\/p>\n\n\n\n<h3 class=\"wp-block-heading\"><span class=\"ez-toc-section\" id=\"Importancia_do_FPS\"><\/span>Import\u00e2ncia do FPS<span class=\"ez-toc-section-end\"><\/span><\/h3>\n\n\n\n<p>O uso de protetor solar com FPS adequado vai muito al\u00e9m de evitar queimaduras. Ele desempenha um papel crucial na prote\u00e7\u00e3o da pele contra diversos danos causados pela exposi\u00e7\u00e3o solar. Entenda por que o FPS \u00e9 essencial para sua rotina de cuidados:<\/p>\n\n\n\n<ul class=\"wp-block-list\">\n<li><strong>Prote\u00e7\u00e3o contra queimaduras solares<\/strong>: evita o ardor e a vermelhid\u00e3o causados pela exposi\u00e7\u00e3o direta ao sol;<\/li>\n\n\n\n<li><strong>Preven\u00e7\u00e3o do c\u00e2ncer de pele<\/strong>: a radia\u00e7\u00e3o UVB est\u00e1 diretamente ligada ao desenvolvimento de c\u00e2ncer de pele, sendo fundamental o uso de protetor solar adequado;<\/li>\n\n\n\n<li><strong>Preven\u00e7\u00e3o do envelhecimento precoce<\/strong>: o FPS auxilia na prote\u00e7\u00e3o contra os efeitos nocivos dos raios UVB, que aceleram o aparecimento de manchas, rugas e flacidez;<\/li>\n\n\n\n<li><strong>Manuten\u00e7\u00e3o da uniformidade da pele<\/strong>: ajuda a evitar o surgimento de manchas e hiperpigmenta\u00e7\u00e3o, mantendo o tom da pele mais uniforme e saud\u00e1vel.<\/li>\n<\/ul>\n\n\n\n<h3 class=\"wp-block-heading\"><span class=\"ez-toc-section\" id=\"Tipos_de_radiacao_ultravioleta\"><\/span>Tipos de radia\u00e7\u00e3o ultravioleta<span class=\"ez-toc-section-end\"><\/span><\/h3>\n\n\n\n<p>Existem tr\u00eas tipos principais de radia\u00e7\u00e3o ultravioleta:<\/p>\n\n\n\n<ul class=\"wp-block-list\">\n<li><strong>UVA<\/strong>: penetra mais profundamente na pele, sendo o principal respons\u00e1vel pelo envelhecimento precoce e pelo surgimento de manchas;<\/li>\n\n\n\n<li><strong>UVB<\/strong>: \u00e9 o causador de queimaduras solares e est\u00e1 mais relacionado ao desenvolvimento de c\u00e2ncer de pele;<\/li>\n\n\n\n<li><strong>UVC<\/strong>: \u00e9 o mais perigoso, mas \u00e9 filtrado pela camada de oz\u00f4nio e n\u00e3o chega at\u00e9 n\u00f3s.<\/li>\n<\/ul>\n\n\n\n<p><\/p>\n\n\n\n<p>\u00c9 importante lembrar que a prote\u00e7\u00e3o solar deve contemplar tanto os raios UVA quanto os UVB. Por isso, escolha protetores que ofere\u00e7am prote\u00e7\u00e3o de amplo espectro.<\/p>\n\n\n\n<h3 class=\"wp-block-heading\"><span class=\"ez-toc-section\" id=\"Como_o_fator_de_protecao_solar_FPS_e_calculado\"><\/span>Como o fator de prote\u00e7\u00e3o solar (FPS) \u00e9 calculado?<span class=\"ez-toc-section-end\"><\/span><\/h3>\n\n\n\n<p>O c\u00e1lculo do FPS \u00e9 baseado em testes laboratoriais, onde se mede o tempo que uma pele protegida leva para sofrer queimaduras solares em compara\u00e7\u00e3o com a pele desprotegida. <\/p>\n\n\n\n<p>Por exemplo, se uma pessoa se queima em 10 minutos ao sol sem prote\u00e7\u00e3o, ao usar um protetor com FPS 30, o tempo para a queimadura aumentaria para 300 minutos (10 minutos x FPS 30). No entanto, esse c\u00e1lculo \u00e9 influenciado por v\u00e1rios fatores, como a quantidade de produto aplicada, a sudorese e a exposi\u00e7\u00e3o \u00e0 \u00e1gua.<\/p>\n\n\n\n<p>Portanto, para garantir a prote\u00e7\u00e3o adequada, \u00e9 essencial aplicar a quantidade correta e reaplicar o protetor solar a cada duas horas, especialmente ap\u00f3s nadar ou suar.<\/p>\n\n\n\n<h3 class=\"wp-block-heading\"><span class=\"ez-toc-section\" id=\"Como_escolher_o_protetor_solar_adequado_para_minha_pele\"><\/span>Como escolher o protetor solar adequado para minha pele?<span class=\"ez-toc-section-end\"><\/span><\/h3>\n\n\n\n<p>Escolher o <a href=\"https:\/\/www.qualfarma.com.br\/vivabem\/protetor-solar-para-cada-tipo-de-pele-confira-as-indicacoes\/\" target=\"_blank\" rel=\"noreferrer noopener\">protetor solar ideal<\/a> depende de v\u00e1rios fatores, incluindo seu tipo de pele, rotina e n\u00edvel de exposi\u00e7\u00e3o ao sol. Veja algumas dicas:<\/p>\n\n\n\n<ul class=\"wp-block-list\">\n<li><strong>Pele seca<\/strong>: prefira protetores solares com ingredientes hidratantes, como \u00e1cido hialur\u00f4nico e glicerina;<\/li>\n\n\n\n<li><a href=\"https:\/\/www.qualfarma.com.br\/vivabem\/pele-oleosa-como-limpar-e-tratar-esse-tipo-de-pele\/\" target=\"_blank\" rel=\"noreferrer noopener\">Pele oleosa<\/a>: opte por f\u00f3rmulas oil-free ou com efeito matte, para evitar brilho excessivo;<\/li>\n\n\n\n<li><strong>Pele sens\u00edvel<\/strong>: escolha protetores solares com f\u00f3rmulas hipoalerg\u00eanicas e sem fragr\u00e2ncias, para reduzir o risco de irrita\u00e7\u00f5es.<\/li>\n<\/ul>\n\n\n\n<p><\/p>\n\n\n\n<p>Al\u00e9m disso, leve em considera\u00e7\u00e3o o n\u00edvel de exposi\u00e7\u00e3o ao sol. Para quem passa o dia em ambientes fechados, um FPS 30 pode ser suficiente. J\u00e1 para atividades ao ar livre, o ideal \u00e9 escolher um FPS 50 ou superior.<\/p>\n\n\n\n<h3 class=\"wp-block-heading\"><span class=\"ez-toc-section\" id=\"Qual_FPS_e_ideal_para_o_rosto\"><\/span>Qual FPS \u00e9 ideal para o rosto?<span class=\"ez-toc-section-end\"><\/span><\/h3>\n\n\n\n<p>Para o rosto, recomenda-se o uso de protetores solares com <strong>FPS 30 ou superior<\/strong>, especialmente se voc\u00ea tem tend\u00eancia a manchas, melasma ou se exp\u00f5e ao sol regularmente. O rosto \u00e9 uma \u00e1rea mais sens\u00edvel e mais exposta, por isso precisa de uma prote\u00e7\u00e3o mais intensa. <\/p>\n\n\n\n<p>Se voc\u00ea vai passar o dia na praia ou praticar esportes ao ar livre, opte por produtos com <strong>FPS 50 ou mais<\/strong>, que oferecem maior seguran\u00e7a contra queimaduras e envelhecimento precoce.<\/p>\n\n\n\n<h3 class=\"wp-block-heading\"><span class=\"ez-toc-section\" id=\"Qual_FPS_e_ideal_para_o_corpo\"><\/span>Qual FPS \u00e9 ideal para o corpo?<span class=\"ez-toc-section-end\"><\/span><\/h3>\n\n\n\n<p>No corpo, o uso do FPS pode variar conforme o n\u00edvel de exposi\u00e7\u00e3o ao sol. Para o dia a dia, em ambientes urbanos, um <strong>FPS 30<\/strong> costuma ser suficiente para proteger \u00e1reas menos expostas, como bra\u00e7os e pernas. <\/p>\n\n\n\n<p>No entanto, se voc\u00ea vai para a praia, piscina ou praticar atividades ao ar livre, o ideal \u00e9 utilizar um <strong>FPS 50 ou superior<\/strong>, especialmente em \u00e1reas mais propensas a queimaduras, como ombros, costas e peito.<\/p>\n\n\n\n<p>O fator de prote\u00e7\u00e3o solar \u00e9 um dos elementos mais importantes para garantir a seguran\u00e7a e a sa\u00fade da sua pele. Ao entender como o FPS funciona e como escolher o protetor solar adequado para o seu tipo de pele e rotina, voc\u00ea estar\u00e1 mais preparada para enfrentar o sol com confian\u00e7a. N\u00e3o se esque\u00e7a de reaplicar o protetor ao longo do dia e combin\u00e1-lo com outras formas de prote\u00e7\u00e3o, como chap\u00e9us e \u00f3culos de sol.<\/p>\n","protected":false},"excerpt":{"rendered":"<p>Voc\u00ea j\u00e1 sabe que usar protetor solar \u00e9 essencial para manter a pele saud\u00e1vel e protegida, certo? Mas, afinal, o que significa o fator de prote\u00e7\u00e3o solar (FPS) e como escolher o ideal para a sua pele? A seguir, vamos entender o conceito de FPS e como ele age para proteger sua pele dos efeitos [&hellip;]<\/p>\n","protected":false},"author":7,"featured_media":4123,"comment_status":"open","ping_status":"open","sticky":false,"template":"","format":"standard","meta":{"tpgb_global_settings":"","footnotes":""},"categories":[106,109],"tags":[87,91],"class_list":["post-4119","post","type-post","status-publish","format-standard","has-post-thumbnail","hentry","category-saude","category-saude-da-pele","tag-saude","tag-saude-da-pele"],"yoast_head":"<!-- This site is optimized with the Yoast SEO plugin v27.5 - https:\/\/yoast.com\/product\/yoast-seo-wordpress\/ -->\n<title>Fator de prote\u00e7\u00e3o solar: entenda como funciona e saiba escolher<\/title>\n<meta name=\"description\" content=\"Entenda o que \u00e9 o Fator de Prote\u00e7\u00e3o Solar (FPS) e sua import\u00e2ncia na prote\u00e7\u00e3o da pele contra os raios UV e seus malef\u00edcios.\" \/>\n<meta name=\"robots\" content=\"index, follow, max-snippet:-1, max-image-preview:large, max-video-preview:-1\" \/>\n<link rel=\"canonical\" href=\"https:\/\/www.qualfarma.com.br\/vivabem\/fator-de-protecao-solar\/\" \/>\n<meta property=\"og:locale\" content=\"pt_BR\" \/>\n<meta property=\"og:type\" content=\"article\" \/>\n<meta property=\"og:title\" content=\"Fator de prote\u00e7\u00e3o solar: entenda como funciona e saiba escolher\" \/>\n<meta property=\"og:description\" content=\"Entenda o que \u00e9 o Fator de Prote\u00e7\u00e3o Solar (FPS) e sua import\u00e2ncia na prote\u00e7\u00e3o da pele contra os raios UV e seus malef\u00edcios.\" \/>\n<meta property=\"og:url\" content=\"https:\/\/www.qualfarma.com.br\/vivabem\/fator-de-protecao-solar\/\" \/>\n<meta property=\"og:site_name\" content=\"Blog Viva Bem por Qualfarma\" \/>\n<meta property=\"article:published_time\" content=\"2024-11-21T13:00:00+00:00\" \/>\n<meta property=\"article:modified_time\" content=\"2025-09-02T20:20:22+00:00\" \/>\n<meta property=\"og:image\" content=\"https:\/\/www.qualfarma.com.br\/vivabem\/wp-content\/uploads\/2024\/11\/fator-de-protecao-solar.jpg\" \/>\n\t<meta property=\"og:image:width\" content=\"750\" \/>\n\t<meta property=\"og:image:height\" content=\"500\" \/>\n\t<meta property=\"og:image:type\" content=\"image\/jpeg\" \/>\n<meta name=\"author\" content=\"Stephanie Kroll\" \/>\n<meta name=\"twitter:card\" content=\"summary_large_image\" \/>\n<meta name=\"twitter:label1\" content=\"Escrito por\" \/>\n\t<meta name=\"twitter:data1\" content=\"Stephanie Kroll\" \/>\n\t<meta name=\"twitter:label2\" content=\"Est. tempo de leitura\" \/>\n\t<meta name=\"twitter:data2\" content=\"6 minutos\" \/>\n<script type=\"application\/ld+json\" class=\"yoast-schema-graph\">{\"@context\":\"https:\\\/\\\/schema.org\",\"@graph\":[{\"@type\":\"Article\",\"@id\":\"https:\\\/\\\/www.qualfarma.com.br\\\/vivabem\\\/fator-de-protecao-solar\\\/#article\",\"isPartOf\":{\"@id\":\"https:\\\/\\\/www.qualfarma.com.br\\\/vivabem\\\/fator-de-protecao-solar\\\/\"},\"author\":{\"name\":\"Stephanie Kroll\",\"@id\":\"https:\\\/\\\/www.qualfarma.com.br\\\/vivabem\\\/#\\\/schema\\\/person\\\/a690dda13b8cef2d1093f56c7e09b224\"},\"headline\":\"Fator de prote\u00e7\u00e3o solar: entenda como funciona e saiba escolher\",\"datePublished\":\"2024-11-21T13:00:00+00:00\",\"dateModified\":\"2025-09-02T20:20:22+00:00\",\"mainEntityOfPage\":{\"@id\":\"https:\\\/\\\/www.qualfarma.com.br\\\/vivabem\\\/fator-de-protecao-solar\\\/\"},\"wordCount\":952,\"commentCount\":0,\"image\":{\"@id\":\"https:\\\/\\\/www.qualfarma.com.br\\\/vivabem\\\/fator-de-protecao-solar\\\/#primaryimage\"},\"thumbnailUrl\":\"https:\\\/\\\/www.qualfarma.com.br\\\/vivabem\\\/wp-content\\\/uploads\\\/2024\\\/11\\\/fator-de-protecao-solar.jpg\",\"keywords\":[\"Sa\u00fade\",\"Sa\u00fade da Pele\"],\"articleSection\":[\"Sa\u00fade\",\"Sa\u00fade da pele\"],\"inLanguage\":\"pt-BR\",\"potentialAction\":[{\"@type\":\"CommentAction\",\"name\":\"Comment\",\"target\":[\"https:\\\/\\\/www.qualfarma.com.br\\\/vivabem\\\/fator-de-protecao-solar\\\/#respond\"]}]},{\"@type\":\"WebPage\",\"@id\":\"https:\\\/\\\/www.qualfarma.com.br\\\/vivabem\\\/fator-de-protecao-solar\\\/\",\"url\":\"https:\\\/\\\/www.qualfarma.com.br\\\/vivabem\\\/fator-de-protecao-solar\\\/\",\"name\":\"Fator de prote\u00e7\u00e3o solar: entenda como funciona e saiba escolher\",\"isPartOf\":{\"@id\":\"https:\\\/\\\/www.qualfarma.com.br\\\/vivabem\\\/#website\"},\"primaryImageOfPage\":{\"@id\":\"https:\\\/\\\/www.qualfarma.com.br\\\/vivabem\\\/fator-de-protecao-solar\\\/#primaryimage\"},\"image\":{\"@id\":\"https:\\\/\\\/www.qualfarma.com.br\\\/vivabem\\\/fator-de-protecao-solar\\\/#primaryimage\"},\"thumbnailUrl\":\"https:\\\/\\\/www.qualfarma.com.br\\\/vivabem\\\/wp-content\\\/uploads\\\/2024\\\/11\\\/fator-de-protecao-solar.jpg\",\"datePublished\":\"2024-11-21T13:00:00+00:00\",\"dateModified\":\"2025-09-02T20:20:22+00:00\",\"author\":{\"@id\":\"https:\\\/\\\/www.qualfarma.com.br\\\/vivabem\\\/#\\\/schema\\\/person\\\/a690dda13b8cef2d1093f56c7e09b224\"},\"description\":\"Entenda o que \u00e9 o Fator de Prote\u00e7\u00e3o Solar (FPS) e sua import\u00e2ncia na prote\u00e7\u00e3o da pele contra os raios UV e seus malef\u00edcios.\",\"breadcrumb\":{\"@id\":\"https:\\\/\\\/www.qualfarma.com.br\\\/vivabem\\\/fator-de-protecao-solar\\\/#breadcrumb\"},\"inLanguage\":\"pt-BR\",\"potentialAction\":[{\"@type\":\"ReadAction\",\"target\":[\"https:\\\/\\\/www.qualfarma.com.br\\\/vivabem\\\/fator-de-protecao-solar\\\/\"]}]},{\"@type\":\"ImageObject\",\"inLanguage\":\"pt-BR\",\"@id\":\"https:\\\/\\\/www.qualfarma.com.br\\\/vivabem\\\/fator-de-protecao-solar\\\/#primaryimage\",\"url\":\"https:\\\/\\\/www.qualfarma.com.br\\\/vivabem\\\/wp-content\\\/uploads\\\/2024\\\/11\\\/fator-de-protecao-solar.jpg\",\"contentUrl\":\"https:\\\/\\\/www.qualfarma.com.br\\\/vivabem\\\/wp-content\\\/uploads\\\/2024\\\/11\\\/fator-de-protecao-solar.jpg\",\"width\":750,\"height\":500,\"caption\":\"Entender e saber escolher o fator de prote\u00e7\u00e3o solar (FPS) do seu protetor solar \u00e9 essencial\"},{\"@type\":\"BreadcrumbList\",\"@id\":\"https:\\\/\\\/www.qualfarma.com.br\\\/vivabem\\\/fator-de-protecao-solar\\\/#breadcrumb\",\"itemListElement\":[{\"@type\":\"ListItem\",\"position\":1,\"name\":\"Blog Viva Bem\",\"item\":\"https:\\\/\\\/www.qualfarma.com.br\\\/vivabem\\\/\"},{\"@type\":\"ListItem\",\"position\":2,\"name\":\"Sa\u00fade\",\"item\":\"https:\\\/\\\/www.qualfarma.com.br\\\/vivabem\\\/saude\\\/\"},{\"@type\":\"ListItem\",\"position\":3,\"name\":\"Fator de prote\u00e7\u00e3o solar: entenda como funciona e saiba escolher\"}]},{\"@type\":\"WebSite\",\"@id\":\"https:\\\/\\\/www.qualfarma.com.br\\\/vivabem\\\/#website\",\"url\":\"https:\\\/\\\/www.qualfarma.com.br\\\/vivabem\\\/\",\"name\":\"Blog Viva Bem por Qualfarma\",\"description\":\"\u00ae 2023\",\"potentialAction\":[{\"@type\":\"SearchAction\",\"target\":{\"@type\":\"EntryPoint\",\"urlTemplate\":\"https:\\\/\\\/www.qualfarma.com.br\\\/vivabem\\\/?s={search_term_string}\"},\"query-input\":{\"@type\":\"PropertyValueSpecification\",\"valueRequired\":true,\"valueName\":\"search_term_string\"}}],\"inLanguage\":\"pt-BR\"},{\"@type\":\"Person\",\"@id\":\"https:\\\/\\\/www.qualfarma.com.br\\\/vivabem\\\/#\\\/schema\\\/person\\\/a690dda13b8cef2d1093f56c7e09b224\",\"name\":\"Stephanie Kroll\",\"image\":{\"@type\":\"ImageObject\",\"inLanguage\":\"pt-BR\",\"@id\":\"https:\\\/\\\/secure.gravatar.com\\\/avatar\\\/dd1b82540a7b66c3112346e4a6b0e24b524511df3d028133ca1eea9eafc829bc?s=96&d=mm&r=g\",\"url\":\"https:\\\/\\\/secure.gravatar.com\\\/avatar\\\/dd1b82540a7b66c3112346e4a6b0e24b524511df3d028133ca1eea9eafc829bc?s=96&d=mm&r=g\",\"contentUrl\":\"https:\\\/\\\/secure.gravatar.com\\\/avatar\\\/dd1b82540a7b66c3112346e4a6b0e24b524511df3d028133ca1eea9eafc829bc?s=96&d=mm&r=g\",\"caption\":\"Stephanie Kroll\"},\"description\":\"Graduada em Farm\u00e1cia pela Universidade Federal do Rio de Janeiro (UFRJ), Stephanie Kroll (CRF\\\/RJ 28001) atua na \u00e1rea da sa\u00fade da fam\u00edlia com uma abordagem humanizada e \u00e9 respons\u00e1vel t\u00e9cnica pelos conte\u00fados do Viva Bem por Qualfarma.\"}]}<\/script>\n<!-- \/ Yoast SEO plugin. -->","yoast_head_json":{"title":"Fator de prote\u00e7\u00e3o solar: entenda como funciona e saiba escolher","description":"Entenda o que \u00e9 o Fator de Prote\u00e7\u00e3o Solar (FPS) e sua import\u00e2ncia na prote\u00e7\u00e3o da pele contra os raios UV e seus malef\u00edcios.","robots":{"index":"index","follow":"follow","max-snippet":"max-snippet:-1","max-image-preview":"max-image-preview:large","max-video-preview":"max-video-preview:-1"},"canonical":"https:\/\/www.qualfarma.com.br\/vivabem\/fator-de-protecao-solar\/","og_locale":"pt_BR","og_type":"article","og_title":"Fator de prote\u00e7\u00e3o solar: entenda como funciona e saiba escolher","og_description":"Entenda o que \u00e9 o Fator de Prote\u00e7\u00e3o Solar (FPS) e sua import\u00e2ncia na prote\u00e7\u00e3o da pele contra os raios UV e seus malef\u00edcios.","og_url":"https:\/\/www.qualfarma.com.br\/vivabem\/fator-de-protecao-solar\/","og_site_name":"Blog Viva Bem por Qualfarma","article_published_time":"2024-11-21T13:00:00+00:00","article_modified_time":"2025-09-02T20:20:22+00:00","og_image":[{"width":750,"height":500,"url":"https:\/\/www.qualfarma.com.br\/vivabem\/wp-content\/uploads\/2024\/11\/fator-de-protecao-solar.jpg","type":"image\/jpeg"}],"author":"Stephanie Kroll","twitter_card":"summary_large_image","twitter_misc":{"Escrito por":"Stephanie Kroll","Est. tempo de leitura":"6 minutos"},"schema":{"@context":"https:\/\/schema.org","@graph":[{"@type":"Article","@id":"https:\/\/www.qualfarma.com.br\/vivabem\/fator-de-protecao-solar\/#article","isPartOf":{"@id":"https:\/\/www.qualfarma.com.br\/vivabem\/fator-de-protecao-solar\/"},"author":{"name":"Stephanie Kroll","@id":"https:\/\/www.qualfarma.com.br\/vivabem\/#\/schema\/person\/a690dda13b8cef2d1093f56c7e09b224"},"headline":"Fator de prote\u00e7\u00e3o solar: entenda como funciona e saiba escolher","datePublished":"2024-11-21T13:00:00+00:00","dateModified":"2025-09-02T20:20:22+00:00","mainEntityOfPage":{"@id":"https:\/\/www.qualfarma.com.br\/vivabem\/fator-de-protecao-solar\/"},"wordCount":952,"commentCount":0,"image":{"@id":"https:\/\/www.qualfarma.com.br\/vivabem\/fator-de-protecao-solar\/#primaryimage"},"thumbnailUrl":"https:\/\/www.qualfarma.com.br\/vivabem\/wp-content\/uploads\/2024\/11\/fator-de-protecao-solar.jpg","keywords":["Sa\u00fade","Sa\u00fade da Pele"],"articleSection":["Sa\u00fade","Sa\u00fade da pele"],"inLanguage":"pt-BR","potentialAction":[{"@type":"CommentAction","name":"Comment","target":["https:\/\/www.qualfarma.com.br\/vivabem\/fator-de-protecao-solar\/#respond"]}]},{"@type":"WebPage","@id":"https:\/\/www.qualfarma.com.br\/vivabem\/fator-de-protecao-solar\/","url":"https:\/\/www.qualfarma.com.br\/vivabem\/fator-de-protecao-solar\/","name":"Fator de prote\u00e7\u00e3o solar: entenda como funciona e saiba escolher","isPartOf":{"@id":"https:\/\/www.qualfarma.com.br\/vivabem\/#website"},"primaryImageOfPage":{"@id":"https:\/\/www.qualfarma.com.br\/vivabem\/fator-de-protecao-solar\/#primaryimage"},"image":{"@id":"https:\/\/www.qualfarma.com.br\/vivabem\/fator-de-protecao-solar\/#primaryimage"},"thumbnailUrl":"https:\/\/www.qualfarma.com.br\/vivabem\/wp-content\/uploads\/2024\/11\/fator-de-protecao-solar.jpg","datePublished":"2024-11-21T13:00:00+00:00","dateModified":"2025-09-02T20:20:22+00:00","author":{"@id":"https:\/\/www.qualfarma.com.br\/vivabem\/#\/schema\/person\/a690dda13b8cef2d1093f56c7e09b224"},"description":"Entenda o que \u00e9 o Fator de Prote\u00e7\u00e3o Solar (FPS) e sua import\u00e2ncia na prote\u00e7\u00e3o da pele contra os raios UV e seus malef\u00edcios.","breadcrumb":{"@id":"https:\/\/www.qualfarma.com.br\/vivabem\/fator-de-protecao-solar\/#breadcrumb"},"inLanguage":"pt-BR","potentialAction":[{"@type":"ReadAction","target":["https:\/\/www.qualfarma.com.br\/vivabem\/fator-de-protecao-solar\/"]}]},{"@type":"ImageObject","inLanguage":"pt-BR","@id":"https:\/\/www.qualfarma.com.br\/vivabem\/fator-de-protecao-solar\/#primaryimage","url":"https:\/\/www.qualfarma.com.br\/vivabem\/wp-content\/uploads\/2024\/11\/fator-de-protecao-solar.jpg","contentUrl":"https:\/\/www.qualfarma.com.br\/vivabem\/wp-content\/uploads\/2024\/11\/fator-de-protecao-solar.jpg","width":750,"height":500,"caption":"Entender e saber escolher o fator de prote\u00e7\u00e3o solar (FPS) do seu protetor solar \u00e9 essencial"},{"@type":"BreadcrumbList","@id":"https:\/\/www.qualfarma.com.br\/vivabem\/fator-de-protecao-solar\/#breadcrumb","itemListElement":[{"@type":"ListItem","position":1,"name":"Blog Viva Bem","item":"https:\/\/www.qualfarma.com.br\/vivabem\/"},{"@type":"ListItem","position":2,"name":"Sa\u00fade","item":"https:\/\/www.qualfarma.com.br\/vivabem\/saude\/"},{"@type":"ListItem","position":3,"name":"Fator de prote\u00e7\u00e3o solar: entenda como funciona e saiba escolher"}]},{"@type":"WebSite","@id":"https:\/\/www.qualfarma.com.br\/vivabem\/#website","url":"https:\/\/www.qualfarma.com.br\/vivabem\/","name":"Blog Viva Bem por Qualfarma","description":"\u00ae 2023","potentialAction":[{"@type":"SearchAction","target":{"@type":"EntryPoint","urlTemplate":"https:\/\/www.qualfarma.com.br\/vivabem\/?s={search_term_string}"},"query-input":{"@type":"PropertyValueSpecification","valueRequired":true,"valueName":"search_term_string"}}],"inLanguage":"pt-BR"},{"@type":"Person","@id":"https:\/\/www.qualfarma.com.br\/vivabem\/#\/schema\/person\/a690dda13b8cef2d1093f56c7e09b224","name":"Stephanie Kroll","image":{"@type":"ImageObject","inLanguage":"pt-BR","@id":"https:\/\/secure.gravatar.com\/avatar\/dd1b82540a7b66c3112346e4a6b0e24b524511df3d028133ca1eea9eafc829bc?s=96&d=mm&r=g","url":"https:\/\/secure.gravatar.com\/avatar\/dd1b82540a7b66c3112346e4a6b0e24b524511df3d028133ca1eea9eafc829bc?s=96&d=mm&r=g","contentUrl":"https:\/\/secure.gravatar.com\/avatar\/dd1b82540a7b66c3112346e4a6b0e24b524511df3d028133ca1eea9eafc829bc?s=96&d=mm&r=g","caption":"Stephanie Kroll"},"description":"Graduada em Farm\u00e1cia pela Universidade Federal do Rio de Janeiro (UFRJ), Stephanie Kroll (CRF\/RJ 28001) atua na \u00e1rea da sa\u00fade da fam\u00edlia com uma abordagem humanizada e \u00e9 respons\u00e1vel t\u00e9cnica pelos conte\u00fados do Viva Bem por Qualfarma."}]}},"jetpack_featured_media_url":"https:\/\/www.qualfarma.com.br\/vivabem\/wp-content\/uploads\/2024\/11\/fator-de-protecao-solar.jpg","tpgb_featured_images":{"full":["https:\/\/www.qualfarma.com.br\/vivabem\/wp-content\/uploads\/2024\/11\/fator-de-protecao-solar.jpg",750,500,false],"tp-image-grid":["https:\/\/www.qualfarma.com.br\/vivabem\/wp-content\/uploads\/2024\/11\/fator-de-protecao-solar-700x700.jpg",700,700,true],"thumbnail":["https:\/\/www.qualfarma.com.br\/vivabem\/wp-content\/uploads\/2024\/11\/fator-de-protecao-solar-150x150.jpg",150,150,true],"medium":["https:\/\/www.qualfarma.com.br\/vivabem\/wp-content\/uploads\/2024\/11\/fator-de-protecao-solar-300x200.jpg",300,200,true],"medium_large":["https:\/\/www.qualfarma.com.br\/vivabem\/wp-content\/uploads\/2024\/11\/fator-de-protecao-solar.jpg",750,500,false],"large":["https:\/\/www.qualfarma.com.br\/vivabem\/wp-content\/uploads\/2024\/11\/fator-de-protecao-solar.jpg",750,500,false],"default":"https:\/\/www.qualfarma.com.br\/vivabem\/wp-content\/plugins\/the-plus-addons-for-block-editor\/assets\/images\/tpgb-placeholder.jpg"},"tpgb_post_meta_info":{"get_date":"novembro 21, 2024","get_modified_date":"setembro 2, 2025","category_list":{"category":[{"term_id":106,"name":"Sa\u00fade","slug":"saude","term_group":0,"term_taxonomy_id":106,"taxonomy":"category","description":"Cuide da sua sa\u00fade com conte\u00fados informativos e dicas pr\u00e1ticas. No Viva Bem por Qualfarma, voc\u00ea encontra informa\u00e7\u00f5es sobre sa\u00fade f\u00edsica e mental, amplia seus conhecimentos sobre doen\u00e7as e sintomas e muito mais. Mantenha sua sa\u00fade sempre em dia e viva bem com Qualfarma.","parent":0,"count":23,"filter":"raw"},{"term_id":109,"name":"Sa\u00fade da pele","slug":"saude-da-pele","term_group":0,"term_taxonomy_id":109,"taxonomy":"category","description":"","parent":106,"count":13,"filter":"raw"}],"post_tag":[{"term_id":87,"name":"Sa\u00fade","slug":"saude","term_group":0,"term_taxonomy_id":87,"taxonomy":"post_tag","description":"","parent":0,"count":21,"filter":"raw"},{"term_id":91,"name":"Sa\u00fade da Pele","slug":"saude-da-pele","term_group":0,"term_taxonomy_id":91,"taxonomy":"post_tag","description":"","parent":0,"count":10,"filter":"raw"}]},"author_name":"Stephanie Kroll","author_url":"https:\/\/www.qualfarma.com.br\/vivabem\/author\/sterabelohotmail-com\/","author_email":"sterabelo@hotmail.com","author_website":"","author_description":"Graduada em Farm\u00e1cia pela Universidade Federal do Rio de Janeiro (UFRJ), Stephanie Kroll (CRF\/RJ 28001) atua na \u00e1rea da sa\u00fade da fam\u00edlia com uma abordagem humanizada e \u00e9 respons\u00e1vel t\u00e9cnica pelos conte\u00fados do Viva Bem por Qualfarma.","author_facebook":"","author_twitter":"","author_instagram":"","author_role":["editor"],"author_firstname":"Stephanie","author_lastname":"Kroll","user_login":"sterabelo@hotmail.com","author_avatar":"<img alt='' src='https:\/\/secure.gravatar.com\/avatar\/dd1b82540a7b66c3112346e4a6b0e24b524511df3d028133ca1eea9eafc829bc?s=200&#038;d=mm&#038;r=g' srcset='https:\/\/secure.gravatar.com\/avatar\/dd1b82540a7b66c3112346e4a6b0e24b524511df3d028133ca1eea9eafc829bc?s=400&#038;d=mm&#038;r=g 2x' class='avatar avatar-200 photo' height='200' width='200' decoding='async'\/>","author_avatar_url":"https:\/\/secure.gravatar.com\/avatar\/dd1b82540a7b66c3112346e4a6b0e24b524511df3d028133ca1eea9eafc829bc?s=96&d=mm&r=g","comment_count":0,"post_likes":0,"post_views":0},"tpgb_post_category":{"category":"<a href=\"https:\/\/www.qualfarma.com.br\/vivabem\/saude\/\" alt=\"Sa\u00fade\"  class=\"category-saude\">Sa\u00fade<\/a> <a href=\"https:\/\/www.qualfarma.com.br\/vivabem\/saude\/saude-da-pele\/\" alt=\"Sa\u00fade da pele\"  class=\"category-saude-da-pele\">Sa\u00fade da pele<\/a> ","post_tag":"<a href=\"https:\/\/www.qualfarma.com.br\/vivabem\/tag\/saude\/\" alt=\"Sa\u00fade\"  class=\"post_tag-saude\">Sa\u00fade<\/a> <a href=\"https:\/\/www.qualfarma.com.br\/vivabem\/tag\/saude-da-pele\/\" alt=\"Sa\u00fade da Pele\"  class=\"post_tag-saude-da-pele\">Sa\u00fade da Pele<\/a> "},"_links":{"self":[{"href":"https:\/\/www.qualfarma.com.br\/vivabem\/wp-json\/wp\/v2\/posts\/4119","targetHints":{"allow":["GET"]}}],"collection":[{"href":"https:\/\/www.qualfarma.com.br\/vivabem\/wp-json\/wp\/v2\/posts"}],"about":[{"href":"https:\/\/www.qualfarma.com.br\/vivabem\/wp-json\/wp\/v2\/types\/post"}],"author":[{"embeddable":true,"href":"https:\/\/www.qualfarma.com.br\/vivabem\/wp-json\/wp\/v2\/users\/7"}],"replies":[{"embeddable":true,"href":"https:\/\/www.qualfarma.com.br\/vivabem\/wp-json\/wp\/v2\/comments?post=4119"}],"version-history":[{"count":7,"href":"https:\/\/www.qualfarma.com.br\/vivabem\/wp-json\/wp\/v2\/posts\/4119\/revisions"}],"predecessor-version":[{"id":4495,"href":"https:\/\/www.qualfarma.com.br\/vivabem\/wp-json\/wp\/v2\/posts\/4119\/revisions\/4495"}],"wp:featuredmedia":[{"embeddable":true,"href":"https:\/\/www.qualfarma.com.br\/vivabem\/wp-json\/wp\/v2\/media\/4123"}],"wp:attachment":[{"href":"https:\/\/www.qualfarma.com.br\/vivabem\/wp-json\/wp\/v2\/media?parent=4119"}],"wp:term":[{"taxonomy":"category","embeddable":true,"href":"https:\/\/www.qualfarma.com.br\/vivabem\/wp-json\/wp\/v2\/categories?post=4119"},{"taxonomy":"post_tag","embeddable":true,"href":"https:\/\/www.qualfarma.com.br\/vivabem\/wp-json\/wp\/v2\/tags?post=4119"}],"curies":[{"name":"wp","href":"https:\/\/api.w.org\/{rel}","templated":true}]}}