{"id":4114,"date":"2024-11-19T13:00:00","date_gmt":"2024-11-19T13:00:00","guid":{"rendered":"https:\/\/www.qualfarma.com.br\/vivabem\/?p=4114"},"modified":"2025-09-02T20:30:30","modified_gmt":"2025-09-02T20:30:30","slug":"tipos-de-protetor-solar","status":"publish","type":"post","link":"https:\/\/www.qualfarma.com.br\/vivabem\/tipos-de-protetor-solar\/","title":{"rendered":"9 tipos de protetor solar para conhecer e escolher o seu"},"content":{"rendered":"\n<p>A escolha de um bom protetor solar vai muito al\u00e9m de apenas olhar para o fator de prote\u00e7\u00e3o (FPS). Hoje em dia, existem diferentes<strong> tipos de protetor solar<\/strong>, cada um com suas caracter\u00edsticas e benef\u00edcios espec\u00edficos, adaptados para diversos tipos de pele e necessidades individuais. A seguir, conhe\u00e7a os 9 principais tipos de protetor solar e descubra qual \u00e9 o ideal para voc\u00ea!<\/p>\n\n\n\n<div id=\"ez-toc-container\" class=\"ez-toc-v2_0_82_2 counter-hierarchy ez-toc-counter ez-toc-grey ez-toc-container-direction\">\n<div class=\"ez-toc-title-container\">\n<p class=\"ez-toc-title\" style=\"cursor:inherit\">Navegue pelo assunto<\/p>\n<span class=\"ez-toc-title-toggle\"><\/span><\/div>\n<nav><ul class='ez-toc-list ez-toc-list-level-1 ' ><li class='ez-toc-page-1 ez-toc-heading-level-2'><a class=\"ez-toc-link ez-toc-heading-1\" href=\"https:\/\/www.qualfarma.com.br\/vivabem\/tipos-de-protetor-solar\/#Conheca_os_diferentes_tipos_de_protetor_solar\" >Conhe\u00e7a os diferentes tipos de protetor solar<\/a><ul class='ez-toc-list-level-3' ><li class='ez-toc-heading-level-3'><a class=\"ez-toc-link ez-toc-heading-2\" href=\"https:\/\/www.qualfarma.com.br\/vivabem\/tipos-de-protetor-solar\/#1_Protetor_solar_quimico\" >1. Protetor solar qu\u00edmico<\/a><\/li><li class='ez-toc-page-1 ez-toc-heading-level-3'><a class=\"ez-toc-link ez-toc-heading-3\" href=\"https:\/\/www.qualfarma.com.br\/vivabem\/tipos-de-protetor-solar\/#2_Protetor_solar_fisico\" >2. Protetor solar f\u00edsico<\/a><\/li><li class='ez-toc-page-1 ez-toc-heading-level-3'><a class=\"ez-toc-link ez-toc-heading-4\" href=\"https:\/\/www.qualfarma.com.br\/vivabem\/tipos-de-protetor-solar\/#3_Protetor_solar_mineral\" >3. Protetor solar mineral<\/a><\/li><li class='ez-toc-page-1 ez-toc-heading-level-3'><a class=\"ez-toc-link ez-toc-heading-5\" href=\"https:\/\/www.qualfarma.com.br\/vivabem\/tipos-de-protetor-solar\/#4_Protetor_solar_oil_free\" >4. Protetor solar oil free<\/a><\/li><li class='ez-toc-page-1 ez-toc-heading-level-3'><a class=\"ez-toc-link ez-toc-heading-6\" href=\"https:\/\/www.qualfarma.com.br\/vivabem\/tipos-de-protetor-solar\/#5_Protetor_solar_hipoalergenico\" >5. Protetor solar hipoalerg\u00eanico<\/a><\/li><li class='ez-toc-page-1 ez-toc-heading-level-3'><a class=\"ez-toc-link ez-toc-heading-7\" href=\"https:\/\/www.qualfarma.com.br\/vivabem\/tipos-de-protetor-solar\/#6_Protetor_solar_com_cor\" >6. Protetor solar com cor<\/a><\/li><li class='ez-toc-page-1 ez-toc-heading-level-3'><a class=\"ez-toc-link ez-toc-heading-8\" href=\"https:\/\/www.qualfarma.com.br\/vivabem\/tipos-de-protetor-solar\/#7_Protetor_solar_resistente_a_agua\" >7. Protetor solar resistente \u00e0 \u00e1gua<\/a><\/li><li class='ez-toc-page-1 ez-toc-heading-level-3'><a class=\"ez-toc-link ez-toc-heading-9\" href=\"https:\/\/www.qualfarma.com.br\/vivabem\/tipos-de-protetor-solar\/#8_Protetor_solar_em_spray\" >8. Protetor solar em spray<\/a><\/li><li class='ez-toc-page-1 ez-toc-heading-level-3'><a class=\"ez-toc-link ez-toc-heading-10\" href=\"https:\/\/www.qualfarma.com.br\/vivabem\/tipos-de-protetor-solar\/#9_Protetor_solar_em_creme\" >9. Protetor solar em creme<\/a><\/li><\/ul><\/li><li class='ez-toc-page-1 ez-toc-heading-level-2'><a class=\"ez-toc-link ez-toc-heading-11\" href=\"https:\/\/www.qualfarma.com.br\/vivabem\/tipos-de-protetor-solar\/#Como_escolher_o_protetor_solar_ideal\" >Como escolher o protetor solar ideal?<\/a><ul class='ez-toc-list-level-3' ><li class='ez-toc-heading-level-3'><a class=\"ez-toc-link ez-toc-heading-12\" href=\"https:\/\/www.qualfarma.com.br\/vivabem\/tipos-de-protetor-solar\/#Conheca_seu_tipo_de_pele\" >Conhe\u00e7a seu tipo de pele<\/a><\/li><li class='ez-toc-page-1 ez-toc-heading-level-3'><a class=\"ez-toc-link ez-toc-heading-13\" href=\"https:\/\/www.qualfarma.com.br\/vivabem\/tipos-de-protetor-solar\/#Considere_o_ambiente_e_atividades\" >Considere o ambiente e atividades<\/a><\/li><li class='ez-toc-page-1 ez-toc-heading-level-3'><a class=\"ez-toc-link ez-toc-heading-14\" href=\"https:\/\/www.qualfarma.com.br\/vivabem\/tipos-de-protetor-solar\/#Escolha_a_textura_que_mais_agrada\" >Escolha a textura que mais agrada<\/a><\/li><li class='ez-toc-page-1 ez-toc-heading-level-3'><a class=\"ez-toc-link ez-toc-heading-15\" href=\"https:\/\/www.qualfarma.com.br\/vivabem\/tipos-de-protetor-solar\/#Como_escolher_o_fator_de_protecao_solar\" >Como escolher o fator de prote\u00e7\u00e3o solar?<\/a><\/li><\/ul><\/li><\/ul><\/nav><\/div>\n<h2 class=\"wp-block-heading\"><span class=\"ez-toc-section\" id=\"Conheca_os_diferentes_tipos_de_protetor_solar\"><\/span>Conhe\u00e7a os diferentes tipos de protetor solar<span class=\"ez-toc-section-end\"><\/span><\/h2>\n\n\n\n<p>Com tantas op\u00e7\u00f5es dispon\u00edveis no mercado, escolher o protetor solar ideal pode parecer uma tarefa complicada. Por isso, adiante, vamos apresentar as principais varia\u00e7\u00f5es e explicar para que cada uma delas \u00e9 indicada \u2013 assim a escolha pela op\u00e7\u00e3o ideal para a sua pele ficar\u00e1 mais f\u00e1cil!<\/p>\n\n\n\n<h3 class=\"wp-block-heading\"><span class=\"ez-toc-section\" id=\"1_Protetor_solar_quimico\"><\/span>1. Protetor solar qu\u00edmico<span class=\"ez-toc-section-end\"><\/span><\/h3>\n\n\n\n<p>O protetor solar qu\u00edmico \u00e9 um dos mais populares e age absorvendo os raios UV e convertendo-os em calor. Ele \u00e9 formulado com ingredientes ativos como oxibenzona, avobenzona e octinoxato, que penetram na pele e oferecem prote\u00e7\u00e3o contra os raios UVA e UVB.<\/p>\n\n\n\n<ul class=\"wp-block-list\">\n<li><strong>Indica\u00e7\u00e3o:<\/strong> ideal para quem busca uma textura leve e f\u00e1cil absor\u00e7\u00e3o;<\/li>\n\n\n\n<li><strong>Vantagem:<\/strong> n\u00e3o deixa res\u00edduo branco na pele, sendo perfeito para uso di\u00e1rio e aplica\u00e7\u00e3o sob a maquiagem;<\/li>\n\n\n\n<li><strong>Dica:<\/strong> aplique pelo menos 15 minutos antes da exposi\u00e7\u00e3o ao sol para que o produto tenha tempo de agir.<\/li>\n<\/ul>\n\n\n\n<h3 class=\"wp-block-heading\"><span class=\"ez-toc-section\" id=\"2_Protetor_solar_fisico\"><\/span>2. Protetor solar f\u00edsico<span class=\"ez-toc-section-end\"><\/span><\/h3>\n\n\n\n<p>Tamb\u00e9m conhecido como protetor solar inorg\u00e2nico, o protetor f\u00edsico cria uma barreira sobre a pele que reflete os raios solares. Ele cont\u00e9m ingredientes como di\u00f3xido de tit\u00e2nio e \u00f3xido de zinco.<\/p>\n\n\n\n<ul class=\"wp-block-list\">\n<li><strong>Indica\u00e7\u00e3o:<\/strong> recomendado para pessoas com pele sens\u00edvel, gestantes e crian\u00e7as;<\/li>\n\n\n\n<li><strong>Vantagem:<\/strong> age imediatamente ap\u00f3s a aplica\u00e7\u00e3o e oferece prote\u00e7\u00e3o eficaz contra os raios UVA e UVB;<\/li>\n\n\n\n<li><strong>Dica:<\/strong> pode deixar um res\u00edduo branco, ent\u00e3o \u00e9 ideal para quem n\u00e3o se importa com esse efeito.<\/li>\n<\/ul>\n\n\n\n<h3 class=\"wp-block-heading\"><span class=\"ez-toc-section\" id=\"3_Protetor_solar_mineral\"><\/span>3. Protetor solar mineral<span class=\"ez-toc-section-end\"><\/span><\/h3>\n\n\n\n<p>O protetor solar mineral \u00e9 uma variante do protetor f\u00edsico e cont\u00e9m apenas filtros minerais, como di\u00f3xido de tit\u00e2nio e \u00f3xido de zinco. Ele \u00e9 uma escolha popular entre quem busca produtos mais naturais e seguros.<\/p>\n\n\n\n<ul class=\"wp-block-list\">\n<li><strong>Indica\u00e7\u00e3o:<\/strong> ideal para peles sens\u00edveis e reativas, bem como para quem prefere produtos com menos ingredientes qu\u00edmicos;<\/li>\n\n\n\n<li><strong>Vantagem:<\/strong> n\u00e3o irrita a pele e \u00e9 menos prov\u00e1vel de causar rea\u00e7\u00f5es al\u00e9rgicas;<\/li>\n\n\n\n<li><strong>Dica:<\/strong> por ter uma textura mais espessa, espalhe bem para evitar manchas brancas.<\/li>\n<\/ul>\n\n\n\n<h3 class=\"wp-block-heading\"><span class=\"ez-toc-section\" id=\"4_Protetor_solar_oil_free\"><\/span>4. Protetor solar oil free<span class=\"ez-toc-section-end\"><\/span><\/h3>\n\n\n\n<p>Para quem tem <a href=\"https:\/\/www.qualfarma.com.br\/vivabem\/pele-oleosa-como-limpar-e-tratar-esse-tipo-de-pele\/\" target=\"_blank\" rel=\"noreferrer noopener\">pele oleosa<\/a> ou propensa a acne, o protetor solar oil free \u00e9 a escolha perfeita. Ele possui formula\u00e7\u00e3o sem \u00f3leo e textura leve, ajudando a evitar o brilho excessivo e a obstru\u00e7\u00e3o dos poros.<\/p>\n\n\n\n<ul class=\"wp-block-list\">\n<li><strong>Indica\u00e7\u00e3o:<\/strong> ideal para peles mistas a oleosas;<\/li>\n\n\n\n<li><strong>Vantagem:<\/strong> reduz a chance de acne e mant\u00e9m a pele com apar\u00eancia matificada;<\/li>\n\n\n\n<li><strong>Dica:<\/strong> escolha vers\u00f5es com acabamento mate para um controle extra da oleosidade.<\/li>\n<\/ul>\n\n\n\n<h3 class=\"wp-block-heading\"><span class=\"ez-toc-section\" id=\"5_Protetor_solar_hipoalergenico\"><\/span>5. Protetor solar hipoalerg\u00eanico<span class=\"ez-toc-section-end\"><\/span><\/h3>\n\n\n\n<p>O protetor solar hipoalerg\u00eanico \u00e9 desenvolvido para minimizar o risco de alergias e irrita\u00e7\u00f5es na pele. Ele possui uma f\u00f3rmula livre de fragr\u00e2ncias e corantes, sendo uma op\u00e7\u00e3o segura para quem tem pele sens\u00edvel.<\/p>\n\n\n\n<ul class=\"wp-block-list\">\n<li><strong>Indica\u00e7\u00e3o:<\/strong> recomendado para quem sofre com alergias ou irrita\u00e7\u00f5es causadas por cosm\u00e9ticos convencionais;<\/li>\n\n\n\n<li><strong>Vantagem:<\/strong> reduz a chance de rea\u00e7\u00f5es al\u00e9rgicas e \u00e9 seguro para peles delicadas;<\/li>\n\n\n\n<li><strong>Dica:<\/strong> fa\u00e7a um teste de sensibilidade antes de usar, <a href=\"https:\/\/www.qualfarma.com.br\/vivabem\/protetor-solar-infantil\/\" target=\"_blank\" rel=\"noreferrer noopener\">especialmente em crian\u00e7as<\/a>.<\/li>\n<\/ul>\n\n\n\n<h3 class=\"wp-block-heading\"><span class=\"ez-toc-section\" id=\"6_Protetor_solar_com_cor\"><\/span>6. Protetor solar com cor<span class=\"ez-toc-section-end\"><\/span><\/h3>\n\n\n\n<p>O protetor solar com cor \u00e9 uma excelente op\u00e7\u00e3o para quem deseja unir prote\u00e7\u00e3o solar e cobertura de maquiagem em um s\u00f3 produto. Ele oferece prote\u00e7\u00e3o contra os raios solares enquanto uniformiza o tom da pele.<\/p>\n\n\n\n<ul class=\"wp-block-list\">\n<li><strong>Indica\u00e7\u00e3o:<\/strong> ideal para quem deseja praticidade e cobertura leve;<\/li>\n\n\n\n<li><strong>Vantagem:<\/strong> al\u00e9m de proteger contra UVA e UVB, ajuda a proteger contra a luz vis\u00edvel (luz azul), emitida por telas de dispositivos eletr\u00f4nicos;<\/li>\n\n\n\n<li><strong>Dica:<\/strong> escolha um tom pr\u00f3ximo ao da sua pele para evitar um efeito artificial.<\/li>\n<\/ul>\n\n\n\n<h3 class=\"wp-block-heading\"><span class=\"ez-toc-section\" id=\"7_Protetor_solar_resistente_a_agua\"><\/span>7. Protetor solar resistente \u00e0 \u00e1gua<span class=\"ez-toc-section-end\"><\/span><\/h3>\n\n\n\n<p>Se voc\u00ea pratica atividades ao ar livre, especialmente na \u00e1gua, o protetor solar resistente \u00e0 \u00e1gua \u00e9 indispens\u00e1vel. Ele \u00e9 formulado para permanecer na pele mesmo em contato com o suor e \u00e1gua.<\/p>\n\n\n\n<ul class=\"wp-block-list\">\n<li><strong>Indica\u00e7\u00e3o:<\/strong> ideal para quem faz esportes, nata\u00e7\u00e3o ou vai \u00e0 praia;<\/li>\n\n\n\n<li><strong>Vantagem:<\/strong> oferece maior durabilidade e prote\u00e7\u00e3o mesmo durante a pr\u00e1tica de exerc\u00edcios f\u00edsicos;<\/li>\n\n\n\n<li><strong>Dica:<\/strong> reaplique o produto a cada 80 minutos ou sempre ap\u00f3s se secar com a toalha.<\/li>\n<\/ul>\n\n\n\n<h3 class=\"wp-block-heading\"><span class=\"ez-toc-section\" id=\"8_Protetor_solar_em_spray\"><\/span>8. Protetor solar em spray<span class=\"ez-toc-section-end\"><\/span><\/h3>\n\n\n\n<p>O protetor solar em spray \u00e9 pr\u00e1tico e f\u00e1cil de aplicar, especialmente em \u00e1reas dif\u00edceis de alcan\u00e7ar, como as costas. Ele proporciona uma aplica\u00e7\u00e3o uniforme e r\u00e1pida, sendo uma boa op\u00e7\u00e3o para quem est\u00e1 sempre em movimento.<\/p>\n\n\n\n<ul class=\"wp-block-list\">\n<li><strong>Indica\u00e7\u00e3o:<\/strong> recomendado para quem precisa de praticidade e para reaplica\u00e7\u00e3o r\u00e1pida ao longo do dia;<\/li>\n\n\n\n<li><strong>Vantagem:<\/strong> f\u00e1cil de espalhar e absor\u00e7\u00e3o r\u00e1pida;<\/li>\n\n\n\n<li><strong>Dica:<\/strong> cuidado ao aplicar em ambientes ventilados, para n\u00e3o desperdi\u00e7ar produto.<\/li>\n<\/ul>\n\n\n\n<h3 class=\"wp-block-heading\"><span class=\"ez-toc-section\" id=\"9_Protetor_solar_em_creme\"><\/span>9. Protetor solar em creme<span class=\"ez-toc-section-end\"><\/span><\/h3>\n\n\n\n<p>O protetor solar em creme \u00e9 a vers\u00e3o tradicional, geralmente indicada para peles normais a secas. Sua f\u00f3rmula \u00e9 mais hidratante e ideal para quem busca um efeito nutritivo.<\/p>\n\n\n\n<ul class=\"wp-block-list\">\n<li><strong>Indica\u00e7\u00e3o:<\/strong> perfeito para peles secas ou maduras;<\/li>\n\n\n\n<li><strong>Vantagem:<\/strong> hidrata a pele e oferece prote\u00e7\u00e3o eficaz contra os raios solares;<\/li>\n\n\n\n<li><strong>Dica:<\/strong> aplique uma quantidade generosa para garantir a prote\u00e7\u00e3o adequada.<\/li>\n<\/ul>\n\n\n\n<h2 class=\"wp-block-heading\"><span class=\"ez-toc-section\" id=\"Como_escolher_o_protetor_solar_ideal\"><\/span>Como escolher o protetor solar ideal?<span class=\"ez-toc-section-end\"><\/span><\/h2>\n\n\n\n<p>Escolher o protetor solar ideal \u00e9 essencial para garantir a prote\u00e7\u00e3o adequada e manter a sa\u00fade da pele. Separamos algumas dicas para ajud\u00e1-la a fazer a escolha certa.<\/p>\n\n\n\n<h3 class=\"wp-block-heading\"><span class=\"ez-toc-section\" id=\"Conheca_seu_tipo_de_pele\"><\/span>Conhe\u00e7a seu tipo de pele<span class=\"ez-toc-section-end\"><\/span><\/h3>\n\n\n\n<ul class=\"wp-block-list\">\n<li>Para <strong>pele oleosa<\/strong>: prefira protetores <strong>oil free<\/strong> ou com acabamento matte, que controlam o brilho;<\/li>\n\n\n\n<li>Para <strong>pele seca<\/strong>: opte por protetores em <strong>creme<\/strong>, que possuem f\u00f3rmulas mais hidratantes;<\/li>\n\n\n\n<li>Para <strong>pele sens\u00edvel<\/strong>: escolha protetores solares <strong>hipoalerg\u00eanicos<\/strong> e com filtro f\u00edsico, que reduzem o risco de irrita\u00e7\u00f5es.<\/li>\n<\/ul>\n\n\n\n<h3 class=\"wp-block-heading\"><span class=\"ez-toc-section\" id=\"Considere_o_ambiente_e_atividades\"><\/span>Considere o ambiente e atividades<span class=\"ez-toc-section-end\"><\/span><\/h3>\n\n\n\n<ul class=\"wp-block-list\">\n<li>Se vai <strong>praticar esportes ou nadar<\/strong>, escolha um protetor <strong>resistente \u00e0 \u00e1gua<\/strong>;<\/li>\n\n\n\n<li>Para <strong>uso urbano e praticidade<\/strong>, os<strong> protetores com cor<\/strong> ajudam a uniformizar o tom da pele e proteger contra a luz vis\u00edvel (luz azul).<\/li>\n<\/ul>\n\n\n\n<h3 class=\"wp-block-heading\"><span class=\"ez-toc-section\" id=\"Escolha_a_textura_que_mais_agrada\"><\/span>Escolha a textura que mais agrada<span class=\"ez-toc-section-end\"><\/span><\/h3>\n\n\n\n<ul class=\"wp-block-list\">\n<li>Protetores em <strong>spray<\/strong> s\u00e3o pr\u00e1ticos e r\u00e1pidos de aplicar;<\/li>\n\n\n\n<li>Protetores em <strong>gel<\/strong> s\u00e3o leves e \u00f3timos para peles oleosas;<\/li>\n\n\n\n<li>Protetores em <strong>creme<\/strong> s\u00e3o mais indicados para peles secas e sens\u00edveis.<\/li>\n<\/ul>\n\n\n\n<h3 class=\"wp-block-heading\"><span class=\"ez-toc-section\" id=\"Como_escolher_o_fator_de_protecao_solar\"><\/span>Como escolher o fator de prote\u00e7\u00e3o solar?<span class=\"ez-toc-section-end\"><\/span><\/h3>\n\n\n\n<p>O fator de prote\u00e7\u00e3o solar (FPS) \u00e9 um dos pontos mais importantes a se considerar:<\/p>\n\n\n\n<ul class=\"wp-block-list\">\n<li><strong>FPS 15 a 30:<\/strong> ideal para o dia a dia,<strong> quando a exposi\u00e7\u00e3o solar \u00e9 menor<\/strong>;<\/li>\n\n\n\n<li><strong>FPS 30 a 50:<\/strong> recomendado para <strong>atividades ao ar livre<\/strong> e <strong>exposi\u00e7\u00e3o solar intensa<\/strong>;<\/li>\n\n\n\n<li><strong>FPS 50+:<\/strong> indicado para<strong> peles muito sens\u00edveis<\/strong> e para quem tem <strong>hist\u00f3rico de c\u00e2ncer de pele<\/strong>;<\/li>\n<\/ul>\n\n\n\n<p><\/p>\n\n\n\n<p>Al\u00e9m disso, prefira sempre produtos com prote\u00e7\u00e3o contra UVA e UVB, garantindo uma prote\u00e7\u00e3o mais completa. E n\u00e3o se esque\u00e7a de reaplicar o protetor a cada 2 horas, especialmente se houver contato com \u00e1gua ou suor.<\/p>\n\n\n\n<p>Agora que voc\u00ea conhece os diferentes tipos de protetor solar e suas indica\u00e7\u00f5es, fica mais f\u00e1cil escolher o produto ideal para sua rotina de cuidados com a pele. Lembre-se: o uso di\u00e1rio do protetor solar \u00e9 essencial para prevenir o envelhecimento precoce, manchas e o c\u00e2ncer de pele.<\/p>\n\n\n\n<p>Se tiver d\u00favidas sobre qual protetor solar escolher, consulte um dermatologista para recomenda\u00e7\u00f5es personalizadas!<\/p>\n","protected":false},"excerpt":{"rendered":"<p>A escolha de um bom protetor solar vai muito al\u00e9m de apenas olhar para o fator de prote\u00e7\u00e3o (FPS). Hoje em dia, existem diferentes tipos de protetor solar, cada um com suas caracter\u00edsticas e benef\u00edcios espec\u00edficos, adaptados para diversos tipos de pele e necessidades individuais. A seguir, conhe\u00e7a os 9 principais tipos de protetor solar [&hellip;]<\/p>\n","protected":false},"author":7,"featured_media":4117,"comment_status":"open","ping_status":"open","sticky":false,"template":"","format":"standard","meta":{"tpgb_global_settings":"","footnotes":""},"categories":[106,109],"tags":[91],"class_list":["post-4114","post","type-post","status-publish","format-standard","has-post-thumbnail","hentry","category-saude","category-saude-da-pele","tag-saude-da-pele"],"yoast_head":"<!-- This site is optimized with the Yoast SEO plugin v27.5 - https:\/\/yoast.com\/product\/yoast-seo-wordpress\/ -->\n<title>9 tipos de protetor solar para conhecer e escolher o seu<\/title>\n<meta name=\"description\" content=\"Conhe\u00e7a os principais tipos de protetor solar, suas indica\u00e7\u00f5es e como escolher a melhor prote\u00e7\u00e3o para o seu tipo de pele!\" \/>\n<meta name=\"robots\" content=\"index, follow, max-snippet:-1, max-image-preview:large, max-video-preview:-1\" \/>\n<link rel=\"canonical\" href=\"https:\/\/www.qualfarma.com.br\/vivabem\/tipos-de-protetor-solar\/\" \/>\n<meta property=\"og:locale\" content=\"pt_BR\" \/>\n<meta property=\"og:type\" content=\"article\" \/>\n<meta property=\"og:title\" content=\"9 tipos de protetor solar para conhecer e escolher o seu\" \/>\n<meta property=\"og:description\" content=\"Conhe\u00e7a os principais tipos de protetor solar, suas indica\u00e7\u00f5es e como escolher a melhor prote\u00e7\u00e3o para o seu tipo de pele!\" \/>\n<meta property=\"og:url\" content=\"https:\/\/www.qualfarma.com.br\/vivabem\/tipos-de-protetor-solar\/\" \/>\n<meta property=\"og:site_name\" content=\"Blog Viva Bem por Qualfarma\" \/>\n<meta property=\"article:published_time\" content=\"2024-11-19T13:00:00+00:00\" \/>\n<meta property=\"article:modified_time\" content=\"2025-09-02T20:30:30+00:00\" \/>\n<meta property=\"og:image\" content=\"https:\/\/www.qualfarma.com.br\/vivabem\/wp-content\/uploads\/2024\/11\/tipos-de-protetor-solar.jpg\" \/>\n\t<meta property=\"og:image:width\" content=\"750\" \/>\n\t<meta property=\"og:image:height\" content=\"500\" \/>\n\t<meta property=\"og:image:type\" content=\"image\/jpeg\" \/>\n<meta name=\"author\" content=\"Stephanie Kroll\" \/>\n<meta name=\"twitter:card\" content=\"summary_large_image\" \/>\n<meta name=\"twitter:label1\" content=\"Escrito por\" \/>\n\t<meta name=\"twitter:data1\" content=\"Stephanie Kroll\" \/>\n\t<meta name=\"twitter:label2\" content=\"Est. tempo de leitura\" \/>\n\t<meta name=\"twitter:data2\" content=\"7 minutos\" \/>\n<script type=\"application\/ld+json\" class=\"yoast-schema-graph\">{\"@context\":\"https:\\\/\\\/schema.org\",\"@graph\":[{\"@type\":\"Article\",\"@id\":\"https:\\\/\\\/www.qualfarma.com.br\\\/vivabem\\\/tipos-de-protetor-solar\\\/#article\",\"isPartOf\":{\"@id\":\"https:\\\/\\\/www.qualfarma.com.br\\\/vivabem\\\/tipos-de-protetor-solar\\\/\"},\"author\":{\"name\":\"Stephanie Kroll\",\"@id\":\"https:\\\/\\\/www.qualfarma.com.br\\\/vivabem\\\/#\\\/schema\\\/person\\\/a690dda13b8cef2d1093f56c7e09b224\"},\"headline\":\"9 tipos de protetor solar para conhecer e escolher o seu\",\"datePublished\":\"2024-11-19T13:00:00+00:00\",\"dateModified\":\"2025-09-02T20:30:30+00:00\",\"mainEntityOfPage\":{\"@id\":\"https:\\\/\\\/www.qualfarma.com.br\\\/vivabem\\\/tipos-de-protetor-solar\\\/\"},\"wordCount\":1259,\"commentCount\":0,\"image\":{\"@id\":\"https:\\\/\\\/www.qualfarma.com.br\\\/vivabem\\\/tipos-de-protetor-solar\\\/#primaryimage\"},\"thumbnailUrl\":\"https:\\\/\\\/www.qualfarma.com.br\\\/vivabem\\\/wp-content\\\/uploads\\\/2024\\\/11\\\/tipos-de-protetor-solar.jpg\",\"keywords\":[\"Sa\u00fade da Pele\"],\"articleSection\":[\"Sa\u00fade\",\"Sa\u00fade da pele\"],\"inLanguage\":\"pt-BR\",\"potentialAction\":[{\"@type\":\"CommentAction\",\"name\":\"Comment\",\"target\":[\"https:\\\/\\\/www.qualfarma.com.br\\\/vivabem\\\/tipos-de-protetor-solar\\\/#respond\"]}]},{\"@type\":\"WebPage\",\"@id\":\"https:\\\/\\\/www.qualfarma.com.br\\\/vivabem\\\/tipos-de-protetor-solar\\\/\",\"url\":\"https:\\\/\\\/www.qualfarma.com.br\\\/vivabem\\\/tipos-de-protetor-solar\\\/\",\"name\":\"9 tipos de protetor solar para conhecer e escolher o seu\",\"isPartOf\":{\"@id\":\"https:\\\/\\\/www.qualfarma.com.br\\\/vivabem\\\/#website\"},\"primaryImageOfPage\":{\"@id\":\"https:\\\/\\\/www.qualfarma.com.br\\\/vivabem\\\/tipos-de-protetor-solar\\\/#primaryimage\"},\"image\":{\"@id\":\"https:\\\/\\\/www.qualfarma.com.br\\\/vivabem\\\/tipos-de-protetor-solar\\\/#primaryimage\"},\"thumbnailUrl\":\"https:\\\/\\\/www.qualfarma.com.br\\\/vivabem\\\/wp-content\\\/uploads\\\/2024\\\/11\\\/tipos-de-protetor-solar.jpg\",\"datePublished\":\"2024-11-19T13:00:00+00:00\",\"dateModified\":\"2025-09-02T20:30:30+00:00\",\"author\":{\"@id\":\"https:\\\/\\\/www.qualfarma.com.br\\\/vivabem\\\/#\\\/schema\\\/person\\\/a690dda13b8cef2d1093f56c7e09b224\"},\"description\":\"Conhe\u00e7a os principais tipos de protetor solar, suas indica\u00e7\u00f5es e como escolher a melhor prote\u00e7\u00e3o para o seu tipo de pele!\",\"breadcrumb\":{\"@id\":\"https:\\\/\\\/www.qualfarma.com.br\\\/vivabem\\\/tipos-de-protetor-solar\\\/#breadcrumb\"},\"inLanguage\":\"pt-BR\",\"potentialAction\":[{\"@type\":\"ReadAction\",\"target\":[\"https:\\\/\\\/www.qualfarma.com.br\\\/vivabem\\\/tipos-de-protetor-solar\\\/\"]}]},{\"@type\":\"ImageObject\",\"inLanguage\":\"pt-BR\",\"@id\":\"https:\\\/\\\/www.qualfarma.com.br\\\/vivabem\\\/tipos-de-protetor-solar\\\/#primaryimage\",\"url\":\"https:\\\/\\\/www.qualfarma.com.br\\\/vivabem\\\/wp-content\\\/uploads\\\/2024\\\/11\\\/tipos-de-protetor-solar.jpg\",\"contentUrl\":\"https:\\\/\\\/www.qualfarma.com.br\\\/vivabem\\\/wp-content\\\/uploads\\\/2024\\\/11\\\/tipos-de-protetor-solar.jpg\",\"width\":750,\"height\":500,\"caption\":\"Antes de comprar a sua prote\u00e7\u00e3o solar, \u00e9 importante conhecer os diferentes tipos de protetor solar\"},{\"@type\":\"BreadcrumbList\",\"@id\":\"https:\\\/\\\/www.qualfarma.com.br\\\/vivabem\\\/tipos-de-protetor-solar\\\/#breadcrumb\",\"itemListElement\":[{\"@type\":\"ListItem\",\"position\":1,\"name\":\"Blog Viva Bem\",\"item\":\"https:\\\/\\\/www.qualfarma.com.br\\\/vivabem\\\/\"},{\"@type\":\"ListItem\",\"position\":2,\"name\":\"Sa\u00fade\",\"item\":\"https:\\\/\\\/www.qualfarma.com.br\\\/vivabem\\\/saude\\\/\"},{\"@type\":\"ListItem\",\"position\":3,\"name\":\"9 tipos de protetor solar para conhecer e escolher o seu\"}]},{\"@type\":\"WebSite\",\"@id\":\"https:\\\/\\\/www.qualfarma.com.br\\\/vivabem\\\/#website\",\"url\":\"https:\\\/\\\/www.qualfarma.com.br\\\/vivabem\\\/\",\"name\":\"Blog Viva Bem por Qualfarma\",\"description\":\"\u00ae 2023\",\"potentialAction\":[{\"@type\":\"SearchAction\",\"target\":{\"@type\":\"EntryPoint\",\"urlTemplate\":\"https:\\\/\\\/www.qualfarma.com.br\\\/vivabem\\\/?s={search_term_string}\"},\"query-input\":{\"@type\":\"PropertyValueSpecification\",\"valueRequired\":true,\"valueName\":\"search_term_string\"}}],\"inLanguage\":\"pt-BR\"},{\"@type\":\"Person\",\"@id\":\"https:\\\/\\\/www.qualfarma.com.br\\\/vivabem\\\/#\\\/schema\\\/person\\\/a690dda13b8cef2d1093f56c7e09b224\",\"name\":\"Stephanie Kroll\",\"image\":{\"@type\":\"ImageObject\",\"inLanguage\":\"pt-BR\",\"@id\":\"https:\\\/\\\/secure.gravatar.com\\\/avatar\\\/dd1b82540a7b66c3112346e4a6b0e24b524511df3d028133ca1eea9eafc829bc?s=96&d=mm&r=g\",\"url\":\"https:\\\/\\\/secure.gravatar.com\\\/avatar\\\/dd1b82540a7b66c3112346e4a6b0e24b524511df3d028133ca1eea9eafc829bc?s=96&d=mm&r=g\",\"contentUrl\":\"https:\\\/\\\/secure.gravatar.com\\\/avatar\\\/dd1b82540a7b66c3112346e4a6b0e24b524511df3d028133ca1eea9eafc829bc?s=96&d=mm&r=g\",\"caption\":\"Stephanie Kroll\"},\"description\":\"Graduada em Farm\u00e1cia pela Universidade Federal do Rio de Janeiro (UFRJ), Stephanie Kroll (CRF\\\/RJ 28001) atua na \u00e1rea da sa\u00fade da fam\u00edlia com uma abordagem humanizada e \u00e9 respons\u00e1vel t\u00e9cnica pelos conte\u00fados do Viva Bem por Qualfarma.\"}]}<\/script>\n<!-- \/ Yoast SEO plugin. -->","yoast_head_json":{"title":"9 tipos de protetor solar para conhecer e escolher o seu","description":"Conhe\u00e7a os principais tipos de protetor solar, suas indica\u00e7\u00f5es e como escolher a melhor prote\u00e7\u00e3o para o seu tipo de pele!","robots":{"index":"index","follow":"follow","max-snippet":"max-snippet:-1","max-image-preview":"max-image-preview:large","max-video-preview":"max-video-preview:-1"},"canonical":"https:\/\/www.qualfarma.com.br\/vivabem\/tipos-de-protetor-solar\/","og_locale":"pt_BR","og_type":"article","og_title":"9 tipos de protetor solar para conhecer e escolher o seu","og_description":"Conhe\u00e7a os principais tipos de protetor solar, suas indica\u00e7\u00f5es e como escolher a melhor prote\u00e7\u00e3o para o seu tipo de pele!","og_url":"https:\/\/www.qualfarma.com.br\/vivabem\/tipos-de-protetor-solar\/","og_site_name":"Blog Viva Bem por Qualfarma","article_published_time":"2024-11-19T13:00:00+00:00","article_modified_time":"2025-09-02T20:30:30+00:00","og_image":[{"width":750,"height":500,"url":"https:\/\/www.qualfarma.com.br\/vivabem\/wp-content\/uploads\/2024\/11\/tipos-de-protetor-solar.jpg","type":"image\/jpeg"}],"author":"Stephanie Kroll","twitter_card":"summary_large_image","twitter_misc":{"Escrito por":"Stephanie Kroll","Est. tempo de leitura":"7 minutos"},"schema":{"@context":"https:\/\/schema.org","@graph":[{"@type":"Article","@id":"https:\/\/www.qualfarma.com.br\/vivabem\/tipos-de-protetor-solar\/#article","isPartOf":{"@id":"https:\/\/www.qualfarma.com.br\/vivabem\/tipos-de-protetor-solar\/"},"author":{"name":"Stephanie Kroll","@id":"https:\/\/www.qualfarma.com.br\/vivabem\/#\/schema\/person\/a690dda13b8cef2d1093f56c7e09b224"},"headline":"9 tipos de protetor solar para conhecer e escolher o seu","datePublished":"2024-11-19T13:00:00+00:00","dateModified":"2025-09-02T20:30:30+00:00","mainEntityOfPage":{"@id":"https:\/\/www.qualfarma.com.br\/vivabem\/tipos-de-protetor-solar\/"},"wordCount":1259,"commentCount":0,"image":{"@id":"https:\/\/www.qualfarma.com.br\/vivabem\/tipos-de-protetor-solar\/#primaryimage"},"thumbnailUrl":"https:\/\/www.qualfarma.com.br\/vivabem\/wp-content\/uploads\/2024\/11\/tipos-de-protetor-solar.jpg","keywords":["Sa\u00fade da Pele"],"articleSection":["Sa\u00fade","Sa\u00fade da pele"],"inLanguage":"pt-BR","potentialAction":[{"@type":"CommentAction","name":"Comment","target":["https:\/\/www.qualfarma.com.br\/vivabem\/tipos-de-protetor-solar\/#respond"]}]},{"@type":"WebPage","@id":"https:\/\/www.qualfarma.com.br\/vivabem\/tipos-de-protetor-solar\/","url":"https:\/\/www.qualfarma.com.br\/vivabem\/tipos-de-protetor-solar\/","name":"9 tipos de protetor solar para conhecer e escolher o seu","isPartOf":{"@id":"https:\/\/www.qualfarma.com.br\/vivabem\/#website"},"primaryImageOfPage":{"@id":"https:\/\/www.qualfarma.com.br\/vivabem\/tipos-de-protetor-solar\/#primaryimage"},"image":{"@id":"https:\/\/www.qualfarma.com.br\/vivabem\/tipos-de-protetor-solar\/#primaryimage"},"thumbnailUrl":"https:\/\/www.qualfarma.com.br\/vivabem\/wp-content\/uploads\/2024\/11\/tipos-de-protetor-solar.jpg","datePublished":"2024-11-19T13:00:00+00:00","dateModified":"2025-09-02T20:30:30+00:00","author":{"@id":"https:\/\/www.qualfarma.com.br\/vivabem\/#\/schema\/person\/a690dda13b8cef2d1093f56c7e09b224"},"description":"Conhe\u00e7a os principais tipos de protetor solar, suas indica\u00e7\u00f5es e como escolher a melhor prote\u00e7\u00e3o para o seu tipo de pele!","breadcrumb":{"@id":"https:\/\/www.qualfarma.com.br\/vivabem\/tipos-de-protetor-solar\/#breadcrumb"},"inLanguage":"pt-BR","potentialAction":[{"@type":"ReadAction","target":["https:\/\/www.qualfarma.com.br\/vivabem\/tipos-de-protetor-solar\/"]}]},{"@type":"ImageObject","inLanguage":"pt-BR","@id":"https:\/\/www.qualfarma.com.br\/vivabem\/tipos-de-protetor-solar\/#primaryimage","url":"https:\/\/www.qualfarma.com.br\/vivabem\/wp-content\/uploads\/2024\/11\/tipos-de-protetor-solar.jpg","contentUrl":"https:\/\/www.qualfarma.com.br\/vivabem\/wp-content\/uploads\/2024\/11\/tipos-de-protetor-solar.jpg","width":750,"height":500,"caption":"Antes de comprar a sua prote\u00e7\u00e3o solar, \u00e9 importante conhecer os diferentes tipos de protetor solar"},{"@type":"BreadcrumbList","@id":"https:\/\/www.qualfarma.com.br\/vivabem\/tipos-de-protetor-solar\/#breadcrumb","itemListElement":[{"@type":"ListItem","position":1,"name":"Blog Viva Bem","item":"https:\/\/www.qualfarma.com.br\/vivabem\/"},{"@type":"ListItem","position":2,"name":"Sa\u00fade","item":"https:\/\/www.qualfarma.com.br\/vivabem\/saude\/"},{"@type":"ListItem","position":3,"name":"9 tipos de protetor solar para conhecer e escolher o seu"}]},{"@type":"WebSite","@id":"https:\/\/www.qualfarma.com.br\/vivabem\/#website","url":"https:\/\/www.qualfarma.com.br\/vivabem\/","name":"Blog Viva Bem por Qualfarma","description":"\u00ae 2023","potentialAction":[{"@type":"SearchAction","target":{"@type":"EntryPoint","urlTemplate":"https:\/\/www.qualfarma.com.br\/vivabem\/?s={search_term_string}"},"query-input":{"@type":"PropertyValueSpecification","valueRequired":true,"valueName":"search_term_string"}}],"inLanguage":"pt-BR"},{"@type":"Person","@id":"https:\/\/www.qualfarma.com.br\/vivabem\/#\/schema\/person\/a690dda13b8cef2d1093f56c7e09b224","name":"Stephanie Kroll","image":{"@type":"ImageObject","inLanguage":"pt-BR","@id":"https:\/\/secure.gravatar.com\/avatar\/dd1b82540a7b66c3112346e4a6b0e24b524511df3d028133ca1eea9eafc829bc?s=96&d=mm&r=g","url":"https:\/\/secure.gravatar.com\/avatar\/dd1b82540a7b66c3112346e4a6b0e24b524511df3d028133ca1eea9eafc829bc?s=96&d=mm&r=g","contentUrl":"https:\/\/secure.gravatar.com\/avatar\/dd1b82540a7b66c3112346e4a6b0e24b524511df3d028133ca1eea9eafc829bc?s=96&d=mm&r=g","caption":"Stephanie Kroll"},"description":"Graduada em Farm\u00e1cia pela Universidade Federal do Rio de Janeiro (UFRJ), Stephanie Kroll (CRF\/RJ 28001) atua na \u00e1rea da sa\u00fade da fam\u00edlia com uma abordagem humanizada e \u00e9 respons\u00e1vel t\u00e9cnica pelos conte\u00fados do Viva Bem por Qualfarma."}]}},"jetpack_featured_media_url":"https:\/\/www.qualfarma.com.br\/vivabem\/wp-content\/uploads\/2024\/11\/tipos-de-protetor-solar.jpg","tpgb_featured_images":{"full":["https:\/\/www.qualfarma.com.br\/vivabem\/wp-content\/uploads\/2024\/11\/tipos-de-protetor-solar.jpg",750,500,false],"tp-image-grid":["https:\/\/www.qualfarma.com.br\/vivabem\/wp-content\/uploads\/2024\/11\/tipos-de-protetor-solar-700x700.jpg",700,700,true],"thumbnail":["https:\/\/www.qualfarma.com.br\/vivabem\/wp-content\/uploads\/2024\/11\/tipos-de-protetor-solar-150x150.jpg",150,150,true],"medium":["https:\/\/www.qualfarma.com.br\/vivabem\/wp-content\/uploads\/2024\/11\/tipos-de-protetor-solar-300x200.jpg",300,200,true],"medium_large":["https:\/\/www.qualfarma.com.br\/vivabem\/wp-content\/uploads\/2024\/11\/tipos-de-protetor-solar.jpg",750,500,false],"large":["https:\/\/www.qualfarma.com.br\/vivabem\/wp-content\/uploads\/2024\/11\/tipos-de-protetor-solar.jpg",750,500,false],"default":"https:\/\/www.qualfarma.com.br\/vivabem\/wp-content\/plugins\/the-plus-addons-for-block-editor\/assets\/images\/tpgb-placeholder.jpg"},"tpgb_post_meta_info":{"get_date":"novembro 19, 2024","get_modified_date":"setembro 2, 2025","category_list":{"category":[{"term_id":106,"name":"Sa\u00fade","slug":"saude","term_group":0,"term_taxonomy_id":106,"taxonomy":"category","description":"Cuide da sua sa\u00fade com conte\u00fados informativos e dicas pr\u00e1ticas. No Viva Bem por Qualfarma, voc\u00ea encontra informa\u00e7\u00f5es sobre sa\u00fade f\u00edsica e mental, amplia seus conhecimentos sobre doen\u00e7as e sintomas e muito mais. Mantenha sua sa\u00fade sempre em dia e viva bem com Qualfarma.","parent":0,"count":23,"filter":"raw"},{"term_id":109,"name":"Sa\u00fade da pele","slug":"saude-da-pele","term_group":0,"term_taxonomy_id":109,"taxonomy":"category","description":"","parent":106,"count":13,"filter":"raw"}],"post_tag":[{"term_id":91,"name":"Sa\u00fade da Pele","slug":"saude-da-pele","term_group":0,"term_taxonomy_id":91,"taxonomy":"post_tag","description":"","parent":0,"count":10,"filter":"raw"}]},"author_name":"Stephanie Kroll","author_url":"https:\/\/www.qualfarma.com.br\/vivabem\/author\/sterabelohotmail-com\/","author_email":"sterabelo@hotmail.com","author_website":"","author_description":"Graduada em Farm\u00e1cia pela Universidade Federal do Rio de Janeiro (UFRJ), Stephanie Kroll (CRF\/RJ 28001) atua na \u00e1rea da sa\u00fade da fam\u00edlia com uma abordagem humanizada e \u00e9 respons\u00e1vel t\u00e9cnica pelos conte\u00fados do Viva Bem por Qualfarma.","author_facebook":"","author_twitter":"","author_instagram":"","author_role":["editor"],"author_firstname":"Stephanie","author_lastname":"Kroll","user_login":"sterabelo@hotmail.com","author_avatar":"<img alt='' src='https:\/\/secure.gravatar.com\/avatar\/dd1b82540a7b66c3112346e4a6b0e24b524511df3d028133ca1eea9eafc829bc?s=200&#038;d=mm&#038;r=g' srcset='https:\/\/secure.gravatar.com\/avatar\/dd1b82540a7b66c3112346e4a6b0e24b524511df3d028133ca1eea9eafc829bc?s=400&#038;d=mm&#038;r=g 2x' class='avatar avatar-200 photo' height='200' width='200' decoding='async'\/>","author_avatar_url":"https:\/\/secure.gravatar.com\/avatar\/dd1b82540a7b66c3112346e4a6b0e24b524511df3d028133ca1eea9eafc829bc?s=96&d=mm&r=g","comment_count":0,"post_likes":0,"post_views":0},"tpgb_post_category":{"category":"<a href=\"https:\/\/www.qualfarma.com.br\/vivabem\/saude\/\" alt=\"Sa\u00fade\"  class=\"category-saude\">Sa\u00fade<\/a> <a href=\"https:\/\/www.qualfarma.com.br\/vivabem\/saude\/saude-da-pele\/\" alt=\"Sa\u00fade da pele\"  class=\"category-saude-da-pele\">Sa\u00fade da pele<\/a> ","post_tag":"<a href=\"https:\/\/www.qualfarma.com.br\/vivabem\/tag\/saude-da-pele\/\" alt=\"Sa\u00fade da Pele\"  class=\"post_tag-saude-da-pele\">Sa\u00fade da Pele<\/a> "},"_links":{"self":[{"href":"https:\/\/www.qualfarma.com.br\/vivabem\/wp-json\/wp\/v2\/posts\/4114","targetHints":{"allow":["GET"]}}],"collection":[{"href":"https:\/\/www.qualfarma.com.br\/vivabem\/wp-json\/wp\/v2\/posts"}],"about":[{"href":"https:\/\/www.qualfarma.com.br\/vivabem\/wp-json\/wp\/v2\/types\/post"}],"author":[{"embeddable":true,"href":"https:\/\/www.qualfarma.com.br\/vivabem\/wp-json\/wp\/v2\/users\/7"}],"replies":[{"embeddable":true,"href":"https:\/\/www.qualfarma.com.br\/vivabem\/wp-json\/wp\/v2\/comments?post=4114"}],"version-history":[{"count":4,"href":"https:\/\/www.qualfarma.com.br\/vivabem\/wp-json\/wp\/v2\/posts\/4114\/revisions"}],"predecessor-version":[{"id":4509,"href":"https:\/\/www.qualfarma.com.br\/vivabem\/wp-json\/wp\/v2\/posts\/4114\/revisions\/4509"}],"wp:featuredmedia":[{"embeddable":true,"href":"https:\/\/www.qualfarma.com.br\/vivabem\/wp-json\/wp\/v2\/media\/4117"}],"wp:attachment":[{"href":"https:\/\/www.qualfarma.com.br\/vivabem\/wp-json\/wp\/v2\/media?parent=4114"}],"wp:term":[{"taxonomy":"category","embeddable":true,"href":"https:\/\/www.qualfarma.com.br\/vivabem\/wp-json\/wp\/v2\/categories?post=4114"},{"taxonomy":"post_tag","embeddable":true,"href":"https:\/\/www.qualfarma.com.br\/vivabem\/wp-json\/wp\/v2\/tags?post=4114"}],"curies":[{"name":"wp","href":"https:\/\/api.w.org\/{rel}","templated":true}]}}