{"id":4107,"date":"2024-11-14T13:00:00","date_gmt":"2024-11-14T13:00:00","guid":{"rendered":"https:\/\/www.qualfarma.com.br\/vivabem\/?p=4107"},"modified":"2025-09-02T20:13:17","modified_gmt":"2025-09-02T20:13:17","slug":"cimecort-pomada-para-que-serve-e-como-usar-corretamente","status":"publish","type":"post","link":"https:\/\/www.qualfarma.com.br\/vivabem\/cimecort-pomada-para-que-serve-e-como-usar-corretamente\/","title":{"rendered":"Cimecort Pomada: para que serve e como usar corretamente?"},"content":{"rendered":"\n<p>Se voc\u00ea sofre com irrita\u00e7\u00f5es, coceira ou inflama\u00e7\u00f5es na pele, \u00e9 prov\u00e1vel que j\u00e1 tenha ouvido falar da <strong>pomada Cimecort<\/strong>. Conhecida por sua a\u00e7\u00e3o eficaz e r\u00e1pida, a Cimecort \u00e9 uma pomada dermatol\u00f3gica indicada para condi\u00e7\u00f5es como dermatite, psor\u00edase e eczema. Gra\u00e7as ao seu principal ativo, a betametasona, ela ajuda a aliviar desconfortos e a restaurar a sa\u00fade da pele. <\/p>\n\n\n\n<p>Quer saber mais sobre para que serve a pomada Cimecort, como us\u00e1-la corretamente e os cuidados necess\u00e1rios? Continue a leitura!<\/p>\n\n\n\n<div id=\"ez-toc-container\" class=\"ez-toc-v2_0_82_2 counter-hierarchy ez-toc-counter ez-toc-grey ez-toc-container-direction\">\n<div class=\"ez-toc-title-container\">\n<p class=\"ez-toc-title\" style=\"cursor:inherit\">Navegue pelo assunto<\/p>\n<span class=\"ez-toc-title-toggle\"><\/span><\/div>\n<nav><ul class='ez-toc-list ez-toc-list-level-1 ' ><li class='ez-toc-page-1 ez-toc-heading-level-2'><a class=\"ez-toc-link ez-toc-heading-1\" href=\"https:\/\/www.qualfarma.com.br\/vivabem\/cimecort-pomada-para-que-serve-e-como-usar-corretamente\/#Para_que_serve_e_como_funciona_o_Cimecort\" >Para que serve e como funciona o Cimecort?<\/a><\/li><li class='ez-toc-page-1 ez-toc-heading-level-2'><a class=\"ez-toc-link ez-toc-heading-2\" href=\"https:\/\/www.qualfarma.com.br\/vivabem\/cimecort-pomada-para-que-serve-e-como-usar-corretamente\/#Como_usar_o_Cimecort\" >Como usar o Cimecort?<\/a><\/li><li class='ez-toc-page-1 ez-toc-heading-level-2'><a class=\"ez-toc-link ez-toc-heading-3\" href=\"https:\/\/www.qualfarma.com.br\/vivabem\/cimecort-pomada-para-que-serve-e-como-usar-corretamente\/#Quais_cuidados_devo_ter_ao_usar_o_Cimecort\" >Quais cuidados devo ter ao usar o Cimecort?<\/a><\/li><li class='ez-toc-page-1 ez-toc-heading-level-2'><a class=\"ez-toc-link ez-toc-heading-4\" href=\"https:\/\/www.qualfarma.com.br\/vivabem\/cimecort-pomada-para-que-serve-e-como-usar-corretamente\/#Quais_as_reacoes_adversas_e_os_efeitos_colaterais_do_Cimecort\" >Quais as rea\u00e7\u00f5es adversas e os efeitos colaterais do Cimecort?<\/a><\/li><\/ul><\/nav><\/div>\n<h2 class=\"wp-block-heading\"><span class=\"ez-toc-section\" id=\"Para_que_serve_e_como_funciona_o_Cimecort\"><\/span>Para que serve e como funciona o Cimecort?<span class=\"ez-toc-section-end\"><\/span><\/h2>\n\n\n\n<p>A pomada Cimecort \u00e9 utilizada para tratar uma variedade de problemas dermatol\u00f3gicos. Confira para quais situa\u00e7\u00f5es ela \u00e9 mais indicada:<\/p>\n\n\n\n<ul class=\"wp-block-list\">\n<li><strong>Dermatite de contato<\/strong>: alivia a coceira e vermelhid\u00e3o causadas pelo contato com subst\u00e2ncias irritantes;<\/li>\n\n\n\n<li><strong>Psor\u00edase<\/strong>: ajuda a reduzir as placas e descama\u00e7\u00f5es da pele, controlando os surtos da doen\u00e7a;<\/li>\n\n\n\n<li><strong>Eczema<\/strong>: trata a inflama\u00e7\u00e3o e a coceira, restaurando a barreira da pele;<\/li>\n\n\n\n<li><strong>Rea\u00e7\u00f5es al\u00e9rgicas<\/strong>: acalma a pele irritada devido a alergias cut\u00e2neas.<\/li>\n<\/ul>\n\n\n\n<h2 class=\"wp-block-heading\"><span class=\"ez-toc-section\" id=\"Como_usar_o_Cimecort\"><\/span>Como usar o Cimecort?<span class=\"ez-toc-section-end\"><\/span><\/h2>\n\n\n\n<p>Para garantir o efeito desejado, \u00e9 importante seguir as instru\u00e7\u00f5es de uso da pomada Cimecort:<\/p>\n\n\n\n<ol class=\"wp-block-list\">\n<li><strong>Higienize a \u00e1rea afetada<\/strong> com \u00e1gua e sab\u00e3o neutro e seque delicadamente;<\/li>\n\n\n\n<li><strong>Aplique uma camada fina<\/strong> e espalhe a pomada uniformemente, massageando levemente at\u00e9 ser absorvida;<\/li>\n\n\n\n<li>Use 1 a 2 vezes ao dia, conforme orienta\u00e7\u00e3o m\u00e9dica;<\/li>\n\n\n\n<li><strong>Evite cobrir a \u00e1rea<\/strong> e n\u00e3o utilize curativos oclusivos, a menos que o m\u00e9dico recomende.<\/li>\n<\/ol>\n\n\n\n<p><strong>Siga sempre as orienta\u00e7\u00f5es do seu m\u00e9dico<\/strong> e n\u00e3o prolongue o uso sem recomenda\u00e7\u00e3o profissional.<\/p>\n\n\n\n<h2 class=\"wp-block-heading\"><span class=\"ez-toc-section\" id=\"Quais_cuidados_devo_ter_ao_usar_o_Cimecort\"><\/span>Quais cuidados devo ter ao usar o Cimecort?<span class=\"ez-toc-section-end\"><\/span><\/h2>\n\n\n\n<p>O uso de Cimecort requer aten\u00e7\u00e3o especial para evitar efeitos indesejados. <strong>Evite aplicar a pomada em \u00e1reas sens\u00edveis<\/strong>, como pr\u00f3ximo aos olhos, boca e mucosas, pois isso pode causar irrita\u00e7\u00e3o. <\/p>\n\n\n\n<p>Al\u00e9m disso, <strong>o uso prolongado deve ser evitado<\/strong> para prevenir o afinamento da pele e o aumento do risco de infec\u00e7\u00f5es. Caso voc\u00ea esteja gr\u00e1vida, amamentando ou tenha hist\u00f3rico de alergias a corticosteroides, \u00e9 fundamental conversar com o m\u00e9dico antes de iniciar o tratamento. <\/p>\n\n\n\n<p>O Cimecort \u00e9 de uso individual e n\u00e3o deve ser compartilhado para evitar o risco de transmiss\u00e3o de infec\u00e7\u00f5es cut\u00e2neas.<\/p>\n\n\n\n<h2 class=\"wp-block-heading\"><span class=\"ez-toc-section\" id=\"Quais_as_reacoes_adversas_e_os_efeitos_colaterais_do_Cimecort\"><\/span>Quais as rea\u00e7\u00f5es adversas e os efeitos colaterais do Cimecort?<span class=\"ez-toc-section-end\"><\/span><\/h2>\n\n\n\n<p>Assim como qualquer medicamento, o Cimecort pode causar efeitos colaterais, principalmente se usado de forma inadequada ou por per\u00edodos prolongados. Os efeitos mais comuns incluem <strong>irrita\u00e7\u00e3o na pele<\/strong>, como coceira, ard\u00eancia e vermelhid\u00e3o. <\/p>\n\n\n\n<p>O uso prolongado de corticosteroides pode resultar em <strong>afinamento da pele<\/strong>, <strong>forma\u00e7\u00e3o de estrias<\/strong> e <strong>aumento da sensibilidade<\/strong>. Em casos raros, rea\u00e7\u00f5es al\u00e9rgicas aos componentes da f\u00f3rmula, como incha\u00e7o e erup\u00e7\u00f5es cut\u00e2neas, podem ocorrer. <\/p>\n\n\n\n<p>Al\u00e9m disso, o uso excessivo pode levar a infec\u00e7\u00f5es secund\u00e1rias, devido \u00e0 supress\u00e3o da resposta imunol\u00f3gica local. Ao notar qualquer efeito adverso, interrompa o uso e consulte um profissional de sa\u00fade.<\/p>\n\n\n\n<p>A pomada Cimecort \u00e9 uma excelente op\u00e7\u00e3o para tratar inflama\u00e7\u00f5es e irrita\u00e7\u00f5es na pele, aliviando sintomas de doen\u00e7as como dermatite, psor\u00edase e eczema. Para garantir a seguran\u00e7a e efic\u00e1cia do tratamento, siga sempre as orienta\u00e7\u00f5es m\u00e9dicas e respeite o tempo de uso recomendado. Em caso de d\u00favidas ou rea\u00e7\u00f5es adversas, procure ajuda de um especialista.<\/p>\n\n\n\n<p><\/p>\n","protected":false},"excerpt":{"rendered":"<p>Se voc\u00ea sofre com irrita\u00e7\u00f5es, coceira ou inflama\u00e7\u00f5es na pele, \u00e9 prov\u00e1vel que j\u00e1 tenha ouvido falar da pomada Cimecort. Conhecida por sua a\u00e7\u00e3o eficaz e r\u00e1pida, a Cimecort \u00e9 uma pomada dermatol\u00f3gica indicada para condi\u00e7\u00f5es como dermatite, psor\u00edase e eczema. Gra\u00e7as ao seu principal ativo, a betametasona, ela ajuda a aliviar desconfortos e a [&hellip;]<\/p>\n","protected":false},"author":7,"featured_media":4108,"comment_status":"open","ping_status":"open","sticky":false,"template":"","format":"standard","meta":{"tpgb_global_settings":"","footnotes":""},"categories":[127],"tags":[85],"class_list":["post-4107","post","type-post","status-publish","format-standard","has-post-thumbnail","hentry","category-medicamentos","tag-medicamento"],"yoast_head":"<!-- This site is optimized with the Yoast SEO plugin v27.5 - https:\/\/yoast.com\/product\/yoast-seo-wordpress\/ -->\n<title>Cimecort Pomada: para que serve e como usar corretamente?<\/title>\n<meta name=\"description\" content=\"Conhe\u00e7a os benef\u00edcios e saiba como usar a pomada Cimecort, que alivia desconfortos e melhora sua qualidade de vida.\" \/>\n<meta name=\"robots\" content=\"index, follow, max-snippet:-1, max-image-preview:large, max-video-preview:-1\" \/>\n<link rel=\"canonical\" href=\"https:\/\/www.qualfarma.com.br\/vivabem\/cimecort-pomada-para-que-serve-e-como-usar-corretamente\/\" \/>\n<meta property=\"og:locale\" content=\"pt_BR\" \/>\n<meta property=\"og:type\" content=\"article\" \/>\n<meta property=\"og:title\" content=\"Cimecort Pomada: para que serve e como usar corretamente?\" \/>\n<meta property=\"og:description\" content=\"Conhe\u00e7a os benef\u00edcios e saiba como usar a pomada Cimecort, que alivia desconfortos e melhora sua qualidade de vida.\" \/>\n<meta property=\"og:url\" content=\"https:\/\/www.qualfarma.com.br\/vivabem\/cimecort-pomada-para-que-serve-e-como-usar-corretamente\/\" \/>\n<meta property=\"og:site_name\" content=\"Blog Viva Bem por Qualfarma\" \/>\n<meta property=\"article:published_time\" content=\"2024-11-14T13:00:00+00:00\" \/>\n<meta property=\"article:modified_time\" content=\"2025-09-02T20:13:17+00:00\" \/>\n<meta property=\"og:image\" content=\"https:\/\/www.qualfarma.com.br\/vivabem\/wp-content\/uploads\/2024\/11\/para-que-serve-a-pomada-cimecort.jpg\" \/>\n\t<meta property=\"og:image:width\" content=\"750\" \/>\n\t<meta property=\"og:image:height\" content=\"500\" \/>\n\t<meta property=\"og:image:type\" content=\"image\/jpeg\" \/>\n<meta name=\"author\" content=\"Stephanie Kroll\" \/>\n<meta name=\"twitter:card\" content=\"summary_large_image\" \/>\n<meta name=\"twitter:label1\" content=\"Escrito por\" \/>\n\t<meta name=\"twitter:data1\" content=\"Stephanie Kroll\" \/>\n\t<meta name=\"twitter:label2\" content=\"Est. tempo de leitura\" \/>\n\t<meta name=\"twitter:data2\" content=\"4 minutos\" \/>\n<script type=\"application\/ld+json\" class=\"yoast-schema-graph\">{\"@context\":\"https:\\\/\\\/schema.org\",\"@graph\":[{\"@type\":\"Article\",\"@id\":\"https:\\\/\\\/www.qualfarma.com.br\\\/vivabem\\\/cimecort-pomada-para-que-serve-e-como-usar-corretamente\\\/#article\",\"isPartOf\":{\"@id\":\"https:\\\/\\\/www.qualfarma.com.br\\\/vivabem\\\/cimecort-pomada-para-que-serve-e-como-usar-corretamente\\\/\"},\"author\":{\"name\":\"Stephanie Kroll\",\"@id\":\"https:\\\/\\\/www.qualfarma.com.br\\\/vivabem\\\/#\\\/schema\\\/person\\\/a690dda13b8cef2d1093f56c7e09b224\"},\"headline\":\"Cimecort Pomada: para que serve e como usar corretamente?\",\"datePublished\":\"2024-11-14T13:00:00+00:00\",\"dateModified\":\"2025-09-02T20:13:17+00:00\",\"mainEntityOfPage\":{\"@id\":\"https:\\\/\\\/www.qualfarma.com.br\\\/vivabem\\\/cimecort-pomada-para-que-serve-e-como-usar-corretamente\\\/\"},\"wordCount\":582,\"commentCount\":0,\"image\":{\"@id\":\"https:\\\/\\\/www.qualfarma.com.br\\\/vivabem\\\/cimecort-pomada-para-que-serve-e-como-usar-corretamente\\\/#primaryimage\"},\"thumbnailUrl\":\"https:\\\/\\\/www.qualfarma.com.br\\\/vivabem\\\/wp-content\\\/uploads\\\/2024\\\/11\\\/para-que-serve-a-pomada-cimecort.jpg\",\"keywords\":[\"Medicamentos\"],\"articleSection\":[\"Medicamentos\"],\"inLanguage\":\"pt-BR\",\"potentialAction\":[{\"@type\":\"CommentAction\",\"name\":\"Comment\",\"target\":[\"https:\\\/\\\/www.qualfarma.com.br\\\/vivabem\\\/cimecort-pomada-para-que-serve-e-como-usar-corretamente\\\/#respond\"]}]},{\"@type\":\"WebPage\",\"@id\":\"https:\\\/\\\/www.qualfarma.com.br\\\/vivabem\\\/cimecort-pomada-para-que-serve-e-como-usar-corretamente\\\/\",\"url\":\"https:\\\/\\\/www.qualfarma.com.br\\\/vivabem\\\/cimecort-pomada-para-que-serve-e-como-usar-corretamente\\\/\",\"name\":\"Cimecort Pomada: para que serve e como usar corretamente?\",\"isPartOf\":{\"@id\":\"https:\\\/\\\/www.qualfarma.com.br\\\/vivabem\\\/#website\"},\"primaryImageOfPage\":{\"@id\":\"https:\\\/\\\/www.qualfarma.com.br\\\/vivabem\\\/cimecort-pomada-para-que-serve-e-como-usar-corretamente\\\/#primaryimage\"},\"image\":{\"@id\":\"https:\\\/\\\/www.qualfarma.com.br\\\/vivabem\\\/cimecort-pomada-para-que-serve-e-como-usar-corretamente\\\/#primaryimage\"},\"thumbnailUrl\":\"https:\\\/\\\/www.qualfarma.com.br\\\/vivabem\\\/wp-content\\\/uploads\\\/2024\\\/11\\\/para-que-serve-a-pomada-cimecort.jpg\",\"datePublished\":\"2024-11-14T13:00:00+00:00\",\"dateModified\":\"2025-09-02T20:13:17+00:00\",\"author\":{\"@id\":\"https:\\\/\\\/www.qualfarma.com.br\\\/vivabem\\\/#\\\/schema\\\/person\\\/a690dda13b8cef2d1093f56c7e09b224\"},\"description\":\"Conhe\u00e7a os benef\u00edcios e saiba como usar a pomada Cimecort, que alivia desconfortos e melhora sua qualidade de vida.\",\"breadcrumb\":{\"@id\":\"https:\\\/\\\/www.qualfarma.com.br\\\/vivabem\\\/cimecort-pomada-para-que-serve-e-como-usar-corretamente\\\/#breadcrumb\"},\"inLanguage\":\"pt-BR\",\"potentialAction\":[{\"@type\":\"ReadAction\",\"target\":[\"https:\\\/\\\/www.qualfarma.com.br\\\/vivabem\\\/cimecort-pomada-para-que-serve-e-como-usar-corretamente\\\/\"]}]},{\"@type\":\"ImageObject\",\"inLanguage\":\"pt-BR\",\"@id\":\"https:\\\/\\\/www.qualfarma.com.br\\\/vivabem\\\/cimecort-pomada-para-que-serve-e-como-usar-corretamente\\\/#primaryimage\",\"url\":\"https:\\\/\\\/www.qualfarma.com.br\\\/vivabem\\\/wp-content\\\/uploads\\\/2024\\\/11\\\/para-que-serve-a-pomada-cimecort.jpg\",\"contentUrl\":\"https:\\\/\\\/www.qualfarma.com.br\\\/vivabem\\\/wp-content\\\/uploads\\\/2024\\\/11\\\/para-que-serve-a-pomada-cimecort.jpg\",\"width\":750,\"height\":500,\"caption\":\"A pomada Cimecort \u00e9 uma excelente aliada para combater infec\u00e7\u00f5es de pele\"},{\"@type\":\"BreadcrumbList\",\"@id\":\"https:\\\/\\\/www.qualfarma.com.br\\\/vivabem\\\/cimecort-pomada-para-que-serve-e-como-usar-corretamente\\\/#breadcrumb\",\"itemListElement\":[{\"@type\":\"ListItem\",\"position\":1,\"name\":\"Blog Viva Bem\",\"item\":\"https:\\\/\\\/www.qualfarma.com.br\\\/vivabem\\\/\"},{\"@type\":\"ListItem\",\"position\":2,\"name\":\"Medicamentos\",\"item\":\"https:\\\/\\\/www.qualfarma.com.br\\\/vivabem\\\/medicamentos\\\/\"},{\"@type\":\"ListItem\",\"position\":3,\"name\":\"Cimecort Pomada: para que serve e como usar corretamente?\"}]},{\"@type\":\"WebSite\",\"@id\":\"https:\\\/\\\/www.qualfarma.com.br\\\/vivabem\\\/#website\",\"url\":\"https:\\\/\\\/www.qualfarma.com.br\\\/vivabem\\\/\",\"name\":\"Blog Viva Bem por Qualfarma\",\"description\":\"\u00ae 2023\",\"potentialAction\":[{\"@type\":\"SearchAction\",\"target\":{\"@type\":\"EntryPoint\",\"urlTemplate\":\"https:\\\/\\\/www.qualfarma.com.br\\\/vivabem\\\/?s={search_term_string}\"},\"query-input\":{\"@type\":\"PropertyValueSpecification\",\"valueRequired\":true,\"valueName\":\"search_term_string\"}}],\"inLanguage\":\"pt-BR\"},{\"@type\":\"Person\",\"@id\":\"https:\\\/\\\/www.qualfarma.com.br\\\/vivabem\\\/#\\\/schema\\\/person\\\/a690dda13b8cef2d1093f56c7e09b224\",\"name\":\"Stephanie Kroll\",\"image\":{\"@type\":\"ImageObject\",\"inLanguage\":\"pt-BR\",\"@id\":\"https:\\\/\\\/secure.gravatar.com\\\/avatar\\\/dd1b82540a7b66c3112346e4a6b0e24b524511df3d028133ca1eea9eafc829bc?s=96&d=mm&r=g\",\"url\":\"https:\\\/\\\/secure.gravatar.com\\\/avatar\\\/dd1b82540a7b66c3112346e4a6b0e24b524511df3d028133ca1eea9eafc829bc?s=96&d=mm&r=g\",\"contentUrl\":\"https:\\\/\\\/secure.gravatar.com\\\/avatar\\\/dd1b82540a7b66c3112346e4a6b0e24b524511df3d028133ca1eea9eafc829bc?s=96&d=mm&r=g\",\"caption\":\"Stephanie Kroll\"},\"description\":\"Graduada em Farm\u00e1cia pela Universidade Federal do Rio de Janeiro (UFRJ), Stephanie Kroll (CRF\\\/RJ 28001) atua na \u00e1rea da sa\u00fade da fam\u00edlia com uma abordagem humanizada e \u00e9 respons\u00e1vel t\u00e9cnica pelos conte\u00fados do Viva Bem por Qualfarma.\"}]}<\/script>\n<!-- \/ Yoast SEO plugin. -->","yoast_head_json":{"title":"Cimecort Pomada: para que serve e como usar corretamente?","description":"Conhe\u00e7a os benef\u00edcios e saiba como usar a pomada Cimecort, que alivia desconfortos e melhora sua qualidade de vida.","robots":{"index":"index","follow":"follow","max-snippet":"max-snippet:-1","max-image-preview":"max-image-preview:large","max-video-preview":"max-video-preview:-1"},"canonical":"https:\/\/www.qualfarma.com.br\/vivabem\/cimecort-pomada-para-que-serve-e-como-usar-corretamente\/","og_locale":"pt_BR","og_type":"article","og_title":"Cimecort Pomada: para que serve e como usar corretamente?","og_description":"Conhe\u00e7a os benef\u00edcios e saiba como usar a pomada Cimecort, que alivia desconfortos e melhora sua qualidade de vida.","og_url":"https:\/\/www.qualfarma.com.br\/vivabem\/cimecort-pomada-para-que-serve-e-como-usar-corretamente\/","og_site_name":"Blog Viva Bem por Qualfarma","article_published_time":"2024-11-14T13:00:00+00:00","article_modified_time":"2025-09-02T20:13:17+00:00","og_image":[{"width":750,"height":500,"url":"https:\/\/www.qualfarma.com.br\/vivabem\/wp-content\/uploads\/2024\/11\/para-que-serve-a-pomada-cimecort.jpg","type":"image\/jpeg"}],"author":"Stephanie Kroll","twitter_card":"summary_large_image","twitter_misc":{"Escrito por":"Stephanie Kroll","Est. tempo de leitura":"4 minutos"},"schema":{"@context":"https:\/\/schema.org","@graph":[{"@type":"Article","@id":"https:\/\/www.qualfarma.com.br\/vivabem\/cimecort-pomada-para-que-serve-e-como-usar-corretamente\/#article","isPartOf":{"@id":"https:\/\/www.qualfarma.com.br\/vivabem\/cimecort-pomada-para-que-serve-e-como-usar-corretamente\/"},"author":{"name":"Stephanie Kroll","@id":"https:\/\/www.qualfarma.com.br\/vivabem\/#\/schema\/person\/a690dda13b8cef2d1093f56c7e09b224"},"headline":"Cimecort Pomada: para que serve e como usar corretamente?","datePublished":"2024-11-14T13:00:00+00:00","dateModified":"2025-09-02T20:13:17+00:00","mainEntityOfPage":{"@id":"https:\/\/www.qualfarma.com.br\/vivabem\/cimecort-pomada-para-que-serve-e-como-usar-corretamente\/"},"wordCount":582,"commentCount":0,"image":{"@id":"https:\/\/www.qualfarma.com.br\/vivabem\/cimecort-pomada-para-que-serve-e-como-usar-corretamente\/#primaryimage"},"thumbnailUrl":"https:\/\/www.qualfarma.com.br\/vivabem\/wp-content\/uploads\/2024\/11\/para-que-serve-a-pomada-cimecort.jpg","keywords":["Medicamentos"],"articleSection":["Medicamentos"],"inLanguage":"pt-BR","potentialAction":[{"@type":"CommentAction","name":"Comment","target":["https:\/\/www.qualfarma.com.br\/vivabem\/cimecort-pomada-para-que-serve-e-como-usar-corretamente\/#respond"]}]},{"@type":"WebPage","@id":"https:\/\/www.qualfarma.com.br\/vivabem\/cimecort-pomada-para-que-serve-e-como-usar-corretamente\/","url":"https:\/\/www.qualfarma.com.br\/vivabem\/cimecort-pomada-para-que-serve-e-como-usar-corretamente\/","name":"Cimecort Pomada: para que serve e como usar corretamente?","isPartOf":{"@id":"https:\/\/www.qualfarma.com.br\/vivabem\/#website"},"primaryImageOfPage":{"@id":"https:\/\/www.qualfarma.com.br\/vivabem\/cimecort-pomada-para-que-serve-e-como-usar-corretamente\/#primaryimage"},"image":{"@id":"https:\/\/www.qualfarma.com.br\/vivabem\/cimecort-pomada-para-que-serve-e-como-usar-corretamente\/#primaryimage"},"thumbnailUrl":"https:\/\/www.qualfarma.com.br\/vivabem\/wp-content\/uploads\/2024\/11\/para-que-serve-a-pomada-cimecort.jpg","datePublished":"2024-11-14T13:00:00+00:00","dateModified":"2025-09-02T20:13:17+00:00","author":{"@id":"https:\/\/www.qualfarma.com.br\/vivabem\/#\/schema\/person\/a690dda13b8cef2d1093f56c7e09b224"},"description":"Conhe\u00e7a os benef\u00edcios e saiba como usar a pomada Cimecort, que alivia desconfortos e melhora sua qualidade de vida.","breadcrumb":{"@id":"https:\/\/www.qualfarma.com.br\/vivabem\/cimecort-pomada-para-que-serve-e-como-usar-corretamente\/#breadcrumb"},"inLanguage":"pt-BR","potentialAction":[{"@type":"ReadAction","target":["https:\/\/www.qualfarma.com.br\/vivabem\/cimecort-pomada-para-que-serve-e-como-usar-corretamente\/"]}]},{"@type":"ImageObject","inLanguage":"pt-BR","@id":"https:\/\/www.qualfarma.com.br\/vivabem\/cimecort-pomada-para-que-serve-e-como-usar-corretamente\/#primaryimage","url":"https:\/\/www.qualfarma.com.br\/vivabem\/wp-content\/uploads\/2024\/11\/para-que-serve-a-pomada-cimecort.jpg","contentUrl":"https:\/\/www.qualfarma.com.br\/vivabem\/wp-content\/uploads\/2024\/11\/para-que-serve-a-pomada-cimecort.jpg","width":750,"height":500,"caption":"A pomada Cimecort \u00e9 uma excelente aliada para combater infec\u00e7\u00f5es de pele"},{"@type":"BreadcrumbList","@id":"https:\/\/www.qualfarma.com.br\/vivabem\/cimecort-pomada-para-que-serve-e-como-usar-corretamente\/#breadcrumb","itemListElement":[{"@type":"ListItem","position":1,"name":"Blog Viva Bem","item":"https:\/\/www.qualfarma.com.br\/vivabem\/"},{"@type":"ListItem","position":2,"name":"Medicamentos","item":"https:\/\/www.qualfarma.com.br\/vivabem\/medicamentos\/"},{"@type":"ListItem","position":3,"name":"Cimecort Pomada: para que serve e como usar corretamente?"}]},{"@type":"WebSite","@id":"https:\/\/www.qualfarma.com.br\/vivabem\/#website","url":"https:\/\/www.qualfarma.com.br\/vivabem\/","name":"Blog Viva Bem por Qualfarma","description":"\u00ae 2023","potentialAction":[{"@type":"SearchAction","target":{"@type":"EntryPoint","urlTemplate":"https:\/\/www.qualfarma.com.br\/vivabem\/?s={search_term_string}"},"query-input":{"@type":"PropertyValueSpecification","valueRequired":true,"valueName":"search_term_string"}}],"inLanguage":"pt-BR"},{"@type":"Person","@id":"https:\/\/www.qualfarma.com.br\/vivabem\/#\/schema\/person\/a690dda13b8cef2d1093f56c7e09b224","name":"Stephanie Kroll","image":{"@type":"ImageObject","inLanguage":"pt-BR","@id":"https:\/\/secure.gravatar.com\/avatar\/dd1b82540a7b66c3112346e4a6b0e24b524511df3d028133ca1eea9eafc829bc?s=96&d=mm&r=g","url":"https:\/\/secure.gravatar.com\/avatar\/dd1b82540a7b66c3112346e4a6b0e24b524511df3d028133ca1eea9eafc829bc?s=96&d=mm&r=g","contentUrl":"https:\/\/secure.gravatar.com\/avatar\/dd1b82540a7b66c3112346e4a6b0e24b524511df3d028133ca1eea9eafc829bc?s=96&d=mm&r=g","caption":"Stephanie Kroll"},"description":"Graduada em Farm\u00e1cia pela Universidade Federal do Rio de Janeiro (UFRJ), Stephanie Kroll (CRF\/RJ 28001) atua na \u00e1rea da sa\u00fade da fam\u00edlia com uma abordagem humanizada e \u00e9 respons\u00e1vel t\u00e9cnica pelos conte\u00fados do Viva Bem por Qualfarma."}]}},"jetpack_featured_media_url":"https:\/\/www.qualfarma.com.br\/vivabem\/wp-content\/uploads\/2024\/11\/para-que-serve-a-pomada-cimecort.jpg","tpgb_featured_images":{"full":["https:\/\/www.qualfarma.com.br\/vivabem\/wp-content\/uploads\/2024\/11\/para-que-serve-a-pomada-cimecort.jpg",750,500,false],"tp-image-grid":["https:\/\/www.qualfarma.com.br\/vivabem\/wp-content\/uploads\/2024\/11\/para-que-serve-a-pomada-cimecort-700x700.jpg",700,700,true],"thumbnail":["https:\/\/www.qualfarma.com.br\/vivabem\/wp-content\/uploads\/2024\/11\/para-que-serve-a-pomada-cimecort-150x150.jpg",150,150,true],"medium":["https:\/\/www.qualfarma.com.br\/vivabem\/wp-content\/uploads\/2024\/11\/para-que-serve-a-pomada-cimecort-300x200.jpg",300,200,true],"medium_large":["https:\/\/www.qualfarma.com.br\/vivabem\/wp-content\/uploads\/2024\/11\/para-que-serve-a-pomada-cimecort.jpg",750,500,false],"large":["https:\/\/www.qualfarma.com.br\/vivabem\/wp-content\/uploads\/2024\/11\/para-que-serve-a-pomada-cimecort.jpg",750,500,false],"default":"https:\/\/www.qualfarma.com.br\/vivabem\/wp-content\/plugins\/the-plus-addons-for-block-editor\/assets\/images\/tpgb-placeholder.jpg"},"tpgb_post_meta_info":{"get_date":"novembro 14, 2024","get_modified_date":"setembro 2, 2025","category_list":{"category":[{"term_id":127,"name":"Medicamentos","slug":"medicamentos","term_group":0,"term_taxonomy_id":127,"taxonomy":"category","description":"<p style=\"text-align: left\">Encontre informa\u00e7\u00f5es sobre medicamentos que fazem a diferen\u00e7a para a sua sa\u00fade e cuide de voc\u00ea com acesso a todo o conhecimento do Qualfarma e sua farmac\u00eautica profissional. \u00c9 sua sa\u00fade em primeiro lugar.<\/p>","parent":0,"count":8,"filter":"raw"}],"post_tag":[{"term_id":85,"name":"Medicamentos","slug":"medicamento","term_group":0,"term_taxonomy_id":85,"taxonomy":"post_tag","description":"","parent":0,"count":7,"filter":"raw"}]},"author_name":"Stephanie Kroll","author_url":"https:\/\/www.qualfarma.com.br\/vivabem\/author\/sterabelohotmail-com\/","author_email":"sterabelo@hotmail.com","author_website":"","author_description":"Graduada em Farm\u00e1cia pela Universidade Federal do Rio de Janeiro (UFRJ), Stephanie Kroll (CRF\/RJ 28001) atua na \u00e1rea da sa\u00fade da fam\u00edlia com uma abordagem humanizada e \u00e9 respons\u00e1vel t\u00e9cnica pelos conte\u00fados do Viva Bem por Qualfarma.","author_facebook":"","author_twitter":"","author_instagram":"","author_role":["editor"],"author_firstname":"Stephanie","author_lastname":"Kroll","user_login":"sterabelo@hotmail.com","author_avatar":"<img alt='' src='https:\/\/secure.gravatar.com\/avatar\/dd1b82540a7b66c3112346e4a6b0e24b524511df3d028133ca1eea9eafc829bc?s=200&#038;d=mm&#038;r=g' srcset='https:\/\/secure.gravatar.com\/avatar\/dd1b82540a7b66c3112346e4a6b0e24b524511df3d028133ca1eea9eafc829bc?s=400&#038;d=mm&#038;r=g 2x' class='avatar avatar-200 photo' height='200' width='200' decoding='async'\/>","author_avatar_url":"https:\/\/secure.gravatar.com\/avatar\/dd1b82540a7b66c3112346e4a6b0e24b524511df3d028133ca1eea9eafc829bc?s=96&d=mm&r=g","comment_count":0,"post_likes":0,"post_views":0},"tpgb_post_category":{"category":"<a href=\"https:\/\/www.qualfarma.com.br\/vivabem\/medicamentos\/\" alt=\"Medicamentos\"  class=\"category-medicamentos\">Medicamentos<\/a> ","post_tag":"<a href=\"https:\/\/www.qualfarma.com.br\/vivabem\/tag\/medicamento\/\" alt=\"Medicamentos\"  class=\"post_tag-medicamento\">Medicamentos<\/a> "},"_links":{"self":[{"href":"https:\/\/www.qualfarma.com.br\/vivabem\/wp-json\/wp\/v2\/posts\/4107","targetHints":{"allow":["GET"]}}],"collection":[{"href":"https:\/\/www.qualfarma.com.br\/vivabem\/wp-json\/wp\/v2\/posts"}],"about":[{"href":"https:\/\/www.qualfarma.com.br\/vivabem\/wp-json\/wp\/v2\/types\/post"}],"author":[{"embeddable":true,"href":"https:\/\/www.qualfarma.com.br\/vivabem\/wp-json\/wp\/v2\/users\/7"}],"replies":[{"embeddable":true,"href":"https:\/\/www.qualfarma.com.br\/vivabem\/wp-json\/wp\/v2\/comments?post=4107"}],"version-history":[{"count":5,"href":"https:\/\/www.qualfarma.com.br\/vivabem\/wp-json\/wp\/v2\/posts\/4107\/revisions"}],"predecessor-version":[{"id":4483,"href":"https:\/\/www.qualfarma.com.br\/vivabem\/wp-json\/wp\/v2\/posts\/4107\/revisions\/4483"}],"wp:featuredmedia":[{"embeddable":true,"href":"https:\/\/www.qualfarma.com.br\/vivabem\/wp-json\/wp\/v2\/media\/4108"}],"wp:attachment":[{"href":"https:\/\/www.qualfarma.com.br\/vivabem\/wp-json\/wp\/v2\/media?parent=4107"}],"wp:term":[{"taxonomy":"category","embeddable":true,"href":"https:\/\/www.qualfarma.com.br\/vivabem\/wp-json\/wp\/v2\/categories?post=4107"},{"taxonomy":"post_tag","embeddable":true,"href":"https:\/\/www.qualfarma.com.br\/vivabem\/wp-json\/wp\/v2\/tags?post=4107"}],"curies":[{"name":"wp","href":"https:\/\/api.w.org\/{rel}","templated":true}]}}