{"id":3893,"date":"2024-08-20T11:15:02","date_gmt":"2024-08-20T11:15:02","guid":{"rendered":"https:\/\/www.qualfarma.com.br\/vivabem\/?p=3893"},"modified":"2025-10-02T13:45:11","modified_gmt":"2025-10-02T13:45:11","slug":"o-que-e-lipedema","status":"publish","type":"post","link":"https:\/\/www.qualfarma.com.br\/vivabem\/o-que-e-lipedema\/","title":{"rendered":"O que \u00e9 lipedema: dos sintomas aos tratamentos"},"content":{"rendered":"\n<p>J\u00e1 pensou em uma condi\u00e7\u00e3o m\u00e9dica cr\u00f4nica que causa um ac\u00famulo anormal de gordura, principalmente nas pernas e bra\u00e7os? Pois essa condi\u00e7\u00e3o existe e se chama lipedema, acredita? Compreender <strong>o que \u00e9 lipedema<\/strong>, portanto, \u00e9 essencial para identificar poss\u00edveis sintomas e buscar o tratamento adequado.<\/p>\n\n\n\n<p>A seguir, discutiremos detalhadamente o que \u00e9 essa condi\u00e7\u00e3o, como ela se manifesta e as op\u00e7\u00f5es de tratamento dispon\u00edveis para lipedema, ajudando voc\u00ea a reconhecer eventuais sinais e buscar o apoio necess\u00e1rio para melhorar sua qualidade de vida.<\/p>\n\n\n\n<div id=\"ez-toc-container\" class=\"ez-toc-v2_0_82_2 counter-hierarchy ez-toc-counter ez-toc-grey ez-toc-container-direction\">\n<div class=\"ez-toc-title-container\">\n<p class=\"ez-toc-title\" style=\"cursor:inherit\">Navegue pelo assunto<\/p>\n<span class=\"ez-toc-title-toggle\"><\/span><\/div>\n<nav><ul class='ez-toc-list ez-toc-list-level-1 ' ><li class='ez-toc-page-1 ez-toc-heading-level-2'><a class=\"ez-toc-link ez-toc-heading-1\" href=\"https:\/\/www.qualfarma.com.br\/vivabem\/o-que-e-lipedema\/#O_que_e_lipedema\" >O que \u00e9 lipedema?<\/a><ul class='ez-toc-list-level-3' ><li class='ez-toc-heading-level-3'><a class=\"ez-toc-link ez-toc-heading-2\" href=\"https:\/\/www.qualfarma.com.br\/vivabem\/o-que-e-lipedema\/#Sintomas_comuns_do_Lipedema\" >Sintomas comuns do Lipedema<\/a><\/li><\/ul><\/li><li class='ez-toc-page-1 ez-toc-heading-level-2'><a class=\"ez-toc-link ez-toc-heading-3\" href=\"https:\/\/www.qualfarma.com.br\/vivabem\/o-que-e-lipedema\/#Como_tratar_o_lipedema\" >Como tratar o lipedema?<\/a><ul class='ez-toc-list-level-3' ><li class='ez-toc-heading-level-3'><a class=\"ez-toc-link ez-toc-heading-4\" href=\"https:\/\/www.qualfarma.com.br\/vivabem\/o-que-e-lipedema\/#1_Tratamento_conservador\" >1. Tratamento conservador<\/a><\/li><li class='ez-toc-page-1 ez-toc-heading-level-3'><a class=\"ez-toc-link ez-toc-heading-5\" href=\"https:\/\/www.qualfarma.com.br\/vivabem\/o-que-e-lipedema\/#2_Tratamento_medico\" >2. Tratamento m\u00e9dico<\/a><\/li><li class='ez-toc-page-1 ez-toc-heading-level-3'><a class=\"ez-toc-link ez-toc-heading-6\" href=\"https:\/\/www.qualfarma.com.br\/vivabem\/o-que-e-lipedema\/#3_Apoio_psicologico\" >3. Apoio psicol\u00f3gico<\/a><\/li><li class='ez-toc-page-1 ez-toc-heading-level-3'><a class=\"ez-toc-link ez-toc-heading-7\" href=\"https:\/\/www.qualfarma.com.br\/vivabem\/o-que-e-lipedema\/#4_Educacao_e_suporte\" >4. Educa\u00e7\u00e3o e suporte<\/a><\/li><\/ul><\/li><\/ul><\/nav><\/div>\n<h2 class=\"wp-block-heading\"><span class=\"ez-toc-section\" id=\"O_que_e_lipedema\"><\/span>O que \u00e9 lipedema?<span class=\"ez-toc-section-end\"><\/span><\/h2>\n\n\n\n<p>De acordo com a <a href=\"https:\/\/sbacv.org.br\/lipedema\/#:~:text=O%20lipedema%20%C3%A9%20uma%20doen%C3%A7a,sinta%20dores%20nas%20%C3%A1reas%20afetadas.\">Sociedade Brasileira de Angiologia e Cirurgia Vascular (SBACV)<\/a>, o lipedema \u00e9 uma condi\u00e7\u00e3o vascular cr\u00f4nica caracterizada pelo ac\u00famulo anormal de gordura subcut\u00e2nea e incha\u00e7o \u2013 e isso principalmente nas pernas e, em alguns casos, nos bra\u00e7os.&nbsp;<\/p>\n\n\n\n<p>Essa condi\u00e7\u00e3o \u00e9 mais comum em mulheres \u2013 principalmente em momentos puberdade, gravidez ou menopausa \u2013 e muitas vezes \u00e9 confundida com obesidade, varizes ou reten\u00e7\u00e3o de l\u00edquidos, mas possui caracter\u00edsticas distintas. O lipedema pode causar dor, sensibilidade ao toque e, em est\u00e1gios avan\u00e7ados, at\u00e9 problemas de mobilidade.<\/p>\n\n\n\n<h3 class=\"wp-block-heading\"><span class=\"ez-toc-section\" id=\"Sintomas_comuns_do_Lipedema\"><\/span>Sintomas comuns do Lipedema<span class=\"ez-toc-section-end\"><\/span><\/h3>\n\n\n\n<ul class=\"wp-block-list\">\n<li><strong>Distribui\u00e7\u00e3o assim\u00e9trica de gordura:<\/strong> a gordura se acumula principalmente nos quadris, coxas e pernas, dando uma apar\u00eancia desproporcional ao corpo;<\/li>\n\n\n\n<li><strong>Dor e sensibilidade:<\/strong> as \u00e1reas afetadas s\u00e3o dolorosas ao toque e podem apresentar hematomas com facilidade;<\/li>\n\n\n\n<li><strong>Edema:<\/strong> incha\u00e7o que pode piorar ao longo do dia, mas normalmente n\u00e3o afeta os p\u00e9s;<\/li>\n\n\n\n<li><strong>Progress\u00e3o: <\/strong>a condi\u00e7\u00e3o tende a piorar ao longo do tempo, especialmente se n\u00e3o for tratada adequadamente.<\/li>\n<\/ul>\n\n\n\n<h2 class=\"wp-block-heading\"><span class=\"ez-toc-section\" id=\"Como_tratar_o_lipedema\"><\/span>Como tratar o lipedema?<span class=\"ez-toc-section-end\"><\/span><\/h2>\n\n\n\n<p>H\u00e1 algumas op\u00e7\u00f5es de tratamentos e uma s\u00e9rie de cuidados que devem ser tomados em rela\u00e7\u00e3o ao problema. Conhe\u00e7a-os a seguir.<\/p>\n\n\n\n<h3 class=\"wp-block-heading\"><span class=\"ez-toc-section\" id=\"1_Tratamento_conservador\"><\/span>1. Tratamento conservador<span class=\"ez-toc-section-end\"><\/span><\/h3>\n\n\n\n<p>O tratamento conservador para lipedema inclui v\u00e1rias abordagens para aliviar os sintomas e melhorar a qualidade de vida dos pacientes. Entre essas abordagens, est\u00e3o:<\/p>\n\n\n\n<ul class=\"wp-block-list\">\n<li>A <strong>drenagem linf\u00e1tica manual<\/strong>, uma terapia que ajuda a reduzir o incha\u00e7o e melhorar a circula\u00e7\u00e3o linf\u00e1tica, proporcionando al\u00edvio significativo;<\/li>\n\n\n\n<li>O <strong>uso de meias de compress\u00e3o<\/strong>, medida altamente recomendada para ajudar a reduzir o edema e proporcionar al\u00edvio da dor;<\/li>\n\n\n\n<li><strong><a href=\"https:\/\/www.qualfarma.com.br\/vivabem\/beneficios-da-atividade-fisica\/\">Atividade f\u00edsica<\/a> de baixo impacto<\/strong>, como caminhar, nadar e andar de bicicleta \u2013 alternativas fundamentais para melhorar a circula\u00e7\u00e3o e reduzir o incha\u00e7o;\u00a0<\/li>\n\n\n\n<li>Manter uma<strong> dieta balanceada<\/strong> para ajudar no controle do peso e na redu\u00e7\u00e3o da inflama\u00e7\u00e3o, contribuindo para o bem-estar geral do paciente.<\/li>\n<\/ul>\n\n\n\n<h3 class=\"wp-block-heading\"><span class=\"ez-toc-section\" id=\"2_Tratamento_medico\"><\/span>2. Tratamento m\u00e9dico<span class=\"ez-toc-section-end\"><\/span><\/h3>\n\n\n\n<p>O tratamento m\u00e9dico do lipedema frequentemente inclui a lipossuc\u00e7\u00e3o espec\u00edfica para essa condi\u00e7\u00e3o, um procedimento cir\u00fargico que remove a gordura anormal acumulada. Quando realizado por um cirurgi\u00e3o experiente, o procedimento pode ser&nbsp; bastante eficaz \u2013 al\u00e9m de seguro, claro.<\/p>\n\n\n\n<p>Ainda, terapias de compress\u00e3o avan\u00e7ada, como o uso de aparelhos de compress\u00e3o pneum\u00e1tica intermitente, tamb\u00e9m podem ser indicadas para casos mais graves, ajudando a reduzir o incha\u00e7o e melhorar a circula\u00e7\u00e3o.<\/p>\n\n\n\n<h3 class=\"wp-block-heading\"><span class=\"ez-toc-section\" id=\"3_Apoio_psicologico\"><\/span>3. Apoio psicol\u00f3gico<span class=\"ez-toc-section-end\"><\/span><\/h3>\n\n\n\n<p>O apoio psicol\u00f3gico \u00e9 uma parte essencial do tratamento do lipedema devido ao impacto emocional que essa condi\u00e7\u00e3o pode causar.&nbsp;<\/p>\n\n\n\n<p>O aconselhamento e a terapia s\u00e3o recomendados para ajudar pacientes a lidar com os aspectos psicol\u00f3gicos do lipedema, proporcionando suporte emocional e ajudando a desenvolver estrat\u00e9gias de enfrentamento eficazes.<\/p>\n\n\n\n<h3 class=\"wp-block-heading\"><span class=\"ez-toc-section\" id=\"4_Educacao_e_suporte\"><\/span>4. Educa\u00e7\u00e3o e suporte<span class=\"ez-toc-section-end\"><\/span><\/h3>\n\n\n\n<p>A educa\u00e7\u00e3o e o suporte tamb\u00e9m desempenham um papel vital no manejo do lipedema.&nbsp;<\/p>\n\n\n\n<p>Participar de grupos de apoio permite a troca de experi\u00eancias e fornece um ambiente de suporte emocional entre pessoas que enfrentam desafios semelhantes.&nbsp;<\/p>\n\n\n\n<p>Al\u00e9m disso, educar-se sobre o que \u00e9 lipedema e os m\u00e9todos de tratamento dispon\u00edveis, al\u00e9m de tudo que envolve a condi\u00e7\u00e3o, empodera os pacientes a tomar decis\u00f5es informadas diante da condi\u00e7\u00e3o cr\u00f4nica.<\/p>\n\n\n\n<p>No fim das contas, o lipedema requer uma abordagem multidisciplinar e personalizada para que os sintomas possam ser amenizados, envolvendo profissionais de sa\u00fade que v\u00e3o de cirurgi\u00f5es a nutricionistas e psic\u00f3logos. Fazendo o acompanhamento correto, a melhora da qualidade de vida e bem-estar das pessoas com lipedema \u00e9 bastante vi\u00e1vel. <\/p>\n\n\n\n<p>Mas claro: \u00e9 preciso buscar a orienta\u00e7\u00e3o m\u00e9dica adequada e seguir o plano de tratamento adequado para isso, ok?<\/p>\n","protected":false},"excerpt":{"rendered":"<p>J\u00e1 imaginou uma condi\u00e7\u00e3o de sa\u00fade que causa um ac\u00famulo anormal de gordura? Ela existe.<\/p>\n","protected":false},"author":6,"featured_media":3933,"comment_status":"open","ping_status":"open","sticky":false,"template":"","format":"standard","meta":{"tpgb_global_settings":"","footnotes":""},"categories":[108],"tags":[88,87],"class_list":["post-3893","post","type-post","status-publish","format-standard","has-post-thumbnail","hentry","category-doencas-e-sintomas","tag-doencas-e-sintomas","tag-saude"],"yoast_head":"<!-- This site is optimized with the Yoast SEO plugin v27.5 - https:\/\/yoast.com\/product\/yoast-seo-wordpress\/ -->\n<title>O que \u00e9 lipedema: dos sintomas aos tratamentos<\/title>\n<meta name=\"description\" content=\"J\u00e1 imaginou uma condi\u00e7\u00e3o de sa\u00fade que causa um ac\u00famulo anormal de gordura? Confira este artigo sobre o que \u00e9 lipedema e entenda.\" \/>\n<meta name=\"robots\" content=\"index, follow, max-snippet:-1, max-image-preview:large, max-video-preview:-1\" \/>\n<link rel=\"canonical\" href=\"https:\/\/www.qualfarma.com.br\/vivabem\/o-que-e-lipedema\/\" \/>\n<meta property=\"og:locale\" content=\"pt_BR\" \/>\n<meta property=\"og:type\" content=\"article\" \/>\n<meta property=\"og:title\" content=\"O que \u00e9 lipedema: dos sintomas aos tratamentos\" \/>\n<meta property=\"og:description\" content=\"J\u00e1 imaginou uma condi\u00e7\u00e3o de sa\u00fade que causa um ac\u00famulo anormal de gordura? Confira este artigo sobre o que \u00e9 lipedema e entenda.\" \/>\n<meta property=\"og:url\" content=\"https:\/\/www.qualfarma.com.br\/vivabem\/o-que-e-lipedema\/\" \/>\n<meta property=\"og:site_name\" content=\"Blog Viva Bem por Qualfarma\" \/>\n<meta property=\"article:published_time\" content=\"2024-08-20T11:15:02+00:00\" \/>\n<meta property=\"article:modified_time\" content=\"2025-10-02T13:45:11+00:00\" \/>\n<meta property=\"og:image\" content=\"https:\/\/www.qualfarma.com.br\/vivabem\/wp-content\/uploads\/2024\/08\/o-que-e-lipedema.jpg\" \/>\n\t<meta property=\"og:image:width\" content=\"750\" \/>\n\t<meta property=\"og:image:height\" content=\"500\" \/>\n\t<meta property=\"og:image:type\" content=\"image\/jpeg\" \/>\n<meta name=\"author\" content=\"Reda\u00e7\u00e3o Qualfarma\" \/>\n<meta name=\"twitter:card\" content=\"summary_large_image\" \/>\n<meta name=\"twitter:label1\" content=\"Escrito por\" \/>\n\t<meta name=\"twitter:data1\" content=\"Reda\u00e7\u00e3o Qualfarma\" \/>\n\t<meta name=\"twitter:label2\" content=\"Est. tempo de leitura\" \/>\n\t<meta name=\"twitter:data2\" content=\"4 minutos\" \/>\n<script type=\"application\/ld+json\" class=\"yoast-schema-graph\">{\"@context\":\"https:\\\/\\\/schema.org\",\"@graph\":[{\"@type\":\"Article\",\"@id\":\"https:\\\/\\\/www.qualfarma.com.br\\\/vivabem\\\/o-que-e-lipedema\\\/#article\",\"isPartOf\":{\"@id\":\"https:\\\/\\\/www.qualfarma.com.br\\\/vivabem\\\/o-que-e-lipedema\\\/\"},\"author\":{\"name\":\"Reda\u00e7\u00e3o Qualfarma\",\"@id\":\"https:\\\/\\\/www.qualfarma.com.br\\\/vivabem\\\/#\\\/schema\\\/person\\\/e6037ef0f9c3229057f0431b6d899040\"},\"headline\":\"O que \u00e9 lipedema: dos sintomas aos tratamentos\",\"datePublished\":\"2024-08-20T11:15:02+00:00\",\"dateModified\":\"2025-10-02T13:45:11+00:00\",\"mainEntityOfPage\":{\"@id\":\"https:\\\/\\\/www.qualfarma.com.br\\\/vivabem\\\/o-que-e-lipedema\\\/\"},\"wordCount\":733,\"commentCount\":0,\"image\":{\"@id\":\"https:\\\/\\\/www.qualfarma.com.br\\\/vivabem\\\/o-que-e-lipedema\\\/#primaryimage\"},\"thumbnailUrl\":\"https:\\\/\\\/www.qualfarma.com.br\\\/vivabem\\\/wp-content\\\/uploads\\\/2024\\\/08\\\/o-que-e-lipedema.jpg\",\"keywords\":[\"Doen\u00e7as e Sintomas\",\"Sa\u00fade\"],\"articleSection\":[\"Doen\u00e7as e sintomas\"],\"inLanguage\":\"pt-BR\",\"potentialAction\":[{\"@type\":\"CommentAction\",\"name\":\"Comment\",\"target\":[\"https:\\\/\\\/www.qualfarma.com.br\\\/vivabem\\\/o-que-e-lipedema\\\/#respond\"]}]},{\"@type\":\"WebPage\",\"@id\":\"https:\\\/\\\/www.qualfarma.com.br\\\/vivabem\\\/o-que-e-lipedema\\\/\",\"url\":\"https:\\\/\\\/www.qualfarma.com.br\\\/vivabem\\\/o-que-e-lipedema\\\/\",\"name\":\"O que \u00e9 lipedema: dos sintomas aos tratamentos\",\"isPartOf\":{\"@id\":\"https:\\\/\\\/www.qualfarma.com.br\\\/vivabem\\\/#website\"},\"primaryImageOfPage\":{\"@id\":\"https:\\\/\\\/www.qualfarma.com.br\\\/vivabem\\\/o-que-e-lipedema\\\/#primaryimage\"},\"image\":{\"@id\":\"https:\\\/\\\/www.qualfarma.com.br\\\/vivabem\\\/o-que-e-lipedema\\\/#primaryimage\"},\"thumbnailUrl\":\"https:\\\/\\\/www.qualfarma.com.br\\\/vivabem\\\/wp-content\\\/uploads\\\/2024\\\/08\\\/o-que-e-lipedema.jpg\",\"datePublished\":\"2024-08-20T11:15:02+00:00\",\"dateModified\":\"2025-10-02T13:45:11+00:00\",\"author\":{\"@id\":\"https:\\\/\\\/www.qualfarma.com.br\\\/vivabem\\\/#\\\/schema\\\/person\\\/e6037ef0f9c3229057f0431b6d899040\"},\"description\":\"J\u00e1 imaginou uma condi\u00e7\u00e3o de sa\u00fade que causa um ac\u00famulo anormal de gordura? Confira este artigo sobre o que \u00e9 lipedema e entenda.\",\"breadcrumb\":{\"@id\":\"https:\\\/\\\/www.qualfarma.com.br\\\/vivabem\\\/o-que-e-lipedema\\\/#breadcrumb\"},\"inLanguage\":\"pt-BR\",\"potentialAction\":[{\"@type\":\"ReadAction\",\"target\":[\"https:\\\/\\\/www.qualfarma.com.br\\\/vivabem\\\/o-que-e-lipedema\\\/\"]}]},{\"@type\":\"ImageObject\",\"inLanguage\":\"pt-BR\",\"@id\":\"https:\\\/\\\/www.qualfarma.com.br\\\/vivabem\\\/o-que-e-lipedema\\\/#primaryimage\",\"url\":\"https:\\\/\\\/www.qualfarma.com.br\\\/vivabem\\\/wp-content\\\/uploads\\\/2024\\\/08\\\/o-que-e-lipedema.jpg\",\"contentUrl\":\"https:\\\/\\\/www.qualfarma.com.br\\\/vivabem\\\/wp-content\\\/uploads\\\/2024\\\/08\\\/o-que-e-lipedema.jpg\",\"width\":750,\"height\":500,\"caption\":\"O lipedema \u00e9 uma condi\u00e7\u00e3o que n\u00e3o tem uma cura definitiva, mas que tem tratamentos altamente eficazes\"},{\"@type\":\"BreadcrumbList\",\"@id\":\"https:\\\/\\\/www.qualfarma.com.br\\\/vivabem\\\/o-que-e-lipedema\\\/#breadcrumb\",\"itemListElement\":[{\"@type\":\"ListItem\",\"position\":1,\"name\":\"Blog Viva Bem\",\"item\":\"https:\\\/\\\/www.qualfarma.com.br\\\/vivabem\\\/\"},{\"@type\":\"ListItem\",\"position\":2,\"name\":\"Sa\u00fade\",\"item\":\"https:\\\/\\\/www.qualfarma.com.br\\\/vivabem\\\/saude\\\/\"},{\"@type\":\"ListItem\",\"position\":3,\"name\":\"Doen\u00e7as e sintomas\",\"item\":\"https:\\\/\\\/www.qualfarma.com.br\\\/vivabem\\\/saude\\\/doencas-e-sintomas\\\/\"},{\"@type\":\"ListItem\",\"position\":4,\"name\":\"O que \u00e9 lipedema: dos sintomas aos tratamentos\"}]},{\"@type\":\"WebSite\",\"@id\":\"https:\\\/\\\/www.qualfarma.com.br\\\/vivabem\\\/#website\",\"url\":\"https:\\\/\\\/www.qualfarma.com.br\\\/vivabem\\\/\",\"name\":\"Blog Viva Bem por Qualfarma\",\"description\":\"\u00ae 2023\",\"potentialAction\":[{\"@type\":\"SearchAction\",\"target\":{\"@type\":\"EntryPoint\",\"urlTemplate\":\"https:\\\/\\\/www.qualfarma.com.br\\\/vivabem\\\/?s={search_term_string}\"},\"query-input\":{\"@type\":\"PropertyValueSpecification\",\"valueRequired\":true,\"valueName\":\"search_term_string\"}}],\"inLanguage\":\"pt-BR\"},{\"@type\":\"Person\",\"@id\":\"https:\\\/\\\/www.qualfarma.com.br\\\/vivabem\\\/#\\\/schema\\\/person\\\/e6037ef0f9c3229057f0431b6d899040\",\"name\":\"Reda\u00e7\u00e3o Qualfarma\",\"image\":{\"@type\":\"ImageObject\",\"inLanguage\":\"pt-BR\",\"@id\":\"https:\\\/\\\/secure.gravatar.com\\\/avatar\\\/329561e79720b1f3782b6f0441eaff93fe95cbf7b7b6dcea21f80c8c42f8f1d0?s=96&d=mm&r=g\",\"url\":\"https:\\\/\\\/secure.gravatar.com\\\/avatar\\\/329561e79720b1f3782b6f0441eaff93fe95cbf7b7b6dcea21f80c8c42f8f1d0?s=96&d=mm&r=g\",\"contentUrl\":\"https:\\\/\\\/secure.gravatar.com\\\/avatar\\\/329561e79720b1f3782b6f0441eaff93fe95cbf7b7b6dcea21f80c8c42f8f1d0?s=96&d=mm&r=g\",\"caption\":\"Reda\u00e7\u00e3o Qualfarma\"},\"description\":\"A Reda\u00e7\u00e3o Qualfarma \u00e9 formada por um time focado em assuntos de sa\u00fade e beleza que se dedica a descomplicar o bem-estar, facilitando o acesso a informa\u00e7\u00f5es e dicas atrav\u00e9s de conte\u00fado de alta qualidade.\"}]}<\/script>\n<!-- \/ Yoast SEO plugin. -->","yoast_head_json":{"title":"O que \u00e9 lipedema: dos sintomas aos tratamentos","description":"J\u00e1 imaginou uma condi\u00e7\u00e3o de sa\u00fade que causa um ac\u00famulo anormal de gordura? Confira este artigo sobre o que \u00e9 lipedema e entenda.","robots":{"index":"index","follow":"follow","max-snippet":"max-snippet:-1","max-image-preview":"max-image-preview:large","max-video-preview":"max-video-preview:-1"},"canonical":"https:\/\/www.qualfarma.com.br\/vivabem\/o-que-e-lipedema\/","og_locale":"pt_BR","og_type":"article","og_title":"O que \u00e9 lipedema: dos sintomas aos tratamentos","og_description":"J\u00e1 imaginou uma condi\u00e7\u00e3o de sa\u00fade que causa um ac\u00famulo anormal de gordura? Confira este artigo sobre o que \u00e9 lipedema e entenda.","og_url":"https:\/\/www.qualfarma.com.br\/vivabem\/o-que-e-lipedema\/","og_site_name":"Blog Viva Bem por Qualfarma","article_published_time":"2024-08-20T11:15:02+00:00","article_modified_time":"2025-10-02T13:45:11+00:00","og_image":[{"width":750,"height":500,"url":"https:\/\/www.qualfarma.com.br\/vivabem\/wp-content\/uploads\/2024\/08\/o-que-e-lipedema.jpg","type":"image\/jpeg"}],"author":"Reda\u00e7\u00e3o Qualfarma","twitter_card":"summary_large_image","twitter_misc":{"Escrito por":"Reda\u00e7\u00e3o Qualfarma","Est. tempo de leitura":"4 minutos"},"schema":{"@context":"https:\/\/schema.org","@graph":[{"@type":"Article","@id":"https:\/\/www.qualfarma.com.br\/vivabem\/o-que-e-lipedema\/#article","isPartOf":{"@id":"https:\/\/www.qualfarma.com.br\/vivabem\/o-que-e-lipedema\/"},"author":{"name":"Reda\u00e7\u00e3o Qualfarma","@id":"https:\/\/www.qualfarma.com.br\/vivabem\/#\/schema\/person\/e6037ef0f9c3229057f0431b6d899040"},"headline":"O que \u00e9 lipedema: dos sintomas aos tratamentos","datePublished":"2024-08-20T11:15:02+00:00","dateModified":"2025-10-02T13:45:11+00:00","mainEntityOfPage":{"@id":"https:\/\/www.qualfarma.com.br\/vivabem\/o-que-e-lipedema\/"},"wordCount":733,"commentCount":0,"image":{"@id":"https:\/\/www.qualfarma.com.br\/vivabem\/o-que-e-lipedema\/#primaryimage"},"thumbnailUrl":"https:\/\/www.qualfarma.com.br\/vivabem\/wp-content\/uploads\/2024\/08\/o-que-e-lipedema.jpg","keywords":["Doen\u00e7as e Sintomas","Sa\u00fade"],"articleSection":["Doen\u00e7as e sintomas"],"inLanguage":"pt-BR","potentialAction":[{"@type":"CommentAction","name":"Comment","target":["https:\/\/www.qualfarma.com.br\/vivabem\/o-que-e-lipedema\/#respond"]}]},{"@type":"WebPage","@id":"https:\/\/www.qualfarma.com.br\/vivabem\/o-que-e-lipedema\/","url":"https:\/\/www.qualfarma.com.br\/vivabem\/o-que-e-lipedema\/","name":"O que \u00e9 lipedema: dos sintomas aos tratamentos","isPartOf":{"@id":"https:\/\/www.qualfarma.com.br\/vivabem\/#website"},"primaryImageOfPage":{"@id":"https:\/\/www.qualfarma.com.br\/vivabem\/o-que-e-lipedema\/#primaryimage"},"image":{"@id":"https:\/\/www.qualfarma.com.br\/vivabem\/o-que-e-lipedema\/#primaryimage"},"thumbnailUrl":"https:\/\/www.qualfarma.com.br\/vivabem\/wp-content\/uploads\/2024\/08\/o-que-e-lipedema.jpg","datePublished":"2024-08-20T11:15:02+00:00","dateModified":"2025-10-02T13:45:11+00:00","author":{"@id":"https:\/\/www.qualfarma.com.br\/vivabem\/#\/schema\/person\/e6037ef0f9c3229057f0431b6d899040"},"description":"J\u00e1 imaginou uma condi\u00e7\u00e3o de sa\u00fade que causa um ac\u00famulo anormal de gordura? Confira este artigo sobre o que \u00e9 lipedema e entenda.","breadcrumb":{"@id":"https:\/\/www.qualfarma.com.br\/vivabem\/o-que-e-lipedema\/#breadcrumb"},"inLanguage":"pt-BR","potentialAction":[{"@type":"ReadAction","target":["https:\/\/www.qualfarma.com.br\/vivabem\/o-que-e-lipedema\/"]}]},{"@type":"ImageObject","inLanguage":"pt-BR","@id":"https:\/\/www.qualfarma.com.br\/vivabem\/o-que-e-lipedema\/#primaryimage","url":"https:\/\/www.qualfarma.com.br\/vivabem\/wp-content\/uploads\/2024\/08\/o-que-e-lipedema.jpg","contentUrl":"https:\/\/www.qualfarma.com.br\/vivabem\/wp-content\/uploads\/2024\/08\/o-que-e-lipedema.jpg","width":750,"height":500,"caption":"O lipedema \u00e9 uma condi\u00e7\u00e3o que n\u00e3o tem uma cura definitiva, mas que tem tratamentos altamente eficazes"},{"@type":"BreadcrumbList","@id":"https:\/\/www.qualfarma.com.br\/vivabem\/o-que-e-lipedema\/#breadcrumb","itemListElement":[{"@type":"ListItem","position":1,"name":"Blog Viva Bem","item":"https:\/\/www.qualfarma.com.br\/vivabem\/"},{"@type":"ListItem","position":2,"name":"Sa\u00fade","item":"https:\/\/www.qualfarma.com.br\/vivabem\/saude\/"},{"@type":"ListItem","position":3,"name":"Doen\u00e7as e sintomas","item":"https:\/\/www.qualfarma.com.br\/vivabem\/saude\/doencas-e-sintomas\/"},{"@type":"ListItem","position":4,"name":"O que \u00e9 lipedema: dos sintomas aos tratamentos"}]},{"@type":"WebSite","@id":"https:\/\/www.qualfarma.com.br\/vivabem\/#website","url":"https:\/\/www.qualfarma.com.br\/vivabem\/","name":"Blog Viva Bem por Qualfarma","description":"\u00ae 2023","potentialAction":[{"@type":"SearchAction","target":{"@type":"EntryPoint","urlTemplate":"https:\/\/www.qualfarma.com.br\/vivabem\/?s={search_term_string}"},"query-input":{"@type":"PropertyValueSpecification","valueRequired":true,"valueName":"search_term_string"}}],"inLanguage":"pt-BR"},{"@type":"Person","@id":"https:\/\/www.qualfarma.com.br\/vivabem\/#\/schema\/person\/e6037ef0f9c3229057f0431b6d899040","name":"Reda\u00e7\u00e3o Qualfarma","image":{"@type":"ImageObject","inLanguage":"pt-BR","@id":"https:\/\/secure.gravatar.com\/avatar\/329561e79720b1f3782b6f0441eaff93fe95cbf7b7b6dcea21f80c8c42f8f1d0?s=96&d=mm&r=g","url":"https:\/\/secure.gravatar.com\/avatar\/329561e79720b1f3782b6f0441eaff93fe95cbf7b7b6dcea21f80c8c42f8f1d0?s=96&d=mm&r=g","contentUrl":"https:\/\/secure.gravatar.com\/avatar\/329561e79720b1f3782b6f0441eaff93fe95cbf7b7b6dcea21f80c8c42f8f1d0?s=96&d=mm&r=g","caption":"Reda\u00e7\u00e3o Qualfarma"},"description":"A Reda\u00e7\u00e3o Qualfarma \u00e9 formada por um time focado em assuntos de sa\u00fade e beleza que se dedica a descomplicar o bem-estar, facilitando o acesso a informa\u00e7\u00f5es e dicas atrav\u00e9s de conte\u00fado de alta qualidade."}]}},"jetpack_featured_media_url":"https:\/\/www.qualfarma.com.br\/vivabem\/wp-content\/uploads\/2024\/08\/o-que-e-lipedema.jpg","tpgb_featured_images":{"full":["https:\/\/www.qualfarma.com.br\/vivabem\/wp-content\/uploads\/2024\/08\/o-que-e-lipedema.jpg",750,500,false],"tp-image-grid":["https:\/\/www.qualfarma.com.br\/vivabem\/wp-content\/uploads\/2024\/08\/o-que-e-lipedema-700x700.jpg",700,700,true],"thumbnail":["https:\/\/www.qualfarma.com.br\/vivabem\/wp-content\/uploads\/2024\/08\/o-que-e-lipedema-150x150.jpg",150,150,true],"medium":["https:\/\/www.qualfarma.com.br\/vivabem\/wp-content\/uploads\/2024\/08\/o-que-e-lipedema-300x200.jpg",300,200,true],"medium_large":["https:\/\/www.qualfarma.com.br\/vivabem\/wp-content\/uploads\/2024\/08\/o-que-e-lipedema.jpg",750,500,false],"large":["https:\/\/www.qualfarma.com.br\/vivabem\/wp-content\/uploads\/2024\/08\/o-que-e-lipedema.jpg",750,500,false],"default":"https:\/\/www.qualfarma.com.br\/vivabem\/wp-content\/plugins\/the-plus-addons-for-block-editor\/assets\/images\/tpgb-placeholder.jpg"},"tpgb_post_meta_info":{"get_date":"agosto 20, 2024","get_modified_date":"outubro 2, 2025","category_list":{"category":[{"term_id":108,"name":"Doen\u00e7as e sintomas","slug":"doencas-e-sintomas","term_group":0,"term_taxonomy_id":108,"taxonomy":"category","description":"","parent":106,"count":7,"filter":"raw"}],"post_tag":[{"term_id":88,"name":"Doen\u00e7as e Sintomas","slug":"doencas-e-sintomas","term_group":0,"term_taxonomy_id":88,"taxonomy":"post_tag","description":"","parent":0,"count":7,"filter":"raw"},{"term_id":87,"name":"Sa\u00fade","slug":"saude","term_group":0,"term_taxonomy_id":87,"taxonomy":"post_tag","description":"","parent":0,"count":21,"filter":"raw"}]},"author_name":"Reda\u00e7\u00e3o Qualfarma","author_url":"https:\/\/www.qualfarma.com.br\/vivabem\/author\/redacao-qualfarma\/","author_email":"contato@maispreco.com","author_website":"","author_description":"A Reda\u00e7\u00e3o Qualfarma \u00e9 formada por um time focado em assuntos de sa\u00fade e beleza que se dedica a descomplicar o bem-estar, facilitando o acesso a informa\u00e7\u00f5es e dicas atrav\u00e9s de conte\u00fado de alta qualidade.","author_facebook":"","author_twitter":"","author_instagram":"","author_role":["author"],"author_firstname":"Reda\u00e7\u00e3o","author_lastname":"Qualfarma","user_login":"redacao.qualfarma","author_avatar":"<img alt='' src='https:\/\/secure.gravatar.com\/avatar\/329561e79720b1f3782b6f0441eaff93fe95cbf7b7b6dcea21f80c8c42f8f1d0?s=200&#038;d=mm&#038;r=g' srcset='https:\/\/secure.gravatar.com\/avatar\/329561e79720b1f3782b6f0441eaff93fe95cbf7b7b6dcea21f80c8c42f8f1d0?s=400&#038;d=mm&#038;r=g 2x' class='avatar avatar-200 photo' height='200' width='200' decoding='async'\/>","author_avatar_url":"https:\/\/secure.gravatar.com\/avatar\/329561e79720b1f3782b6f0441eaff93fe95cbf7b7b6dcea21f80c8c42f8f1d0?s=96&d=mm&r=g","comment_count":0,"post_likes":0,"post_views":0},"tpgb_post_category":{"category":"<a href=\"https:\/\/www.qualfarma.com.br\/vivabem\/saude\/doencas-e-sintomas\/\" alt=\"Doen\u00e7as e sintomas\"  class=\"category-doencas-e-sintomas\">Doen\u00e7as e sintomas<\/a> ","post_tag":"<a href=\"https:\/\/www.qualfarma.com.br\/vivabem\/tag\/doencas-e-sintomas\/\" alt=\"Doen\u00e7as e Sintomas\"  class=\"post_tag-doencas-e-sintomas\">Doen\u00e7as e Sintomas<\/a> <a href=\"https:\/\/www.qualfarma.com.br\/vivabem\/tag\/saude\/\" alt=\"Sa\u00fade\"  class=\"post_tag-saude\">Sa\u00fade<\/a> "},"_links":{"self":[{"href":"https:\/\/www.qualfarma.com.br\/vivabem\/wp-json\/wp\/v2\/posts\/3893","targetHints":{"allow":["GET"]}}],"collection":[{"href":"https:\/\/www.qualfarma.com.br\/vivabem\/wp-json\/wp\/v2\/posts"}],"about":[{"href":"https:\/\/www.qualfarma.com.br\/vivabem\/wp-json\/wp\/v2\/types\/post"}],"author":[{"embeddable":true,"href":"https:\/\/www.qualfarma.com.br\/vivabem\/wp-json\/wp\/v2\/users\/6"}],"replies":[{"embeddable":true,"href":"https:\/\/www.qualfarma.com.br\/vivabem\/wp-json\/wp\/v2\/comments?post=3893"}],"version-history":[{"count":5,"href":"https:\/\/www.qualfarma.com.br\/vivabem\/wp-json\/wp\/v2\/posts\/3893\/revisions"}],"predecessor-version":[{"id":4518,"href":"https:\/\/www.qualfarma.com.br\/vivabem\/wp-json\/wp\/v2\/posts\/3893\/revisions\/4518"}],"wp:featuredmedia":[{"embeddable":true,"href":"https:\/\/www.qualfarma.com.br\/vivabem\/wp-json\/wp\/v2\/media\/3933"}],"wp:attachment":[{"href":"https:\/\/www.qualfarma.com.br\/vivabem\/wp-json\/wp\/v2\/media?parent=3893"}],"wp:term":[{"taxonomy":"category","embeddable":true,"href":"https:\/\/www.qualfarma.com.br\/vivabem\/wp-json\/wp\/v2\/categories?post=3893"},{"taxonomy":"post_tag","embeddable":true,"href":"https:\/\/www.qualfarma.com.br\/vivabem\/wp-json\/wp\/v2\/tags?post=3893"}],"curies":[{"name":"wp","href":"https:\/\/api.w.org\/{rel}","templated":true}]}}