{"id":3133,"date":"2024-06-06T08:58:00","date_gmt":"2024-06-06T08:58:00","guid":{"rendered":"https:\/\/www.qualfarma.com.br\/vivabem\/?p=3133"},"modified":"2024-08-14T17:09:37","modified_gmt":"2024-08-14T17:09:37","slug":"antialergico-que-nao-da-sono","status":"publish","type":"post","link":"https:\/\/www.qualfarma.com.br\/vivabem\/antialergico-que-nao-da-sono\/","title":{"rendered":"Antial\u00e9rgico que n\u00e3o d\u00e1 sono: op\u00e7\u00f5es para n\u00e3o prejudicar seu dia"},"content":{"rendered":"\n<p>Especialmente quando voc\u00ea precisa manter a produtividade durante o dia, as alergias podem ser um grande inconveniente. Com isso, muitas pessoas dependem de um <strong>antial\u00e9rgico que n\u00e3o d\u00e1 sono<\/strong> para aliviar os sintomas, j\u00e1 que muitas alternativas ainda podem causar sono e acabar com um dia de trabalho ou lazer.<\/p>\n\n\n\n<p>Mas j\u00e1 faz um tempo que h\u00e1 uma luz no fim do t\u00fanel: existem op\u00e7\u00f5es que permitem o controle das alergias sem prejudicar suas atividades di\u00e1rias. Neste artigo, reunimos alguns exemplos de medicamentos que podem ajudar voc\u00ea a manter a sua rotina sem interrup\u00e7\u00f5es e, ainda, comentaremos alguns dos antial\u00e9rgicos que, sim, d\u00e3o sono.&nbsp;<\/p>\n\n\n\n<div id=\"ez-toc-container\" class=\"ez-toc-v2_0_82_2 counter-hierarchy ez-toc-counter ez-toc-grey ez-toc-container-direction\">\n<div class=\"ez-toc-title-container\">\n<p class=\"ez-toc-title\" style=\"cursor:inherit\">Navegue pelo assunto<\/p>\n<span class=\"ez-toc-title-toggle\"><\/span><\/div>\n<nav><ul class='ez-toc-list ez-toc-list-level-1 ' ><li class='ez-toc-page-1 ez-toc-heading-level-2'><a class=\"ez-toc-link ez-toc-heading-1\" href=\"https:\/\/www.qualfarma.com.br\/vivabem\/antialergico-que-nao-da-sono\/#O_que_sao_antialergicos\" >O que s\u00e3o antial\u00e9rgicos?<\/a><\/li><li class='ez-toc-page-1 ez-toc-heading-level-2'><a class=\"ez-toc-link ez-toc-heading-2\" href=\"https:\/\/www.qualfarma.com.br\/vivabem\/antialergico-que-nao-da-sono\/#Por_que_muitos_antialergicos_dao_sono\" >Por que muitos antial\u00e9rgicos d\u00e3o sono?<\/a><\/li><li class='ez-toc-page-1 ez-toc-heading-level-2'><a class=\"ez-toc-link ez-toc-heading-3\" href=\"https:\/\/www.qualfarma.com.br\/vivabem\/antialergico-que-nao-da-sono\/#Qual_antialergico_que_nao_da_sono\" >Qual antial\u00e9rgico que n\u00e3o d\u00e1 sono?<\/a><ul class='ez-toc-list-level-3' ><li class='ez-toc-heading-level-3'><a class=\"ez-toc-link ez-toc-heading-4\" href=\"https:\/\/www.qualfarma.com.br\/vivabem\/antialergico-que-nao-da-sono\/#Loratadina_uma_opcao_confiavel\" >Loratadina: uma op\u00e7\u00e3o confi\u00e1vel<\/a><\/li><li class='ez-toc-page-1 ez-toc-heading-level-3'><a class=\"ez-toc-link ez-toc-heading-5\" href=\"https:\/\/www.qualfarma.com.br\/vivabem\/antialergico-que-nao-da-sono\/#Cetirizina_eficacia_e_conforto\" >Cetirizina: efic\u00e1cia e conforto<\/a><\/li><li class='ez-toc-page-1 ez-toc-heading-level-3'><a class=\"ez-toc-link ez-toc-heading-6\" href=\"https:\/\/www.qualfarma.com.br\/vivabem\/antialergico-que-nao-da-sono\/#Fexofenadina_eficacia_com_menos_efeitos_colaterais\" >Fexofenadina: efic\u00e1cia com menos efeitos colaterais<\/a><\/li><\/ul><\/li><li class='ez-toc-page-1 ez-toc-heading-level-2'><a class=\"ez-toc-link ez-toc-heading-7\" href=\"https:\/\/www.qualfarma.com.br\/vivabem\/antialergico-que-nao-da-sono\/#Qual_o_melhor_Allegra_ou_Histamin\" >Qual o melhor: Allegra ou Histamin?<\/a><\/li><li class='ez-toc-page-1 ez-toc-heading-level-2'><a class=\"ez-toc-link ez-toc-heading-8\" href=\"https:\/\/www.qualfarma.com.br\/vivabem\/antialergico-que-nao-da-sono\/#Qual_da_mais_sono_Loratadina_ou_Histamin\" >Qual d\u00e1 mais sono: Loratadina ou Histamin?<\/a><ul class='ez-toc-list-level-3' ><li class='ez-toc-heading-level-3'><a class=\"ez-toc-link ez-toc-heading-9\" href=\"https:\/\/www.qualfarma.com.br\/vivabem\/antialergico-que-nao-da-sono\/#E_qual_antialergico_que_da_muito_sono\" >E qual antial\u00e9rgico que d\u00e1 muito sono?<\/a><\/li><\/ul><\/li><li class='ez-toc-page-1 ez-toc-heading-level-2'><a class=\"ez-toc-link ez-toc-heading-10\" href=\"https:\/\/www.qualfarma.com.br\/vivabem\/antialergico-que-nao-da-sono\/#Existe_antia%E2%80%8B%E2%80%8Blergico_sem_corticoide_e_que_nao_da_sono\" >Existe antia\u200b\u200bl\u00e9rgico sem cortic\u00f3ide e que n\u00e3o d\u00e1 sono?<\/a><\/li><\/ul><\/nav><\/div>\n<h2 class=\"wp-block-heading\"><span class=\"ez-toc-section\" id=\"O_que_sao_antialergicos\"><\/span>O que s\u00e3o antial\u00e9rgicos?<span class=\"ez-toc-section-end\"><\/span><\/h2>\n\n\n\n<p>Antial\u00e9rgicos, ou anti-histam\u00ednicos, <strong>s\u00e3o medicamentos usados para tratar rea\u00e7\u00f5es al\u00e9rgicas<\/strong>. Eles atuam bloqueando os receptores de histamina no corpo, reduzindo sintomas como coceira, espirros e coriza. <\/p>\n\n\n\n<p>Esses medicamentos s\u00e3o amplamente utilizados para tratar condi\u00e7\u00f5es como rinite al\u00e9rgica, dermatite e alergias sazonais \u2013 como as causadas pelo p\u00f3len durante a primavera, por exemplo \u2013, entre outras.<\/p>\n\n\n\n<h2 class=\"wp-block-heading\"><span class=\"ez-toc-section\" id=\"Por_que_muitos_antialergicos_dao_sono\"><\/span>Por que muitos antial\u00e9rgicos d\u00e3o sono?<span class=\"ez-toc-section-end\"><\/span><\/h2>\n\n\n\n<p>Muitos antial\u00e9rgicos tradicionais, especialmente os chamados de primeira gera\u00e7\u00e3o, causam sonol\u00eancia <strong>porque atravessam a barreira hematoencef\u00e1lica e afetam o sistema nervoso central<\/strong>.&nbsp;<\/p>\n\n\n\n<p>S\u00e3o medicamentos como a difenidramina, a clorfeniramina e a hidroxizina, que s\u00e3o eficazes para as alergias, mas s\u00e3o sedativos; com isso, n\u00e3o s\u00e3o ideais para quem precisa se manter alerta durante o dia.<\/p>\n\n\n\n<h2 class=\"wp-block-heading\"><span class=\"ez-toc-section\" id=\"Qual_antialergico_que_nao_da_sono\"><\/span>Qual antial\u00e9rgico que n\u00e3o d\u00e1 sono?<span class=\"ez-toc-section-end\"><\/span><\/h2>\n\n\n\n<p>Felizmente, os <strong>antial\u00e9rgicos de segunda gera\u00e7\u00e3o<\/strong> foram desenvolvidos para minimizar a sonol\u00eancia.&nbsp;<\/p>\n\n\n\n<p>S\u00e3o medicamentos que t\u00eam menos probabilidade de atravessar a barreira hematoencef\u00e1lica, o que reduz significativamente os efeitos sedativos.&nbsp;<\/p>\n\n\n\n<p>Exemplos comuns incluem a<strong> loratadina, a cetirizina e o cloridrato de fexofenadina<\/strong>, componentes eficazes no al\u00edvio dos sintomas al\u00e9rgicos sem comprometer a vig\u00edlia e a produtividade di\u00e1ria.<\/p>\n\n\n\n<p>Saiba um pouco mais sobre cada op\u00e7\u00e3o a seguir.&nbsp;<\/p>\n\n\n\n<h3 class=\"wp-block-heading\"><span class=\"ez-toc-section\" id=\"Loratadina_uma_opcao_confiavel\"><\/span>Loratadina: uma op\u00e7\u00e3o confi\u00e1vel<span class=\"ez-toc-section-end\"><\/span><\/h3>\n\n\n\n<p>A loratadina \u00e9 um dos antial\u00e9rgicos mais populares que n\u00e3o causa sonol\u00eancia.&nbsp;<\/p>\n\n\n\n<p>Dispon\u00edvel em diversas marcas e formula\u00e7\u00f5es, ela \u00e9 amplamente usada no Brasil e recomendada por profissionais de sa\u00fade. A loratadina \u00e9 eficaz no tratamento de sintomas al\u00e9rgicos e \u00e9 bem tolerada pela maioria das pessoas, com um baixo risco de efeitos colaterais.<\/p>\n\n\n\n<h3 class=\"wp-block-heading\"><span class=\"ez-toc-section\" id=\"Cetirizina_eficacia_e_conforto\"><\/span>Cetirizina: efic\u00e1cia e conforto<span class=\"ez-toc-section-end\"><\/span><\/h3>\n\n\n\n<p>A cetirizina \u00e9 outra excelente op\u00e7\u00e3o para quem busca al\u00edvio dos sintomas al\u00e9rgicos sem sonol\u00eancia.&nbsp;<\/p>\n\n\n\n<p>Embora algumas pessoas possam sentir um leve cansa\u00e7o, a maioria dos usu\u00e1rios n\u00e3o experimenta sonol\u00eancia significativa. A cetirizina \u00e9 eficaz contra uma ampla gama de sintomas al\u00e9rgicos, incluindo os causados por alergias sazonais e perenes.<\/p>\n\n\n\n<h3 class=\"wp-block-heading\"><span class=\"ez-toc-section\" id=\"Fexofenadina_eficacia_com_menos_efeitos_colaterais\"><\/span>Fexofenadina: efic\u00e1cia com menos efeitos colaterais<span class=\"ez-toc-section-end\"><\/span><\/h3>\n\n\n\n<p>O cloridrato de fexofenadina \u00e9 conhecido tamb\u00e9m por sua efic\u00e1cia e por ter um perfil de efeitos colaterais ainda mais favor\u00e1vel do que outros antial\u00e9rgicos de segunda gera\u00e7\u00e3o. O risco de sonol\u00eancia, afinal, \u00e9 muito baixo.&nbsp;<\/p>\n\n\n\n<h2 class=\"wp-block-heading\"><span class=\"ez-toc-section\" id=\"Qual_o_melhor_Allegra_ou_Histamin\"><\/span>Qual o melhor: Allegra ou Histamin?<span class=\"ez-toc-section-end\"><\/span><\/h2>\n\n\n\n<p>Tanto o Allegra (cloridrato de fexofenadina) quanto o Histamin (maleato de dexclorfeniramina) s\u00e3o antial\u00e9rgicos eficazes, mas atuam de maneiras diferentes e t\u00eam perfis de efeitos colaterais distintos.<\/p>\n\n\n\n<p>A principal diferen\u00e7a entre ambos, por\u00e9m, \u00e9 que um o Allegra \u00e9 de segunda gera\u00e7\u00e3o e o Histamin, de primeira.&nbsp;<\/p>\n\n\n\n<p>Sendo assim, o Allegra n\u00e3o causa sonol\u00eancia e \u00e9 ideal para quem precisa se manter alerta durante o dia; o Histamin, por outro lado, pode causar seda\u00e7\u00e3o e ser melhor para uso noturno.&nbsp;<\/p>\n\n\n\n<p>Ambos costumam ser indicados para tratar sintomas de rinite al\u00e9rgica, alergias sazonais, dermatites, entre outras condi\u00e7\u00f5es.&nbsp;<\/p>\n\n\n\n<p><strong>A escolha entre Allegra e Histamin, portanto, depende das suas necessidades<\/strong>. Se voc\u00ea precisa de um antial\u00e9rgico que n\u00e3o cause sonol\u00eancia, o Allegra \u00e9 a melhor op\u00e7\u00e3o. Se busca al\u00edvio r\u00e1pido e pode lidar com a sonol\u00eancia, o Histamin pode ser adequado.<\/p>\n\n\n\n<h2 class=\"wp-block-heading\"><span class=\"ez-toc-section\" id=\"Qual_da_mais_sono_Loratadina_ou_Histamin\"><\/span>Qual d\u00e1 mais sono: Loratadina ou Histamin?<span class=\"ez-toc-section-end\"><\/span><\/h2>\n\n\n\n<p>\u200b\u200bEntre Loratadina e Histamin, <strong>o Histamin \u00e9 mais propenso a causar sonol\u00eancia<\/strong>.<\/p>\n\n\n\n<p>Isso porque, como comentamos anteriormente, o Histamin \u00e9 de primeira gera\u00e7\u00e3o e tem alta probabilidade de causar sonol\u00eancia e seda\u00e7\u00e3o. \u00c9 um medicamento \u00fatil para tomar durante a noite, antes de dormir, por exemplo.&nbsp;<\/p>\n\n\n\n<p>J\u00e1 a Loratadina tem baixo risco de causar sonol\u00eancia, ou seja, n\u00e3o interfere na capacidade de se manter alerta. Por outro lado, pode ser menos eficiente que o Histamin.&nbsp;<\/p>\n\n\n\n<h3 class=\"wp-block-heading\"><span class=\"ez-toc-section\" id=\"E_qual_antialergico_que_da_muito_sono\"><\/span>E qual antial\u00e9rgico que d\u00e1 muito sono?<span class=\"ez-toc-section-end\"><\/span><\/h3>\n\n\n\n<p>Um antial\u00e9rgico que \u00e9 conhecido por causar muita sonol\u00eancia \u00e9 o <strong>Hixizine<\/strong> \u2013 ou <strong>cloridrato de hidroxizina <\/strong>\u2013, normalmente indicado para alergias de pele.&nbsp;<\/p>\n\n\n\n<p>A <strong>difenidramina<\/strong>, que pode ser encontrada nas pastilhas Benalet, por exemplo, tamb\u00e9m costuma dar bastante sono e trata uma variedade de sintomas al\u00e9rgicos, o que inclui rinite e alergias do trato respirat\u00f3rio.&nbsp;<\/p>\n\n\n\n<p>Ambas as op\u00e7\u00f5es, portanto, s\u00e3o de primeira gera\u00e7\u00e3o e capazes de induzir ao sono. Com isso, tome apenas antes de dormir.\u00a0<\/p>\n\n\n\n<p>Uma das maiores d\u00favidas de quem sofre de alergias \u00e9 se \u00e9 <a href=\"https:\/\/www.qualfarma.com.br\/vivabem\/rinite-ou-sinusite\/\" target=\"_blank\" rel=\"noreferrer noopener\">rinite ou sinusite<\/a>. Confira nosso guia e saiba como diferenci\u00e1-las de uma vez por todas.<\/p>\n\n\n\n<h2 class=\"wp-block-heading\"><span class=\"ez-toc-section\" id=\"Existe_antia%E2%80%8B%E2%80%8Blergico_sem_corticoide_e_que_nao_da_sono\"><\/span>Existe antia\u200b\u200bl\u00e9rgico sem cortic\u00f3ide e que n\u00e3o d\u00e1 sono?<span class=\"ez-toc-section-end\"><\/span><\/h2>\n\n\n\n<p>Para quem procura um antial\u00e9rgico sem cortic\u00f3ide e que n\u00e3o causa sonol\u00eancia, uma excelente op\u00e7\u00e3o \u00e9 o pr\u00f3prio <strong>Allegra<\/strong> \u2013 ou cloridrato de fexofenadina, para dizer o nome do composto diretamente.&nbsp;<\/p>\n\n\n\n<p>De qualquer forma, ao escolher um antial\u00e9rgico, \u00e9 importante considerar fatores como a gravidade dos sintomas, a frequ\u00eancia das alergias e a resposta individual ao medicamento.&nbsp;<\/p>\n\n\n\n<p>Sempre consulte um profissional de sa\u00fade antes de iniciar qualquer tratamento para garantir que voc\u00ea est\u00e1 usando o medicamento mais adequado para o seu caso espec\u00edfico, combinado?<\/p>\n\n\n\n<p>Al\u00e9m disso, vale lembrar que antial\u00e9rgicos de segunda gera\u00e7\u00e3o est\u00e3o amplamente dispon\u00edveis em farm\u00e1cias de todo o Brasil, tanto em lojas f\u00edsicas quanto online, e os pre\u00e7os podem variar dependendo da marca e da forma de apresenta\u00e7\u00e3o do medicamento.&nbsp;<\/p>\n\n\n\n<p>Se voc\u00ea j\u00e1 sabe qual antial\u00e9rgico que n\u00e3o d\u00e1 sono \u00e9 o mais adequado para voc\u00ea, conhe\u00e7a as op\u00e7\u00f5es dispon\u00edveis pelo Qualfarma para analisar e comprar.&nbsp;<\/p>\n","protected":false},"excerpt":{"rendered":"<p>Para voc\u00ea controlar suas alergias sem sonol\u00eancia \u2013 ou seja, seguindo seu dia normalmente.<\/p>\n","protected":false},"author":7,"featured_media":3137,"comment_status":"open","ping_status":"open","sticky":false,"template":"","format":"standard","meta":{"tpgb_global_settings":"","footnotes":""},"categories":[108,106],"tags":[88,87],"class_list":["post-3133","post","type-post","status-publish","format-standard","has-post-thumbnail","hentry","category-doencas-e-sintomas","category-saude","tag-doencas-e-sintomas","tag-saude"],"yoast_head":"<!-- This site is optimized with the Yoast SEO plugin v27.5 - https:\/\/yoast.com\/product\/yoast-seo-wordpress\/ -->\n<title>Antial\u00e9rgico que n\u00e3o d\u00e1 sono: op\u00e7\u00f5es para n\u00e3o prejudicar seu dia<\/title>\n<meta name=\"description\" content=\"Conhe\u00e7a alternativas de antial\u00e9rgico que n\u00e3o d\u00e1 sono e controle suas alergias sem sonol\u00eancia \u2013 ou seja, seguindo seu dia normalmente.\" \/>\n<meta name=\"robots\" content=\"index, follow, max-snippet:-1, max-image-preview:large, max-video-preview:-1\" \/>\n<link rel=\"canonical\" href=\"https:\/\/www.qualfarma.com.br\/vivabem\/antialergico-que-nao-da-sono\/\" \/>\n<meta property=\"og:locale\" content=\"pt_BR\" \/>\n<meta property=\"og:type\" content=\"article\" \/>\n<meta property=\"og:title\" content=\"Antial\u00e9rgico que n\u00e3o d\u00e1 sono: op\u00e7\u00f5es para n\u00e3o prejudicar seu dia\" \/>\n<meta property=\"og:description\" content=\"Conhe\u00e7a alternativas de antial\u00e9rgico que n\u00e3o d\u00e1 sono e controle suas alergias sem sonol\u00eancia \u2013 ou seja, seguindo seu dia normalmente.\" \/>\n<meta property=\"og:url\" content=\"https:\/\/www.qualfarma.com.br\/vivabem\/antialergico-que-nao-da-sono\/\" \/>\n<meta property=\"og:site_name\" content=\"Blog Viva Bem por Qualfarma\" \/>\n<meta property=\"article:published_time\" content=\"2024-06-06T08:58:00+00:00\" \/>\n<meta property=\"article:modified_time\" content=\"2024-08-14T17:09:37+00:00\" \/>\n<meta property=\"og:image\" content=\"https:\/\/www.qualfarma.com.br\/vivabem\/wp-content\/uploads\/2024\/06\/antialergico-que-nao-da-sono.jpg\" \/>\n\t<meta property=\"og:image:width\" content=\"750\" \/>\n\t<meta property=\"og:image:height\" content=\"500\" \/>\n\t<meta property=\"og:image:type\" content=\"image\/jpeg\" \/>\n<meta name=\"author\" content=\"Stephanie Kroll\" \/>\n<meta name=\"twitter:card\" content=\"summary_large_image\" \/>\n<meta name=\"twitter:label1\" content=\"Escrito por\" \/>\n\t<meta name=\"twitter:data1\" content=\"Stephanie Kroll\" \/>\n\t<meta name=\"twitter:label2\" content=\"Est. tempo de leitura\" \/>\n\t<meta name=\"twitter:data2\" content=\"6 minutos\" \/>\n<script type=\"application\/ld+json\" class=\"yoast-schema-graph\">{\"@context\":\"https:\\\/\\\/schema.org\",\"@graph\":[{\"@type\":\"Article\",\"@id\":\"https:\\\/\\\/www.qualfarma.com.br\\\/vivabem\\\/antialergico-que-nao-da-sono\\\/#article\",\"isPartOf\":{\"@id\":\"https:\\\/\\\/www.qualfarma.com.br\\\/vivabem\\\/antialergico-que-nao-da-sono\\\/\"},\"author\":{\"name\":\"Stephanie Kroll\",\"@id\":\"https:\\\/\\\/www.qualfarma.com.br\\\/vivabem\\\/#\\\/schema\\\/person\\\/a690dda13b8cef2d1093f56c7e09b224\"},\"headline\":\"Antial\u00e9rgico que n\u00e3o d\u00e1 sono: op\u00e7\u00f5es para n\u00e3o prejudicar seu dia\",\"datePublished\":\"2024-06-06T08:58:00+00:00\",\"dateModified\":\"2024-08-14T17:09:37+00:00\",\"mainEntityOfPage\":{\"@id\":\"https:\\\/\\\/www.qualfarma.com.br\\\/vivabem\\\/antialergico-que-nao-da-sono\\\/\"},\"wordCount\":1084,\"commentCount\":0,\"image\":{\"@id\":\"https:\\\/\\\/www.qualfarma.com.br\\\/vivabem\\\/antialergico-que-nao-da-sono\\\/#primaryimage\"},\"thumbnailUrl\":\"https:\\\/\\\/www.qualfarma.com.br\\\/vivabem\\\/wp-content\\\/uploads\\\/2024\\\/06\\\/antialergico-que-nao-da-sono.jpg\",\"keywords\":[\"Doen\u00e7as e Sintomas\",\"Sa\u00fade\"],\"articleSection\":[\"Doen\u00e7as e sintomas\",\"Sa\u00fade\"],\"inLanguage\":\"pt-BR\",\"potentialAction\":[{\"@type\":\"CommentAction\",\"name\":\"Comment\",\"target\":[\"https:\\\/\\\/www.qualfarma.com.br\\\/vivabem\\\/antialergico-que-nao-da-sono\\\/#respond\"]}]},{\"@type\":\"WebPage\",\"@id\":\"https:\\\/\\\/www.qualfarma.com.br\\\/vivabem\\\/antialergico-que-nao-da-sono\\\/\",\"url\":\"https:\\\/\\\/www.qualfarma.com.br\\\/vivabem\\\/antialergico-que-nao-da-sono\\\/\",\"name\":\"Antial\u00e9rgico que n\u00e3o d\u00e1 sono: op\u00e7\u00f5es para n\u00e3o prejudicar seu dia\",\"isPartOf\":{\"@id\":\"https:\\\/\\\/www.qualfarma.com.br\\\/vivabem\\\/#website\"},\"primaryImageOfPage\":{\"@id\":\"https:\\\/\\\/www.qualfarma.com.br\\\/vivabem\\\/antialergico-que-nao-da-sono\\\/#primaryimage\"},\"image\":{\"@id\":\"https:\\\/\\\/www.qualfarma.com.br\\\/vivabem\\\/antialergico-que-nao-da-sono\\\/#primaryimage\"},\"thumbnailUrl\":\"https:\\\/\\\/www.qualfarma.com.br\\\/vivabem\\\/wp-content\\\/uploads\\\/2024\\\/06\\\/antialergico-que-nao-da-sono.jpg\",\"datePublished\":\"2024-06-06T08:58:00+00:00\",\"dateModified\":\"2024-08-14T17:09:37+00:00\",\"author\":{\"@id\":\"https:\\\/\\\/www.qualfarma.com.br\\\/vivabem\\\/#\\\/schema\\\/person\\\/a690dda13b8cef2d1093f56c7e09b224\"},\"description\":\"Conhe\u00e7a alternativas de antial\u00e9rgico que n\u00e3o d\u00e1 sono e controle suas alergias sem sonol\u00eancia \u2013 ou seja, seguindo seu dia normalmente.\",\"breadcrumb\":{\"@id\":\"https:\\\/\\\/www.qualfarma.com.br\\\/vivabem\\\/antialergico-que-nao-da-sono\\\/#breadcrumb\"},\"inLanguage\":\"pt-BR\",\"potentialAction\":[{\"@type\":\"ReadAction\",\"target\":[\"https:\\\/\\\/www.qualfarma.com.br\\\/vivabem\\\/antialergico-que-nao-da-sono\\\/\"]}]},{\"@type\":\"ImageObject\",\"inLanguage\":\"pt-BR\",\"@id\":\"https:\\\/\\\/www.qualfarma.com.br\\\/vivabem\\\/antialergico-que-nao-da-sono\\\/#primaryimage\",\"url\":\"https:\\\/\\\/www.qualfarma.com.br\\\/vivabem\\\/wp-content\\\/uploads\\\/2024\\\/06\\\/antialergico-que-nao-da-sono.jpg\",\"contentUrl\":\"https:\\\/\\\/www.qualfarma.com.br\\\/vivabem\\\/wp-content\\\/uploads\\\/2024\\\/06\\\/antialergico-que-nao-da-sono.jpg\",\"width\":750,\"height\":500,\"caption\":\"O al\u00e9rgico que n\u00e3o d\u00e1 sono \u00e9 essencial para quando estamos com alguma alergia e precisamos trabalhar, por exemplo\"},{\"@type\":\"BreadcrumbList\",\"@id\":\"https:\\\/\\\/www.qualfarma.com.br\\\/vivabem\\\/antialergico-que-nao-da-sono\\\/#breadcrumb\",\"itemListElement\":[{\"@type\":\"ListItem\",\"position\":1,\"name\":\"Blog Viva Bem\",\"item\":\"https:\\\/\\\/www.qualfarma.com.br\\\/vivabem\\\/\"},{\"@type\":\"ListItem\",\"position\":2,\"name\":\"Sa\u00fade\",\"item\":\"https:\\\/\\\/www.qualfarma.com.br\\\/vivabem\\\/saude\\\/\"},{\"@type\":\"ListItem\",\"position\":3,\"name\":\"Antial\u00e9rgico que n\u00e3o d\u00e1 sono: op\u00e7\u00f5es para n\u00e3o prejudicar seu dia\"}]},{\"@type\":\"WebSite\",\"@id\":\"https:\\\/\\\/www.qualfarma.com.br\\\/vivabem\\\/#website\",\"url\":\"https:\\\/\\\/www.qualfarma.com.br\\\/vivabem\\\/\",\"name\":\"Blog Viva Bem por Qualfarma\",\"description\":\"\u00ae 2023\",\"potentialAction\":[{\"@type\":\"SearchAction\",\"target\":{\"@type\":\"EntryPoint\",\"urlTemplate\":\"https:\\\/\\\/www.qualfarma.com.br\\\/vivabem\\\/?s={search_term_string}\"},\"query-input\":{\"@type\":\"PropertyValueSpecification\",\"valueRequired\":true,\"valueName\":\"search_term_string\"}}],\"inLanguage\":\"pt-BR\"},{\"@type\":\"Person\",\"@id\":\"https:\\\/\\\/www.qualfarma.com.br\\\/vivabem\\\/#\\\/schema\\\/person\\\/a690dda13b8cef2d1093f56c7e09b224\",\"name\":\"Stephanie Kroll\",\"image\":{\"@type\":\"ImageObject\",\"inLanguage\":\"pt-BR\",\"@id\":\"https:\\\/\\\/secure.gravatar.com\\\/avatar\\\/dd1b82540a7b66c3112346e4a6b0e24b524511df3d028133ca1eea9eafc829bc?s=96&d=mm&r=g\",\"url\":\"https:\\\/\\\/secure.gravatar.com\\\/avatar\\\/dd1b82540a7b66c3112346e4a6b0e24b524511df3d028133ca1eea9eafc829bc?s=96&d=mm&r=g\",\"contentUrl\":\"https:\\\/\\\/secure.gravatar.com\\\/avatar\\\/dd1b82540a7b66c3112346e4a6b0e24b524511df3d028133ca1eea9eafc829bc?s=96&d=mm&r=g\",\"caption\":\"Stephanie Kroll\"},\"description\":\"Graduada em Farm\u00e1cia pela Universidade Federal do Rio de Janeiro (UFRJ), Stephanie Kroll (CRF\\\/RJ 28001) atua na \u00e1rea da sa\u00fade da fam\u00edlia com uma abordagem humanizada e \u00e9 respons\u00e1vel t\u00e9cnica pelos conte\u00fados do Viva Bem por Qualfarma.\"}]}<\/script>\n<!-- \/ Yoast SEO plugin. -->","yoast_head_json":{"title":"Antial\u00e9rgico que n\u00e3o d\u00e1 sono: op\u00e7\u00f5es para n\u00e3o prejudicar seu dia","description":"Conhe\u00e7a alternativas de antial\u00e9rgico que n\u00e3o d\u00e1 sono e controle suas alergias sem sonol\u00eancia \u2013 ou seja, seguindo seu dia normalmente.","robots":{"index":"index","follow":"follow","max-snippet":"max-snippet:-1","max-image-preview":"max-image-preview:large","max-video-preview":"max-video-preview:-1"},"canonical":"https:\/\/www.qualfarma.com.br\/vivabem\/antialergico-que-nao-da-sono\/","og_locale":"pt_BR","og_type":"article","og_title":"Antial\u00e9rgico que n\u00e3o d\u00e1 sono: op\u00e7\u00f5es para n\u00e3o prejudicar seu dia","og_description":"Conhe\u00e7a alternativas de antial\u00e9rgico que n\u00e3o d\u00e1 sono e controle suas alergias sem sonol\u00eancia \u2013 ou seja, seguindo seu dia normalmente.","og_url":"https:\/\/www.qualfarma.com.br\/vivabem\/antialergico-que-nao-da-sono\/","og_site_name":"Blog Viva Bem por Qualfarma","article_published_time":"2024-06-06T08:58:00+00:00","article_modified_time":"2024-08-14T17:09:37+00:00","og_image":[{"width":750,"height":500,"url":"https:\/\/www.qualfarma.com.br\/vivabem\/wp-content\/uploads\/2024\/06\/antialergico-que-nao-da-sono.jpg","type":"image\/jpeg"}],"author":"Stephanie Kroll","twitter_card":"summary_large_image","twitter_misc":{"Escrito por":"Stephanie Kroll","Est. tempo de leitura":"6 minutos"},"schema":{"@context":"https:\/\/schema.org","@graph":[{"@type":"Article","@id":"https:\/\/www.qualfarma.com.br\/vivabem\/antialergico-que-nao-da-sono\/#article","isPartOf":{"@id":"https:\/\/www.qualfarma.com.br\/vivabem\/antialergico-que-nao-da-sono\/"},"author":{"name":"Stephanie Kroll","@id":"https:\/\/www.qualfarma.com.br\/vivabem\/#\/schema\/person\/a690dda13b8cef2d1093f56c7e09b224"},"headline":"Antial\u00e9rgico que n\u00e3o d\u00e1 sono: op\u00e7\u00f5es para n\u00e3o prejudicar seu dia","datePublished":"2024-06-06T08:58:00+00:00","dateModified":"2024-08-14T17:09:37+00:00","mainEntityOfPage":{"@id":"https:\/\/www.qualfarma.com.br\/vivabem\/antialergico-que-nao-da-sono\/"},"wordCount":1084,"commentCount":0,"image":{"@id":"https:\/\/www.qualfarma.com.br\/vivabem\/antialergico-que-nao-da-sono\/#primaryimage"},"thumbnailUrl":"https:\/\/www.qualfarma.com.br\/vivabem\/wp-content\/uploads\/2024\/06\/antialergico-que-nao-da-sono.jpg","keywords":["Doen\u00e7as e Sintomas","Sa\u00fade"],"articleSection":["Doen\u00e7as e sintomas","Sa\u00fade"],"inLanguage":"pt-BR","potentialAction":[{"@type":"CommentAction","name":"Comment","target":["https:\/\/www.qualfarma.com.br\/vivabem\/antialergico-que-nao-da-sono\/#respond"]}]},{"@type":"WebPage","@id":"https:\/\/www.qualfarma.com.br\/vivabem\/antialergico-que-nao-da-sono\/","url":"https:\/\/www.qualfarma.com.br\/vivabem\/antialergico-que-nao-da-sono\/","name":"Antial\u00e9rgico que n\u00e3o d\u00e1 sono: op\u00e7\u00f5es para n\u00e3o prejudicar seu dia","isPartOf":{"@id":"https:\/\/www.qualfarma.com.br\/vivabem\/#website"},"primaryImageOfPage":{"@id":"https:\/\/www.qualfarma.com.br\/vivabem\/antialergico-que-nao-da-sono\/#primaryimage"},"image":{"@id":"https:\/\/www.qualfarma.com.br\/vivabem\/antialergico-que-nao-da-sono\/#primaryimage"},"thumbnailUrl":"https:\/\/www.qualfarma.com.br\/vivabem\/wp-content\/uploads\/2024\/06\/antialergico-que-nao-da-sono.jpg","datePublished":"2024-06-06T08:58:00+00:00","dateModified":"2024-08-14T17:09:37+00:00","author":{"@id":"https:\/\/www.qualfarma.com.br\/vivabem\/#\/schema\/person\/a690dda13b8cef2d1093f56c7e09b224"},"description":"Conhe\u00e7a alternativas de antial\u00e9rgico que n\u00e3o d\u00e1 sono e controle suas alergias sem sonol\u00eancia \u2013 ou seja, seguindo seu dia normalmente.","breadcrumb":{"@id":"https:\/\/www.qualfarma.com.br\/vivabem\/antialergico-que-nao-da-sono\/#breadcrumb"},"inLanguage":"pt-BR","potentialAction":[{"@type":"ReadAction","target":["https:\/\/www.qualfarma.com.br\/vivabem\/antialergico-que-nao-da-sono\/"]}]},{"@type":"ImageObject","inLanguage":"pt-BR","@id":"https:\/\/www.qualfarma.com.br\/vivabem\/antialergico-que-nao-da-sono\/#primaryimage","url":"https:\/\/www.qualfarma.com.br\/vivabem\/wp-content\/uploads\/2024\/06\/antialergico-que-nao-da-sono.jpg","contentUrl":"https:\/\/www.qualfarma.com.br\/vivabem\/wp-content\/uploads\/2024\/06\/antialergico-que-nao-da-sono.jpg","width":750,"height":500,"caption":"O al\u00e9rgico que n\u00e3o d\u00e1 sono \u00e9 essencial para quando estamos com alguma alergia e precisamos trabalhar, por exemplo"},{"@type":"BreadcrumbList","@id":"https:\/\/www.qualfarma.com.br\/vivabem\/antialergico-que-nao-da-sono\/#breadcrumb","itemListElement":[{"@type":"ListItem","position":1,"name":"Blog Viva Bem","item":"https:\/\/www.qualfarma.com.br\/vivabem\/"},{"@type":"ListItem","position":2,"name":"Sa\u00fade","item":"https:\/\/www.qualfarma.com.br\/vivabem\/saude\/"},{"@type":"ListItem","position":3,"name":"Antial\u00e9rgico que n\u00e3o d\u00e1 sono: op\u00e7\u00f5es para n\u00e3o prejudicar seu dia"}]},{"@type":"WebSite","@id":"https:\/\/www.qualfarma.com.br\/vivabem\/#website","url":"https:\/\/www.qualfarma.com.br\/vivabem\/","name":"Blog Viva Bem por Qualfarma","description":"\u00ae 2023","potentialAction":[{"@type":"SearchAction","target":{"@type":"EntryPoint","urlTemplate":"https:\/\/www.qualfarma.com.br\/vivabem\/?s={search_term_string}"},"query-input":{"@type":"PropertyValueSpecification","valueRequired":true,"valueName":"search_term_string"}}],"inLanguage":"pt-BR"},{"@type":"Person","@id":"https:\/\/www.qualfarma.com.br\/vivabem\/#\/schema\/person\/a690dda13b8cef2d1093f56c7e09b224","name":"Stephanie Kroll","image":{"@type":"ImageObject","inLanguage":"pt-BR","@id":"https:\/\/secure.gravatar.com\/avatar\/dd1b82540a7b66c3112346e4a6b0e24b524511df3d028133ca1eea9eafc829bc?s=96&d=mm&r=g","url":"https:\/\/secure.gravatar.com\/avatar\/dd1b82540a7b66c3112346e4a6b0e24b524511df3d028133ca1eea9eafc829bc?s=96&d=mm&r=g","contentUrl":"https:\/\/secure.gravatar.com\/avatar\/dd1b82540a7b66c3112346e4a6b0e24b524511df3d028133ca1eea9eafc829bc?s=96&d=mm&r=g","caption":"Stephanie Kroll"},"description":"Graduada em Farm\u00e1cia pela Universidade Federal do Rio de Janeiro (UFRJ), Stephanie Kroll (CRF\/RJ 28001) atua na \u00e1rea da sa\u00fade da fam\u00edlia com uma abordagem humanizada e \u00e9 respons\u00e1vel t\u00e9cnica pelos conte\u00fados do Viva Bem por Qualfarma."}]}},"jetpack_featured_media_url":"https:\/\/www.qualfarma.com.br\/vivabem\/wp-content\/uploads\/2024\/06\/antialergico-que-nao-da-sono.jpg","tpgb_featured_images":{"full":["https:\/\/www.qualfarma.com.br\/vivabem\/wp-content\/uploads\/2024\/06\/antialergico-que-nao-da-sono.jpg",750,500,false],"tp-image-grid":["https:\/\/www.qualfarma.com.br\/vivabem\/wp-content\/uploads\/2024\/06\/antialergico-que-nao-da-sono-700x700.jpg",700,700,true],"thumbnail":["https:\/\/www.qualfarma.com.br\/vivabem\/wp-content\/uploads\/2024\/06\/antialergico-que-nao-da-sono-150x150.jpg",150,150,true],"medium":["https:\/\/www.qualfarma.com.br\/vivabem\/wp-content\/uploads\/2024\/06\/antialergico-que-nao-da-sono-300x200.jpg",300,200,true],"medium_large":["https:\/\/www.qualfarma.com.br\/vivabem\/wp-content\/uploads\/2024\/06\/antialergico-que-nao-da-sono.jpg",750,500,false],"large":["https:\/\/www.qualfarma.com.br\/vivabem\/wp-content\/uploads\/2024\/06\/antialergico-que-nao-da-sono.jpg",750,500,false],"default":"https:\/\/www.qualfarma.com.br\/vivabem\/wp-content\/plugins\/the-plus-addons-for-block-editor\/assets\/images\/tpgb-placeholder.jpg"},"tpgb_post_meta_info":{"get_date":"junho 6, 2024","get_modified_date":"agosto 14, 2024","category_list":{"category":[{"term_id":108,"name":"Doen\u00e7as e sintomas","slug":"doencas-e-sintomas","term_group":0,"term_taxonomy_id":108,"taxonomy":"category","description":"","parent":106,"count":7,"filter":"raw"},{"term_id":106,"name":"Sa\u00fade","slug":"saude","term_group":0,"term_taxonomy_id":106,"taxonomy":"category","description":"Cuide da sua sa\u00fade com conte\u00fados informativos e dicas pr\u00e1ticas. No Viva Bem por Qualfarma, voc\u00ea encontra informa\u00e7\u00f5es sobre sa\u00fade f\u00edsica e mental, amplia seus conhecimentos sobre doen\u00e7as e sintomas e muito mais. Mantenha sua sa\u00fade sempre em dia e viva bem com Qualfarma.","parent":0,"count":23,"filter":"raw"}],"post_tag":[{"term_id":88,"name":"Doen\u00e7as e Sintomas","slug":"doencas-e-sintomas","term_group":0,"term_taxonomy_id":88,"taxonomy":"post_tag","description":"","parent":0,"count":7,"filter":"raw"},{"term_id":87,"name":"Sa\u00fade","slug":"saude","term_group":0,"term_taxonomy_id":87,"taxonomy":"post_tag","description":"","parent":0,"count":21,"filter":"raw"}]},"author_name":"Stephanie Kroll","author_url":"https:\/\/www.qualfarma.com.br\/vivabem\/author\/sterabelohotmail-com\/","author_email":"sterabelo@hotmail.com","author_website":"","author_description":"Graduada em Farm\u00e1cia pela Universidade Federal do Rio de Janeiro (UFRJ), Stephanie Kroll (CRF\/RJ 28001) atua na \u00e1rea da sa\u00fade da fam\u00edlia com uma abordagem humanizada e \u00e9 respons\u00e1vel t\u00e9cnica pelos conte\u00fados do Viva Bem por Qualfarma.","author_facebook":"","author_twitter":"","author_instagram":"","author_role":["editor"],"author_firstname":"Stephanie","author_lastname":"Kroll","user_login":"sterabelo@hotmail.com","author_avatar":"<img alt='' src='https:\/\/secure.gravatar.com\/avatar\/dd1b82540a7b66c3112346e4a6b0e24b524511df3d028133ca1eea9eafc829bc?s=200&#038;d=mm&#038;r=g' srcset='https:\/\/secure.gravatar.com\/avatar\/dd1b82540a7b66c3112346e4a6b0e24b524511df3d028133ca1eea9eafc829bc?s=400&#038;d=mm&#038;r=g 2x' class='avatar avatar-200 photo' height='200' width='200' decoding='async'\/>","author_avatar_url":"https:\/\/secure.gravatar.com\/avatar\/dd1b82540a7b66c3112346e4a6b0e24b524511df3d028133ca1eea9eafc829bc?s=96&d=mm&r=g","comment_count":0,"post_likes":0,"post_views":0},"tpgb_post_category":{"category":"<a href=\"https:\/\/www.qualfarma.com.br\/vivabem\/saude\/doencas-e-sintomas\/\" alt=\"Doen\u00e7as e sintomas\"  class=\"category-doencas-e-sintomas\">Doen\u00e7as e sintomas<\/a> <a href=\"https:\/\/www.qualfarma.com.br\/vivabem\/saude\/\" alt=\"Sa\u00fade\"  class=\"category-saude\">Sa\u00fade<\/a> ","post_tag":"<a href=\"https:\/\/www.qualfarma.com.br\/vivabem\/tag\/doencas-e-sintomas\/\" alt=\"Doen\u00e7as e Sintomas\"  class=\"post_tag-doencas-e-sintomas\">Doen\u00e7as e Sintomas<\/a> <a href=\"https:\/\/www.qualfarma.com.br\/vivabem\/tag\/saude\/\" alt=\"Sa\u00fade\"  class=\"post_tag-saude\">Sa\u00fade<\/a> "},"_links":{"self":[{"href":"https:\/\/www.qualfarma.com.br\/vivabem\/wp-json\/wp\/v2\/posts\/3133","targetHints":{"allow":["GET"]}}],"collection":[{"href":"https:\/\/www.qualfarma.com.br\/vivabem\/wp-json\/wp\/v2\/posts"}],"about":[{"href":"https:\/\/www.qualfarma.com.br\/vivabem\/wp-json\/wp\/v2\/types\/post"}],"author":[{"embeddable":true,"href":"https:\/\/www.qualfarma.com.br\/vivabem\/wp-json\/wp\/v2\/users\/7"}],"replies":[{"embeddable":true,"href":"https:\/\/www.qualfarma.com.br\/vivabem\/wp-json\/wp\/v2\/comments?post=3133"}],"version-history":[{"count":11,"href":"https:\/\/www.qualfarma.com.br\/vivabem\/wp-json\/wp\/v2\/posts\/3133\/revisions"}],"predecessor-version":[{"id":3274,"href":"https:\/\/www.qualfarma.com.br\/vivabem\/wp-json\/wp\/v2\/posts\/3133\/revisions\/3274"}],"wp:featuredmedia":[{"embeddable":true,"href":"https:\/\/www.qualfarma.com.br\/vivabem\/wp-json\/wp\/v2\/media\/3137"}],"wp:attachment":[{"href":"https:\/\/www.qualfarma.com.br\/vivabem\/wp-json\/wp\/v2\/media?parent=3133"}],"wp:term":[{"taxonomy":"category","embeddable":true,"href":"https:\/\/www.qualfarma.com.br\/vivabem\/wp-json\/wp\/v2\/categories?post=3133"},{"taxonomy":"post_tag","embeddable":true,"href":"https:\/\/www.qualfarma.com.br\/vivabem\/wp-json\/wp\/v2\/tags?post=3133"}],"curies":[{"name":"wp","href":"https:\/\/api.w.org\/{rel}","templated":true}]}}