{"id":3102,"date":"2024-05-28T12:49:14","date_gmt":"2024-05-28T12:49:14","guid":{"rendered":"https:\/\/www.qualfarma.com.br\/vivabem\/?p=3102"},"modified":"2024-08-14T17:09:53","modified_gmt":"2024-08-14T17:09:53","slug":"asma-ou-bronquite","status":"publish","type":"post","link":"https:\/\/www.qualfarma.com.br\/vivabem\/asma-ou-bronquite\/","title":{"rendered":"Asma ou bronquite? Saiba diferenciar as doen\u00e7as respirat\u00f3rias"},"content":{"rendered":"\n<p>Voc\u00ea sabia que a tosse persistente pode ser um sinal de <strong>asma ou bronquite<\/strong>?&nbsp;<\/p>\n\n\n\n<p>Entender as diferen\u00e7as entre essas condi\u00e7\u00f5es respirat\u00f3rias \u00e9 essencial para obter o diagn\u00f3stico e tratamento corretos. A seguir, vamos conhecer os sintomas, causas e estrat\u00e9gias para que voc\u00ea possa respirar tranquilamente.<\/p>\n\n\n\n<div id=\"ez-toc-container\" class=\"ez-toc-v2_0_82_2 counter-hierarchy ez-toc-counter ez-toc-grey ez-toc-container-direction\">\n<div class=\"ez-toc-title-container\">\n<p class=\"ez-toc-title\" style=\"cursor:inherit\">Navegue pelo assunto<\/p>\n<span class=\"ez-toc-title-toggle\"><\/span><\/div>\n<nav><ul class='ez-toc-list ez-toc-list-level-1 ' ><li class='ez-toc-page-1 ez-toc-heading-level-2'><a class=\"ez-toc-link ez-toc-heading-1\" href=\"https:\/\/www.qualfarma.com.br\/vivabem\/asma-ou-bronquite\/#Como_saber_se_tenho_asma_ou_bronquite\" >Como saber se tenho asma ou bronquite?<\/a><\/li><li class='ez-toc-page-1 ez-toc-heading-level-2'><a class=\"ez-toc-link ez-toc-heading-2\" href=\"https:\/\/www.qualfarma.com.br\/vivabem\/asma-ou-bronquite\/#O_que_e_asma\" >O que \u00e9 asma?<\/a><\/li><li class='ez-toc-page-1 ez-toc-heading-level-2'><a class=\"ez-toc-link ez-toc-heading-3\" href=\"https:\/\/www.qualfarma.com.br\/vivabem\/asma-ou-bronquite\/#O_que_e_bronquite\" >O que \u00e9 bronquite?<\/a><\/li><li class='ez-toc-page-1 ez-toc-heading-level-2'><a class=\"ez-toc-link ez-toc-heading-4\" href=\"https:\/\/www.qualfarma.com.br\/vivabem\/asma-ou-bronquite\/#Semelhancas_entre_asma_e_bronquite\" >Semelhan\u00e7as entre asma e bronquite<\/a><\/li><li class='ez-toc-page-1 ez-toc-heading-level-2'><a class=\"ez-toc-link ez-toc-heading-5\" href=\"https:\/\/www.qualfarma.com.br\/vivabem\/asma-ou-bronquite\/#Quando_devo_procurar_um_medico_para_saber_se_tenho_asma_ou_bronquite\" >Quando devo procurar um m\u00e9dico para saber se tenho asma ou bronquite?<\/a><\/li><li class='ez-toc-page-1 ez-toc-heading-level-2'><a class=\"ez-toc-link ez-toc-heading-6\" href=\"https:\/\/www.qualfarma.com.br\/vivabem\/asma-ou-bronquite\/#Perguntas_frequentes\" >Perguntas frequentes&nbsp;<\/a><ul class='ez-toc-list-level-3' ><li class='ez-toc-heading-level-3'><a class=\"ez-toc-link ez-toc-heading-7\" href=\"https:\/\/www.qualfarma.com.br\/vivabem\/asma-ou-bronquite\/#Qual_e_pior_asma_ou_bronquite\" >Qual \u00e9 pior: asma ou bronquite?<\/a><\/li><li class='ez-toc-page-1 ez-toc-heading-level-3'><a class=\"ez-toc-link ez-toc-heading-8\" href=\"https:\/\/www.qualfarma.com.br\/vivabem\/asma-ou-bronquite\/#Como_saber_se_a_tosse_e_asma\" >Como saber se a tosse \u00e9 asma?<\/a><\/li><li class='ez-toc-page-1 ez-toc-heading-level-3'><a class=\"ez-toc-link ez-toc-heading-9\" href=\"https:\/\/www.qualfarma.com.br\/vivabem\/asma-ou-bronquite\/#Qual_a_diferenca_entre_asma_e_bronquite_asmatica\" >Qual a diferen\u00e7a entre asma e bronquite asm\u00e1tica?<\/a><\/li><li class='ez-toc-page-1 ez-toc-heading-level-3'><a class=\"ez-toc-link ez-toc-heading-10\" href=\"https:\/\/www.qualfarma.com.br\/vivabem\/asma-ou-bronquite\/#Como_detectar_asma_e_bronquite\" >Como detectar asma e bronquite?<\/a><\/li><\/ul><\/li><\/ul><\/nav><\/div>\n<h2 class=\"wp-block-heading\"><span class=\"ez-toc-section\" id=\"Como_saber_se_tenho_asma_ou_bronquite\"><\/span>Como saber se tenho asma ou bronquite?<span class=\"ez-toc-section-end\"><\/span><\/h2>\n\n\n\n<p>Identificar se voc\u00ea tem asma ou bronquite pode ser desafiador, pois ambas as condi\u00e7\u00f5es afetam os pulm\u00f5es e podem ter sintomas semelhantes. No entanto, existem diferen\u00e7as importantes entre as duas.<\/p>\n\n\n\n<p>Os sintomas da asma incluem, principalmente, falta de ar, tosse chiado e aperto no peito. J\u00e1 os sintomas da bronquite, que pode ser aguda ou cr\u00f4nica, envolvem tosse que produz muco, fadiga, falta de ar, desconforto no peito, febre baixa e calafrios.&nbsp;<\/p>\n\n\n\n<p>Adiante, conhecemos melhor ambas condi\u00e7\u00f5es.<\/p>\n\n\n\n<h2 class=\"wp-block-heading\"><span class=\"ez-toc-section\" id=\"O_que_e_asma\"><\/span>O que \u00e9 asma?<span class=\"ez-toc-section-end\"><\/span><\/h2>\n\n\n\n<p>Segundo a defini\u00e7\u00e3o da <a href=\"https:\/\/sbpt.org.br\/portal\/espaco-saude-respiratoria-asma\/\">Sociedade Brasileira de Pneumologia e Tisiologia<\/a>, a asma \u00e9 uma doen\u00e7a cr\u00f4nica comum das vias a\u00e9reas ou br\u00f4nquios (tubos que levam o ar para dentro dos pulm\u00f5es) causada por inflama\u00e7\u00e3o.\u00a0<\/p>\n\n\n\n<p>Suas causas podem ser gen\u00e9ticas ou ambientais e, infelizmente, ela n\u00e3o tem cura \u2013 embora seja poss\u00edvel fazer a \u201cmanuten\u00e7\u00e3o\u201d dos sintomas.<\/p>\n\n\n\n<p>A asma causa os seguintes sintomas:<\/p>\n\n\n\n<ul class=\"wp-block-list\">\n<li>Falta de ar ou dificuldade para respirar;<\/li>\n\n\n\n<li>Sensa\u00e7\u00e3o de aperto no peito ou peito pesado;<\/li>\n\n\n\n<li>Chiado no peito;<\/li>\n\n\n\n<li>Tosse.<\/li>\n<\/ul>\n\n\n\n<p>Esses sintomas variam durante o dia, podendo piorar \u00e0 noite ou de madrugada, ou mesmo com atividades f\u00edsicas. Os sintomas tamb\u00e9m variam bastante ao longo do tempo: \u00e0s vezes podem desaparecer sozinhos mas, por n\u00e3o ter cura, a asma permanece &#8220;ativa&#8221; no organismo.&nbsp;<\/p>\n\n\n\n<h2 class=\"wp-block-heading\"><span class=\"ez-toc-section\" id=\"O_que_e_bronquite\"><\/span>O que \u00e9 bronquite?<span class=\"ez-toc-section-end\"><\/span><\/h2>\n\n\n\n<p>A bronquite tamb\u00e9m \u00e9 uma inflama\u00e7\u00e3o dos br\u00f4nquios, canais que conduzem o ar inalado at\u00e9 os alv\u00e9olos pulmonares, <a href=\"https:\/\/drauziovarella.uol.com.br\/doencas-e-sintomas\/bronquite\/\">segundo o Portal Drauzio Varella<\/a>. A doen\u00e7a se instala quando os c\u00edlios que revestem o interior dos br\u00f4nquios param de eliminar o muco presente nas vias respirat\u00f3rias.<\/p>\n\n\n\n<p>Causada por v\u00edrus ou contato com poluentes \u2013 como a fuma\u00e7a do cigarro, por exemplo \u2013, a bronquite pode ser aguda ou cr\u00f4nica.&nbsp;<\/p>\n\n\n\n<p>Al\u00e9m das causas, uma das principais diferen\u00e7as entre os dois tipos de bronquite consiste na dura\u00e7\u00e3o e agravamento das crises. Na bronquite aguda, as crises s\u00e3o mais curtas e passam em quest\u00e3o de semanas; na cr\u00f4nica, por outro lado, os epis\u00f3dios podem at\u00e9 persistir por meses.<\/p>\n\n\n\n<p>Tanto na forma aguda como na cr\u00f4nica, a tosse \u00e9 o principal sintoma da bronquite. Outros sintomas incluem:<\/p>\n\n\n\n<ul class=\"wp-block-list\">\n<li>Falta de ar;<\/li>\n\n\n\n<li>Chiado ao respirar;<\/li>\n\n\n\n<li>Febre e calafrios.<\/li>\n<\/ul>\n\n\n\n<h2 class=\"wp-block-heading\"><span class=\"ez-toc-section\" id=\"Semelhancas_entre_asma_e_bronquite\"><\/span>Semelhan\u00e7as entre asma e bronquite<span class=\"ez-toc-section-end\"><\/span><\/h2>\n\n\n\n<p>A asma e a bronquite s\u00e3o condi\u00e7\u00f5es respirat\u00f3rias que compartilham v\u00e1rias semelhan\u00e7as, especialmente no que diz respeito aos sintomas e ao impacto nas vias a\u00e9reas. A seguir, veremos as principais semelhan\u00e7as entre os sintomas das doen\u00e7as respirat\u00f3rias:<\/p>\n\n\n\n<ul class=\"wp-block-list\">\n<li><strong>Tosse<\/strong>: ambas as condi\u00e7\u00f5es podem causar tosse persistente. Na asma, a tosse pode ser mais noturna ou desencadeada por exerc\u00edcios, enquanto na bronquite (especialmente na aguda), a tosse \u00e9 frequentemente produtiva (com muco);&nbsp;<\/li>\n\n\n\n<li><strong>Falta de ar<\/strong>: tanto a asma quanto a bronquite podem causar dificuldade para respirar;<\/li>\n\n\n\n<li><strong>Chiado no peito<\/strong>: um som sibilante ou assobiando ao respirar \u00e9 comum em ambas as condi\u00e7\u00f5es;<\/li>\n\n\n\n<li><strong>Aperto no peito<\/strong>: sensa\u00e7\u00e3o de compress\u00e3o ou dor no peito pode ocorrer em ambos os casos.<\/li>\n<\/ul>\n\n\n\n<p>Sofre de hipotens\u00e3o? Saiba <a href=\"https:\/\/www.qualfarma.com.br\/vivabem\/o-que-e-bom-para-pressao-baixa\/\" target=\"_blank\" rel=\"noreferrer noopener\">o que \u00e9 bom para press\u00e3o baixa<\/a>.<\/p>\n\n\n\n<h2 class=\"wp-block-heading\"><span class=\"ez-toc-section\" id=\"Quando_devo_procurar_um_medico_para_saber_se_tenho_asma_ou_bronquite\"><\/span>Quando devo procurar um m\u00e9dico para saber se tenho asma ou bronquite?<span class=\"ez-toc-section-end\"><\/span><\/h2>\n\n\n\n<p>Voc\u00ea deve procurar um m\u00e9dico se estiver apresentando sintomas respirat\u00f3rios persistentes ou preocupantes que possam indicar asma ou bronquite. Considere ir at\u00e9 o hospital mais pr\u00f3ximo se algum dos seguintes sintomas persistirem:<\/p>\n\n\n\n<ul class=\"wp-block-list\">\n<li><strong>Falta de ar frequente<\/strong>: se voc\u00ea est\u00e1 frequentemente sem f\u00f4lego ou se a falta de ar est\u00e1 piorando;&nbsp;<\/li>\n\n\n\n<li><strong>Tosse persistente<\/strong>: se voc\u00ea tem uma tosse que dura mais de tr\u00eas semanas, especialmente se estiver produzindo muco;<\/li>\n\n\n\n<li><strong>Chiado no peito<\/strong>: se voc\u00ea ouve um som sibilante ao respirar, especialmente se isso ocorrer frequentemente ou interferir nas atividades di\u00e1rias;<\/li>\n\n\n\n<li><strong>Aperto ou dor no peito<\/strong>: sensa\u00e7\u00e3o de compress\u00e3o ou dor no peito, especialmente se for frequente ou intensa;<\/li>\n\n\n\n<li><strong>Desconforto respirat\u00f3rio noturno<\/strong>: sintomas que pioram \u00e0 noite ou que acordam voc\u00ea.<\/li>\n<\/ul>\n\n\n\n<p>Lembrando que cada pessoa pode apresentar diferentes sintomas, portanto, consulte um m\u00e9dico sempre que julgar necess\u00e1rio ou, ainda, antes de ir para um hospital, fa\u00e7a uma consulta via telemedicina.<\/p>\n\n\n\n<h2 class=\"wp-block-heading\"><span class=\"ez-toc-section\" id=\"Perguntas_frequentes\"><\/span>Perguntas frequentes&nbsp;<span class=\"ez-toc-section-end\"><\/span><\/h2>\n\n\n\n<p>A seguir, confira perguntas bastante frequentes sobre o tema.<\/p>\n\n\n\n<h3 class=\"wp-block-heading\"><span class=\"ez-toc-section\" id=\"Qual_e_pior_asma_ou_bronquite\"><\/span>Qual \u00e9 pior: asma ou bronquite?<span class=\"ez-toc-section-end\"><\/span><\/h3>\n\n\n\n<p>Determinar qual condi\u00e7\u00e3o \u00e9 &#8220;pior&#8221; entre asma e bronquite depende de v\u00e1rios fatores, incluindo a gravidade dos sintomas, a frequ\u00eancia das crises, a resposta ao tratamento e o impacto na qualidade de vida.&nbsp;<\/p>\n\n\n\n<p>Ambas as condi\u00e7\u00f5es t\u00eam suas particularidades e podem variar significativamente de pessoa para pessoa.<\/p>\n\n\n\n<h3 class=\"wp-block-heading\"><span class=\"ez-toc-section\" id=\"Como_saber_se_a_tosse_e_asma\"><\/span>Como saber se a tosse \u00e9 asma?<span class=\"ez-toc-section-end\"><\/span><\/h3>\n\n\n\n<p>Identificar se a tosse \u00e9 causada pela asma pode ser desafiador pois a tosse pode ser um sintoma comum a v\u00e1rias condi\u00e7\u00f5es respirat\u00f3rias. No entanto, a tosse associada \u00e0 asma tem algumas caracter\u00edsticas espec\u00edficas que podem ajudar a diferenci\u00e1-la de outras causas:<\/p>\n\n\n\n<ul class=\"wp-block-list\">\n<li>Tosse persistente;<\/li>\n\n\n\n<li>Piora \u00e0 noite ou pela manh\u00e3;<\/li>\n\n\n\n<li>Est\u00e1 associada a exerc\u00edcio ou esfor\u00e7o f\u00edsico;<\/li>\n\n\n\n<li>Rea\u00e7\u00e3o a al\u00e9rgenos e irritantes;<\/li>\n\n\n\n<li>Chiado no peito;<\/li>\n\n\n\n<li>Falta de ar e aperto no peito.<\/li>\n<\/ul>\n\n\n\n<h3 class=\"wp-block-heading\"><span class=\"ez-toc-section\" id=\"Qual_a_diferenca_entre_asma_e_bronquite_asmatica\"><\/span>Qual a diferen\u00e7a entre asma e bronquite asm\u00e1tica?<span class=\"ez-toc-section-end\"><\/span><\/h3>\n\n\n\n<p>A principal diferen\u00e7a entre as duas condi\u00e7\u00f5es \u00e9 que a asma \u00e9 uma doen\u00e7a cr\u00f4nica com sintomas persistentes e a necessidade de manejo cont\u00ednuo, enquanto a bronquite asm\u00e1tica pode ser uma manifesta\u00e7\u00e3o aguda ou epis\u00f3dica que ocorre em pessoas com asma, geralmente desencadeada por uma infec\u00e7\u00e3o ou exposi\u00e7\u00e3o a irritantes.&nbsp;<\/p>\n\n\n\n<h3 class=\"wp-block-heading\"><span class=\"ez-toc-section\" id=\"Como_detectar_asma_e_bronquite\"><\/span>Como detectar asma e bronquite?<span class=\"ez-toc-section-end\"><\/span><\/h3>\n\n\n\n<p>Detectar asma e bronquite envolve uma combina\u00e7\u00e3o de avalia\u00e7\u00e3o cl\u00ednica, exames f\u00edsicos e testes diagn\u00f3sticos espec\u00edficos.<\/p>\n\n\n\n<p>Para a asma, o processo diagn\u00f3stico come\u00e7a com uma revis\u00e3o detalhada do hist\u00f3rico m\u00e9dico do paciente, incluindo sintomas como falta de ar, chiado no peito, tosse persistente e aperto no peito que podem ser desencadeados por fatores como al\u00e9rgenos, exerc\u00edcio f\u00edsico, ar frio e infec\u00e7\u00f5es respirat\u00f3rias.&nbsp;<\/p>\n\n\n\n<p>Para a bronquite, o diagn\u00f3stico tamb\u00e9m come\u00e7a com a revis\u00e3o do hist\u00f3rico m\u00e9dico, onde sintomas como tosse produtiva (com muco), falta de ar, fadiga e desconforto no peito s\u00e3o avaliados.&nbsp;<\/p>\n\n\n\n<p>Em ambos os casos, \u00e9 crucial consultar um m\u00e9dico para uma avalia\u00e7\u00e3o completa pois um diagn\u00f3stico preciso \u00e9 fundamental para o tratamento eficaz e o manejo adequado das condi\u00e7\u00f5es respirat\u00f3rias.<\/p>\n","protected":false},"excerpt":{"rendered":"<p>Identificar se voc\u00ea tem asma ou bronquite pode ser desafiador, mas os sintomas d\u00e3o a resposta.<\/p>\n","protected":false},"author":7,"featured_media":3101,"comment_status":"open","ping_status":"open","sticky":false,"template":"","format":"standard","meta":{"tpgb_global_settings":"","footnotes":""},"categories":[108,106],"tags":[88,87],"class_list":["post-3102","post","type-post","status-publish","format-standard","has-post-thumbnail","hentry","category-doencas-e-sintomas","category-saude","tag-doencas-e-sintomas","tag-saude"],"yoast_head":"<!-- This site is optimized with the Yoast SEO plugin v27.5 - https:\/\/yoast.com\/product\/yoast-seo-wordpress\/ -->\n<title>Asma ou bronquite? Saiba diferenciar as doen\u00e7as respirat\u00f3rias<\/title>\n<meta name=\"description\" content=\"Durante uma crise respirat\u00f3ria, \u00e9 importante entender se os sintomas s\u00e3o de asma ou bronquite. Saiba quais s\u00e3o e os tratamentos de cada um.\" \/>\n<meta name=\"robots\" content=\"index, follow, max-snippet:-1, max-image-preview:large, max-video-preview:-1\" \/>\n<link rel=\"canonical\" href=\"https:\/\/www.qualfarma.com.br\/vivabem\/asma-ou-bronquite\/\" \/>\n<meta property=\"og:locale\" content=\"pt_BR\" \/>\n<meta property=\"og:type\" content=\"article\" \/>\n<meta property=\"og:title\" content=\"Asma ou bronquite? Saiba diferenciar as doen\u00e7as respirat\u00f3rias\" \/>\n<meta property=\"og:description\" content=\"Durante uma crise respirat\u00f3ria, \u00e9 importante entender se os sintomas s\u00e3o de asma ou bronquite. Saiba quais s\u00e3o e os tratamentos de cada um.\" \/>\n<meta property=\"og:url\" content=\"https:\/\/www.qualfarma.com.br\/vivabem\/asma-ou-bronquite\/\" \/>\n<meta property=\"og:site_name\" content=\"Blog Viva Bem por Qualfarma\" \/>\n<meta property=\"article:published_time\" content=\"2024-05-28T12:49:14+00:00\" \/>\n<meta property=\"article:modified_time\" content=\"2024-08-14T17:09:53+00:00\" \/>\n<meta property=\"og:image\" content=\"https:\/\/www.qualfarma.com.br\/vivabem\/wp-content\/uploads\/2024\/05\/asma-ou-bronquite.png\" \/>\n\t<meta property=\"og:image:width\" content=\"750\" \/>\n\t<meta property=\"og:image:height\" content=\"500\" \/>\n\t<meta property=\"og:image:type\" content=\"image\/png\" \/>\n<meta name=\"author\" content=\"Stephanie Kroll\" \/>\n<meta name=\"twitter:card\" content=\"summary_large_image\" \/>\n<meta name=\"twitter:label1\" content=\"Escrito por\" \/>\n\t<meta name=\"twitter:data1\" content=\"Stephanie Kroll\" \/>\n\t<meta name=\"twitter:label2\" content=\"Est. tempo de leitura\" \/>\n\t<meta name=\"twitter:data2\" content=\"6 minutos\" \/>\n<script type=\"application\/ld+json\" class=\"yoast-schema-graph\">{\"@context\":\"https:\\\/\\\/schema.org\",\"@graph\":[{\"@type\":\"Article\",\"@id\":\"https:\\\/\\\/www.qualfarma.com.br\\\/vivabem\\\/asma-ou-bronquite\\\/#article\",\"isPartOf\":{\"@id\":\"https:\\\/\\\/www.qualfarma.com.br\\\/vivabem\\\/asma-ou-bronquite\\\/\"},\"author\":{\"name\":\"Stephanie Kroll\",\"@id\":\"https:\\\/\\\/www.qualfarma.com.br\\\/vivabem\\\/#\\\/schema\\\/person\\\/a690dda13b8cef2d1093f56c7e09b224\"},\"headline\":\"Asma ou bronquite? Saiba diferenciar as doen\u00e7as respirat\u00f3rias\",\"datePublished\":\"2024-05-28T12:49:14+00:00\",\"dateModified\":\"2024-08-14T17:09:53+00:00\",\"mainEntityOfPage\":{\"@id\":\"https:\\\/\\\/www.qualfarma.com.br\\\/vivabem\\\/asma-ou-bronquite\\\/\"},\"wordCount\":1149,\"commentCount\":0,\"image\":{\"@id\":\"https:\\\/\\\/www.qualfarma.com.br\\\/vivabem\\\/asma-ou-bronquite\\\/#primaryimage\"},\"thumbnailUrl\":\"https:\\\/\\\/www.qualfarma.com.br\\\/vivabem\\\/wp-content\\\/uploads\\\/2024\\\/05\\\/asma-ou-bronquite.png\",\"keywords\":[\"Doen\u00e7as e Sintomas\",\"Sa\u00fade\"],\"articleSection\":[\"Doen\u00e7as e sintomas\",\"Sa\u00fade\"],\"inLanguage\":\"pt-BR\",\"potentialAction\":[{\"@type\":\"CommentAction\",\"name\":\"Comment\",\"target\":[\"https:\\\/\\\/www.qualfarma.com.br\\\/vivabem\\\/asma-ou-bronquite\\\/#respond\"]}]},{\"@type\":\"WebPage\",\"@id\":\"https:\\\/\\\/www.qualfarma.com.br\\\/vivabem\\\/asma-ou-bronquite\\\/\",\"url\":\"https:\\\/\\\/www.qualfarma.com.br\\\/vivabem\\\/asma-ou-bronquite\\\/\",\"name\":\"Asma ou bronquite? Saiba diferenciar as doen\u00e7as respirat\u00f3rias\",\"isPartOf\":{\"@id\":\"https:\\\/\\\/www.qualfarma.com.br\\\/vivabem\\\/#website\"},\"primaryImageOfPage\":{\"@id\":\"https:\\\/\\\/www.qualfarma.com.br\\\/vivabem\\\/asma-ou-bronquite\\\/#primaryimage\"},\"image\":{\"@id\":\"https:\\\/\\\/www.qualfarma.com.br\\\/vivabem\\\/asma-ou-bronquite\\\/#primaryimage\"},\"thumbnailUrl\":\"https:\\\/\\\/www.qualfarma.com.br\\\/vivabem\\\/wp-content\\\/uploads\\\/2024\\\/05\\\/asma-ou-bronquite.png\",\"datePublished\":\"2024-05-28T12:49:14+00:00\",\"dateModified\":\"2024-08-14T17:09:53+00:00\",\"author\":{\"@id\":\"https:\\\/\\\/www.qualfarma.com.br\\\/vivabem\\\/#\\\/schema\\\/person\\\/a690dda13b8cef2d1093f56c7e09b224\"},\"description\":\"Durante uma crise respirat\u00f3ria, \u00e9 importante entender se os sintomas s\u00e3o de asma ou bronquite. Saiba quais s\u00e3o e os tratamentos de cada um.\",\"breadcrumb\":{\"@id\":\"https:\\\/\\\/www.qualfarma.com.br\\\/vivabem\\\/asma-ou-bronquite\\\/#breadcrumb\"},\"inLanguage\":\"pt-BR\",\"potentialAction\":[{\"@type\":\"ReadAction\",\"target\":[\"https:\\\/\\\/www.qualfarma.com.br\\\/vivabem\\\/asma-ou-bronquite\\\/\"]}]},{\"@type\":\"ImageObject\",\"inLanguage\":\"pt-BR\",\"@id\":\"https:\\\/\\\/www.qualfarma.com.br\\\/vivabem\\\/asma-ou-bronquite\\\/#primaryimage\",\"url\":\"https:\\\/\\\/www.qualfarma.com.br\\\/vivabem\\\/wp-content\\\/uploads\\\/2024\\\/05\\\/asma-ou-bronquite.png\",\"contentUrl\":\"https:\\\/\\\/www.qualfarma.com.br\\\/vivabem\\\/wp-content\\\/uploads\\\/2024\\\/05\\\/asma-ou-bronquite.png\",\"width\":750,\"height\":500,\"caption\":\"\u00c9 importante entender as diferen\u00e7as entre as duas condi\u00e7\u00f5es respirat\u00f3rias para saber identific\u00e1-las durante uma crise.\"},{\"@type\":\"BreadcrumbList\",\"@id\":\"https:\\\/\\\/www.qualfarma.com.br\\\/vivabem\\\/asma-ou-bronquite\\\/#breadcrumb\",\"itemListElement\":[{\"@type\":\"ListItem\",\"position\":1,\"name\":\"Blog Viva Bem\",\"item\":\"https:\\\/\\\/www.qualfarma.com.br\\\/vivabem\\\/\"},{\"@type\":\"ListItem\",\"position\":2,\"name\":\"Sa\u00fade\",\"item\":\"https:\\\/\\\/www.qualfarma.com.br\\\/vivabem\\\/saude\\\/\"},{\"@type\":\"ListItem\",\"position\":3,\"name\":\"Doen\u00e7as e sintomas\",\"item\":\"https:\\\/\\\/www.qualfarma.com.br\\\/vivabem\\\/saude\\\/doencas-e-sintomas\\\/\"},{\"@type\":\"ListItem\",\"position\":4,\"name\":\"Asma ou bronquite? Saiba diferenciar as doen\u00e7as respirat\u00f3rias\"}]},{\"@type\":\"WebSite\",\"@id\":\"https:\\\/\\\/www.qualfarma.com.br\\\/vivabem\\\/#website\",\"url\":\"https:\\\/\\\/www.qualfarma.com.br\\\/vivabem\\\/\",\"name\":\"Blog Viva Bem por Qualfarma\",\"description\":\"\u00ae 2023\",\"potentialAction\":[{\"@type\":\"SearchAction\",\"target\":{\"@type\":\"EntryPoint\",\"urlTemplate\":\"https:\\\/\\\/www.qualfarma.com.br\\\/vivabem\\\/?s={search_term_string}\"},\"query-input\":{\"@type\":\"PropertyValueSpecification\",\"valueRequired\":true,\"valueName\":\"search_term_string\"}}],\"inLanguage\":\"pt-BR\"},{\"@type\":\"Person\",\"@id\":\"https:\\\/\\\/www.qualfarma.com.br\\\/vivabem\\\/#\\\/schema\\\/person\\\/a690dda13b8cef2d1093f56c7e09b224\",\"name\":\"Stephanie Kroll\",\"image\":{\"@type\":\"ImageObject\",\"inLanguage\":\"pt-BR\",\"@id\":\"https:\\\/\\\/secure.gravatar.com\\\/avatar\\\/dd1b82540a7b66c3112346e4a6b0e24b524511df3d028133ca1eea9eafc829bc?s=96&d=mm&r=g\",\"url\":\"https:\\\/\\\/secure.gravatar.com\\\/avatar\\\/dd1b82540a7b66c3112346e4a6b0e24b524511df3d028133ca1eea9eafc829bc?s=96&d=mm&r=g\",\"contentUrl\":\"https:\\\/\\\/secure.gravatar.com\\\/avatar\\\/dd1b82540a7b66c3112346e4a6b0e24b524511df3d028133ca1eea9eafc829bc?s=96&d=mm&r=g\",\"caption\":\"Stephanie Kroll\"},\"description\":\"Graduada em Farm\u00e1cia pela Universidade Federal do Rio de Janeiro (UFRJ), Stephanie Kroll (CRF\\\/RJ 28001) atua na \u00e1rea da sa\u00fade da fam\u00edlia com uma abordagem humanizada e \u00e9 respons\u00e1vel t\u00e9cnica pelos conte\u00fados do Viva Bem por Qualfarma.\"}]}<\/script>\n<!-- \/ Yoast SEO plugin. -->","yoast_head_json":{"title":"Asma ou bronquite? Saiba diferenciar as doen\u00e7as respirat\u00f3rias","description":"Durante uma crise respirat\u00f3ria, \u00e9 importante entender se os sintomas s\u00e3o de asma ou bronquite. Saiba quais s\u00e3o e os tratamentos de cada um.","robots":{"index":"index","follow":"follow","max-snippet":"max-snippet:-1","max-image-preview":"max-image-preview:large","max-video-preview":"max-video-preview:-1"},"canonical":"https:\/\/www.qualfarma.com.br\/vivabem\/asma-ou-bronquite\/","og_locale":"pt_BR","og_type":"article","og_title":"Asma ou bronquite? Saiba diferenciar as doen\u00e7as respirat\u00f3rias","og_description":"Durante uma crise respirat\u00f3ria, \u00e9 importante entender se os sintomas s\u00e3o de asma ou bronquite. Saiba quais s\u00e3o e os tratamentos de cada um.","og_url":"https:\/\/www.qualfarma.com.br\/vivabem\/asma-ou-bronquite\/","og_site_name":"Blog Viva Bem por Qualfarma","article_published_time":"2024-05-28T12:49:14+00:00","article_modified_time":"2024-08-14T17:09:53+00:00","og_image":[{"width":750,"height":500,"url":"https:\/\/www.qualfarma.com.br\/vivabem\/wp-content\/uploads\/2024\/05\/asma-ou-bronquite.png","type":"image\/png"}],"author":"Stephanie Kroll","twitter_card":"summary_large_image","twitter_misc":{"Escrito por":"Stephanie Kroll","Est. tempo de leitura":"6 minutos"},"schema":{"@context":"https:\/\/schema.org","@graph":[{"@type":"Article","@id":"https:\/\/www.qualfarma.com.br\/vivabem\/asma-ou-bronquite\/#article","isPartOf":{"@id":"https:\/\/www.qualfarma.com.br\/vivabem\/asma-ou-bronquite\/"},"author":{"name":"Stephanie Kroll","@id":"https:\/\/www.qualfarma.com.br\/vivabem\/#\/schema\/person\/a690dda13b8cef2d1093f56c7e09b224"},"headline":"Asma ou bronquite? Saiba diferenciar as doen\u00e7as respirat\u00f3rias","datePublished":"2024-05-28T12:49:14+00:00","dateModified":"2024-08-14T17:09:53+00:00","mainEntityOfPage":{"@id":"https:\/\/www.qualfarma.com.br\/vivabem\/asma-ou-bronquite\/"},"wordCount":1149,"commentCount":0,"image":{"@id":"https:\/\/www.qualfarma.com.br\/vivabem\/asma-ou-bronquite\/#primaryimage"},"thumbnailUrl":"https:\/\/www.qualfarma.com.br\/vivabem\/wp-content\/uploads\/2024\/05\/asma-ou-bronquite.png","keywords":["Doen\u00e7as e Sintomas","Sa\u00fade"],"articleSection":["Doen\u00e7as e sintomas","Sa\u00fade"],"inLanguage":"pt-BR","potentialAction":[{"@type":"CommentAction","name":"Comment","target":["https:\/\/www.qualfarma.com.br\/vivabem\/asma-ou-bronquite\/#respond"]}]},{"@type":"WebPage","@id":"https:\/\/www.qualfarma.com.br\/vivabem\/asma-ou-bronquite\/","url":"https:\/\/www.qualfarma.com.br\/vivabem\/asma-ou-bronquite\/","name":"Asma ou bronquite? Saiba diferenciar as doen\u00e7as respirat\u00f3rias","isPartOf":{"@id":"https:\/\/www.qualfarma.com.br\/vivabem\/#website"},"primaryImageOfPage":{"@id":"https:\/\/www.qualfarma.com.br\/vivabem\/asma-ou-bronquite\/#primaryimage"},"image":{"@id":"https:\/\/www.qualfarma.com.br\/vivabem\/asma-ou-bronquite\/#primaryimage"},"thumbnailUrl":"https:\/\/www.qualfarma.com.br\/vivabem\/wp-content\/uploads\/2024\/05\/asma-ou-bronquite.png","datePublished":"2024-05-28T12:49:14+00:00","dateModified":"2024-08-14T17:09:53+00:00","author":{"@id":"https:\/\/www.qualfarma.com.br\/vivabem\/#\/schema\/person\/a690dda13b8cef2d1093f56c7e09b224"},"description":"Durante uma crise respirat\u00f3ria, \u00e9 importante entender se os sintomas s\u00e3o de asma ou bronquite. Saiba quais s\u00e3o e os tratamentos de cada um.","breadcrumb":{"@id":"https:\/\/www.qualfarma.com.br\/vivabem\/asma-ou-bronquite\/#breadcrumb"},"inLanguage":"pt-BR","potentialAction":[{"@type":"ReadAction","target":["https:\/\/www.qualfarma.com.br\/vivabem\/asma-ou-bronquite\/"]}]},{"@type":"ImageObject","inLanguage":"pt-BR","@id":"https:\/\/www.qualfarma.com.br\/vivabem\/asma-ou-bronquite\/#primaryimage","url":"https:\/\/www.qualfarma.com.br\/vivabem\/wp-content\/uploads\/2024\/05\/asma-ou-bronquite.png","contentUrl":"https:\/\/www.qualfarma.com.br\/vivabem\/wp-content\/uploads\/2024\/05\/asma-ou-bronquite.png","width":750,"height":500,"caption":"\u00c9 importante entender as diferen\u00e7as entre as duas condi\u00e7\u00f5es respirat\u00f3rias para saber identific\u00e1-las durante uma crise."},{"@type":"BreadcrumbList","@id":"https:\/\/www.qualfarma.com.br\/vivabem\/asma-ou-bronquite\/#breadcrumb","itemListElement":[{"@type":"ListItem","position":1,"name":"Blog Viva Bem","item":"https:\/\/www.qualfarma.com.br\/vivabem\/"},{"@type":"ListItem","position":2,"name":"Sa\u00fade","item":"https:\/\/www.qualfarma.com.br\/vivabem\/saude\/"},{"@type":"ListItem","position":3,"name":"Doen\u00e7as e sintomas","item":"https:\/\/www.qualfarma.com.br\/vivabem\/saude\/doencas-e-sintomas\/"},{"@type":"ListItem","position":4,"name":"Asma ou bronquite? Saiba diferenciar as doen\u00e7as respirat\u00f3rias"}]},{"@type":"WebSite","@id":"https:\/\/www.qualfarma.com.br\/vivabem\/#website","url":"https:\/\/www.qualfarma.com.br\/vivabem\/","name":"Blog Viva Bem por Qualfarma","description":"\u00ae 2023","potentialAction":[{"@type":"SearchAction","target":{"@type":"EntryPoint","urlTemplate":"https:\/\/www.qualfarma.com.br\/vivabem\/?s={search_term_string}"},"query-input":{"@type":"PropertyValueSpecification","valueRequired":true,"valueName":"search_term_string"}}],"inLanguage":"pt-BR"},{"@type":"Person","@id":"https:\/\/www.qualfarma.com.br\/vivabem\/#\/schema\/person\/a690dda13b8cef2d1093f56c7e09b224","name":"Stephanie Kroll","image":{"@type":"ImageObject","inLanguage":"pt-BR","@id":"https:\/\/secure.gravatar.com\/avatar\/dd1b82540a7b66c3112346e4a6b0e24b524511df3d028133ca1eea9eafc829bc?s=96&d=mm&r=g","url":"https:\/\/secure.gravatar.com\/avatar\/dd1b82540a7b66c3112346e4a6b0e24b524511df3d028133ca1eea9eafc829bc?s=96&d=mm&r=g","contentUrl":"https:\/\/secure.gravatar.com\/avatar\/dd1b82540a7b66c3112346e4a6b0e24b524511df3d028133ca1eea9eafc829bc?s=96&d=mm&r=g","caption":"Stephanie Kroll"},"description":"Graduada em Farm\u00e1cia pela Universidade Federal do Rio de Janeiro (UFRJ), Stephanie Kroll (CRF\/RJ 28001) atua na \u00e1rea da sa\u00fade da fam\u00edlia com uma abordagem humanizada e \u00e9 respons\u00e1vel t\u00e9cnica pelos conte\u00fados do Viva Bem por Qualfarma."}]}},"jetpack_featured_media_url":"https:\/\/www.qualfarma.com.br\/vivabem\/wp-content\/uploads\/2024\/05\/asma-ou-bronquite.png","tpgb_featured_images":{"full":["https:\/\/www.qualfarma.com.br\/vivabem\/wp-content\/uploads\/2024\/05\/asma-ou-bronquite.png",750,500,false],"tp-image-grid":["https:\/\/www.qualfarma.com.br\/vivabem\/wp-content\/uploads\/2024\/05\/asma-ou-bronquite-700x700.png",700,700,true],"thumbnail":["https:\/\/www.qualfarma.com.br\/vivabem\/wp-content\/uploads\/2024\/05\/asma-ou-bronquite-150x150.png",150,150,true],"medium":["https:\/\/www.qualfarma.com.br\/vivabem\/wp-content\/uploads\/2024\/05\/asma-ou-bronquite-300x200.png",300,200,true],"medium_large":["https:\/\/www.qualfarma.com.br\/vivabem\/wp-content\/uploads\/2024\/05\/asma-ou-bronquite.png",750,500,false],"large":["https:\/\/www.qualfarma.com.br\/vivabem\/wp-content\/uploads\/2024\/05\/asma-ou-bronquite.png",750,500,false],"default":"https:\/\/www.qualfarma.com.br\/vivabem\/wp-content\/plugins\/the-plus-addons-for-block-editor\/assets\/images\/tpgb-placeholder.jpg"},"tpgb_post_meta_info":{"get_date":"maio 28, 2024","get_modified_date":"agosto 14, 2024","category_list":{"category":[{"term_id":108,"name":"Doen\u00e7as e sintomas","slug":"doencas-e-sintomas","term_group":0,"term_taxonomy_id":108,"taxonomy":"category","description":"","parent":106,"count":7,"filter":"raw"},{"term_id":106,"name":"Sa\u00fade","slug":"saude","term_group":0,"term_taxonomy_id":106,"taxonomy":"category","description":"Cuide da sua sa\u00fade com conte\u00fados informativos e dicas pr\u00e1ticas. No Viva Bem por Qualfarma, voc\u00ea encontra informa\u00e7\u00f5es sobre sa\u00fade f\u00edsica e mental, amplia seus conhecimentos sobre doen\u00e7as e sintomas e muito mais. Mantenha sua sa\u00fade sempre em dia e viva bem com Qualfarma.","parent":0,"count":23,"filter":"raw"}],"post_tag":[{"term_id":88,"name":"Doen\u00e7as e Sintomas","slug":"doencas-e-sintomas","term_group":0,"term_taxonomy_id":88,"taxonomy":"post_tag","description":"","parent":0,"count":7,"filter":"raw"},{"term_id":87,"name":"Sa\u00fade","slug":"saude","term_group":0,"term_taxonomy_id":87,"taxonomy":"post_tag","description":"","parent":0,"count":21,"filter":"raw"}]},"author_name":"Stephanie Kroll","author_url":"https:\/\/www.qualfarma.com.br\/vivabem\/author\/sterabelohotmail-com\/","author_email":"sterabelo@hotmail.com","author_website":"","author_description":"Graduada em Farm\u00e1cia pela Universidade Federal do Rio de Janeiro (UFRJ), Stephanie Kroll (CRF\/RJ 28001) atua na \u00e1rea da sa\u00fade da fam\u00edlia com uma abordagem humanizada e \u00e9 respons\u00e1vel t\u00e9cnica pelos conte\u00fados do Viva Bem por Qualfarma.","author_facebook":"","author_twitter":"","author_instagram":"","author_role":["editor"],"author_firstname":"Stephanie","author_lastname":"Kroll","user_login":"sterabelo@hotmail.com","author_avatar":"<img alt='' src='https:\/\/secure.gravatar.com\/avatar\/dd1b82540a7b66c3112346e4a6b0e24b524511df3d028133ca1eea9eafc829bc?s=200&#038;d=mm&#038;r=g' srcset='https:\/\/secure.gravatar.com\/avatar\/dd1b82540a7b66c3112346e4a6b0e24b524511df3d028133ca1eea9eafc829bc?s=400&#038;d=mm&#038;r=g 2x' class='avatar avatar-200 photo' height='200' width='200' decoding='async'\/>","author_avatar_url":"https:\/\/secure.gravatar.com\/avatar\/dd1b82540a7b66c3112346e4a6b0e24b524511df3d028133ca1eea9eafc829bc?s=96&d=mm&r=g","comment_count":1,"post_likes":0,"post_views":0},"tpgb_post_category":{"category":"<a href=\"https:\/\/www.qualfarma.com.br\/vivabem\/saude\/doencas-e-sintomas\/\" alt=\"Doen\u00e7as e sintomas\"  class=\"category-doencas-e-sintomas\">Doen\u00e7as e sintomas<\/a> <a href=\"https:\/\/www.qualfarma.com.br\/vivabem\/saude\/\" alt=\"Sa\u00fade\"  class=\"category-saude\">Sa\u00fade<\/a> ","post_tag":"<a href=\"https:\/\/www.qualfarma.com.br\/vivabem\/tag\/doencas-e-sintomas\/\" alt=\"Doen\u00e7as e Sintomas\"  class=\"post_tag-doencas-e-sintomas\">Doen\u00e7as e Sintomas<\/a> <a href=\"https:\/\/www.qualfarma.com.br\/vivabem\/tag\/saude\/\" alt=\"Sa\u00fade\"  class=\"post_tag-saude\">Sa\u00fade<\/a> "},"_links":{"self":[{"href":"https:\/\/www.qualfarma.com.br\/vivabem\/wp-json\/wp\/v2\/posts\/3102","targetHints":{"allow":["GET"]}}],"collection":[{"href":"https:\/\/www.qualfarma.com.br\/vivabem\/wp-json\/wp\/v2\/posts"}],"about":[{"href":"https:\/\/www.qualfarma.com.br\/vivabem\/wp-json\/wp\/v2\/types\/post"}],"author":[{"embeddable":true,"href":"https:\/\/www.qualfarma.com.br\/vivabem\/wp-json\/wp\/v2\/users\/7"}],"replies":[{"embeddable":true,"href":"https:\/\/www.qualfarma.com.br\/vivabem\/wp-json\/wp\/v2\/comments?post=3102"}],"version-history":[{"count":6,"href":"https:\/\/www.qualfarma.com.br\/vivabem\/wp-json\/wp\/v2\/posts\/3102\/revisions"}],"predecessor-version":[{"id":3368,"href":"https:\/\/www.qualfarma.com.br\/vivabem\/wp-json\/wp\/v2\/posts\/3102\/revisions\/3368"}],"wp:featuredmedia":[{"embeddable":true,"href":"https:\/\/www.qualfarma.com.br\/vivabem\/wp-json\/wp\/v2\/media\/3101"}],"wp:attachment":[{"href":"https:\/\/www.qualfarma.com.br\/vivabem\/wp-json\/wp\/v2\/media?parent=3102"}],"wp:term":[{"taxonomy":"category","embeddable":true,"href":"https:\/\/www.qualfarma.com.br\/vivabem\/wp-json\/wp\/v2\/categories?post=3102"},{"taxonomy":"post_tag","embeddable":true,"href":"https:\/\/www.qualfarma.com.br\/vivabem\/wp-json\/wp\/v2\/tags?post=3102"}],"curies":[{"name":"wp","href":"https:\/\/api.w.org\/{rel}","templated":true}]}}