{"id":2589,"date":"2024-01-24T09:07:34","date_gmt":"2024-01-24T09:07:34","guid":{"rendered":"https:\/\/www.qualfarma.com.br\/vivabem\/?p=2589"},"modified":"2024-08-14T17:14:48","modified_gmt":"2024-08-14T17:14:48","slug":"o-que-e-alopecia","status":"publish","type":"post","link":"https:\/\/www.qualfarma.com.br\/vivabem\/o-que-e-alopecia\/","title":{"rendered":"O que \u00e9 alopecia, condi\u00e7\u00e3o que afeta homens e mulheres?"},"content":{"rendered":"\n<p>Conhecida pela perda de cabelo, a alopecia \u00e9 uma condi\u00e7\u00e3o complexa que afeta in\u00fameras pessoas ao redor do mundo, transcendendo barreiras de idade, g\u00eanero e etnia. Com isso, para responder <strong>o que \u00e9 alopecia<\/strong>, devemos considerar as diferentes facetas e manifesta\u00e7\u00f5es que ela apresenta. <\/p>\n\n\n\n<p>E \u00e9 isso que vamos tratar neste artigo, buscando oferecer oferecer uma compreens\u00e3o abrangente da alopecia, seus tipos e poss\u00edveis tratamentos.&nbsp;<\/p>\n\n\n\n<div id=\"ez-toc-container\" class=\"ez-toc-v2_0_82_2 counter-hierarchy ez-toc-counter ez-toc-grey ez-toc-container-direction\">\n<div class=\"ez-toc-title-container\">\n<p class=\"ez-toc-title\" style=\"cursor:inherit\">Navegue pelo assunto<\/p>\n<span class=\"ez-toc-title-toggle\"><\/span><\/div>\n<nav><ul class='ez-toc-list ez-toc-list-level-1 ' ><li class='ez-toc-page-1 ez-toc-heading-level-2'><a class=\"ez-toc-link ez-toc-heading-1\" href=\"https:\/\/www.qualfarma.com.br\/vivabem\/o-que-e-alopecia\/#O_que_e_alopecia\" >O que \u00e9 alopecia?<\/a><ul class='ez-toc-list-level-3' ><li class='ez-toc-heading-level-3'><a class=\"ez-toc-link ez-toc-heading-2\" href=\"https:\/\/www.qualfarma.com.br\/vivabem\/o-que-e-alopecia\/#Quais_sao_os_tipos_de_alopecia\" >Quais s\u00e3o os tipos de alopecia?&nbsp;<\/a><ul class='ez-toc-list-level-4' ><li class='ez-toc-heading-level-4'><a class=\"ez-toc-link ez-toc-heading-3\" href=\"https:\/\/www.qualfarma.com.br\/vivabem\/o-que-e-alopecia\/#O_que_e_alopecia_androgenetica\" >O que \u00e9 alopecia androgen\u00e9tica?&nbsp;<\/a><\/li><li class='ez-toc-page-1 ez-toc-heading-level-4'><a class=\"ez-toc-link ez-toc-heading-4\" href=\"https:\/\/www.qualfarma.com.br\/vivabem\/o-que-e-alopecia\/#O_que_e_alopecia_areata\" >O que \u00e9 alopecia areata?<\/a><\/li><li class='ez-toc-page-1 ez-toc-heading-level-4'><a class=\"ez-toc-link ez-toc-heading-5\" href=\"https:\/\/www.qualfarma.com.br\/vivabem\/o-que-e-alopecia\/#O_que_e_alopecia_difusa\" >O que \u00e9 alopecia difusa?&nbsp;<\/a><\/li><li class='ez-toc-page-1 ez-toc-heading-level-4'><a class=\"ez-toc-link ez-toc-heading-6\" href=\"https:\/\/www.qualfarma.com.br\/vivabem\/o-que-e-alopecia\/#O_que_e_alopecia_por_tracao\" >O que \u00e9 alopecia por tra\u00e7\u00e3o?&nbsp;<\/a><\/li><li class='ez-toc-page-1 ez-toc-heading-level-4'><a class=\"ez-toc-link ez-toc-heading-7\" href=\"https:\/\/www.qualfarma.com.br\/vivabem\/o-que-e-alopecia\/#O_que_e_alopecia_cicatricial\" >O que \u00e9 alopecia cicatricial?&nbsp;<\/a><\/li><\/ul><\/li><\/ul><\/li><li class='ez-toc-page-1 ez-toc-heading-level-2'><a class=\"ez-toc-link ez-toc-heading-8\" href=\"https:\/\/www.qualfarma.com.br\/vivabem\/o-que-e-alopecia\/#O_que_e_alopecia_feminina\" >O que \u00e9 alopecia feminina?&nbsp;<\/a><\/li><li class='ez-toc-page-1 ez-toc-heading-level-2'><a class=\"ez-toc-link ez-toc-heading-9\" href=\"https:\/\/www.qualfarma.com.br\/vivabem\/o-que-e-alopecia\/#O_que_e_bom_para_alopecia\" >O que \u00e9 bom para alopecia?<\/a><\/li><li class='ez-toc-page-1 ez-toc-heading-level-2'><a class=\"ez-toc-link ez-toc-heading-10\" href=\"https:\/\/www.qualfarma.com.br\/vivabem\/o-que-e-alopecia\/#Qual_e_a_causa_da_alopecia\" >Qual \u00e9 a causa da alopecia?&nbsp;<\/a><\/li><li class='ez-toc-page-1 ez-toc-heading-level-2'><a class=\"ez-toc-link ez-toc-heading-11\" href=\"https:\/\/www.qualfarma.com.br\/vivabem\/o-que-e-alopecia\/#Primeiros_sinais_de_alopecia\" >Primeiros sinais de alopecia<\/a><ul class='ez-toc-list-level-3' ><li class='ez-toc-heading-level-3'><a class=\"ez-toc-link ez-toc-heading-12\" href=\"https:\/\/www.qualfarma.com.br\/vivabem\/o-que-e-alopecia\/#Referencias_bibliograficas\" >Refer\u00eancias bibliogr\u00e1ficas:<\/a><\/li><\/ul><\/li><\/ul><\/nav><\/div>\n<h2 class=\"wp-block-heading\"><span class=\"ez-toc-section\" id=\"O_que_e_alopecia\"><\/span>O que \u00e9 alopecia?<span class=\"ez-toc-section-end\"><\/span><\/h2>\n\n\n\n<p>Capaz de afetar tanto homens como mulheres, <strong>a alopecia \u00e9 uma condi\u00e7\u00e3o em que ocorre aus\u00eancia, perda ou rarefa\u00e7\u00e3o de cabelo<\/strong> ou pelo em qualquer parte do corpo, de forma transit\u00f3ria ou definitiva. \u00c9 mais comum de afetar o couro cabeludo e tamb\u00e9m pode ser chamada de calv\u00edcie em alguns casos.&nbsp;<\/p>\n\n\n\n<p>Existem diferentes tipos e causas poss\u00edveis para a condi\u00e7\u00e3o, tais como estresse, m\u00e1 alimenta\u00e7\u00e3o e mesmo fatores gen\u00e9ticos, imunol\u00f3gicos ou hormonais. Seu tratamento deve ser indicado e realizado por m\u00e9dicos dermatologistas ou tricologistas, mas tudo vai depender do diagn\u00f3stico do tipo de alopecia encontrado.&nbsp;<\/p>\n\n\n\n<p>De acordo com o <a href=\"https:\/\/www.gov.br\/saude\/pt-br\/assuntos\/noticias\/2022\/marco\/alopecia-entenda-mais-sobre-condicao-que-tambem-pode-afetar-as-mulheres\">Minist\u00e9rio da Sa\u00fade<\/a>, os tipos mais comuns de alopecia s\u00e3o a alopecia areata e a androgen\u00e9tica. Mas n\u00e3o s\u00e3o os \u00fanicos.&nbsp;<\/p>\n\n\n\n<h3 class=\"wp-block-heading\"><span class=\"ez-toc-section\" id=\"Quais_sao_os_tipos_de_alopecia\"><\/span>Quais s\u00e3o os tipos de alopecia?&nbsp;<span class=\"ez-toc-section-end\"><\/span><\/h3>\n\n\n\n<p>Os principais tipos de alopecia s\u00e3o:&nbsp;<\/p>\n\n\n\n<ul class=\"wp-block-list\">\n<li>Alopecia androgen\u00e9tica;<\/li>\n\n\n\n<li>Alopecia areata;<\/li>\n\n\n\n<li>Alopecia difusa;<\/li>\n\n\n\n<li>Alopecia por tra\u00e7\u00e3o;&nbsp;<\/li>\n\n\n\n<li>Alopecia cicatricial.<\/li>\n<\/ul>\n\n\n\n<h4 class=\"wp-block-heading\"><span class=\"ez-toc-section\" id=\"O_que_e_alopecia_androgenetica\"><\/span>O que \u00e9 alopecia androgen\u00e9tica?&nbsp;<span class=\"ez-toc-section-end\"><\/span><\/h4>\n\n\n\n<p>Tamb\u00e9m conhecida como calv\u00edcie, \u00e9 a forma mais comum de afinamento e perda de cabelo, tanto em homens quanto em mulheres. Geralmente \u00e9 causada por fatores gen\u00e9ticos e hormonais. A queda dos fios evolui aos poucos.&nbsp;<\/p>\n\n\n\n<h4 class=\"wp-block-heading\"><span class=\"ez-toc-section\" id=\"O_que_e_alopecia_areata\"><\/span>O que \u00e9 alopecia areata?<span class=\"ez-toc-section-end\"><\/span><\/h4>\n\n\n\n<p>\u00c9 uma condi\u00e7\u00e3o autoimune que causa a perda de cabelo em manchas, geralmente em \u00e1reas circulares do tamanho de uma moeda no couro cabeludo.&nbsp;Nesta condi\u00e7\u00e3o, o sistema imunol\u00f3gico ataca por engano os fol\u00edculos capilares.<\/p>\n\n\n\n<h4 class=\"wp-block-heading\"><span class=\"ez-toc-section\" id=\"O_que_e_alopecia_difusa\"><\/span>O que \u00e9 alopecia difusa?&nbsp;<span class=\"ez-toc-section-end\"><\/span><\/h4>\n\n\n\n<p>\u00c9 o tipo caracterizado por uma perda aguda e generalizada de cabelo, resultando em uma redu\u00e7\u00e3o na densidade capilar.&nbsp;No tipo difuso, o cabelo n\u00e3o desaparece completamente, mas torna-se mais ralo e escasso. <\/p>\n\n\n\n<p>O problema pode ser desencadeado por fatores como altos n\u00edveis de estresse, altera\u00e7\u00f5es hormonais, doen\u00e7as cr\u00f4nicas, entre outros.&nbsp;<\/p>\n\n\n\n<h4 class=\"wp-block-heading\"><span class=\"ez-toc-section\" id=\"O_que_e_alopecia_por_tracao\"><\/span>O que \u00e9 alopecia por tra\u00e7\u00e3o?&nbsp;<span class=\"ez-toc-section-end\"><\/span><\/h4>\n\n\n\n<p>\u00c9 a perda de cabelo causada pela tra\u00e7\u00e3o excessiva nos fios.&nbsp;Este tipo \u00e9 comumente associado a penteados apertados, uso frequente de extens\u00f5es capilares, tran\u00e7as ou rabos de cavalo muito apertados.&nbsp;<\/p>\n\n\n\n<h4 class=\"wp-block-heading\"><span class=\"ez-toc-section\" id=\"O_que_e_alopecia_cicatricial\"><\/span>O que \u00e9 alopecia cicatricial?&nbsp;<span class=\"ez-toc-section-end\"><\/span><\/h4>\n\n\n\n<p>E por \u00faltimo, esse tipo de perda de cabelo ocorre quando h\u00e1 destrui\u00e7\u00e3o dos fol\u00edculos capilares, que s\u00e3o substitu\u00eddos por tecido cicatricial.\u00a0Existem v\u00e1rias causas para a alopecia cicatricial, de condi\u00e7\u00f5es inflamat\u00f3rias a at\u00e9 mesmo alguns tratamentos como a radioterapia.<\/p>\n\n\n\n<p>Entenda tamb\u00e9m <a href=\"https:\/\/www.qualfarma.com.br\/vivabem\/o-que-e-micose\/\" target=\"_blank\" rel=\"noreferrer noopener\">o que \u00e9 micose<\/a> e como tratar essa condi\u00e7\u00e3o da pele.<\/p>\n\n\n\n<h2 class=\"wp-block-heading\"><span class=\"ez-toc-section\" id=\"O_que_e_alopecia_feminina\"><\/span>O que \u00e9 alopecia feminina?&nbsp;<span class=\"ez-toc-section-end\"><\/span><\/h2>\n\n\n\n<p>Ao contr\u00e1rio do que muita gente pensa, a alopecia tamb\u00e9m pode atingir as mulheres.<\/p>\n\n\n\n<p>Tamb\u00e9m conhecida como calv\u00edcie feminina, essa condi\u00e7\u00e3o faz com que as mulheres experimentem <strong>rarefa\u00e7\u00e3o progressiva dos cabelos<\/strong>, resultando em afinamento e queda.<\/p>\n\n\n\n<p>No geral \u00e9 um problema tamb\u00e9m causado por fatores gen\u00e9ticos e hormonais, mas \u00e9 diferente da alopecia masculina e requer abordagens espec\u00edficas.&nbsp;<\/p>\n\n\n\n<h2 class=\"wp-block-heading\"><span class=\"ez-toc-section\" id=\"O_que_e_bom_para_alopecia\"><\/span>O que \u00e9 bom para alopecia?<span class=\"ez-toc-section-end\"><\/span><\/h2>\n\n\n\n<p>Para tratar a alopecia, <strong>\u00e9 importante buscar orienta\u00e7\u00e3o de um m\u00e9dico dermatologista ou tricologista<\/strong>, que poder\u00e1 recomendar op\u00e7\u00f5es de tratamento adequadas com base no tipo e na causa espec\u00edfica da perda de cabelo. Alguns dos tratamentos comuns incluem:<\/p>\n\n\n\n<ul class=\"wp-block-list\">\n<li><strong>Minoxidil: <\/strong>um medicamento t\u00f3pico que pode ajudar no crescimento capilar em algumas formas de alopecia, incluindo a androgen\u00e9tica;<\/li>\n\n\n\n<li><strong>Finasterida:<\/strong> um medicamento oral que pode ser prescrito para mulheres com a condi\u00e7\u00e3o, ajudando a diminuir a queda de cabelo e a estimular o crescimento de novos fios;&nbsp;<\/li>\n\n\n\n<li><strong>Corticosteroides:<\/strong> medicamentos t\u00f3picos que causam irrita\u00e7\u00e3o leve para promover o crescimento dos fios de cabelo;<\/li>\n\n\n\n<li><strong>Interven\u00e7\u00f5es cir\u00fargicas ou est\u00e9ticas:<\/strong> em alguns casos, transplante capilar ou terapias a laser podem ser considerados para tratar a perda de cabelo localizada.<\/li>\n<\/ul>\n\n\n\n<p>\u00c9 crucial ressaltar que qualquer um desses tratamentos requer indica\u00e7\u00e3o e acompanhamento m\u00e9dico para serem eficazes e seguros.&nbsp;<\/p>\n\n\n\n<p>No mais, \u00e9 fundamental adotar h\u00e1bitos saud\u00e1veis, como uma dieta equilibrada, controle do estresse e cuidados adequados com os cabelos, sempre visando promover a sa\u00fade do couro cabeludo e dos fios.&nbsp;<\/p>\n\n\n\n<h2 class=\"wp-block-heading\"><span class=\"ez-toc-section\" id=\"Qual_e_a_causa_da_alopecia\"><\/span>Qual \u00e9 a causa da alopecia?&nbsp;<span class=\"ez-toc-section-end\"><\/span><\/h2>\n\n\n\n<p>O problema pode ser causado por diversos fatores e tudo vai depender do tipo de alopecia.&nbsp;As causas mais comuns incluem:<\/p>\n\n\n\n<ul class=\"wp-block-list\">\n<li><strong>Predisposi\u00e7\u00e3o gen\u00e9tica e influ\u00eancia hormonal<\/strong>, no caso da alopecia androgen\u00e9tica;<\/li>\n\n\n\n<li><strong>Ataque do sistema imunol\u00f3gico aos fol\u00edculos pilosos<\/strong>, como acontece na alopecia areata;&nbsp;<\/li>\n\n\n\n<li><strong>Tra\u00e7\u00e3o excessiva dos fios<\/strong> devido a penteados apertados, como no caso da alopecia por tra\u00e7\u00e3o;<\/li>\n\n\n\n<li>Fatores como <strong>estresse<\/strong>, <strong>defici\u00eancias nutricionais<\/strong>, <strong>condi\u00e7\u00f5es m\u00e9dicas subjacentes <\/strong>ou mesmo por <strong>efeitos colaterais de medicamentos<\/strong>.<\/li>\n<\/ul>\n\n\n\n<p>\u00c9 importante ressaltar que o diagn\u00f3stico preciso do tipo de alopecia \u00e9 fundamental para o tratamento adequado, e deve ser realizado por um ou uma dermatologista ou tricologista.<\/p>\n\n\n\n<h2 class=\"wp-block-heading\"><span class=\"ez-toc-section\" id=\"Primeiros_sinais_de_alopecia\"><\/span>Primeiros sinais de alopecia<span class=\"ez-toc-section-end\"><\/span><\/h2>\n\n\n\n<p>Os primeiros sinais podem variar entre homens, mulheres e crian\u00e7as, mas geralmente incluem a <strong>perda e queda de cabelo percept\u00edvel<\/strong>.&nbsp;<\/p>\n\n\n\n<p>Em homens, a alopecia androgen\u00e9tica pode se manifestar com o afinamento do cabelo na regi\u00e3o das t\u00eamporas e coroa, enquanto nas mulheres, o mesmo tipo pode causar rarefa\u00e7\u00e3o difusa no topo da cabe\u00e7a.&nbsp;<\/p>\n\n\n\n<p>Na areata, por outro lado, os primeiros sinais podem ser a forma\u00e7\u00e3o de pequenas \u00e1reas sem cabelo no couro cabeludo. J\u00e1 a de tra\u00e7\u00e3o pode ser identificada pela perda de cabelo devido \u00e0 tra\u00e7\u00e3o excessiva nos fios, muitas vezes associada a certos estilos de penteados.&nbsp;<\/p>\n\n\n\n<p>Em todos os casos, \u00e9 sempre importante buscar orienta\u00e7\u00e3o de um profissional de sa\u00fade de sua confian\u00e7a, dermatologista ou tricologista, para um diagn\u00f3stico preciso e um tratamento adequado.<\/p>\n\n\n<div ><style>#sp-ea-2601 .spcollapsing { height: 0; overflow: hidden; transition-property: height;transition-duration: 300ms;}#sp-ea-2601.sp-easy-accordion>.sp-ea-single {margin-bottom: 10px; border: 1px solid #e2e2e2; }#sp-ea-2601.sp-easy-accordion>.sp-ea-single>.ea-header a {color: #444;}#sp-ea-2601.sp-easy-accordion>.sp-ea-single>.sp-collapse>.ea-body {background: #fff; color: #444;}#sp-ea-2601.sp-easy-accordion>.sp-ea-single {background: #eee;}#sp-ea-2601.sp-easy-accordion>.sp-ea-single>.ea-header a .ea-expand-icon { float: left; color: #444;font-size: 16px;}<\/style><div id=\"sp_easy_accordion-1706634254\"><div id=\"sp-ea-2601\" class=\"sp-ea-one sp-easy-accordion\" data-ea-active=\"ea-click\" data-ea-mode=\"vertical\" data-preloader=\"\" data-scroll-active-item=\"\" data-offset-to-scroll=\"0\"><div class=\"ea-card sp-ea-single\"><h3 class=\"ea-header\"><span class=\"ez-toc-section\" id=\"Referencias_bibliograficas\"><\/span><a class=\"collapsed\" id=\"ea-header-26010\" role=\"button\" data-sptoggle=\"spcollapse\" data-sptarget=\"#collapse26010\" aria-controls=\"collapse26010\" href=\"#\" aria-expanded=\"false\" tabindex=\"0\"><i aria-hidden=\"true\" role=\"presentation\" class=\"ea-expand-icon eap-icon-ea-expand-plus\"><\/i> Refer\u00eancias bibliogr\u00e1ficas:<\/a><span class=\"ez-toc-section-end\"><\/span><\/h3><div class=\"sp-collapse spcollapse spcollapse\" id=\"collapse26010\" data-parent=\"#sp-ea-2601\" role=\"region\" aria-labelledby=\"ea-header-26010\"> <div class=\"ea-body\"><p><a href=\"https:\/\/www.qualfarma.com.br\/vivabem\">Link 1<\/a><\/p><p><a href=\"https:\/\/www.qualfarma.com.br\/vivabem\">Link 2<\/a><\/p><p><a href=\"https:\/\/www.qualfarma.com.br\/vivabem\">Link 3<\/a><\/p><\/div><\/div><\/div><\/div><\/div><\/div>","protected":false},"excerpt":{"rendered":"<p>Diferentes causas para a queda de cabelo t\u00eam nome: alopecia. Conhe\u00e7a tipos e poss\u00edveis tratamentos.<\/p>\n","protected":false},"author":7,"featured_media":2591,"comment_status":"open","ping_status":"open","sticky":false,"template":"","format":"standard","meta":{"tpgb_global_settings":"","footnotes":""},"categories":[108],"tags":[88,87],"class_list":["post-2589","post","type-post","status-publish","format-standard","has-post-thumbnail","hentry","category-doencas-e-sintomas","tag-doencas-e-sintomas","tag-saude"],"yoast_head":"<!-- This site is optimized with the Yoast SEO plugin v27.5 - https:\/\/yoast.com\/product\/yoast-seo-wordpress\/ -->\n<title>O que \u00e9 alopecia, condi\u00e7\u00e3o que afeta homens e mulheres?<\/title>\n<meta name=\"description\" content=\"Querendo entender o que \u00e9 alopecia? Neste artigo vamos explicar um pouco mais sobre os tipos de alopecia, causas e poss\u00edveis tratamentos.\" \/>\n<meta name=\"robots\" content=\"index, follow, max-snippet:-1, max-image-preview:large, max-video-preview:-1\" \/>\n<link rel=\"canonical\" href=\"https:\/\/www.qualfarma.com.br\/vivabem\/o-que-e-alopecia\/\" \/>\n<meta property=\"og:locale\" content=\"pt_BR\" \/>\n<meta property=\"og:type\" content=\"article\" \/>\n<meta property=\"og:title\" content=\"O que \u00e9 alopecia, condi\u00e7\u00e3o que afeta homens e mulheres?\" \/>\n<meta property=\"og:description\" content=\"Querendo entender o que \u00e9 alopecia? Neste artigo vamos explicar um pouco mais sobre os tipos de alopecia, causas e poss\u00edveis tratamentos.\" \/>\n<meta property=\"og:url\" content=\"https:\/\/www.qualfarma.com.br\/vivabem\/o-que-e-alopecia\/\" \/>\n<meta property=\"og:site_name\" content=\"Blog Viva Bem por Qualfarma\" \/>\n<meta property=\"article:published_time\" content=\"2024-01-24T09:07:34+00:00\" \/>\n<meta property=\"article:modified_time\" content=\"2024-08-14T17:14:48+00:00\" \/>\n<meta property=\"og:image\" content=\"https:\/\/www.qualfarma.com.br\/vivabem\/wp-content\/uploads\/2024\/01\/o-que-e-alopecia.jpg\" \/>\n\t<meta property=\"og:image:width\" content=\"750\" \/>\n\t<meta property=\"og:image:height\" content=\"500\" \/>\n\t<meta property=\"og:image:type\" content=\"image\/jpeg\" \/>\n<meta name=\"author\" content=\"Stephanie Kroll\" \/>\n<meta name=\"twitter:card\" content=\"summary_large_image\" \/>\n<meta name=\"twitter:label1\" content=\"Escrito por\" \/>\n\t<meta name=\"twitter:data1\" content=\"Stephanie Kroll\" \/>\n\t<meta name=\"twitter:label2\" content=\"Est. tempo de leitura\" \/>\n\t<meta name=\"twitter:data2\" content=\"6 minutos\" \/>\n<script type=\"application\/ld+json\" class=\"yoast-schema-graph\">{\"@context\":\"https:\\\/\\\/schema.org\",\"@graph\":[{\"@type\":\"Article\",\"@id\":\"https:\\\/\\\/www.qualfarma.com.br\\\/vivabem\\\/o-que-e-alopecia\\\/#article\",\"isPartOf\":{\"@id\":\"https:\\\/\\\/www.qualfarma.com.br\\\/vivabem\\\/o-que-e-alopecia\\\/\"},\"author\":{\"name\":\"Stephanie Kroll\",\"@id\":\"https:\\\/\\\/www.qualfarma.com.br\\\/vivabem\\\/#\\\/schema\\\/person\\\/a690dda13b8cef2d1093f56c7e09b224\"},\"headline\":\"O que \u00e9 alopecia, condi\u00e7\u00e3o que afeta homens e mulheres?\",\"datePublished\":\"2024-01-24T09:07:34+00:00\",\"dateModified\":\"2024-08-14T17:14:48+00:00\",\"mainEntityOfPage\":{\"@id\":\"https:\\\/\\\/www.qualfarma.com.br\\\/vivabem\\\/o-que-e-alopecia\\\/\"},\"wordCount\":1037,\"commentCount\":0,\"image\":{\"@id\":\"https:\\\/\\\/www.qualfarma.com.br\\\/vivabem\\\/o-que-e-alopecia\\\/#primaryimage\"},\"thumbnailUrl\":\"https:\\\/\\\/www.qualfarma.com.br\\\/vivabem\\\/wp-content\\\/uploads\\\/2024\\\/01\\\/o-que-e-alopecia.jpg\",\"keywords\":[\"Doen\u00e7as e Sintomas\",\"Sa\u00fade\"],\"articleSection\":[\"Doen\u00e7as e sintomas\"],\"inLanguage\":\"pt-BR\",\"potentialAction\":[{\"@type\":\"CommentAction\",\"name\":\"Comment\",\"target\":[\"https:\\\/\\\/www.qualfarma.com.br\\\/vivabem\\\/o-que-e-alopecia\\\/#respond\"]}]},{\"@type\":\"WebPage\",\"@id\":\"https:\\\/\\\/www.qualfarma.com.br\\\/vivabem\\\/o-que-e-alopecia\\\/\",\"url\":\"https:\\\/\\\/www.qualfarma.com.br\\\/vivabem\\\/o-que-e-alopecia\\\/\",\"name\":\"O que \u00e9 alopecia, condi\u00e7\u00e3o que afeta homens e mulheres?\",\"isPartOf\":{\"@id\":\"https:\\\/\\\/www.qualfarma.com.br\\\/vivabem\\\/#website\"},\"primaryImageOfPage\":{\"@id\":\"https:\\\/\\\/www.qualfarma.com.br\\\/vivabem\\\/o-que-e-alopecia\\\/#primaryimage\"},\"image\":{\"@id\":\"https:\\\/\\\/www.qualfarma.com.br\\\/vivabem\\\/o-que-e-alopecia\\\/#primaryimage\"},\"thumbnailUrl\":\"https:\\\/\\\/www.qualfarma.com.br\\\/vivabem\\\/wp-content\\\/uploads\\\/2024\\\/01\\\/o-que-e-alopecia.jpg\",\"datePublished\":\"2024-01-24T09:07:34+00:00\",\"dateModified\":\"2024-08-14T17:14:48+00:00\",\"author\":{\"@id\":\"https:\\\/\\\/www.qualfarma.com.br\\\/vivabem\\\/#\\\/schema\\\/person\\\/a690dda13b8cef2d1093f56c7e09b224\"},\"description\":\"Querendo entender o que \u00e9 alopecia? Neste artigo vamos explicar um pouco mais sobre os tipos de alopecia, causas e poss\u00edveis tratamentos.\",\"breadcrumb\":{\"@id\":\"https:\\\/\\\/www.qualfarma.com.br\\\/vivabem\\\/o-que-e-alopecia\\\/#breadcrumb\"},\"inLanguage\":\"pt-BR\",\"potentialAction\":[{\"@type\":\"ReadAction\",\"target\":[\"https:\\\/\\\/www.qualfarma.com.br\\\/vivabem\\\/o-que-e-alopecia\\\/\"]}]},{\"@type\":\"ImageObject\",\"inLanguage\":\"pt-BR\",\"@id\":\"https:\\\/\\\/www.qualfarma.com.br\\\/vivabem\\\/o-que-e-alopecia\\\/#primaryimage\",\"url\":\"https:\\\/\\\/www.qualfarma.com.br\\\/vivabem\\\/wp-content\\\/uploads\\\/2024\\\/01\\\/o-que-e-alopecia.jpg\",\"contentUrl\":\"https:\\\/\\\/www.qualfarma.com.br\\\/vivabem\\\/wp-content\\\/uploads\\\/2024\\\/01\\\/o-que-e-alopecia.jpg\",\"width\":750,\"height\":500,\"caption\":\"Entender o tipo de alopecia \u00e9 essencial para entender o melhor tratamento\"},{\"@type\":\"BreadcrumbList\",\"@id\":\"https:\\\/\\\/www.qualfarma.com.br\\\/vivabem\\\/o-que-e-alopecia\\\/#breadcrumb\",\"itemListElement\":[{\"@type\":\"ListItem\",\"position\":1,\"name\":\"Blog Viva Bem\",\"item\":\"https:\\\/\\\/www.qualfarma.com.br\\\/vivabem\\\/\"},{\"@type\":\"ListItem\",\"position\":2,\"name\":\"Sa\u00fade\",\"item\":\"https:\\\/\\\/www.qualfarma.com.br\\\/vivabem\\\/saude\\\/\"},{\"@type\":\"ListItem\",\"position\":3,\"name\":\"Doen\u00e7as e sintomas\",\"item\":\"https:\\\/\\\/www.qualfarma.com.br\\\/vivabem\\\/saude\\\/doencas-e-sintomas\\\/\"},{\"@type\":\"ListItem\",\"position\":4,\"name\":\"O que \u00e9 alopecia, condi\u00e7\u00e3o que afeta homens e mulheres?\"}]},{\"@type\":\"WebSite\",\"@id\":\"https:\\\/\\\/www.qualfarma.com.br\\\/vivabem\\\/#website\",\"url\":\"https:\\\/\\\/www.qualfarma.com.br\\\/vivabem\\\/\",\"name\":\"Blog Viva Bem por Qualfarma\",\"description\":\"\u00ae 2023\",\"potentialAction\":[{\"@type\":\"SearchAction\",\"target\":{\"@type\":\"EntryPoint\",\"urlTemplate\":\"https:\\\/\\\/www.qualfarma.com.br\\\/vivabem\\\/?s={search_term_string}\"},\"query-input\":{\"@type\":\"PropertyValueSpecification\",\"valueRequired\":true,\"valueName\":\"search_term_string\"}}],\"inLanguage\":\"pt-BR\"},{\"@type\":\"Person\",\"@id\":\"https:\\\/\\\/www.qualfarma.com.br\\\/vivabem\\\/#\\\/schema\\\/person\\\/a690dda13b8cef2d1093f56c7e09b224\",\"name\":\"Stephanie Kroll\",\"image\":{\"@type\":\"ImageObject\",\"inLanguage\":\"pt-BR\",\"@id\":\"https:\\\/\\\/secure.gravatar.com\\\/avatar\\\/dd1b82540a7b66c3112346e4a6b0e24b524511df3d028133ca1eea9eafc829bc?s=96&d=mm&r=g\",\"url\":\"https:\\\/\\\/secure.gravatar.com\\\/avatar\\\/dd1b82540a7b66c3112346e4a6b0e24b524511df3d028133ca1eea9eafc829bc?s=96&d=mm&r=g\",\"contentUrl\":\"https:\\\/\\\/secure.gravatar.com\\\/avatar\\\/dd1b82540a7b66c3112346e4a6b0e24b524511df3d028133ca1eea9eafc829bc?s=96&d=mm&r=g\",\"caption\":\"Stephanie Kroll\"},\"description\":\"Graduada em Farm\u00e1cia pela Universidade Federal do Rio de Janeiro (UFRJ), Stephanie Kroll (CRF\\\/RJ 28001) atua na \u00e1rea da sa\u00fade da fam\u00edlia com uma abordagem humanizada e \u00e9 respons\u00e1vel t\u00e9cnica pelos conte\u00fados do Viva Bem por Qualfarma.\"}]}<\/script>\n<!-- \/ Yoast SEO plugin. -->","yoast_head_json":{"title":"O que \u00e9 alopecia, condi\u00e7\u00e3o que afeta homens e mulheres?","description":"Querendo entender o que \u00e9 alopecia? Neste artigo vamos explicar um pouco mais sobre os tipos de alopecia, causas e poss\u00edveis tratamentos.","robots":{"index":"index","follow":"follow","max-snippet":"max-snippet:-1","max-image-preview":"max-image-preview:large","max-video-preview":"max-video-preview:-1"},"canonical":"https:\/\/www.qualfarma.com.br\/vivabem\/o-que-e-alopecia\/","og_locale":"pt_BR","og_type":"article","og_title":"O que \u00e9 alopecia, condi\u00e7\u00e3o que afeta homens e mulheres?","og_description":"Querendo entender o que \u00e9 alopecia? Neste artigo vamos explicar um pouco mais sobre os tipos de alopecia, causas e poss\u00edveis tratamentos.","og_url":"https:\/\/www.qualfarma.com.br\/vivabem\/o-que-e-alopecia\/","og_site_name":"Blog Viva Bem por Qualfarma","article_published_time":"2024-01-24T09:07:34+00:00","article_modified_time":"2024-08-14T17:14:48+00:00","og_image":[{"width":750,"height":500,"url":"https:\/\/www.qualfarma.com.br\/vivabem\/wp-content\/uploads\/2024\/01\/o-que-e-alopecia.jpg","type":"image\/jpeg"}],"author":"Stephanie Kroll","twitter_card":"summary_large_image","twitter_misc":{"Escrito por":"Stephanie Kroll","Est. tempo de leitura":"6 minutos"},"schema":{"@context":"https:\/\/schema.org","@graph":[{"@type":"Article","@id":"https:\/\/www.qualfarma.com.br\/vivabem\/o-que-e-alopecia\/#article","isPartOf":{"@id":"https:\/\/www.qualfarma.com.br\/vivabem\/o-que-e-alopecia\/"},"author":{"name":"Stephanie Kroll","@id":"https:\/\/www.qualfarma.com.br\/vivabem\/#\/schema\/person\/a690dda13b8cef2d1093f56c7e09b224"},"headline":"O que \u00e9 alopecia, condi\u00e7\u00e3o que afeta homens e mulheres?","datePublished":"2024-01-24T09:07:34+00:00","dateModified":"2024-08-14T17:14:48+00:00","mainEntityOfPage":{"@id":"https:\/\/www.qualfarma.com.br\/vivabem\/o-que-e-alopecia\/"},"wordCount":1037,"commentCount":0,"image":{"@id":"https:\/\/www.qualfarma.com.br\/vivabem\/o-que-e-alopecia\/#primaryimage"},"thumbnailUrl":"https:\/\/www.qualfarma.com.br\/vivabem\/wp-content\/uploads\/2024\/01\/o-que-e-alopecia.jpg","keywords":["Doen\u00e7as e Sintomas","Sa\u00fade"],"articleSection":["Doen\u00e7as e sintomas"],"inLanguage":"pt-BR","potentialAction":[{"@type":"CommentAction","name":"Comment","target":["https:\/\/www.qualfarma.com.br\/vivabem\/o-que-e-alopecia\/#respond"]}]},{"@type":"WebPage","@id":"https:\/\/www.qualfarma.com.br\/vivabem\/o-que-e-alopecia\/","url":"https:\/\/www.qualfarma.com.br\/vivabem\/o-que-e-alopecia\/","name":"O que \u00e9 alopecia, condi\u00e7\u00e3o que afeta homens e mulheres?","isPartOf":{"@id":"https:\/\/www.qualfarma.com.br\/vivabem\/#website"},"primaryImageOfPage":{"@id":"https:\/\/www.qualfarma.com.br\/vivabem\/o-que-e-alopecia\/#primaryimage"},"image":{"@id":"https:\/\/www.qualfarma.com.br\/vivabem\/o-que-e-alopecia\/#primaryimage"},"thumbnailUrl":"https:\/\/www.qualfarma.com.br\/vivabem\/wp-content\/uploads\/2024\/01\/o-que-e-alopecia.jpg","datePublished":"2024-01-24T09:07:34+00:00","dateModified":"2024-08-14T17:14:48+00:00","author":{"@id":"https:\/\/www.qualfarma.com.br\/vivabem\/#\/schema\/person\/a690dda13b8cef2d1093f56c7e09b224"},"description":"Querendo entender o que \u00e9 alopecia? Neste artigo vamos explicar um pouco mais sobre os tipos de alopecia, causas e poss\u00edveis tratamentos.","breadcrumb":{"@id":"https:\/\/www.qualfarma.com.br\/vivabem\/o-que-e-alopecia\/#breadcrumb"},"inLanguage":"pt-BR","potentialAction":[{"@type":"ReadAction","target":["https:\/\/www.qualfarma.com.br\/vivabem\/o-que-e-alopecia\/"]}]},{"@type":"ImageObject","inLanguage":"pt-BR","@id":"https:\/\/www.qualfarma.com.br\/vivabem\/o-que-e-alopecia\/#primaryimage","url":"https:\/\/www.qualfarma.com.br\/vivabem\/wp-content\/uploads\/2024\/01\/o-que-e-alopecia.jpg","contentUrl":"https:\/\/www.qualfarma.com.br\/vivabem\/wp-content\/uploads\/2024\/01\/o-que-e-alopecia.jpg","width":750,"height":500,"caption":"Entender o tipo de alopecia \u00e9 essencial para entender o melhor tratamento"},{"@type":"BreadcrumbList","@id":"https:\/\/www.qualfarma.com.br\/vivabem\/o-que-e-alopecia\/#breadcrumb","itemListElement":[{"@type":"ListItem","position":1,"name":"Blog Viva Bem","item":"https:\/\/www.qualfarma.com.br\/vivabem\/"},{"@type":"ListItem","position":2,"name":"Sa\u00fade","item":"https:\/\/www.qualfarma.com.br\/vivabem\/saude\/"},{"@type":"ListItem","position":3,"name":"Doen\u00e7as e sintomas","item":"https:\/\/www.qualfarma.com.br\/vivabem\/saude\/doencas-e-sintomas\/"},{"@type":"ListItem","position":4,"name":"O que \u00e9 alopecia, condi\u00e7\u00e3o que afeta homens e mulheres?"}]},{"@type":"WebSite","@id":"https:\/\/www.qualfarma.com.br\/vivabem\/#website","url":"https:\/\/www.qualfarma.com.br\/vivabem\/","name":"Blog Viva Bem por Qualfarma","description":"\u00ae 2023","potentialAction":[{"@type":"SearchAction","target":{"@type":"EntryPoint","urlTemplate":"https:\/\/www.qualfarma.com.br\/vivabem\/?s={search_term_string}"},"query-input":{"@type":"PropertyValueSpecification","valueRequired":true,"valueName":"search_term_string"}}],"inLanguage":"pt-BR"},{"@type":"Person","@id":"https:\/\/www.qualfarma.com.br\/vivabem\/#\/schema\/person\/a690dda13b8cef2d1093f56c7e09b224","name":"Stephanie Kroll","image":{"@type":"ImageObject","inLanguage":"pt-BR","@id":"https:\/\/secure.gravatar.com\/avatar\/dd1b82540a7b66c3112346e4a6b0e24b524511df3d028133ca1eea9eafc829bc?s=96&d=mm&r=g","url":"https:\/\/secure.gravatar.com\/avatar\/dd1b82540a7b66c3112346e4a6b0e24b524511df3d028133ca1eea9eafc829bc?s=96&d=mm&r=g","contentUrl":"https:\/\/secure.gravatar.com\/avatar\/dd1b82540a7b66c3112346e4a6b0e24b524511df3d028133ca1eea9eafc829bc?s=96&d=mm&r=g","caption":"Stephanie Kroll"},"description":"Graduada em Farm\u00e1cia pela Universidade Federal do Rio de Janeiro (UFRJ), Stephanie Kroll (CRF\/RJ 28001) atua na \u00e1rea da sa\u00fade da fam\u00edlia com uma abordagem humanizada e \u00e9 respons\u00e1vel t\u00e9cnica pelos conte\u00fados do Viva Bem por Qualfarma."}]}},"jetpack_featured_media_url":"https:\/\/www.qualfarma.com.br\/vivabem\/wp-content\/uploads\/2024\/01\/o-que-e-alopecia.jpg","tpgb_featured_images":{"full":["https:\/\/www.qualfarma.com.br\/vivabem\/wp-content\/uploads\/2024\/01\/o-que-e-alopecia.jpg",750,500,false],"tp-image-grid":["https:\/\/www.qualfarma.com.br\/vivabem\/wp-content\/uploads\/2024\/01\/o-que-e-alopecia-700x700.jpg",700,700,true],"thumbnail":["https:\/\/www.qualfarma.com.br\/vivabem\/wp-content\/uploads\/2024\/01\/o-que-e-alopecia-150x150.jpg",150,150,true],"medium":["https:\/\/www.qualfarma.com.br\/vivabem\/wp-content\/uploads\/2024\/01\/o-que-e-alopecia-300x200.jpg",300,200,true],"medium_large":["https:\/\/www.qualfarma.com.br\/vivabem\/wp-content\/uploads\/2024\/01\/o-que-e-alopecia.jpg",750,500,false],"large":["https:\/\/www.qualfarma.com.br\/vivabem\/wp-content\/uploads\/2024\/01\/o-que-e-alopecia.jpg",750,500,false],"default":"https:\/\/www.qualfarma.com.br\/vivabem\/wp-content\/plugins\/the-plus-addons-for-block-editor\/assets\/images\/tpgb-placeholder.jpg"},"tpgb_post_meta_info":{"get_date":"janeiro 24, 2024","get_modified_date":"agosto 14, 2024","category_list":{"category":[{"term_id":108,"name":"Doen\u00e7as e sintomas","slug":"doencas-e-sintomas","term_group":0,"term_taxonomy_id":108,"taxonomy":"category","description":"","parent":106,"count":7,"filter":"raw"}],"post_tag":[{"term_id":88,"name":"Doen\u00e7as e Sintomas","slug":"doencas-e-sintomas","term_group":0,"term_taxonomy_id":88,"taxonomy":"post_tag","description":"","parent":0,"count":7,"filter":"raw"},{"term_id":87,"name":"Sa\u00fade","slug":"saude","term_group":0,"term_taxonomy_id":87,"taxonomy":"post_tag","description":"","parent":0,"count":21,"filter":"raw"}]},"author_name":"Stephanie Kroll","author_url":"https:\/\/www.qualfarma.com.br\/vivabem\/author\/sterabelohotmail-com\/","author_email":"sterabelo@hotmail.com","author_website":"","author_description":"Graduada em Farm\u00e1cia pela Universidade Federal do Rio de Janeiro (UFRJ), Stephanie Kroll (CRF\/RJ 28001) atua na \u00e1rea da sa\u00fade da fam\u00edlia com uma abordagem humanizada e \u00e9 respons\u00e1vel t\u00e9cnica pelos conte\u00fados do Viva Bem por Qualfarma.","author_facebook":"","author_twitter":"","author_instagram":"","author_role":["editor"],"author_firstname":"Stephanie","author_lastname":"Kroll","user_login":"sterabelo@hotmail.com","author_avatar":"<img alt='' src='https:\/\/secure.gravatar.com\/avatar\/dd1b82540a7b66c3112346e4a6b0e24b524511df3d028133ca1eea9eafc829bc?s=200&#038;d=mm&#038;r=g' srcset='https:\/\/secure.gravatar.com\/avatar\/dd1b82540a7b66c3112346e4a6b0e24b524511df3d028133ca1eea9eafc829bc?s=400&#038;d=mm&#038;r=g 2x' class='avatar avatar-200 photo' height='200' width='200' decoding='async'\/>","author_avatar_url":"https:\/\/secure.gravatar.com\/avatar\/dd1b82540a7b66c3112346e4a6b0e24b524511df3d028133ca1eea9eafc829bc?s=96&d=mm&r=g","comment_count":0,"post_likes":0,"post_views":0},"tpgb_post_category":{"category":"<a href=\"https:\/\/www.qualfarma.com.br\/vivabem\/saude\/doencas-e-sintomas\/\" alt=\"Doen\u00e7as e sintomas\"  class=\"category-doencas-e-sintomas\">Doen\u00e7as e sintomas<\/a> ","post_tag":"<a href=\"https:\/\/www.qualfarma.com.br\/vivabem\/tag\/doencas-e-sintomas\/\" alt=\"Doen\u00e7as e Sintomas\"  class=\"post_tag-doencas-e-sintomas\">Doen\u00e7as e Sintomas<\/a> <a href=\"https:\/\/www.qualfarma.com.br\/vivabem\/tag\/saude\/\" alt=\"Sa\u00fade\"  class=\"post_tag-saude\">Sa\u00fade<\/a> "},"_links":{"self":[{"href":"https:\/\/www.qualfarma.com.br\/vivabem\/wp-json\/wp\/v2\/posts\/2589","targetHints":{"allow":["GET"]}}],"collection":[{"href":"https:\/\/www.qualfarma.com.br\/vivabem\/wp-json\/wp\/v2\/posts"}],"about":[{"href":"https:\/\/www.qualfarma.com.br\/vivabem\/wp-json\/wp\/v2\/types\/post"}],"author":[{"embeddable":true,"href":"https:\/\/www.qualfarma.com.br\/vivabem\/wp-json\/wp\/v2\/users\/7"}],"replies":[{"embeddable":true,"href":"https:\/\/www.qualfarma.com.br\/vivabem\/wp-json\/wp\/v2\/comments?post=2589"}],"version-history":[{"count":11,"href":"https:\/\/www.qualfarma.com.br\/vivabem\/wp-json\/wp\/v2\/posts\/2589\/revisions"}],"predecessor-version":[{"id":3262,"href":"https:\/\/www.qualfarma.com.br\/vivabem\/wp-json\/wp\/v2\/posts\/2589\/revisions\/3262"}],"wp:featuredmedia":[{"embeddable":true,"href":"https:\/\/www.qualfarma.com.br\/vivabem\/wp-json\/wp\/v2\/media\/2591"}],"wp:attachment":[{"href":"https:\/\/www.qualfarma.com.br\/vivabem\/wp-json\/wp\/v2\/media?parent=2589"}],"wp:term":[{"taxonomy":"category","embeddable":true,"href":"https:\/\/www.qualfarma.com.br\/vivabem\/wp-json\/wp\/v2\/categories?post=2589"},{"taxonomy":"post_tag","embeddable":true,"href":"https:\/\/www.qualfarma.com.br\/vivabem\/wp-json\/wp\/v2\/tags?post=2589"}],"curies":[{"name":"wp","href":"https:\/\/api.w.org\/{rel}","templated":true}]}}