{"id":2565,"date":"2024-01-23T08:03:25","date_gmt":"2024-01-23T08:03:25","guid":{"rendered":"https:\/\/www.qualfarma.com.br\/vivabem\/?p=2565"},"modified":"2024-08-14T17:15:07","modified_gmt":"2024-08-14T17:15:07","slug":"o-que-e-bom-para-pressao-baixa","status":"publish","type":"post","link":"https:\/\/www.qualfarma.com.br\/vivabem\/o-que-e-bom-para-pressao-baixa\/","title":{"rendered":"O que \u00e9 bom para press\u00e3o baixa? Confira orienta\u00e7\u00f5es pr\u00e1ticas"},"content":{"rendered":"\n<p>Embora frequentemente considerada menos perigosa do que a hipertens\u00e3o, a press\u00e3o baixa \u2013 ou hipotens\u00e3o arterial \u2013 requer aten\u00e7\u00e3o e manejo adequados para garantir o bem-estar de quem passa por isso. Neste artigo, desvendamos <strong>o que \u00e9 bom para press\u00e3o baixa<\/strong> e exploramos algumas orienta\u00e7\u00f5es pr\u00e1ticas para lidar com o problema.&nbsp;<\/p>\n\n\n\n<div id=\"ez-toc-container\" class=\"ez-toc-v2_0_82_2 counter-hierarchy ez-toc-counter ez-toc-grey ez-toc-container-direction\">\n<div class=\"ez-toc-title-container\">\n<p class=\"ez-toc-title\" style=\"cursor:inherit\">Navegue pelo assunto<\/p>\n<span class=\"ez-toc-title-toggle\"><\/span><\/div>\n<nav><ul class='ez-toc-list ez-toc-list-level-1 ' ><li class='ez-toc-page-1 ez-toc-heading-level-2'><a class=\"ez-toc-link ez-toc-heading-1\" href=\"https:\/\/www.qualfarma.com.br\/vivabem\/o-que-e-bom-para-pressao-baixa\/#O_que_e_bom_para_pressao_baixa\" >O que \u00e9 bom para press\u00e3o baixa?<\/a><ul class='ez-toc-list-level-3' ><li class='ez-toc-heading-level-3'><a class=\"ez-toc-link ez-toc-heading-2\" href=\"https:\/\/www.qualfarma.com.br\/vivabem\/o-que-e-bom-para-pressao-baixa\/#O_que_e_bom_para_pressao_baixa_sal_ou_acucar\" >O que \u00e9 bom para press\u00e3o baixa: sal ou a\u00e7\u00facar?&nbsp;<\/a><\/li><\/ul><\/li><li class='ez-toc-page-1 ez-toc-heading-level-2'><a class=\"ez-toc-link ez-toc-heading-3\" href=\"https:\/\/www.qualfarma.com.br\/vivabem\/o-que-e-bom-para-pressao-baixa\/#O_que_devo_tomar_quando_a_pressao_baixa\" >O que devo tomar quando a press\u00e3o baixa?&nbsp;<\/a><ul class='ez-toc-list-level-3' ><li class='ez-toc-heading-level-3'><a class=\"ez-toc-link ez-toc-heading-4\" href=\"https:\/\/www.qualfarma.com.br\/vivabem\/o-que-e-bom-para-pressao-baixa\/#O_que_e_bom_para_aumentar_a_pressao_rapido\" >O que \u00e9 bom para aumentar a press\u00e3o r\u00e1pido?\u00a0<\/a><\/li><\/ul><\/li><li class='ez-toc-page-1 ez-toc-heading-level-2'><a class=\"ez-toc-link ez-toc-heading-5\" href=\"https:\/\/www.qualfarma.com.br\/vivabem\/o-que-e-bom-para-pressao-baixa\/#O_que_causa_pressao_baixa\" >O que causa press\u00e3o baixa?&nbsp;<\/a><\/li><li class='ez-toc-page-1 ez-toc-heading-level-2'><a class=\"ez-toc-link ez-toc-heading-6\" href=\"https:\/\/www.qualfarma.com.br\/vivabem\/o-que-e-bom-para-pressao-baixa\/#Como_acompanhar_a_pressao_arterial\" >Como acompanhar a press\u00e3o arterial<\/a><\/li><\/ul><\/nav><\/div>\n<h2 class=\"wp-block-heading\"><span class=\"ez-toc-section\" id=\"O_que_e_bom_para_pressao_baixa\"><\/span>O que \u00e9 bom para press\u00e3o baixa?<span class=\"ez-toc-section-end\"><\/span><\/h2>\n\n\n\n<p>De ajustes na dieta a estrat\u00e9gias de hidrata\u00e7\u00e3o, muito do que \u00e9 bom para evitar a hipotens\u00e3o diz respeito a uma <strong>mudan\u00e7a no estilo de vida<\/strong>. Como por exemplo:&nbsp;<\/p>\n\n\n\n<ul class=\"wp-block-list\">\n<li>Ter uma dieta saud\u00e1vel;<\/li>\n\n\n\n<li>Manter-se hidratado;<\/li>\n\n\n\n<li>Praticar exerc\u00edcios regularmente.&nbsp;<\/li>\n<\/ul>\n\n\n\n<p><br>Al\u00e9m disso, h\u00e1 uma s\u00e9rie de coisas que voc\u00ea deve evitar, tais como:\u00a0<\/p>\n\n\n\n<ul class=\"wp-block-list\">\n<li>Lugares abafados ou com grande concentra\u00e7\u00e3o de pessoas;<\/li>\n\n\n\n<li>Levantar rapidamente;<\/li>\n\n\n\n<li>Bebidas alco\u00f3licas e tabaco.&nbsp;<\/li>\n<\/ul>\n\n\n\n<p><br>Se voc\u00ea tem tend\u00eancia \u00e0 hipotens\u00e3o, portanto, \u00e9 recomendado ter esse tipo de cautela. De qualquer forma, fazer acompanhamento m\u00e9dico para entender as raz\u00f5es da queda de press\u00e3o tamb\u00e9m \u00e9 importante.<\/p>\n\n\n\n<h3 class=\"wp-block-heading\"><span class=\"ez-toc-section\" id=\"O_que_e_bom_para_pressao_baixa_sal_ou_acucar\"><\/span>O que \u00e9 bom para press\u00e3o baixa: sal ou a\u00e7\u00facar?&nbsp;<span class=\"ez-toc-section-end\"><\/span><\/h3>\n\n\n\n<p>Embora a recomenda\u00e7\u00e3o de um pouquinho de sal embaixo da l\u00edngua seja bastante recorrente no Brasil diante de um epis\u00f3dio de queda de press\u00e3o, n\u00e3o h\u00e1 evid\u00eancias cient\u00edficas que comprovem essa sugest\u00e3o.&nbsp;<\/p>\n\n\n\n<p>O a\u00e7\u00facar, por outro lado, at\u00e9 pode ajudar a aumentar a press\u00e3o se ela estiver relacionada \u00e0 hipoglicemia, ou seja, um n\u00edvel muito baixo de glicose no sangue.&nbsp;<\/p>\n\n\n\n<p>Mesmo que pare\u00e7am funcionar pontualmente, <strong>nenhuma dessas alternativas deve ser tratada como uma solu\u00e7\u00e3o<\/strong> e menos ainda como uma esp\u00e9cie de tratamento.\u00a0<\/p>\n\n\n\n<p>Segundo estudo sobre a <a href=\"https:\/\/bvsms.saude.gov.br\/bvs\/publicacoes\/policy_brief_sodio_alimentos_processados.pdf\" target=\"_blank\" rel=\"noreferrer noopener\">redu\u00e7\u00e3o do s\u00f3dio em alimentos processados e ultraprocessados no Brasil<\/a>, o Minist\u00e9rio da Sa\u00fade cita que a OMS (Organiza\u00e7\u00e3o Mundial da Sa\u00fade) recomenda o consumo de at\u00e9 5 gramas de sal por dia e at\u00e9 50 gramas de a\u00e7\u00facar de adi\u00e7\u00e3o \u2013\u00a0tanto o a\u00e7\u00facar de mesa como o adicionado a sucos industrializados, por exemplo \u2013 tamb\u00e9m por dia.\u00a0<\/p>\n\n\n\n<h2 class=\"wp-block-heading\"><span class=\"ez-toc-section\" id=\"O_que_devo_tomar_quando_a_pressao_baixa\"><\/span>O que devo tomar quando a press\u00e3o baixa?&nbsp;<span class=\"ez-toc-section-end\"><\/span><\/h2>\n\n\n\n<p>No geral, o mais recomendado para uma queda s\u00fabita da press\u00e3o \u00e9<strong> tomar \u00e1gua ou suco de fruta<\/strong> em pequenos goles. A ideia, com isso, \u00e9 aumentar o volume do fluxo sangu\u00edneo.&nbsp;&nbsp;<\/p>\n\n\n\n<p>Por\u00e9m, \u00e9 preciso entender as causas dessa queda de press\u00e3o e procurar atendimento m\u00e9dico caso os ind\u00edcios de press\u00e3o baixa continuem por mais de 15 minutos.&nbsp;<\/p>\n\n\n\n<p>Entre os ind\u00edcios, est\u00e3o alguns dos principais sintomas da hipotens\u00e3o:<\/p>\n\n\n\n<ul class=\"wp-block-list\">\n<li>Fraqueza;<\/li>\n\n\n\n<li>Tontura;<\/li>\n\n\n\n<li>Vis\u00e3o turva;<\/li>\n\n\n\n<li>Vis\u00e3o turva;<\/li>\n\n\n\n<li>Suor frio;<\/li>\n\n\n\n<li>Desmaio.<\/li>\n<\/ul>\n\n\n\n<h3 class=\"wp-block-heading\"><span class=\"ez-toc-section\" id=\"O_que_e_bom_para_aumentar_a_pressao_rapido\"><\/span><br>O que \u00e9 bom para aumentar a press\u00e3o r\u00e1pido?\u00a0<span class=\"ez-toc-section-end\"><\/span><\/h3>\n\n\n\n<p>Al\u00e9m de tomar \u00e1gua, <strong>deitar-se e elevar as pernas <\/strong>tamb\u00e9m ajuda a aumentar o fluxo sangu\u00edneo, redirecionando-o para cora\u00e7\u00e3o e c\u00e9rebro.<\/p>\n\n\n\n<h2 class=\"wp-block-heading\"><span class=\"ez-toc-section\" id=\"O_que_causa_pressao_baixa\"><\/span>O que causa press\u00e3o baixa?&nbsp;<span class=\"ez-toc-section-end\"><\/span><\/h2>\n\n\n\n<p>A hipotens\u00e3o pode ser causada por raz\u00f5es como:<\/p>\n\n\n\n<ul class=\"wp-block-list\">\n<li>Desidrata\u00e7\u00e3o;&nbsp;<\/li>\n\n\n\n<li>Calor intenso;<\/li>\n\n\n\n<li>Longo per\u00edodo de jejum;<\/li>\n\n\n\n<li>Perda de sangue;<\/li>\n\n\n\n<li>Problemas card\u00edacos;<\/li>\n\n\n\n<li>Dist\u00farbios end\u00f3crinos ou alimentares;<\/li>\n\n\n\n<li>Efeito colateral de medicamentos;<\/li>\n\n\n\n<li>Uso inadequado de medicamentos.<\/li>\n<\/ul>\n\n\n\n<p><br>Ainda, a hipotens\u00e3o arterial tamb\u00e9m pode ser um sintoma de uma s\u00e9rie de outras doen\u00e7as, como diabetes, por exemplo. Com isso, vale consultar um m\u00e9dico ou uma m\u00e9dica de confian\u00e7a caso os epis\u00f3dios de queda de press\u00e3o se tornem recorrentes.\u00a0<\/p>\n\n\n\n<h2 class=\"wp-block-heading\"><span class=\"ez-toc-section\" id=\"Como_acompanhar_a_pressao_arterial\"><\/span>Como acompanhar a press\u00e3o arterial<span class=\"ez-toc-section-end\"><\/span><\/h2>\n\n\n\n<p>Se voc\u00ea tem tend\u00eancia \u00e0 hipotens\u00e3o ou recomenda\u00e7\u00f5es m\u00e9dicas em rela\u00e7\u00e3o ao problema, pode ser importante ter um medidor de press\u00e3o em casa. Assim, voc\u00ea pode acompanhar a sua press\u00e3o de forma peri\u00f3dica. <\/p>\n\n\n\n<p>Confira algumas sugest\u00f5es de aparelho: h\u00e1 op\u00e7\u00f5es de pulso e de bra\u00e7o. O segundo costuma ser mais preciso, mas ambas as op\u00e7\u00f5es s\u00e3o indicadas para se ter uma refer\u00eancia. Cuide-se!<\/p>\n\n\n\t\t<div data-elementor-type=\"page\" data-elementor-id=\"2572\" class=\"elementor elementor-2572\" data-elementor-post-type=\"elementor_library\">\n\t\t\t\t\t\t<section class=\"elementor-section elementor-top-section elementor-element elementor-element-5c3fac52 elementor-section-boxed elementor-section-height-default elementor-section-height-default\" data-id=\"5c3fac52\" data-element_type=\"section\" data-e-type=\"section\">\n\t\t\t\t\t\t<div class=\"elementor-container elementor-column-gap-default\">\n\t\t\t\t\t<div class=\"elementor-column elementor-col-100 elementor-top-column elementor-element elementor-element-58855b8d\" data-id=\"58855b8d\" data-element_type=\"column\" data-e-type=\"column\">\n\t\t\t<div class=\"elementor-widget-wrap elementor-element-populated\">\n\t\t\t\t\t\t<div class=\"elementor-element elementor-element-4037fc43 elementor-widget elementor-widget-ucaddon_card_carousel\" data-id=\"4037fc43\" data-element_type=\"widget\" data-e-type=\"widget\" data-widget_type=\"ucaddon_card_carousel.default\">\n\t\t\t\t<div class=\"elementor-widget-container\">\n\t\t\t\t\t\n<!-- start Card Carousel -->\n\t\t<link id='font-awesome-css' href='https:\/\/www.qualfarma.com.br\/vivabem\/wp-content\/plugins\/unlimited-elements-for-elementor\/assets_libraries\/font-awesome6\/fontawesome-all.min.css' type='text\/css' rel='stylesheet' >\n\t\t<link id='font-awesome-4-shim-css' href='https:\/\/www.qualfarma.com.br\/vivabem\/wp-content\/plugins\/unlimited-elements-for-elementor\/assets_libraries\/font-awesome6\/fontawesome-v4-shims.min.css' type='text\/css' rel='stylesheet' >\n\t\t<link id='owl-carousel-css' href='https:\/\/www.qualfarma.com.br\/vivabem\/wp-content\/plugins\/unlimited-elements-for-elementor\/assets_libraries\/owl-carousel-new\/assets\/owl.carousel.css' type='text\/css' rel='stylesheet' >\n\t\t<link id='uc_ac_assets_file_animate_css_77907-css' href='https:\/\/www.qualfarma.com.br\/vivabem\/wp-content\/uploads\/ac_assets\/uc_classic_carousel\/animate.css' type='text\/css' rel='stylesheet' >\n\n<style>\/* widget: Card Carousel *\/\n\n#uc_card_carousel_elementor_4037fc43-wrapper\n{\n  min-height:1px;\n}\n#uc_card_carousel_elementor_4037fc43 *{\n\t-webkit-box-sizing: border-box;\n\t-moz-box-sizing: border-box;\n\tbox-sizing: border-box;\n}\n\n#uc_card_carousel_elementor_4037fc43 .ue-carousel-item\n{\n  overflow:hidden;\n  transition:0.3s;\n}\n\n#uc_card_carousel_elementor_4037fc43 .uc_classic_carousel_container_holder\n{\n\tdisplay:block;\n\tposition:relative;\n\twidth:100%;\n    box-sizing: border-box;\n}\n#uc_card_carousel_elementor_4037fc43 .uc_classic_carousel_placeholder{\n   position:relative;\n}\n\n#uc_card_carousel_elementor_4037fc43 .uc_classic_carousel_placeholder img, #uc_card_carousel_elementor_4037fc43 .ue_card_carousel_image_overlay\n{\n  transition: all 300ms;\n}\n\n.card_carousel_title\n{\n\tfont-size:21px;\n}\n\n.uc_classic_carousel .uc_classic_carousel_border\n{\n\tdisplay:block;\n    margin:0 auto;\n}\n\n.uc_classic_carousel  .uc_classic_carousel_placeholder img\n{\n\twidth:100%;\n    \n    display:inline-flex;\n}\n.uc_classic_carousel .uc_classic_carousel_content\n{\n  display: flex;\n flex-flow: column nowrap;\n}\n\n.uc_classic_carousel .ue_button\n{\n  margin-top:auto;\n\n}\n\n.uc_classic_carousel .uc_classic_carousel_content .uc_more_btn {\n\tdisplay:inline-block;\n\ttext-decoration:none;\n\ttransition: all 0.5s ease;\n}\n\n\n#uc_card_carousel_elementor_4037fc43 .owl-dots {\noverflow:hidden;\ntext-align:center;\n}\n\n#uc_card_carousel_elementor_4037fc43 .owl-dot {\nborder-radius:50%;\ndisplay:inline-block;\n}\n\n#uc_card_carousel_elementor_4037fc43 .owl-nav .owl-prev,\n#uc_card_carousel_elementor_4037fc43 .owl-nav .owl-next{\n    position:absolute;\n    display:flex;\n  \tjustify-content: center;\n  \talign-items: center;\n    text-align:center;\n}\n\n\n#uc_card_carousel_elementor_4037fc43 .owl-nav .disabled\n{\n    display: none;  \n}\n\n\n#uc_card_carousel_elementor_4037fc43 .ue-item-icon\n{\n  line-height:1em;\n  display:inline-flex;\n  justify-content:center;\n  align-items:center;\n  \n}\n\n#uc_card_carousel_elementor_4037fc43 .ue-item-icon svg\n{\n  height:1em;\n  width:1em;\n}\n\n#uc_card_carousel_elementor_4037fc43 .ue-item-icon-wrapper\n{\n  display:flex;\n}\n\n#uc_card_carousel_elementor_4037fc43 .uc_classic_carousel_container_holder {\n\t max-width: ;\n}\n\n\n\t#uc_card_carousel_elementor_4037fc43 .owl-stage\n        {\n            transition-timing-function: linear!important;\n        }\n\n@media screen and (max-width: 1024px) {\n  #uc_card_carousel_elementor_4037fc43 .uc_classic_carousel_container_holder {\n\t max-width: ;\n  }\n}\n\n@media screen and (max-width: 767px) {\n  #uc_card_carousel_elementor_4037fc43 .uc_classic_carousel_container_holder {\n    max-width: ;\n  }\n}\n\n<\/style>\n\n<div class=\"uc_classic_carousel\" id=\"uc_card_carousel_elementor_4037fc43-wrapper\">\n        <div class=\"uc_carousel owl-carousel uc-items-wrapper  \" id=\"uc_card_carousel_elementor_4037fc43\"  >\n          \t<div class=\"uc_classic_carousel_container_holder ue-item elementor-repeater-item-27d6ac1\">\n  <div class=\"ue-carousel-item\">\n      <div class=\"uc_classic_carousel_placeholder\">\n          <img fetchpriority=\"high\" decoding=\"async\" src=\"https:\/\/www.qualfarma.com.br\/vivabem\/wp-content\/uploads\/2024\/01\/aparelho-de-pressao-omrom.jpeg\"  src=\"https:\/\/www.qualfarma.com.br\/vivabem\/wp-content\/uploads\/2024\/01\/aparelho-de-pressao-omrom.jpeg\" alt=\"Aparelho de press\u00e3o Omrom\" width=\"500\" height=\"500\">\n          <\/div>\n    <div class=\"uc_classic_carousel_content\" style=\"direction:rtl;\">\n    \n    \n        \n          \t\n      <div  class=\"card_carousel_title\">Aparelho Monitoramento Press\u00e3o Omron Hem 7130 <\/div>\n          \t\n    \n      \n        \n    \n    \t\n    \n    \n        \t \n              <div class=\"ue_button\"><a class=\"uc_more_btn \" href=\"https:\/\/www.qualfarma.com.br\/aparelho-monitoramento-pressao-omron-hem-7130-omron\/p\" title=\"Saber mais\"  target='_blank'>Saber mais<\/a><\/div>\n        \t    \n    \t\n  <\/div>\n  <\/div>\n<\/div>\n<div class=\"uc_classic_carousel_container_holder ue-item elementor-repeater-item-5ba2d73\">\n  <div class=\"ue-carousel-item\">\n      <div class=\"uc_classic_carousel_placeholder\">\n          <img decoding=\"async\" src=\"https:\/\/www.qualfarma.com.br\/vivabem\/wp-content\/uploads\/2024\/01\/aparelho-de-pressao-microlife.png\"  src=\"https:\/\/www.qualfarma.com.br\/vivabem\/wp-content\/uploads\/2024\/01\/aparelho-de-pressao-microlife.png\" alt=\"Aparelho de press\u00e3o Microlife\" width=\"1203\" height=\"1149\">\n          <\/div>\n    <div class=\"uc_classic_carousel_content\" style=\"direction:rtl;\">\n    \n    \n        \n          \t\n      <div  class=\"card_carousel_title\">Aparelho De Press\u00e3o Arterial De Pulso Prata Bpw100 Microlife<\/div>\n          \t\n    \n      \n        \n    \n    \t\n    \n    \n        \t \n              <div class=\"ue_button\"><a class=\"uc_more_btn \" href=\"https:\/\/www.qualfarma.com.br\/aparelho-de-pressao-arterial-de-pulso-prata-bpw100-microlife\/p\" title=\"Saber mais\"  target='_blank'>Saber mais<\/a><\/div>\n        \t    \n    \t\n  <\/div>\n  <\/div>\n<\/div>\n<div class=\"uc_classic_carousel_container_holder ue-item elementor-repeater-item-0fbbacc\">\n  <div class=\"ue-carousel-item\">\n      <div class=\"uc_classic_carousel_placeholder\">\n          <img decoding=\"async\" src=\"https:\/\/www.qualfarma.com.br\/vivabem\/wp-content\/uploads\/2024\/01\/aparelho-de-pressao-mb050.jpeg\"  src=\"https:\/\/www.qualfarma.com.br\/vivabem\/wp-content\/uploads\/2024\/01\/aparelho-de-pressao-mb050.jpeg\" alt=\"Aparelho de press\u00e3o mb050\" width=\"500\" height=\"500\">\n          <\/div>\n    <div class=\"uc_classic_carousel_content\" style=\"direction:rtl;\">\n    \n    \n        \n          \t\n      <div  class=\"card_carousel_title\">Aparelho De Press\u00e3o Incoterm Autom\u00e1tico De Bra\u00e7o Mb050<\/div>\n          \t\n    \n      \n        \n    \n    \t\n    \n    \n        \t \n              <div class=\"ue_button\"><a class=\"uc_more_btn \" href=\"https:\/\/www.qualfarma.com.br\/aparelho-de-pressao-incoterm-automatico-de-braco-mb050\/p\" title=\"Saiba mais\" >Saiba mais<\/a><\/div>\n        \t    \n    \t\n  <\/div>\n  <\/div>\n<\/div>\n<div class=\"uc_classic_carousel_container_holder ue-item elementor-repeater-item-2d96af3\">\n  <div class=\"ue-carousel-item\">\n      <div class=\"uc_classic_carousel_placeholder\">\n          <img loading=\"lazy\" decoding=\"async\" src=\"https:\/\/www.qualfarma.com.br\/vivabem\/wp-content\/uploads\/2024\/01\/aparelho-de-pressao-g-tech.jpeg\"  src=\"https:\/\/www.qualfarma.com.br\/vivabem\/wp-content\/uploads\/2024\/01\/aparelho-de-pressao-g-tech.jpeg\" alt=\"Aparelho de press\u00e5o G Tech\" width=\"500\" height=\"500\">\n          <\/div>\n    <div class=\"uc_classic_carousel_content\" style=\"direction:rtl;\">\n    \n    \n        \n          \t\n      <div  class=\"card_carousel_title\">Aparelho De Press\u00e3o De Pulso Autom\u00e1tico G-Tech <\/div>\n          \t\n    \n      \n        \n    \n    \t\n    \n    \n        \t \n              <div class=\"ue_button\"><a class=\"uc_more_btn \" href=\"https:\/\/www.qualfarma.com.br\/aparelho-de-pressao-de-pulso-digital-automatico-g-tech-gp450sp\/p\" title=\"Saiba mais\" >Saiba mais<\/a><\/div>\n        \t    \n    \t\n  <\/div>\n  <\/div>\n<\/div>\n\n      <\/div>\n<\/div>\n<!-- end Card Carousel -->\t\t\t\t<\/div>\n\t\t\t\t<\/div>\n\t\t\t\t\t<\/div>\n\t\t<\/div>\n\t\t\t\t\t<\/div>\n\t\t<\/section>\n\t\t\t\t<\/div>\n\t\t\n\n\n\n<p> <\/p>\n","protected":false},"excerpt":{"rendered":"<p>Tem tend\u00eancia \u00e0 hipotens\u00e3o? Conhe\u00e7a alguns cuidados b\u00e1sicos e desmistifique algumas cren\u00e7as.<\/p>\n","protected":false},"author":7,"featured_media":2567,"comment_status":"open","ping_status":"open","sticky":false,"template":"","format":"standard","meta":{"tpgb_global_settings":"","footnotes":""},"categories":[108],"tags":[88,87],"class_list":["post-2565","post","type-post","status-publish","format-standard","has-post-thumbnail","hentry","category-doencas-e-sintomas","tag-doencas-e-sintomas","tag-saude"],"yoast_head":"<!-- This site is optimized with the Yoast SEO plugin v27.5 - https:\/\/yoast.com\/product\/yoast-seo-wordpress\/ -->\n<title>O que \u00e9 bom para press\u00e3o baixa? Confira orienta\u00e7\u00f5es pr\u00e1ticas<\/title>\n<meta name=\"description\" content=\"Querendo saber o que \u00e9 bom para press\u00e3o baixa? Damos algumas respostas neste artigo, mas procure um m\u00e9dico se a hipotens\u00e3o n\u00e3o for pontual.\" \/>\n<meta name=\"robots\" content=\"index, follow, max-snippet:-1, max-image-preview:large, max-video-preview:-1\" \/>\n<link rel=\"canonical\" href=\"https:\/\/www.qualfarma.com.br\/vivabem\/o-que-e-bom-para-pressao-baixa\/\" \/>\n<meta property=\"og:locale\" content=\"pt_BR\" \/>\n<meta property=\"og:type\" content=\"article\" \/>\n<meta property=\"og:title\" content=\"O que \u00e9 bom para press\u00e3o baixa? Confira orienta\u00e7\u00f5es pr\u00e1ticas\" \/>\n<meta property=\"og:description\" content=\"Querendo saber o que \u00e9 bom para press\u00e3o baixa? Damos algumas respostas neste artigo, mas procure um m\u00e9dico se a hipotens\u00e3o n\u00e3o for pontual.\" \/>\n<meta property=\"og:url\" content=\"https:\/\/www.qualfarma.com.br\/vivabem\/o-que-e-bom-para-pressao-baixa\/\" \/>\n<meta property=\"og:site_name\" content=\"Blog Viva Bem por Qualfarma\" \/>\n<meta property=\"article:published_time\" content=\"2024-01-23T08:03:25+00:00\" \/>\n<meta property=\"article:modified_time\" content=\"2024-08-14T17:15:07+00:00\" \/>\n<meta property=\"og:image\" content=\"https:\/\/www.qualfarma.com.br\/vivabem\/wp-content\/uploads\/2024\/01\/o-que-e-bom-para-pressao-baixa.jpg\" \/>\n\t<meta property=\"og:image:width\" content=\"750\" \/>\n\t<meta property=\"og:image:height\" content=\"500\" \/>\n\t<meta property=\"og:image:type\" content=\"image\/jpeg\" \/>\n<meta name=\"author\" content=\"Stephanie Kroll\" \/>\n<meta name=\"twitter:card\" content=\"summary_large_image\" \/>\n<meta name=\"twitter:label1\" content=\"Escrito por\" \/>\n\t<meta name=\"twitter:data1\" content=\"Stephanie Kroll\" \/>\n\t<meta name=\"twitter:label2\" content=\"Est. tempo de leitura\" \/>\n\t<meta name=\"twitter:data2\" content=\"4 minutos\" \/>\n<script type=\"application\/ld+json\" class=\"yoast-schema-graph\">{\"@context\":\"https:\\\/\\\/schema.org\",\"@graph\":[{\"@type\":\"Article\",\"@id\":\"https:\\\/\\\/www.qualfarma.com.br\\\/vivabem\\\/o-que-e-bom-para-pressao-baixa\\\/#article\",\"isPartOf\":{\"@id\":\"https:\\\/\\\/www.qualfarma.com.br\\\/vivabem\\\/o-que-e-bom-para-pressao-baixa\\\/\"},\"author\":{\"name\":\"Stephanie Kroll\",\"@id\":\"https:\\\/\\\/www.qualfarma.com.br\\\/vivabem\\\/#\\\/schema\\\/person\\\/a690dda13b8cef2d1093f56c7e09b224\"},\"headline\":\"O que \u00e9 bom para press\u00e3o baixa? Confira orienta\u00e7\u00f5es pr\u00e1ticas\",\"datePublished\":\"2024-01-23T08:03:25+00:00\",\"dateModified\":\"2024-08-14T17:15:07+00:00\",\"mainEntityOfPage\":{\"@id\":\"https:\\\/\\\/www.qualfarma.com.br\\\/vivabem\\\/o-que-e-bom-para-pressao-baixa\\\/\"},\"wordCount\":679,\"commentCount\":0,\"image\":{\"@id\":\"https:\\\/\\\/www.qualfarma.com.br\\\/vivabem\\\/o-que-e-bom-para-pressao-baixa\\\/#primaryimage\"},\"thumbnailUrl\":\"https:\\\/\\\/www.qualfarma.com.br\\\/vivabem\\\/wp-content\\\/uploads\\\/2024\\\/01\\\/o-que-e-bom-para-pressao-baixa.jpg\",\"keywords\":[\"Doen\u00e7as e Sintomas\",\"Sa\u00fade\"],\"articleSection\":[\"Doen\u00e7as e sintomas\"],\"inLanguage\":\"pt-BR\",\"potentialAction\":[{\"@type\":\"CommentAction\",\"name\":\"Comment\",\"target\":[\"https:\\\/\\\/www.qualfarma.com.br\\\/vivabem\\\/o-que-e-bom-para-pressao-baixa\\\/#respond\"]}]},{\"@type\":\"WebPage\",\"@id\":\"https:\\\/\\\/www.qualfarma.com.br\\\/vivabem\\\/o-que-e-bom-para-pressao-baixa\\\/\",\"url\":\"https:\\\/\\\/www.qualfarma.com.br\\\/vivabem\\\/o-que-e-bom-para-pressao-baixa\\\/\",\"name\":\"O que \u00e9 bom para press\u00e3o baixa? Confira orienta\u00e7\u00f5es pr\u00e1ticas\",\"isPartOf\":{\"@id\":\"https:\\\/\\\/www.qualfarma.com.br\\\/vivabem\\\/#website\"},\"primaryImageOfPage\":{\"@id\":\"https:\\\/\\\/www.qualfarma.com.br\\\/vivabem\\\/o-que-e-bom-para-pressao-baixa\\\/#primaryimage\"},\"image\":{\"@id\":\"https:\\\/\\\/www.qualfarma.com.br\\\/vivabem\\\/o-que-e-bom-para-pressao-baixa\\\/#primaryimage\"},\"thumbnailUrl\":\"https:\\\/\\\/www.qualfarma.com.br\\\/vivabem\\\/wp-content\\\/uploads\\\/2024\\\/01\\\/o-que-e-bom-para-pressao-baixa.jpg\",\"datePublished\":\"2024-01-23T08:03:25+00:00\",\"dateModified\":\"2024-08-14T17:15:07+00:00\",\"author\":{\"@id\":\"https:\\\/\\\/www.qualfarma.com.br\\\/vivabem\\\/#\\\/schema\\\/person\\\/a690dda13b8cef2d1093f56c7e09b224\"},\"description\":\"Querendo saber o que \u00e9 bom para press\u00e3o baixa? Damos algumas respostas neste artigo, mas procure um m\u00e9dico se a hipotens\u00e3o n\u00e3o for pontual.\",\"breadcrumb\":{\"@id\":\"https:\\\/\\\/www.qualfarma.com.br\\\/vivabem\\\/o-que-e-bom-para-pressao-baixa\\\/#breadcrumb\"},\"inLanguage\":\"pt-BR\",\"potentialAction\":[{\"@type\":\"ReadAction\",\"target\":[\"https:\\\/\\\/www.qualfarma.com.br\\\/vivabem\\\/o-que-e-bom-para-pressao-baixa\\\/\"]}]},{\"@type\":\"ImageObject\",\"inLanguage\":\"pt-BR\",\"@id\":\"https:\\\/\\\/www.qualfarma.com.br\\\/vivabem\\\/o-que-e-bom-para-pressao-baixa\\\/#primaryimage\",\"url\":\"https:\\\/\\\/www.qualfarma.com.br\\\/vivabem\\\/wp-content\\\/uploads\\\/2024\\\/01\\\/o-que-e-bom-para-pressao-baixa.jpg\",\"contentUrl\":\"https:\\\/\\\/www.qualfarma.com.br\\\/vivabem\\\/wp-content\\\/uploads\\\/2024\\\/01\\\/o-que-e-bom-para-pressao-baixa.jpg\",\"width\":750,\"height\":500,\"caption\":\"Saber o que \u00e9 bom para press\u00e3o baixa \u00e9 importante para epis\u00f3dios eventuais\"},{\"@type\":\"BreadcrumbList\",\"@id\":\"https:\\\/\\\/www.qualfarma.com.br\\\/vivabem\\\/o-que-e-bom-para-pressao-baixa\\\/#breadcrumb\",\"itemListElement\":[{\"@type\":\"ListItem\",\"position\":1,\"name\":\"Blog Viva Bem\",\"item\":\"https:\\\/\\\/www.qualfarma.com.br\\\/vivabem\\\/\"},{\"@type\":\"ListItem\",\"position\":2,\"name\":\"Sa\u00fade\",\"item\":\"https:\\\/\\\/www.qualfarma.com.br\\\/vivabem\\\/saude\\\/\"},{\"@type\":\"ListItem\",\"position\":3,\"name\":\"Doen\u00e7as e sintomas\",\"item\":\"https:\\\/\\\/www.qualfarma.com.br\\\/vivabem\\\/saude\\\/doencas-e-sintomas\\\/\"},{\"@type\":\"ListItem\",\"position\":4,\"name\":\"O que \u00e9 bom para press\u00e3o baixa? Confira orienta\u00e7\u00f5es pr\u00e1ticas\"}]},{\"@type\":\"WebSite\",\"@id\":\"https:\\\/\\\/www.qualfarma.com.br\\\/vivabem\\\/#website\",\"url\":\"https:\\\/\\\/www.qualfarma.com.br\\\/vivabem\\\/\",\"name\":\"Blog Viva Bem por Qualfarma\",\"description\":\"\u00ae 2023\",\"potentialAction\":[{\"@type\":\"SearchAction\",\"target\":{\"@type\":\"EntryPoint\",\"urlTemplate\":\"https:\\\/\\\/www.qualfarma.com.br\\\/vivabem\\\/?s={search_term_string}\"},\"query-input\":{\"@type\":\"PropertyValueSpecification\",\"valueRequired\":true,\"valueName\":\"search_term_string\"}}],\"inLanguage\":\"pt-BR\"},{\"@type\":\"Person\",\"@id\":\"https:\\\/\\\/www.qualfarma.com.br\\\/vivabem\\\/#\\\/schema\\\/person\\\/a690dda13b8cef2d1093f56c7e09b224\",\"name\":\"Stephanie Kroll\",\"image\":{\"@type\":\"ImageObject\",\"inLanguage\":\"pt-BR\",\"@id\":\"https:\\\/\\\/secure.gravatar.com\\\/avatar\\\/dd1b82540a7b66c3112346e4a6b0e24b524511df3d028133ca1eea9eafc829bc?s=96&d=mm&r=g\",\"url\":\"https:\\\/\\\/secure.gravatar.com\\\/avatar\\\/dd1b82540a7b66c3112346e4a6b0e24b524511df3d028133ca1eea9eafc829bc?s=96&d=mm&r=g\",\"contentUrl\":\"https:\\\/\\\/secure.gravatar.com\\\/avatar\\\/dd1b82540a7b66c3112346e4a6b0e24b524511df3d028133ca1eea9eafc829bc?s=96&d=mm&r=g\",\"caption\":\"Stephanie Kroll\"},\"description\":\"Graduada em Farm\u00e1cia pela Universidade Federal do Rio de Janeiro (UFRJ), Stephanie Kroll (CRF\\\/RJ 28001) atua na \u00e1rea da sa\u00fade da fam\u00edlia com uma abordagem humanizada e \u00e9 respons\u00e1vel t\u00e9cnica pelos conte\u00fados do Viva Bem por Qualfarma.\"}]}<\/script>\n<!-- \/ Yoast SEO plugin. -->","yoast_head_json":{"title":"O que \u00e9 bom para press\u00e3o baixa? Confira orienta\u00e7\u00f5es pr\u00e1ticas","description":"Querendo saber o que \u00e9 bom para press\u00e3o baixa? Damos algumas respostas neste artigo, mas procure um m\u00e9dico se a hipotens\u00e3o n\u00e3o for pontual.","robots":{"index":"index","follow":"follow","max-snippet":"max-snippet:-1","max-image-preview":"max-image-preview:large","max-video-preview":"max-video-preview:-1"},"canonical":"https:\/\/www.qualfarma.com.br\/vivabem\/o-que-e-bom-para-pressao-baixa\/","og_locale":"pt_BR","og_type":"article","og_title":"O que \u00e9 bom para press\u00e3o baixa? Confira orienta\u00e7\u00f5es pr\u00e1ticas","og_description":"Querendo saber o que \u00e9 bom para press\u00e3o baixa? Damos algumas respostas neste artigo, mas procure um m\u00e9dico se a hipotens\u00e3o n\u00e3o for pontual.","og_url":"https:\/\/www.qualfarma.com.br\/vivabem\/o-que-e-bom-para-pressao-baixa\/","og_site_name":"Blog Viva Bem por Qualfarma","article_published_time":"2024-01-23T08:03:25+00:00","article_modified_time":"2024-08-14T17:15:07+00:00","og_image":[{"width":750,"height":500,"url":"https:\/\/www.qualfarma.com.br\/vivabem\/wp-content\/uploads\/2024\/01\/o-que-e-bom-para-pressao-baixa.jpg","type":"image\/jpeg"}],"author":"Stephanie Kroll","twitter_card":"summary_large_image","twitter_misc":{"Escrito por":"Stephanie Kroll","Est. tempo de leitura":"4 minutos"},"schema":{"@context":"https:\/\/schema.org","@graph":[{"@type":"Article","@id":"https:\/\/www.qualfarma.com.br\/vivabem\/o-que-e-bom-para-pressao-baixa\/#article","isPartOf":{"@id":"https:\/\/www.qualfarma.com.br\/vivabem\/o-que-e-bom-para-pressao-baixa\/"},"author":{"name":"Stephanie Kroll","@id":"https:\/\/www.qualfarma.com.br\/vivabem\/#\/schema\/person\/a690dda13b8cef2d1093f56c7e09b224"},"headline":"O que \u00e9 bom para press\u00e3o baixa? Confira orienta\u00e7\u00f5es pr\u00e1ticas","datePublished":"2024-01-23T08:03:25+00:00","dateModified":"2024-08-14T17:15:07+00:00","mainEntityOfPage":{"@id":"https:\/\/www.qualfarma.com.br\/vivabem\/o-que-e-bom-para-pressao-baixa\/"},"wordCount":679,"commentCount":0,"image":{"@id":"https:\/\/www.qualfarma.com.br\/vivabem\/o-que-e-bom-para-pressao-baixa\/#primaryimage"},"thumbnailUrl":"https:\/\/www.qualfarma.com.br\/vivabem\/wp-content\/uploads\/2024\/01\/o-que-e-bom-para-pressao-baixa.jpg","keywords":["Doen\u00e7as e Sintomas","Sa\u00fade"],"articleSection":["Doen\u00e7as e sintomas"],"inLanguage":"pt-BR","potentialAction":[{"@type":"CommentAction","name":"Comment","target":["https:\/\/www.qualfarma.com.br\/vivabem\/o-que-e-bom-para-pressao-baixa\/#respond"]}]},{"@type":"WebPage","@id":"https:\/\/www.qualfarma.com.br\/vivabem\/o-que-e-bom-para-pressao-baixa\/","url":"https:\/\/www.qualfarma.com.br\/vivabem\/o-que-e-bom-para-pressao-baixa\/","name":"O que \u00e9 bom para press\u00e3o baixa? Confira orienta\u00e7\u00f5es pr\u00e1ticas","isPartOf":{"@id":"https:\/\/www.qualfarma.com.br\/vivabem\/#website"},"primaryImageOfPage":{"@id":"https:\/\/www.qualfarma.com.br\/vivabem\/o-que-e-bom-para-pressao-baixa\/#primaryimage"},"image":{"@id":"https:\/\/www.qualfarma.com.br\/vivabem\/o-que-e-bom-para-pressao-baixa\/#primaryimage"},"thumbnailUrl":"https:\/\/www.qualfarma.com.br\/vivabem\/wp-content\/uploads\/2024\/01\/o-que-e-bom-para-pressao-baixa.jpg","datePublished":"2024-01-23T08:03:25+00:00","dateModified":"2024-08-14T17:15:07+00:00","author":{"@id":"https:\/\/www.qualfarma.com.br\/vivabem\/#\/schema\/person\/a690dda13b8cef2d1093f56c7e09b224"},"description":"Querendo saber o que \u00e9 bom para press\u00e3o baixa? Damos algumas respostas neste artigo, mas procure um m\u00e9dico se a hipotens\u00e3o n\u00e3o for pontual.","breadcrumb":{"@id":"https:\/\/www.qualfarma.com.br\/vivabem\/o-que-e-bom-para-pressao-baixa\/#breadcrumb"},"inLanguage":"pt-BR","potentialAction":[{"@type":"ReadAction","target":["https:\/\/www.qualfarma.com.br\/vivabem\/o-que-e-bom-para-pressao-baixa\/"]}]},{"@type":"ImageObject","inLanguage":"pt-BR","@id":"https:\/\/www.qualfarma.com.br\/vivabem\/o-que-e-bom-para-pressao-baixa\/#primaryimage","url":"https:\/\/www.qualfarma.com.br\/vivabem\/wp-content\/uploads\/2024\/01\/o-que-e-bom-para-pressao-baixa.jpg","contentUrl":"https:\/\/www.qualfarma.com.br\/vivabem\/wp-content\/uploads\/2024\/01\/o-que-e-bom-para-pressao-baixa.jpg","width":750,"height":500,"caption":"Saber o que \u00e9 bom para press\u00e3o baixa \u00e9 importante para epis\u00f3dios eventuais"},{"@type":"BreadcrumbList","@id":"https:\/\/www.qualfarma.com.br\/vivabem\/o-que-e-bom-para-pressao-baixa\/#breadcrumb","itemListElement":[{"@type":"ListItem","position":1,"name":"Blog Viva Bem","item":"https:\/\/www.qualfarma.com.br\/vivabem\/"},{"@type":"ListItem","position":2,"name":"Sa\u00fade","item":"https:\/\/www.qualfarma.com.br\/vivabem\/saude\/"},{"@type":"ListItem","position":3,"name":"Doen\u00e7as e sintomas","item":"https:\/\/www.qualfarma.com.br\/vivabem\/saude\/doencas-e-sintomas\/"},{"@type":"ListItem","position":4,"name":"O que \u00e9 bom para press\u00e3o baixa? Confira orienta\u00e7\u00f5es pr\u00e1ticas"}]},{"@type":"WebSite","@id":"https:\/\/www.qualfarma.com.br\/vivabem\/#website","url":"https:\/\/www.qualfarma.com.br\/vivabem\/","name":"Blog Viva Bem por Qualfarma","description":"\u00ae 2023","potentialAction":[{"@type":"SearchAction","target":{"@type":"EntryPoint","urlTemplate":"https:\/\/www.qualfarma.com.br\/vivabem\/?s={search_term_string}"},"query-input":{"@type":"PropertyValueSpecification","valueRequired":true,"valueName":"search_term_string"}}],"inLanguage":"pt-BR"},{"@type":"Person","@id":"https:\/\/www.qualfarma.com.br\/vivabem\/#\/schema\/person\/a690dda13b8cef2d1093f56c7e09b224","name":"Stephanie Kroll","image":{"@type":"ImageObject","inLanguage":"pt-BR","@id":"https:\/\/secure.gravatar.com\/avatar\/dd1b82540a7b66c3112346e4a6b0e24b524511df3d028133ca1eea9eafc829bc?s=96&d=mm&r=g","url":"https:\/\/secure.gravatar.com\/avatar\/dd1b82540a7b66c3112346e4a6b0e24b524511df3d028133ca1eea9eafc829bc?s=96&d=mm&r=g","contentUrl":"https:\/\/secure.gravatar.com\/avatar\/dd1b82540a7b66c3112346e4a6b0e24b524511df3d028133ca1eea9eafc829bc?s=96&d=mm&r=g","caption":"Stephanie Kroll"},"description":"Graduada em Farm\u00e1cia pela Universidade Federal do Rio de Janeiro (UFRJ), Stephanie Kroll (CRF\/RJ 28001) atua na \u00e1rea da sa\u00fade da fam\u00edlia com uma abordagem humanizada e \u00e9 respons\u00e1vel t\u00e9cnica pelos conte\u00fados do Viva Bem por Qualfarma."}]}},"jetpack_featured_media_url":"https:\/\/www.qualfarma.com.br\/vivabem\/wp-content\/uploads\/2024\/01\/o-que-e-bom-para-pressao-baixa.jpg","tpgb_featured_images":{"full":["https:\/\/www.qualfarma.com.br\/vivabem\/wp-content\/uploads\/2024\/01\/o-que-e-bom-para-pressao-baixa.jpg",750,500,false],"tp-image-grid":["https:\/\/www.qualfarma.com.br\/vivabem\/wp-content\/uploads\/2024\/01\/o-que-e-bom-para-pressao-baixa-700x700.jpg",700,700,true],"thumbnail":["https:\/\/www.qualfarma.com.br\/vivabem\/wp-content\/uploads\/2024\/01\/o-que-e-bom-para-pressao-baixa-150x150.jpg",150,150,true],"medium":["https:\/\/www.qualfarma.com.br\/vivabem\/wp-content\/uploads\/2024\/01\/o-que-e-bom-para-pressao-baixa-300x200.jpg",300,200,true],"medium_large":["https:\/\/www.qualfarma.com.br\/vivabem\/wp-content\/uploads\/2024\/01\/o-que-e-bom-para-pressao-baixa.jpg",750,500,false],"large":["https:\/\/www.qualfarma.com.br\/vivabem\/wp-content\/uploads\/2024\/01\/o-que-e-bom-para-pressao-baixa.jpg",750,500,false],"default":"https:\/\/www.qualfarma.com.br\/vivabem\/wp-content\/plugins\/the-plus-addons-for-block-editor\/assets\/images\/tpgb-placeholder.jpg"},"tpgb_post_meta_info":{"get_date":"janeiro 23, 2024","get_modified_date":"agosto 14, 2024","category_list":{"category":[{"term_id":108,"name":"Doen\u00e7as e sintomas","slug":"doencas-e-sintomas","term_group":0,"term_taxonomy_id":108,"taxonomy":"category","description":"","parent":106,"count":7,"filter":"raw"}],"post_tag":[{"term_id":88,"name":"Doen\u00e7as e Sintomas","slug":"doencas-e-sintomas","term_group":0,"term_taxonomy_id":88,"taxonomy":"post_tag","description":"","parent":0,"count":7,"filter":"raw"},{"term_id":87,"name":"Sa\u00fade","slug":"saude","term_group":0,"term_taxonomy_id":87,"taxonomy":"post_tag","description":"","parent":0,"count":21,"filter":"raw"}]},"author_name":"Stephanie Kroll","author_url":"https:\/\/www.qualfarma.com.br\/vivabem\/author\/sterabelohotmail-com\/","author_email":"sterabelo@hotmail.com","author_website":"","author_description":"Graduada em Farm\u00e1cia pela Universidade Federal do Rio de Janeiro (UFRJ), Stephanie Kroll (CRF\/RJ 28001) atua na \u00e1rea da sa\u00fade da fam\u00edlia com uma abordagem humanizada e \u00e9 respons\u00e1vel t\u00e9cnica pelos conte\u00fados do Viva Bem por Qualfarma.","author_facebook":"","author_twitter":"","author_instagram":"","author_role":["editor"],"author_firstname":"Stephanie","author_lastname":"Kroll","user_login":"sterabelo@hotmail.com","author_avatar":"<img alt='' src='https:\/\/secure.gravatar.com\/avatar\/dd1b82540a7b66c3112346e4a6b0e24b524511df3d028133ca1eea9eafc829bc?s=200&#038;d=mm&#038;r=g' srcset='https:\/\/secure.gravatar.com\/avatar\/dd1b82540a7b66c3112346e4a6b0e24b524511df3d028133ca1eea9eafc829bc?s=400&#038;d=mm&#038;r=g 2x' class='avatar avatar-200 photo' height='200' width='200' decoding='async'\/>","author_avatar_url":"https:\/\/secure.gravatar.com\/avatar\/dd1b82540a7b66c3112346e4a6b0e24b524511df3d028133ca1eea9eafc829bc?s=96&d=mm&r=g","comment_count":0,"post_likes":0,"post_views":0},"tpgb_post_category":{"category":"<a href=\"https:\/\/www.qualfarma.com.br\/vivabem\/saude\/doencas-e-sintomas\/\" alt=\"Doen\u00e7as e sintomas\"  class=\"category-doencas-e-sintomas\">Doen\u00e7as e sintomas<\/a> ","post_tag":"<a href=\"https:\/\/www.qualfarma.com.br\/vivabem\/tag\/doencas-e-sintomas\/\" alt=\"Doen\u00e7as e Sintomas\"  class=\"post_tag-doencas-e-sintomas\">Doen\u00e7as e Sintomas<\/a> <a href=\"https:\/\/www.qualfarma.com.br\/vivabem\/tag\/saude\/\" alt=\"Sa\u00fade\"  class=\"post_tag-saude\">Sa\u00fade<\/a> "},"_links":{"self":[{"href":"https:\/\/www.qualfarma.com.br\/vivabem\/wp-json\/wp\/v2\/posts\/2565","targetHints":{"allow":["GET"]}}],"collection":[{"href":"https:\/\/www.qualfarma.com.br\/vivabem\/wp-json\/wp\/v2\/posts"}],"about":[{"href":"https:\/\/www.qualfarma.com.br\/vivabem\/wp-json\/wp\/v2\/types\/post"}],"author":[{"embeddable":true,"href":"https:\/\/www.qualfarma.com.br\/vivabem\/wp-json\/wp\/v2\/users\/7"}],"replies":[{"embeddable":true,"href":"https:\/\/www.qualfarma.com.br\/vivabem\/wp-json\/wp\/v2\/comments?post=2565"}],"version-history":[{"count":14,"href":"https:\/\/www.qualfarma.com.br\/vivabem\/wp-json\/wp\/v2\/posts\/2565\/revisions"}],"predecessor-version":[{"id":2638,"href":"https:\/\/www.qualfarma.com.br\/vivabem\/wp-json\/wp\/v2\/posts\/2565\/revisions\/2638"}],"wp:featuredmedia":[{"embeddable":true,"href":"https:\/\/www.qualfarma.com.br\/vivabem\/wp-json\/wp\/v2\/media\/2567"}],"wp:attachment":[{"href":"https:\/\/www.qualfarma.com.br\/vivabem\/wp-json\/wp\/v2\/media?parent=2565"}],"wp:term":[{"taxonomy":"category","embeddable":true,"href":"https:\/\/www.qualfarma.com.br\/vivabem\/wp-json\/wp\/v2\/categories?post=2565"},{"taxonomy":"post_tag","embeddable":true,"href":"https:\/\/www.qualfarma.com.br\/vivabem\/wp-json\/wp\/v2\/tags?post=2565"}],"curies":[{"name":"wp","href":"https:\/\/api.w.org\/{rel}","templated":true}]}}