{"id":2197,"date":"2023-12-27T14:49:45","date_gmt":"2023-12-27T14:49:45","guid":{"rendered":"https:\/\/www.qualfarma.com.br\/vivabem\/?p=2197"},"modified":"2025-09-02T18:24:18","modified_gmt":"2025-09-02T18:24:18","slug":"o-que-levar-na-necessaire-de-viagem","status":"publish","type":"post","link":"https:\/\/www.qualfarma.com.br\/vivabem\/o-que-levar-na-necessaire-de-viagem\/","title":{"rendered":"O que levar na n\u00e9cessaire de viagem? Aproveite este checklist!"},"content":{"rendered":"\n<p>Quando planejamos uma saidinha da cidade ou mesmo do pa\u00eds, uma das perguntas mais comuns \u00e9: \u201c<strong>o que levar na n\u00e9cessaire de viagem<\/strong>?\u201d A n\u00e9cessaire, afinal, \u00e9 uma companheira essencial para qualquer rota, seja em uma escapada r\u00e1pida para a praia ou uma longa jornada internacional.&nbsp;<\/p>\n\n\n\n<p>Pensando nisso, este artigo oferece um guia detalhado sobre o essencial para n\u00e9cessaires de viagem, tanto para homens quanto para mulheres. Cobrimos desde os cuidados b\u00e1sicos com a pele e higiene pessoal at\u00e9 os itens espec\u00edficos para destinos como praias e viagens internacionais, ajudando voc\u00ea a se preparar para qualquer aventura sem preocupa\u00e7\u00f5es.<\/p>\n\n\n\n<div id=\"ez-toc-container\" class=\"ez-toc-v2_0_82_2 counter-hierarchy ez-toc-counter ez-toc-grey ez-toc-container-direction\">\n<div class=\"ez-toc-title-container\">\n<p class=\"ez-toc-title\" style=\"cursor:inherit\">Navegue pelo assunto<\/p>\n<span class=\"ez-toc-title-toggle\"><\/span><\/div>\n<nav><ul class='ez-toc-list ez-toc-list-level-1 ' ><li class='ez-toc-page-1 ez-toc-heading-level-2'><a class=\"ez-toc-link ez-toc-heading-1\" href=\"https:\/\/www.qualfarma.com.br\/vivabem\/o-que-levar-na-necessaire-de-viagem\/#O_que_levar_na_necessaire_de_viagem\" >O que levar na n\u00e9cessaire de viagem?&nbsp;<\/a><\/li><li class='ez-toc-page-1 ez-toc-heading-level-2'><a class=\"ez-toc-link ez-toc-heading-2\" href=\"https:\/\/www.qualfarma.com.br\/vivabem\/o-que-levar-na-necessaire-de-viagem\/#Necessaire_de_viagem_feminina\" >N\u00e9cessaire de viagem feminina<\/a><ul class='ez-toc-list-level-3' ><li class='ez-toc-heading-level-3'><a class=\"ez-toc-link ez-toc-heading-3\" href=\"https:\/\/www.qualfarma.com.br\/vivabem\/o-que-levar-na-necessaire-de-viagem\/#1_Cuidados_com_a_pele\" >1. Cuidados com a pele<\/a><\/li><li class='ez-toc-page-1 ez-toc-heading-level-3'><a class=\"ez-toc-link ez-toc-heading-4\" href=\"https:\/\/www.qualfarma.com.br\/vivabem\/o-que-levar-na-necessaire-de-viagem\/#2_Maquiagem\" >2. Maquiagem<\/a><\/li><li class='ez-toc-page-1 ez-toc-heading-level-3'><a class=\"ez-toc-link ez-toc-heading-5\" href=\"https:\/\/www.qualfarma.com.br\/vivabem\/o-que-levar-na-necessaire-de-viagem\/#3_Cuidados_com_o_cabelo\" >3. Cuidados com o cabelo<\/a><\/li><li class='ez-toc-page-1 ez-toc-heading-level-3'><a class=\"ez-toc-link ez-toc-heading-6\" href=\"https:\/\/www.qualfarma.com.br\/vivabem\/o-que-levar-na-necessaire-de-viagem\/#4_Produtos_de_higiene_pessoal\" >4. Produtos de higiene pessoal<\/a><\/li><li class='ez-toc-page-1 ez-toc-heading-level-3'><a class=\"ez-toc-link ez-toc-heading-7\" href=\"https:\/\/www.qualfarma.com.br\/vivabem\/o-que-levar-na-necessaire-de-viagem\/#5_Outros_itens_essenciais\" >5. Outros itens essenciais<\/a><\/li><\/ul><\/li><li class='ez-toc-page-1 ez-toc-heading-level-2'><a class=\"ez-toc-link ez-toc-heading-8\" href=\"https:\/\/www.qualfarma.com.br\/vivabem\/o-que-levar-na-necessaire-de-viagem\/#Necessaire_de_viagem_masculina\" >N\u00e9cessaire de viagem masculina<\/a><ul class='ez-toc-list-level-3' ><li class='ez-toc-heading-level-3'><a class=\"ez-toc-link ez-toc-heading-9\" href=\"https:\/\/www.qualfarma.com.br\/vivabem\/o-que-levar-na-necessaire-de-viagem\/#1_Cuidados_com_a_pele_e_rosto\" >1. Cuidados com a pele e rosto<\/a><\/li><li class='ez-toc-page-1 ez-toc-heading-level-3'><a class=\"ez-toc-link ez-toc-heading-10\" href=\"https:\/\/www.qualfarma.com.br\/vivabem\/o-que-levar-na-necessaire-de-viagem\/#2_Barbearia\" >2. Barbearia<\/a><\/li><li class='ez-toc-page-1 ez-toc-heading-level-3'><a class=\"ez-toc-link ez-toc-heading-11\" href=\"https:\/\/www.qualfarma.com.br\/vivabem\/o-que-levar-na-necessaire-de-viagem\/#3_Cuidados_com_o_cabelo-2\" >3. Cuidados com o cabelo<\/a><\/li><li class='ez-toc-page-1 ez-toc-heading-level-3'><a class=\"ez-toc-link ez-toc-heading-12\" href=\"https:\/\/www.qualfarma.com.br\/vivabem\/o-que-levar-na-necessaire-de-viagem\/#4_Produtos_de_higiene_pessoal-2\" >4. Produtos de higiene pessoal<\/a><\/li><li class='ez-toc-page-1 ez-toc-heading-level-3'><a class=\"ez-toc-link ez-toc-heading-13\" href=\"https:\/\/www.qualfarma.com.br\/vivabem\/o-que-levar-na-necessaire-de-viagem\/#5_Outros_itens_uteis\" >5. Outros itens \u00fateis<\/a><\/li><li class='ez-toc-page-1 ez-toc-heading-level-3'><a class=\"ez-toc-link ez-toc-heading-14\" href=\"https:\/\/www.qualfarma.com.br\/vivabem\/o-que-levar-na-necessaire-de-viagem\/#6_Itens_opcionais\" >6. Itens opcionais<\/a><\/li><\/ul><\/li><li class='ez-toc-page-1 ez-toc-heading-level-2'><a class=\"ez-toc-link ez-toc-heading-15\" href=\"https:\/\/www.qualfarma.com.br\/vivabem\/o-que-levar-na-necessaire-de-viagem\/#Necessaire_de_viagem_internacional\" >N\u00e9cessaire de viagem internacional<\/a><ul class='ez-toc-list-level-3' ><li class='ez-toc-heading-level-3'><a class=\"ez-toc-link ez-toc-heading-16\" href=\"https:\/\/www.qualfarma.com.br\/vivabem\/o-que-levar-na-necessaire-de-viagem\/#1_Cuidados_com_a_pele-2\" >1. Cuidados com a pele<\/a><\/li><li class='ez-toc-page-1 ez-toc-heading-level-3'><a class=\"ez-toc-link ez-toc-heading-17\" href=\"https:\/\/www.qualfarma.com.br\/vivabem\/o-que-levar-na-necessaire-de-viagem\/#2_Maquiagem-2\" >2. Maquiagem<\/a><\/li><li class='ez-toc-page-1 ez-toc-heading-level-3'><a class=\"ez-toc-link ez-toc-heading-18\" href=\"https:\/\/www.qualfarma.com.br\/vivabem\/o-que-levar-na-necessaire-de-viagem\/#3_Cuidados_com_o_cabelo-3\" >3. Cuidados com o cabelo<\/a><\/li><li class='ez-toc-page-1 ez-toc-heading-level-3'><a class=\"ez-toc-link ez-toc-heading-19\" href=\"https:\/\/www.qualfarma.com.br\/vivabem\/o-que-levar-na-necessaire-de-viagem\/#4_Higiene_pessoal\" >4. Higiene pessoal<\/a><\/li><li class='ez-toc-page-1 ez-toc-heading-level-3'><a class=\"ez-toc-link ez-toc-heading-20\" href=\"https:\/\/www.qualfarma.com.br\/vivabem\/o-que-levar-na-necessaire-de-viagem\/#5_Barbearia\" >5. Barbearia<\/a><\/li><li class='ez-toc-page-1 ez-toc-heading-level-3'><a class=\"ez-toc-link ez-toc-heading-21\" href=\"https:\/\/www.qualfarma.com.br\/vivabem\/o-que-levar-na-necessaire-de-viagem\/#6_Saude\" >6. Sa\u00fade&nbsp;<\/a><\/li><li class='ez-toc-page-1 ez-toc-heading-level-3'><a class=\"ez-toc-link ez-toc-heading-22\" href=\"https:\/\/www.qualfarma.com.br\/vivabem\/o-que-levar-na-necessaire-de-viagem\/#7_Outros_itens_uteis\" >7. Outros itens \u00fateis<\/a><\/li><\/ul><\/li><li class='ez-toc-page-1 ez-toc-heading-level-2'><a class=\"ez-toc-link ez-toc-heading-23\" href=\"https:\/\/www.qualfarma.com.br\/vivabem\/o-que-levar-na-necessaire-de-viagem\/#Necessaire_de_viagem_para_praia\" >N\u00e9cessaire de viagem para praia<\/a><ul class='ez-toc-list-level-3' ><li class='ez-toc-heading-level-3'><a class=\"ez-toc-link ez-toc-heading-24\" href=\"https:\/\/www.qualfarma.com.br\/vivabem\/o-que-levar-na-necessaire-de-viagem\/#Cuidados_com_a_pele\" >Cuidados com a pele<\/a><\/li><li class='ez-toc-page-1 ez-toc-heading-level-3'><a class=\"ez-toc-link ez-toc-heading-25\" href=\"https:\/\/www.qualfarma.com.br\/vivabem\/o-que-levar-na-necessaire-de-viagem\/#Cuidados_com_os_cabelos\" >Cuidados com os cabelos<\/a><\/li><li class='ez-toc-page-1 ez-toc-heading-level-3'><a class=\"ez-toc-link ez-toc-heading-26\" href=\"https:\/\/www.qualfarma.com.br\/vivabem\/o-que-levar-na-necessaire-de-viagem\/#Higiene_pessoal\" >Higiene pessoal<\/a><\/li><li class='ez-toc-page-1 ez-toc-heading-level-3'><a class=\"ez-toc-link ez-toc-heading-27\" href=\"https:\/\/www.qualfarma.com.br\/vivabem\/o-que-levar-na-necessaire-de-viagem\/#Maquiagem\" >Maquiagem<\/a><\/li><li class='ez-toc-page-1 ez-toc-heading-level-3'><a class=\"ez-toc-link ez-toc-heading-28\" href=\"https:\/\/www.qualfarma.com.br\/vivabem\/o-que-levar-na-necessaire-de-viagem\/#Outros_itens_uteis\" >Outros itens \u00fateis<\/a><\/li><\/ul><\/li><\/ul><\/nav><\/div>\n<h2 class=\"wp-block-heading\"><span class=\"ez-toc-section\" id=\"O_que_levar_na_necessaire_de_viagem\"><\/span>O que levar na n\u00e9cessaire de viagem?&nbsp;<span class=\"ez-toc-section-end\"><\/span><\/h2>\n\n\n\n<p>Ao preparar uma n\u00e9cessaire de viagem para cuidados de beleza e bem-estar, \u00e9 importante considerar produtos que sejam vers\u00e1teis e essenciais para sua rotina di\u00e1ria. Aqui est\u00e1 uma lista b\u00e1sica do que voc\u00ea pode incluir:<\/p>\n\n\n\n<ul class=\"wp-block-list\">\n<li>Cuidados com a pele;<\/li>\n\n\n\n<li>Maquiagem b\u00e1sica;<\/li>\n\n\n\n<li>Cuidados com o cabelo;<\/li>\n\n\n\n<li>Produtos de higiene pessoal;<\/li>\n\n\n\n<li>Espelho pequeno;<\/li>\n\n\n\n<li>Pin\u00e7a;<\/li>\n\n\n\n<li>Cortador de unhas.<\/li>\n<\/ul>\n\n\n\n<p>Mas n\u00e3o podemos esquecer: \u00e9 importante adaptar essa lista \u00e0s suas necessidades espec\u00edficas e ao clima do destino da viagem, ok?<\/p>\n\n\n\n<p>Se a ideia envolver pegar um avi\u00e3o, n\u00e3o se esque\u00e7a de verificar as restri\u00e7\u00f5es de l\u00edquidos para bagagem de m\u00e3o. Ainda, uma dica de ouro: \u00e9 sempre bom optar por embalagens de viagem para economizar espa\u00e7o.&nbsp;<\/p>\n\n\n\n<h2 class=\"wp-block-heading\"><span class=\"ez-toc-section\" id=\"Necessaire_de_viagem_feminina\"><\/span>N\u00e9cessaire de viagem feminina<span class=\"ez-toc-section-end\"><\/span><\/h2>\n\n\n\n<p>Uma n\u00e9cessaire de viagem mais feminina ter\u00e1 itens bastante espec\u00edficos para diferentes necessidades envolvendo cuidados pessoais. O que voc\u00ea acha que n\u00e3o pode faltar nessa n\u00e9cessaire? <\/p>\n\n\n\n<h3 class=\"wp-block-heading\"><span class=\"ez-toc-section\" id=\"1_Cuidados_com_a_pele\"><\/span>1. Cuidados com a pele<span class=\"ez-toc-section-end\"><\/span><\/h3>\n\n\n\n<ul class=\"wp-block-list\">\n<li>Mini frasco de limpador facial suave, como a espuma de limpeza Cetaphil ou Neutrogena;<\/li>\n\n\n\n<li>T\u00f4nico facial em miniatura (opcional, dependendo da sua rotina);<\/li>\n\n\n\n<li>Hidratante facial de tamanho de viagem, adequado para seu tipo de pele, como o Clinique Dramatically Different Moisturizing Gel para a pele oleosa, por exemplo;<\/li>\n\n\n\n<li>Protetor solar facial como La Roche-Posay Anthelios ou o Bior\u00e9 UV Aqua Rich;<\/li>\n\n\n\n<li>Creme para \u00e1rea dos olhos (tamb\u00e9m opcional).<\/li>\n<\/ul>\n\n\n\n<h3 class=\"wp-block-heading\"><span class=\"ez-toc-section\" id=\"2_Maquiagem\"><\/span>2. Maquiagem<span class=\"ez-toc-section-end\"><\/span><\/h3>\n\n\n\n<ul class=\"wp-block-list\">\n<li>Base l\u00edquida ou BB Cream compacto, como o Maybelline BB Cream ou o L&#8217;Or\u00e9al True Match;<\/li>\n\n\n\n<li>Corretivo como o NARS Radiant Creamy Concealer, por exemplo;<\/li>\n\n\n\n<li>P\u00f3 compacto transl\u00facido como o Laura Mercier Loose Setting Powder;<\/li>\n\n\n\n<li>Paleta de maquiagem multifuncional com sombras, blush e bronzer, como as paletas da Urban Decay ou da Too Faced;<\/li>\n\n\n\n<li>M\u00e1scara de c\u00edlios \u00e0 prova d&#8217;\u00e1gua como, por exemplo, a Maybelline Great Lash;<\/li>\n\n\n\n<li>Batom ou lip-tint de longa dura\u00e7\u00e3o como os da MAC ou Benefit Benetint;<\/li>\n\n\n\n<li>L\u00e1pis de sobrancelha ou gel (opcional).<\/li>\n<\/ul>\n\n\n\n<h3 class=\"wp-block-heading\"><span class=\"ez-toc-section\" id=\"3_Cuidados_com_o_cabelo\"><\/span>3. Cuidados com o cabelo<span class=\"ez-toc-section-end\"><\/span><\/h3>\n\n\n\n<ul class=\"wp-block-list\">\n<li>Mini shampoo e condicionador como os da linha Moroccanoil ou Kerastase;<\/li>\n\n\n\n<li>Escova de cabelo compacta ou pente;<\/li>\n\n\n\n<li>El\u00e1sticos de cabelo e grampos;<\/li>\n\n\n\n<li>Mini secador de cabelo ou chapinha (opcional, dependendo do hotel).<\/li>\n<\/ul>\n\n\n\n<h3 class=\"wp-block-heading\"><span class=\"ez-toc-section\" id=\"4_Produtos_de_higiene_pessoal\"><\/span>4. Produtos de higiene pessoal<span class=\"ez-toc-section-end\"><\/span><\/h3>\n\n\n\n<ul class=\"wp-block-list\">\n<li>Desodorante roll-on ou spray de tamanho de viagem;<\/li>\n\n\n\n<li>Kit de higiene dental com mini escova de dente, pasta de dente e fio dental;<\/li>\n\n\n\n<li>Produtos menstruais, se necess\u00e1rio (como absorventes ou tamp\u00f5es);<\/li>\n\n\n\n<li>Len\u00e7os umedecidos \u00edntimos.<\/li>\n<\/ul>\n\n\n\n<h3 class=\"wp-block-heading\"><span class=\"ez-toc-section\" id=\"5_Outros_itens_essenciais\"><\/span>5. Outros itens essenciais<span class=\"ez-toc-section-end\"><\/span><\/h3>\n\n\n\n<ul class=\"wp-block-list\">\n<li>Removedor de maquiagem ou toalhas desmaquilantes como as da Neutrogena;<\/li>\n\n\n\n<li>Algod\u00e3o e cotonetes;<\/li>\n\n\n\n<li>Espelho de m\u00e3o compacto;<\/li>\n\n\n\n<li>Kit de manicure b\u00e1sico com cortador de unhas e lixa;<\/li>\n\n\n\n<li>Kit de primeiros socorros pequeno com band-aids, antiss\u00e9ptico e rem\u00e9dios b\u00e1sicos, como analg\u00e9sicos e antial\u00e9rgicos que n\u00e3o d\u00e3o sono.<\/li>\n<\/ul>\n\n\n\n<p>Lembre-se de que essa lista pode ser adaptada conforme suas necessidades e a dura\u00e7\u00e3o da viagem. \u00c9 sempre \u00fatil, ainda, verificar o clima e as atividades planejadas para garantir que voc\u00ea esteja levando tudo o que precisa.<\/p>\n\n\n\n<h2 class=\"wp-block-heading\"><span class=\"ez-toc-section\" id=\"Necessaire_de_viagem_masculina\"><\/span>N\u00e9cessaire de viagem masculina<span class=\"ez-toc-section-end\"><\/span><\/h2>\n\n\n\n<p>O que levar em uma n\u00e9cessaire de viagem masculina?<\/p>\n\n\n\n<p>Ao preparar uma n\u00e9cessaire para homens, \u00e9 importante focar em itens pr\u00e1ticos e multifuncionais que atendam \u00e0s necessidades b\u00e1sicas de higiene e beleza. Confira nossas principais sugest\u00f5es de acordo com cada tipo de cuidado e n\u00e3o deixe nada para tr\u00e1s!<\/p>\n\n\n\n<h3 class=\"wp-block-heading\"><span class=\"ez-toc-section\" id=\"1_Cuidados_com_a_pele_e_rosto\"><\/span>1. Cuidados com a pele e rosto<span class=\"ez-toc-section-end\"><\/span><\/h3>\n\n\n\n<ul class=\"wp-block-list\">\n<li>Limpeza facial: um pequeno frasco de limpador facial ou um sabonete facial em barra, como o da <strong>Cetaphil ou Neutrogena<\/strong>;<\/li>\n\n\n\n<li>Hidratante facial: escolha um que seja adequado ao seu tipo de pele, preferencialmente com FPS para prote\u00e7\u00e3o solar como o <strong>Nivea Men Creme<\/strong>;<\/li>\n\n\n\n<li>Protetor solar facial (opcional, mas recomendado).<\/li>\n<\/ul>\n\n\n\n<h3 class=\"wp-block-heading\"><span class=\"ez-toc-section\" id=\"2_Barbearia\"><\/span>2. Barbearia<span class=\"ez-toc-section-end\"><\/span><\/h3>\n\n\n\n<ul class=\"wp-block-list\">\n<li>Aparelho de barbear e l\u00e2minas extras (se necess\u00e1rio);<\/li>\n\n\n\n<li>Creme ou gel de barbear em tamanho de viagem;<\/li>\n\n\n\n<li>P\u00f3s-barba: lo\u00e7\u00e3o ou b\u00e1lsamo para acalmar a pele ap\u00f3s o barbear, como os da Gillette ou Nivea Men.<\/li>\n<\/ul>\n\n\n\n<h3 class=\"wp-block-heading\"><span class=\"ez-toc-section\" id=\"3_Cuidados_com_o_cabelo-2\"><\/span>3. Cuidados com o cabelo<span class=\"ez-toc-section-end\"><\/span><\/h3>\n\n\n\n<ul class=\"wp-block-list\">\n<li>Shampoo e condicionador em miniaturas \u2013 ou 2 em 1 para economizar espa\u00e7o;<\/li>\n\n\n\n<li>Pente ou escova de cabelo compacta;<\/li>\n\n\n\n<li>Gel ou pomada para cabelo em embalagem pequena (se costuma usar).<\/li>\n<\/ul>\n\n\n\n<h3 class=\"wp-block-heading\"><span class=\"ez-toc-section\" id=\"4_Produtos_de_higiene_pessoal-2\"><\/span>4. Produtos de higiene pessoal<span class=\"ez-toc-section-end\"><\/span><\/h3>\n\n\n\n<ul class=\"wp-block-list\">\n<li>Desodorante em tamanho de viagem;<\/li>\n\n\n\n<li>Kit de higiene dental com mini escova de dente, pasta de dente e fio dental;<\/li>\n\n\n\n<li>Sabonete corporal ou gel de banho em miniatura.<\/li>\n<\/ul>\n\n\n\n<h3 class=\"wp-block-heading\"><span class=\"ez-toc-section\" id=\"5_Outros_itens_uteis\"><\/span>5. Outros itens \u00fateis<span class=\"ez-toc-section-end\"><\/span><\/h3>\n\n\n\n<ul class=\"wp-block-list\">\n<li>Len\u00e7os umedecidos (podem ser \u00fateis em diversas situa\u00e7\u00f5es);<\/li>\n\n\n\n<li>Kit de primeiros socorros b\u00e1sico com band-aids, antiss\u00e9ptico e rem\u00e9dios b\u00e1sicos, como analg\u00e9sicos e antial\u00e9rgicos;&nbsp;<\/li>\n\n\n\n<li>Cortador de unhas ou kit de manicure b\u00e1sico.<\/li>\n<\/ul>\n\n\n\n<h3 class=\"wp-block-heading\"><span class=\"ez-toc-section\" id=\"6_Itens_opcionais\"><\/span>6. Itens opcionais<span class=\"ez-toc-section-end\"><\/span><\/h3>\n\n\n\n<ul class=\"wp-block-list\">\n<li>Perfume ou col\u00f4nia em frasco pequeno ou amostras;<\/li>\n\n\n\n<li>Hidratante corporal, especialmente se for viajar para um lugar com clima seco;<\/li>\n\n\n\n<li>Shampoo seco, que pode ser bastante \u00fatil para viagens mais longas ou em locais sem muitas facilidades.<\/li>\n<\/ul>\n\n\n\n<p>Lembre-se de que esta lista pode ser adaptada \u00e0s suas necessidades pessoais e ao destino da viagem. Por exemplo, se voc\u00ea estiver indo para um lugar com muita exposi\u00e7\u00e3o ao sol, inclua produtos com maior prote\u00e7\u00e3o solar. E se estiver voando, lembre-se de respeitar as restri\u00e7\u00f5es de tamanho para l\u00edquidos na bagagem de m\u00e3o<\/p>\n\n\n\n<h2 class=\"wp-block-heading\"><span class=\"ez-toc-section\" id=\"Necessaire_de_viagem_internacional\"><\/span>N\u00e9cessaire de viagem internacional<span class=\"ez-toc-section-end\"><\/span><\/h2>\n\n\n\n<p>Ao preparar uma n\u00e9cessaire para uma viagem internacional, \u00e9 importante considerar a dura\u00e7\u00e3o da viagem, o clima do destino e as atividades planejadas.&nbsp;<\/p>\n\n\n\n<p>Al\u00e9m disso, deve-se estar atento \u00e0s restri\u00e7\u00f5es de bagagem de m\u00e3o para voos internacionais, principalmente no que diz respeito a l\u00edquidos e objetos cortantes.&nbsp;<\/p>\n\n\n\n<p>A seguir, fizemos uma lista geral do que incluir de acordo com cada demanda. Vamos dar uma conferida?<\/p>\n\n\n\n<h3 class=\"wp-block-heading\"><span class=\"ez-toc-section\" id=\"1_Cuidados_com_a_pele-2\"><\/span>1. Cuidados com a pele<span class=\"ez-toc-section-end\"><\/span><\/h3>\n\n\n\n<ul class=\"wp-block-list\">\n<li>Limpeza: mini frasco de limpador facial;<\/li>\n\n\n\n<li>Hidratante: creme ou lo\u00e7\u00e3o para o rosto e corpo;<\/li>\n\n\n\n<li>Protetor solar: essencial para qualquer clima;<\/li>\n\n\n\n<li>Produtos espec\u00edficos para a sua rotina de cuidados com a pele, como t\u00f4nicos, s\u00e9runs e cremes para os olhos, em embalagens de viagem.<\/li>\n<\/ul>\n\n\n\n<h3 class=\"wp-block-heading\"><span class=\"ez-toc-section\" id=\"2_Maquiagem-2\"><\/span>2. Maquiagem<span class=\"ez-toc-section-end\"><\/span><\/h3>\n\n\n\n<ul class=\"wp-block-list\">\n<li>Itens b\u00e1sicos como base, corretivo, m\u00e1scara de c\u00edlios, blush e batom;<\/li>\n\n\n\n<li>Removedor de maquiagem ou toalhas demaquilantes.<\/li>\n<\/ul>\n\n\n\n<h3 class=\"wp-block-heading\"><span class=\"ez-toc-section\" id=\"3_Cuidados_com_o_cabelo-3\"><\/span>3. Cuidados com o cabelo<span class=\"ez-toc-section-end\"><\/span><\/h3>\n\n\n\n<ul class=\"wp-block-list\">\n<li>Shampoo e condicionador em miniaturas;<\/li>\n\n\n\n<li>Escova ou pente;<\/li>\n\n\n\n<li>Produtos de styling, como gel ou spray, em embalagens pequenas.<\/li>\n<\/ul>\n\n\n\n<h3 class=\"wp-block-heading\"><span class=\"ez-toc-section\" id=\"4_Higiene_pessoal\"><\/span>4. Higiene pessoal<span class=\"ez-toc-section-end\"><\/span><\/h3>\n\n\n\n<ul class=\"wp-block-list\">\n<li>Desodorante;<\/li>\n\n\n\n<li>Escova e pasta de dente;<\/li>\n\n\n\n<li>Fio dental;<\/li>\n\n\n\n<li>Sabonete ou gel de banho;<\/li>\n\n\n\n<li><a href=\"https:\/\/www.qualfarma.com.br\/vivabem\/sabonete-intimo-feminino\/\" target=\"_blank\" rel=\"noreferrer noopener\">Sabonete \u00edntimo<\/a>;<\/li>\n\n\n\n<li>Produtos menstruais, se necess\u00e1rio.<\/li>\n<\/ul>\n\n\n\n<h3 class=\"wp-block-heading\"><span class=\"ez-toc-section\" id=\"5_Barbearia\"><\/span>5. Barbearia<span class=\"ez-toc-section-end\"><\/span><\/h3>\n\n\n\n<ul class=\"wp-block-list\">\n<li>Aparelho de barbear;<\/li>\n\n\n\n<li>Creme ou gel de barbear;<\/li>\n\n\n\n<li>P\u00f3s-barba.<\/li>\n<\/ul>\n\n\n\n<h3 class=\"wp-block-heading\"><span class=\"ez-toc-section\" id=\"6_Saude\"><\/span>6. Sa\u00fade&nbsp;<span class=\"ez-toc-section-end\"><\/span><\/h3>\n\n\n\n<ul class=\"wp-block-list\">\n<li>Kit de primeiros socorros com band-aids, antiss\u00e9ptico e rem\u00e9dios para dor, febre e problemas estomacais;<\/li>\n\n\n\n<li>Medicamentos prescritos, se necess\u00e1rio;<\/li>\n\n\n\n<li>Repelente de insetos, se for viajar para \u00e1reas propensas.<\/li>\n<\/ul>\n\n\n\n<h3 class=\"wp-block-heading\"><span class=\"ez-toc-section\" id=\"7_Outros_itens_uteis\"><\/span>7. Outros itens \u00fateis<span class=\"ez-toc-section-end\"><\/span><\/h3>\n\n\n\n<ul class=\"wp-block-list\">\n<li>Len\u00e7os umedecidos;<\/li>\n\n\n\n<li>Algod\u00e3o e cotonetes;<\/li>\n\n\n\n<li>Pin\u00e7a e cortador de unhas;<\/li>\n\n\n\n<li>Adaptador de tomada e\/ou conversor, dependendo do destino.<\/li>\n<\/ul>\n\n\n\n<p>Lembre-se de verificar as restri\u00e7\u00f5es de bagagem da companhia a\u00e9rea e as regulamenta\u00e7\u00f5es aduaneiras do pa\u00eds de destino, principalmente em rela\u00e7\u00e3o a itens proibidos e limites de l\u00edquidos em bagagem de m\u00e3o.&nbsp;<\/p>\n\n\n\n<p>Adapte a lista conforme suas necessidades pessoais e o tipo de viagem que far\u00e1.<\/p>\n\n\n\n<h2 class=\"wp-block-heading\"><span class=\"ez-toc-section\" id=\"Necessaire_de_viagem_para_praia\"><\/span>N\u00e9cessaire de viagem para praia<span class=\"ez-toc-section-end\"><\/span><\/h2>\n\n\n\n<p>Por fim, o que levar em uma n\u00e9cessaire de viagem para a praia?<\/p>\n\n\n\n<p>Para uma viagem \u00e0 praia, sua n\u00e9cessaire deve conter itens que protejam sua pele do sol, cuidem dos cabelos e da pele ap\u00f3s a exposi\u00e7\u00e3o ao sal e ao vento, e alguns itens b\u00e1sicos de higiene e beleza. D\u00ea uma olhadinha agora mesmo no que n\u00e3o pode ficar de fora dessa n\u00e9cessaire!<\/p>\n\n\n\n<h3 class=\"wp-block-heading\"><span class=\"ez-toc-section\" id=\"Cuidados_com_a_pele\"><\/span>Cuidados com a pele<span class=\"ez-toc-section-end\"><\/span><\/h3>\n\n\n\n<ul class=\"wp-block-list\">\n<li>Protetor solar de alto FPS para o rosto e o corpo, resistente \u00e0 \u00e1gua;<\/li>\n\n\n\n<li>P\u00f3s-sol ou lo\u00e7\u00e3o hidratante para acalmar a pele ap\u00f3s a exposi\u00e7\u00e3o solar;<\/li>\n\n\n\n<li>Limpeza facial: gel ou espuma de limpeza suave;<\/li>\n\n\n\n<li>Hidratante facial, preferencialmente com antioxidantes para combater os danos dos radicais livres;<\/li>\n\n\n\n<li>B\u00e1lsamo labial com FPS.<\/li>\n<\/ul>\n\n\n\n<h3 class=\"wp-block-heading\"><span class=\"ez-toc-section\" id=\"Cuidados_com_os_cabelos\"><\/span>Cuidados com os cabelos<span class=\"ez-toc-section-end\"><\/span><\/h3>\n\n\n\n<ul class=\"wp-block-list\">\n<li>Shampoo e condicionador hidratantes, de prefer\u00eancia produtos espec\u00edficos para cabelos expostos ao sol, sal e cloro;<\/li>\n\n\n\n<li>Leave-in ou \u00f3leo capilar para proteger os fios do sol e hidrat\u00e1-los;<\/li>\n\n\n\n<li>Escova ou pente de cabelo.<\/li>\n<\/ul>\n\n\n\n<h3 class=\"wp-block-heading\"><span class=\"ez-toc-section\" id=\"Higiene_pessoal\"><\/span>Higiene pessoal<span class=\"ez-toc-section-end\"><\/span><\/h3>\n\n\n\n<ul class=\"wp-block-list\">\n<li>Desodorante;<\/li>\n\n\n\n<li>Sabonete ou gel de banho;<\/li>\n\n\n\n<li>Escova de dente, pasta de dente e fio dental;<\/li>\n\n\n\n<li>Produtos menstruais, se necess\u00e1rio.<\/li>\n<\/ul>\n\n\n\n<h3 class=\"wp-block-heading\"><span class=\"ez-toc-section\" id=\"Maquiagem\"><\/span>Maquiagem<span class=\"ez-toc-section-end\"><\/span><\/h3>\n\n\n\n<ul class=\"wp-block-list\">\n<li>BB Cream ou CC Cream com FPS;<\/li>\n\n\n\n<li>M\u00e1scara de c\u00edlios \u00e0 prova d&#8217;\u00e1gua;<\/li>\n\n\n\n<li>Blush e batom em cores naturais ou com efeito bronzeador.<\/li>\n<\/ul>\n\n\n\n<h3 class=\"wp-block-heading\"><span class=\"ez-toc-section\" id=\"Outros_itens_uteis\"><\/span>Outros itens \u00fateis<span class=\"ez-toc-section-end\"><\/span><\/h3>\n\n\n\n<ul class=\"wp-block-list\">\n<li>Repelente de insetos, se estiver indo para uma \u00e1rea conhecida por ter muitos mosquitos e pernilongos;<\/li>\n\n\n\n<li>Kit de primeiros socorros b\u00e1sico, incluindo band-aids, antiss\u00e9pticos, analg\u00e9sicos, antial\u00e9rgicos e anti\u00e1cidos \u2013 principalmente se voc\u00ea estiver viajando com crian\u00e7as;<\/li>\n\n\n\n<li>Len\u00e7os umedecidos ou papel higi\u00eanico.<\/li>\n<\/ul>\n\n\n\n<p>Certifique-se de escolher produtos em embalagens pr\u00e1ticas para viagem e resistentes \u00e0 \u00e1gua, se poss\u00edvel.&nbsp;<\/p>\n\n\n\n<p>Se estiver viajando de avi\u00e3o, lembre-se tamb\u00e9m das restri\u00e7\u00f5es de l\u00edquidos para bagagem de m\u00e3o. Adapte a lista conforme suas prefer\u00eancias pessoais e a dura\u00e7\u00e3o da sua estadia na praia.<\/p>\n\n\n\n<p>Dicas anotadas? Esperamos que esse guia do que levar na n\u00e9cessaire de viagem tenha ajudado. Ah, e conte com o Qualfarma para mais dicas sobre bem-estar!<\/p>\n","protected":false},"excerpt":{"rendered":"<p>Preparamos um guia completo para homens, mulheres e diferentes tipos de viagens. <\/p>\n","protected":false},"author":6,"featured_media":2200,"comment_status":"open","ping_status":"open","sticky":false,"template":"","format":"standard","meta":{"tpgb_global_settings":"","footnotes":""},"categories":[125],"tags":[84],"class_list":["post-2197","post","type-post","status-publish","format-standard","has-post-thumbnail","hentry","category-dicas-e-tutoriais","tag-dicas-e-tutoriais"],"yoast_head":"<!-- This site is optimized with the Yoast SEO plugin v27.5 - https:\/\/yoast.com\/product\/yoast-seo-wordpress\/ -->\n<title>O que levar na n\u00e9cessaire de viagem? Aproveite este checklist!<\/title>\n<meta name=\"description\" content=\"Na d\u00favida de o que levar na n\u00e9cessaire de viagem? Preparamos um guia completo para homens, mulheres e diferentes tipos de viagens!\" \/>\n<meta name=\"robots\" content=\"index, follow, max-snippet:-1, max-image-preview:large, max-video-preview:-1\" \/>\n<link rel=\"canonical\" href=\"https:\/\/www.qualfarma.com.br\/vivabem\/o-que-levar-na-necessaire-de-viagem\/\" \/>\n<meta property=\"og:locale\" content=\"pt_BR\" \/>\n<meta property=\"og:type\" content=\"article\" \/>\n<meta property=\"og:title\" content=\"O que levar na n\u00e9cessaire de viagem? Aproveite este checklist!\" \/>\n<meta property=\"og:description\" content=\"Na d\u00favida de o que levar na n\u00e9cessaire de viagem? Preparamos um guia completo para homens, mulheres e diferentes tipos de viagens!\" \/>\n<meta property=\"og:url\" content=\"https:\/\/www.qualfarma.com.br\/vivabem\/o-que-levar-na-necessaire-de-viagem\/\" \/>\n<meta property=\"og:site_name\" content=\"Blog Viva Bem por Qualfarma\" \/>\n<meta property=\"article:published_time\" content=\"2023-12-27T14:49:45+00:00\" \/>\n<meta property=\"article:modified_time\" content=\"2025-09-02T18:24:18+00:00\" \/>\n<meta property=\"og:image\" content=\"https:\/\/www.qualfarma.com.br\/vivabem\/wp-content\/uploads\/2023\/12\/o-que-levar-na-necessaire-de-viagem.jpg\" \/>\n\t<meta property=\"og:image:width\" content=\"750\" \/>\n\t<meta property=\"og:image:height\" content=\"500\" \/>\n\t<meta property=\"og:image:type\" content=\"image\/jpeg\" \/>\n<meta name=\"author\" content=\"Reda\u00e7\u00e3o Qualfarma\" \/>\n<meta name=\"twitter:card\" content=\"summary_large_image\" \/>\n<meta name=\"twitter:label1\" content=\"Escrito por\" \/>\n\t<meta name=\"twitter:data1\" content=\"Reda\u00e7\u00e3o Qualfarma\" \/>\n\t<meta name=\"twitter:label2\" content=\"Est. tempo de leitura\" \/>\n\t<meta name=\"twitter:data2\" content=\"9 minutos\" \/>\n<script type=\"application\/ld+json\" class=\"yoast-schema-graph\">{\"@context\":\"https:\\\/\\\/schema.org\",\"@graph\":[{\"@type\":\"Article\",\"@id\":\"https:\\\/\\\/www.qualfarma.com.br\\\/vivabem\\\/o-que-levar-na-necessaire-de-viagem\\\/#article\",\"isPartOf\":{\"@id\":\"https:\\\/\\\/www.qualfarma.com.br\\\/vivabem\\\/o-que-levar-na-necessaire-de-viagem\\\/\"},\"author\":{\"name\":\"Reda\u00e7\u00e3o Qualfarma\",\"@id\":\"https:\\\/\\\/www.qualfarma.com.br\\\/vivabem\\\/#\\\/schema\\\/person\\\/e6037ef0f9c3229057f0431b6d899040\"},\"headline\":\"O que levar na n\u00e9cessaire de viagem? Aproveite este checklist!\",\"datePublished\":\"2023-12-27T14:49:45+00:00\",\"dateModified\":\"2025-09-02T18:24:18+00:00\",\"mainEntityOfPage\":{\"@id\":\"https:\\\/\\\/www.qualfarma.com.br\\\/vivabem\\\/o-que-levar-na-necessaire-de-viagem\\\/\"},\"wordCount\":1667,\"commentCount\":0,\"image\":{\"@id\":\"https:\\\/\\\/www.qualfarma.com.br\\\/vivabem\\\/o-que-levar-na-necessaire-de-viagem\\\/#primaryimage\"},\"thumbnailUrl\":\"https:\\\/\\\/www.qualfarma.com.br\\\/vivabem\\\/wp-content\\\/uploads\\\/2023\\\/12\\\/o-que-levar-na-necessaire-de-viagem.jpg\",\"keywords\":[\"Dicas e tutoriais\"],\"articleSection\":[\"Dicas e tutoriais\"],\"inLanguage\":\"pt-BR\",\"potentialAction\":[{\"@type\":\"CommentAction\",\"name\":\"Comment\",\"target\":[\"https:\\\/\\\/www.qualfarma.com.br\\\/vivabem\\\/o-que-levar-na-necessaire-de-viagem\\\/#respond\"]}]},{\"@type\":\"WebPage\",\"@id\":\"https:\\\/\\\/www.qualfarma.com.br\\\/vivabem\\\/o-que-levar-na-necessaire-de-viagem\\\/\",\"url\":\"https:\\\/\\\/www.qualfarma.com.br\\\/vivabem\\\/o-que-levar-na-necessaire-de-viagem\\\/\",\"name\":\"O que levar na n\u00e9cessaire de viagem? Aproveite este checklist!\",\"isPartOf\":{\"@id\":\"https:\\\/\\\/www.qualfarma.com.br\\\/vivabem\\\/#website\"},\"primaryImageOfPage\":{\"@id\":\"https:\\\/\\\/www.qualfarma.com.br\\\/vivabem\\\/o-que-levar-na-necessaire-de-viagem\\\/#primaryimage\"},\"image\":{\"@id\":\"https:\\\/\\\/www.qualfarma.com.br\\\/vivabem\\\/o-que-levar-na-necessaire-de-viagem\\\/#primaryimage\"},\"thumbnailUrl\":\"https:\\\/\\\/www.qualfarma.com.br\\\/vivabem\\\/wp-content\\\/uploads\\\/2023\\\/12\\\/o-que-levar-na-necessaire-de-viagem.jpg\",\"datePublished\":\"2023-12-27T14:49:45+00:00\",\"dateModified\":\"2025-09-02T18:24:18+00:00\",\"author\":{\"@id\":\"https:\\\/\\\/www.qualfarma.com.br\\\/vivabem\\\/#\\\/schema\\\/person\\\/e6037ef0f9c3229057f0431b6d899040\"},\"description\":\"Na d\u00favida de o que levar na n\u00e9cessaire de viagem? Preparamos um guia completo para homens, mulheres e diferentes tipos de viagens!\",\"breadcrumb\":{\"@id\":\"https:\\\/\\\/www.qualfarma.com.br\\\/vivabem\\\/o-que-levar-na-necessaire-de-viagem\\\/#breadcrumb\"},\"inLanguage\":\"pt-BR\",\"potentialAction\":[{\"@type\":\"ReadAction\",\"target\":[\"https:\\\/\\\/www.qualfarma.com.br\\\/vivabem\\\/o-que-levar-na-necessaire-de-viagem\\\/\"]}]},{\"@type\":\"ImageObject\",\"inLanguage\":\"pt-BR\",\"@id\":\"https:\\\/\\\/www.qualfarma.com.br\\\/vivabem\\\/o-que-levar-na-necessaire-de-viagem\\\/#primaryimage\",\"url\":\"https:\\\/\\\/www.qualfarma.com.br\\\/vivabem\\\/wp-content\\\/uploads\\\/2023\\\/12\\\/o-que-levar-na-necessaire-de-viagem.jpg\",\"contentUrl\":\"https:\\\/\\\/www.qualfarma.com.br\\\/vivabem\\\/wp-content\\\/uploads\\\/2023\\\/12\\\/o-que-levar-na-necessaire-de-viagem.jpg\",\"width\":750,\"height\":500,\"caption\":\"Mulher arrumando o que levar na n\u00e9cessaire de viagem\"},{\"@type\":\"BreadcrumbList\",\"@id\":\"https:\\\/\\\/www.qualfarma.com.br\\\/vivabem\\\/o-que-levar-na-necessaire-de-viagem\\\/#breadcrumb\",\"itemListElement\":[{\"@type\":\"ListItem\",\"position\":1,\"name\":\"Blog Viva Bem\",\"item\":\"https:\\\/\\\/www.qualfarma.com.br\\\/vivabem\\\/\"},{\"@type\":\"ListItem\",\"position\":2,\"name\":\"Dicas e tutoriais\",\"item\":\"https:\\\/\\\/www.qualfarma.com.br\\\/vivabem\\\/dicas-e-tutoriais\\\/\"},{\"@type\":\"ListItem\",\"position\":3,\"name\":\"O que levar na n\u00e9cessaire de viagem? Aproveite este checklist!\"}]},{\"@type\":\"WebSite\",\"@id\":\"https:\\\/\\\/www.qualfarma.com.br\\\/vivabem\\\/#website\",\"url\":\"https:\\\/\\\/www.qualfarma.com.br\\\/vivabem\\\/\",\"name\":\"Blog Viva Bem por Qualfarma\",\"description\":\"\u00ae 2023\",\"potentialAction\":[{\"@type\":\"SearchAction\",\"target\":{\"@type\":\"EntryPoint\",\"urlTemplate\":\"https:\\\/\\\/www.qualfarma.com.br\\\/vivabem\\\/?s={search_term_string}\"},\"query-input\":{\"@type\":\"PropertyValueSpecification\",\"valueRequired\":true,\"valueName\":\"search_term_string\"}}],\"inLanguage\":\"pt-BR\"},{\"@type\":\"Person\",\"@id\":\"https:\\\/\\\/www.qualfarma.com.br\\\/vivabem\\\/#\\\/schema\\\/person\\\/e6037ef0f9c3229057f0431b6d899040\",\"name\":\"Reda\u00e7\u00e3o Qualfarma\",\"image\":{\"@type\":\"ImageObject\",\"inLanguage\":\"pt-BR\",\"@id\":\"https:\\\/\\\/secure.gravatar.com\\\/avatar\\\/329561e79720b1f3782b6f0441eaff93fe95cbf7b7b6dcea21f80c8c42f8f1d0?s=96&d=mm&r=g\",\"url\":\"https:\\\/\\\/secure.gravatar.com\\\/avatar\\\/329561e79720b1f3782b6f0441eaff93fe95cbf7b7b6dcea21f80c8c42f8f1d0?s=96&d=mm&r=g\",\"contentUrl\":\"https:\\\/\\\/secure.gravatar.com\\\/avatar\\\/329561e79720b1f3782b6f0441eaff93fe95cbf7b7b6dcea21f80c8c42f8f1d0?s=96&d=mm&r=g\",\"caption\":\"Reda\u00e7\u00e3o Qualfarma\"},\"description\":\"A Reda\u00e7\u00e3o Qualfarma \u00e9 formada por um time focado em assuntos de sa\u00fade e beleza que se dedica a descomplicar o bem-estar, facilitando o acesso a informa\u00e7\u00f5es e dicas atrav\u00e9s de conte\u00fado de alta qualidade.\"}]}<\/script>\n<!-- \/ Yoast SEO plugin. -->","yoast_head_json":{"title":"O que levar na n\u00e9cessaire de viagem? Aproveite este checklist!","description":"Na d\u00favida de o que levar na n\u00e9cessaire de viagem? Preparamos um guia completo para homens, mulheres e diferentes tipos de viagens!","robots":{"index":"index","follow":"follow","max-snippet":"max-snippet:-1","max-image-preview":"max-image-preview:large","max-video-preview":"max-video-preview:-1"},"canonical":"https:\/\/www.qualfarma.com.br\/vivabem\/o-que-levar-na-necessaire-de-viagem\/","og_locale":"pt_BR","og_type":"article","og_title":"O que levar na n\u00e9cessaire de viagem? Aproveite este checklist!","og_description":"Na d\u00favida de o que levar na n\u00e9cessaire de viagem? Preparamos um guia completo para homens, mulheres e diferentes tipos de viagens!","og_url":"https:\/\/www.qualfarma.com.br\/vivabem\/o-que-levar-na-necessaire-de-viagem\/","og_site_name":"Blog Viva Bem por Qualfarma","article_published_time":"2023-12-27T14:49:45+00:00","article_modified_time":"2025-09-02T18:24:18+00:00","og_image":[{"width":750,"height":500,"url":"https:\/\/www.qualfarma.com.br\/vivabem\/wp-content\/uploads\/2023\/12\/o-que-levar-na-necessaire-de-viagem.jpg","type":"image\/jpeg"}],"author":"Reda\u00e7\u00e3o Qualfarma","twitter_card":"summary_large_image","twitter_misc":{"Escrito por":"Reda\u00e7\u00e3o Qualfarma","Est. tempo de leitura":"9 minutos"},"schema":{"@context":"https:\/\/schema.org","@graph":[{"@type":"Article","@id":"https:\/\/www.qualfarma.com.br\/vivabem\/o-que-levar-na-necessaire-de-viagem\/#article","isPartOf":{"@id":"https:\/\/www.qualfarma.com.br\/vivabem\/o-que-levar-na-necessaire-de-viagem\/"},"author":{"name":"Reda\u00e7\u00e3o Qualfarma","@id":"https:\/\/www.qualfarma.com.br\/vivabem\/#\/schema\/person\/e6037ef0f9c3229057f0431b6d899040"},"headline":"O que levar na n\u00e9cessaire de viagem? Aproveite este checklist!","datePublished":"2023-12-27T14:49:45+00:00","dateModified":"2025-09-02T18:24:18+00:00","mainEntityOfPage":{"@id":"https:\/\/www.qualfarma.com.br\/vivabem\/o-que-levar-na-necessaire-de-viagem\/"},"wordCount":1667,"commentCount":0,"image":{"@id":"https:\/\/www.qualfarma.com.br\/vivabem\/o-que-levar-na-necessaire-de-viagem\/#primaryimage"},"thumbnailUrl":"https:\/\/www.qualfarma.com.br\/vivabem\/wp-content\/uploads\/2023\/12\/o-que-levar-na-necessaire-de-viagem.jpg","keywords":["Dicas e tutoriais"],"articleSection":["Dicas e tutoriais"],"inLanguage":"pt-BR","potentialAction":[{"@type":"CommentAction","name":"Comment","target":["https:\/\/www.qualfarma.com.br\/vivabem\/o-que-levar-na-necessaire-de-viagem\/#respond"]}]},{"@type":"WebPage","@id":"https:\/\/www.qualfarma.com.br\/vivabem\/o-que-levar-na-necessaire-de-viagem\/","url":"https:\/\/www.qualfarma.com.br\/vivabem\/o-que-levar-na-necessaire-de-viagem\/","name":"O que levar na n\u00e9cessaire de viagem? Aproveite este checklist!","isPartOf":{"@id":"https:\/\/www.qualfarma.com.br\/vivabem\/#website"},"primaryImageOfPage":{"@id":"https:\/\/www.qualfarma.com.br\/vivabem\/o-que-levar-na-necessaire-de-viagem\/#primaryimage"},"image":{"@id":"https:\/\/www.qualfarma.com.br\/vivabem\/o-que-levar-na-necessaire-de-viagem\/#primaryimage"},"thumbnailUrl":"https:\/\/www.qualfarma.com.br\/vivabem\/wp-content\/uploads\/2023\/12\/o-que-levar-na-necessaire-de-viagem.jpg","datePublished":"2023-12-27T14:49:45+00:00","dateModified":"2025-09-02T18:24:18+00:00","author":{"@id":"https:\/\/www.qualfarma.com.br\/vivabem\/#\/schema\/person\/e6037ef0f9c3229057f0431b6d899040"},"description":"Na d\u00favida de o que levar na n\u00e9cessaire de viagem? Preparamos um guia completo para homens, mulheres e diferentes tipos de viagens!","breadcrumb":{"@id":"https:\/\/www.qualfarma.com.br\/vivabem\/o-que-levar-na-necessaire-de-viagem\/#breadcrumb"},"inLanguage":"pt-BR","potentialAction":[{"@type":"ReadAction","target":["https:\/\/www.qualfarma.com.br\/vivabem\/o-que-levar-na-necessaire-de-viagem\/"]}]},{"@type":"ImageObject","inLanguage":"pt-BR","@id":"https:\/\/www.qualfarma.com.br\/vivabem\/o-que-levar-na-necessaire-de-viagem\/#primaryimage","url":"https:\/\/www.qualfarma.com.br\/vivabem\/wp-content\/uploads\/2023\/12\/o-que-levar-na-necessaire-de-viagem.jpg","contentUrl":"https:\/\/www.qualfarma.com.br\/vivabem\/wp-content\/uploads\/2023\/12\/o-que-levar-na-necessaire-de-viagem.jpg","width":750,"height":500,"caption":"Mulher arrumando o que levar na n\u00e9cessaire de viagem"},{"@type":"BreadcrumbList","@id":"https:\/\/www.qualfarma.com.br\/vivabem\/o-que-levar-na-necessaire-de-viagem\/#breadcrumb","itemListElement":[{"@type":"ListItem","position":1,"name":"Blog Viva Bem","item":"https:\/\/www.qualfarma.com.br\/vivabem\/"},{"@type":"ListItem","position":2,"name":"Dicas e tutoriais","item":"https:\/\/www.qualfarma.com.br\/vivabem\/dicas-e-tutoriais\/"},{"@type":"ListItem","position":3,"name":"O que levar na n\u00e9cessaire de viagem? Aproveite este checklist!"}]},{"@type":"WebSite","@id":"https:\/\/www.qualfarma.com.br\/vivabem\/#website","url":"https:\/\/www.qualfarma.com.br\/vivabem\/","name":"Blog Viva Bem por Qualfarma","description":"\u00ae 2023","potentialAction":[{"@type":"SearchAction","target":{"@type":"EntryPoint","urlTemplate":"https:\/\/www.qualfarma.com.br\/vivabem\/?s={search_term_string}"},"query-input":{"@type":"PropertyValueSpecification","valueRequired":true,"valueName":"search_term_string"}}],"inLanguage":"pt-BR"},{"@type":"Person","@id":"https:\/\/www.qualfarma.com.br\/vivabem\/#\/schema\/person\/e6037ef0f9c3229057f0431b6d899040","name":"Reda\u00e7\u00e3o Qualfarma","image":{"@type":"ImageObject","inLanguage":"pt-BR","@id":"https:\/\/secure.gravatar.com\/avatar\/329561e79720b1f3782b6f0441eaff93fe95cbf7b7b6dcea21f80c8c42f8f1d0?s=96&d=mm&r=g","url":"https:\/\/secure.gravatar.com\/avatar\/329561e79720b1f3782b6f0441eaff93fe95cbf7b7b6dcea21f80c8c42f8f1d0?s=96&d=mm&r=g","contentUrl":"https:\/\/secure.gravatar.com\/avatar\/329561e79720b1f3782b6f0441eaff93fe95cbf7b7b6dcea21f80c8c42f8f1d0?s=96&d=mm&r=g","caption":"Reda\u00e7\u00e3o Qualfarma"},"description":"A Reda\u00e7\u00e3o Qualfarma \u00e9 formada por um time focado em assuntos de sa\u00fade e beleza que se dedica a descomplicar o bem-estar, facilitando o acesso a informa\u00e7\u00f5es e dicas atrav\u00e9s de conte\u00fado de alta qualidade."}]}},"jetpack_featured_media_url":"https:\/\/www.qualfarma.com.br\/vivabem\/wp-content\/uploads\/2023\/12\/o-que-levar-na-necessaire-de-viagem.jpg","tpgb_featured_images":{"full":["https:\/\/www.qualfarma.com.br\/vivabem\/wp-content\/uploads\/2023\/12\/o-que-levar-na-necessaire-de-viagem.jpg",750,500,false],"tp-image-grid":["https:\/\/www.qualfarma.com.br\/vivabem\/wp-content\/uploads\/2023\/12\/o-que-levar-na-necessaire-de-viagem-700x700.jpg",700,700,true],"thumbnail":["https:\/\/www.qualfarma.com.br\/vivabem\/wp-content\/uploads\/2023\/12\/o-que-levar-na-necessaire-de-viagem-150x150.jpg",150,150,true],"medium":["https:\/\/www.qualfarma.com.br\/vivabem\/wp-content\/uploads\/2023\/12\/o-que-levar-na-necessaire-de-viagem-300x200.jpg",300,200,true],"medium_large":["https:\/\/www.qualfarma.com.br\/vivabem\/wp-content\/uploads\/2023\/12\/o-que-levar-na-necessaire-de-viagem.jpg",750,500,false],"large":["https:\/\/www.qualfarma.com.br\/vivabem\/wp-content\/uploads\/2023\/12\/o-que-levar-na-necessaire-de-viagem.jpg",750,500,false],"default":"https:\/\/www.qualfarma.com.br\/vivabem\/wp-content\/plugins\/the-plus-addons-for-block-editor\/assets\/images\/tpgb-placeholder.jpg"},"tpgb_post_meta_info":{"get_date":"dezembro 27, 2023","get_modified_date":"setembro 2, 2025","category_list":{"category":[{"term_id":125,"name":"Dicas e tutoriais","slug":"dicas-e-tutoriais","term_group":0,"term_taxonomy_id":125,"taxonomy":"category","description":"Facilite seu dia a dia com nossas dicas e tutoriais. Descubra conte\u00fados pr\u00e1ticos sobre beleza, sa\u00fade e bem-estar, tudo para tornar sua vida mais simples e descomplicada. Viva bem com recomenda\u00e7\u00f5es eficientes \u2013 e conte com o Qualfarma para isso.","parent":0,"count":3,"filter":"raw"}],"post_tag":[{"term_id":84,"name":"Dicas e tutoriais","slug":"dicas-e-tutoriais","term_group":0,"term_taxonomy_id":84,"taxonomy":"post_tag","description":"","parent":0,"count":3,"filter":"raw"}]},"author_name":"Reda\u00e7\u00e3o Qualfarma","author_url":"https:\/\/www.qualfarma.com.br\/vivabem\/author\/redacao-qualfarma\/","author_email":"contato@maispreco.com","author_website":"","author_description":"A Reda\u00e7\u00e3o Qualfarma \u00e9 formada por um time focado em assuntos de sa\u00fade e beleza que se dedica a descomplicar o bem-estar, facilitando o acesso a informa\u00e7\u00f5es e dicas atrav\u00e9s de conte\u00fado de alta qualidade.","author_facebook":"","author_twitter":"","author_instagram":"","author_role":["author"],"author_firstname":"Reda\u00e7\u00e3o","author_lastname":"Qualfarma","user_login":"redacao.qualfarma","author_avatar":"<img alt='' src='https:\/\/secure.gravatar.com\/avatar\/329561e79720b1f3782b6f0441eaff93fe95cbf7b7b6dcea21f80c8c42f8f1d0?s=200&#038;d=mm&#038;r=g' srcset='https:\/\/secure.gravatar.com\/avatar\/329561e79720b1f3782b6f0441eaff93fe95cbf7b7b6dcea21f80c8c42f8f1d0?s=400&#038;d=mm&#038;r=g 2x' class='avatar avatar-200 photo' height='200' width='200' decoding='async'\/>","author_avatar_url":"https:\/\/secure.gravatar.com\/avatar\/329561e79720b1f3782b6f0441eaff93fe95cbf7b7b6dcea21f80c8c42f8f1d0?s=96&d=mm&r=g","comment_count":0,"post_likes":0,"post_views":0},"tpgb_post_category":{"category":"<a href=\"https:\/\/www.qualfarma.com.br\/vivabem\/dicas-e-tutoriais\/\" alt=\"Dicas e tutoriais\"  class=\"category-dicas-e-tutoriais\">Dicas e tutoriais<\/a> ","post_tag":"<a href=\"https:\/\/www.qualfarma.com.br\/vivabem\/tag\/dicas-e-tutoriais\/\" alt=\"Dicas e tutoriais\"  class=\"post_tag-dicas-e-tutoriais\">Dicas e tutoriais<\/a> "},"_links":{"self":[{"href":"https:\/\/www.qualfarma.com.br\/vivabem\/wp-json\/wp\/v2\/posts\/2197","targetHints":{"allow":["GET"]}}],"collection":[{"href":"https:\/\/www.qualfarma.com.br\/vivabem\/wp-json\/wp\/v2\/posts"}],"about":[{"href":"https:\/\/www.qualfarma.com.br\/vivabem\/wp-json\/wp\/v2\/types\/post"}],"author":[{"embeddable":true,"href":"https:\/\/www.qualfarma.com.br\/vivabem\/wp-json\/wp\/v2\/users\/6"}],"replies":[{"embeddable":true,"href":"https:\/\/www.qualfarma.com.br\/vivabem\/wp-json\/wp\/v2\/comments?post=2197"}],"version-history":[{"count":11,"href":"https:\/\/www.qualfarma.com.br\/vivabem\/wp-json\/wp\/v2\/posts\/2197\/revisions"}],"predecessor-version":[{"id":4464,"href":"https:\/\/www.qualfarma.com.br\/vivabem\/wp-json\/wp\/v2\/posts\/2197\/revisions\/4464"}],"wp:featuredmedia":[{"embeddable":true,"href":"https:\/\/www.qualfarma.com.br\/vivabem\/wp-json\/wp\/v2\/media\/2200"}],"wp:attachment":[{"href":"https:\/\/www.qualfarma.com.br\/vivabem\/wp-json\/wp\/v2\/media?parent=2197"}],"wp:term":[{"taxonomy":"category","embeddable":true,"href":"https:\/\/www.qualfarma.com.br\/vivabem\/wp-json\/wp\/v2\/categories?post=2197"},{"taxonomy":"post_tag","embeddable":true,"href":"https:\/\/www.qualfarma.com.br\/vivabem\/wp-json\/wp\/v2\/tags?post=2197"}],"curies":[{"name":"wp","href":"https:\/\/api.w.org\/{rel}","templated":true}]}}