{"id":1609,"date":"2023-12-18T07:05:59","date_gmt":"2023-12-18T07:05:59","guid":{"rendered":"https:\/\/www.qualfarma.com.br\/vivabem\/?p=1609"},"modified":"2024-08-14T17:11:35","modified_gmt":"2024-08-14T17:11:35","slug":"pos-barba-dicas-para-usar-e-melhores-marcas","status":"publish","type":"post","link":"https:\/\/www.qualfarma.com.br\/vivabem\/pos-barba-dicas-para-usar-e-melhores-marcas\/","title":{"rendered":"P\u00f3s-barba: dicas para usar e melhores marcas"},"content":{"rendered":"\n<p>Chegou a hora de ficar por dentro dos benef\u00edcios do<strong> p\u00f3s-barba<\/strong> para a sua pele. Neste artigo, voc\u00ea vai conhecer algumas dicas para cuidar melhor da pele no p\u00f3s-barba e conhecer alguns dos produtos mais bem-avaliados do mercado para escolher o seu.&nbsp;<\/p>\n\n\n\n<div id=\"ez-toc-container\" class=\"ez-toc-v2_0_82_2 counter-hierarchy ez-toc-counter ez-toc-grey ez-toc-container-direction\">\n<div class=\"ez-toc-title-container\">\n<p class=\"ez-toc-title\" style=\"cursor:inherit\">Navegue pelo assunto<\/p>\n<span class=\"ez-toc-title-toggle\"><\/span><\/div>\n<nav><ul class='ez-toc-list ez-toc-list-level-1 ' ><li class='ez-toc-page-1 ez-toc-heading-level-2'><a class=\"ez-toc-link ez-toc-heading-1\" href=\"https:\/\/www.qualfarma.com.br\/vivabem\/pos-barba-dicas-para-usar-e-melhores-marcas\/#O_que_e_pos-barba\" >O que \u00e9 p\u00f3s-barba?<\/a><\/li><li class='ez-toc-page-1 ez-toc-heading-level-2'><a class=\"ez-toc-link ez-toc-heading-2\" href=\"https:\/\/www.qualfarma.com.br\/vivabem\/pos-barba-dicas-para-usar-e-melhores-marcas\/#Para_que_serve_o_pos-barba\" >Para que serve o p\u00f3s-barba?<\/a><\/li><li class='ez-toc-page-1 ez-toc-heading-level-2'><a class=\"ez-toc-link ez-toc-heading-3\" href=\"https:\/\/www.qualfarma.com.br\/vivabem\/pos-barba-dicas-para-usar-e-melhores-marcas\/#Quando_usar_pos-barba\" >Quando usar p\u00f3s-barba?<\/a><\/li><li class='ez-toc-page-1 ez-toc-heading-level-2'><a class=\"ez-toc-link ez-toc-heading-4\" href=\"https:\/\/www.qualfarma.com.br\/vivabem\/pos-barba-dicas-para-usar-e-melhores-marcas\/#Como_escolher_o_pos-barba_ideal\" >Como escolher o p\u00f3s-barba ideal?<\/a><\/li><li class='ez-toc-page-1 ez-toc-heading-level-2'><a class=\"ez-toc-link ez-toc-heading-5\" href=\"https:\/\/www.qualfarma.com.br\/vivabem\/pos-barba-dicas-para-usar-e-melhores-marcas\/#Qual_a_diferenca_entre_gel_pos-barba_balsamo_creme_e_locao\" >Qual a diferen\u00e7a entre gel p\u00f3s-barba, b\u00e1lsamo, creme e lo\u00e7\u00e3o?\u00a0<\/a><\/li><li class='ez-toc-page-1 ez-toc-heading-level-2'><a class=\"ez-toc-link ez-toc-heading-6\" href=\"https:\/\/www.qualfarma.com.br\/vivabem\/pos-barba-dicas-para-usar-e-melhores-marcas\/#Melhores_marcas_de_pos-barba\" >Melhores marcas de p\u00f3s-barba&nbsp;<\/a><ul class='ez-toc-list-level-3' ><li class='ez-toc-heading-level-3'><a class=\"ez-toc-link ez-toc-heading-7\" href=\"https:\/\/www.qualfarma.com.br\/vivabem\/pos-barba-dicas-para-usar-e-melhores-marcas\/#1_Urban_Men\" >1. Urban Men&nbsp;<\/a><\/li><li class='ez-toc-page-1 ez-toc-heading-level-3'><a class=\"ez-toc-link ez-toc-heading-8\" href=\"https:\/\/www.qualfarma.com.br\/vivabem\/pos-barba-dicas-para-usar-e-melhores-marcas\/#2_Nivea_Men\" >2. Nivea Men&nbsp;<\/a><\/li><li class='ez-toc-page-1 ez-toc-heading-level-3'><a class=\"ez-toc-link ez-toc-heading-9\" href=\"https:\/\/www.qualfarma.com.br\/vivabem\/pos-barba-dicas-para-usar-e-melhores-marcas\/#3_Bozzano\" >3. Bozzano&nbsp;<\/a><\/li><li class='ez-toc-page-1 ez-toc-heading-level-3'><a class=\"ez-toc-link ez-toc-heading-10\" href=\"https:\/\/www.qualfarma.com.br\/vivabem\/pos-barba-dicas-para-usar-e-melhores-marcas\/#4_Gillette\" >4. Gillette<\/a><\/li><\/ul><\/li><\/ul><\/nav><\/div>\n<h2 class=\"wp-block-heading\"><span class=\"ez-toc-section\" id=\"O_que_e_pos-barba\"><\/span>O que \u00e9 p\u00f3s-barba?<span class=\"ez-toc-section-end\"><\/span><\/h2>\n\n\n\n<p>Nada mais que um produto para ser usado ap\u00f3s fazer a barba, j\u00e1 que ele tem o objetivo de <strong>suavizar o processo do barbear<\/strong>.&nbsp;<\/p>\n\n\n\n<p>Com ingredientes hidratantes, anti-inflamat\u00f3rios e cicatrizantes, o produto foi feito para <strong>aliviar poss\u00edveis irrita\u00e7\u00f5es<\/strong> que podem surgir ap\u00f3s o uso de uma m\u00e1quina ou aparelho de barbear.&nbsp;<\/p>\n\n\n\n<h2 class=\"wp-block-heading\"><span class=\"ez-toc-section\" id=\"Para_que_serve_o_pos-barba\"><\/span>Para que serve o p\u00f3s-barba?<span class=\"ez-toc-section-end\"><\/span><\/h2>\n\n\n\n<p>Para <strong>acalmar e hidratar a pele do rosto ap\u00f3s o barbear<\/strong>, ajudando a reduzir a irrita\u00e7\u00e3o, vermelhid\u00e3o e desconforto causados pelas l\u00e2minas.&nbsp;<\/p>\n\n\n\n<p>Al\u00e9m disso, o produto tamb\u00e9m ajuda a prevenir o aparecimento de pelos encravados, colaborando para a <strong>manuten\u00e7\u00e3o de uma pele mais macia<\/strong>.&nbsp;<\/p>\n\n\n\n<h2 class=\"wp-block-heading\"><span class=\"ez-toc-section\" id=\"Quando_usar_pos-barba\"><\/span>Quando usar p\u00f3s-barba?<span class=\"ez-toc-section-end\"><\/span><\/h2>\n\n\n\n<p>O p\u00f3s-barba deve ser usado <strong>imediatamente ap\u00f3s o barbear<\/strong>.&nbsp;<\/p>\n\n\n\n<h2 class=\"wp-block-heading\"><span class=\"ez-toc-section\" id=\"Como_escolher_o_pos-barba_ideal\"><\/span>Como escolher o p\u00f3s-barba ideal?<span class=\"ez-toc-section-end\"><\/span><\/h2>\n\n\n\n<p>Para escolher a op\u00e7\u00e3o ideal para voc\u00ea, recomendamos que voc\u00ea opte por um produto com:<\/p>\n\n\n\n<ul class=\"wp-block-list\">\n<li><strong>Ingredientes calmantes<\/strong>, como aloe vera, camomila e extrato de cal\u00eandula;<\/li>\n\n\n\n<li><strong>Ingredientes hidratantes<\/strong>, como glicerina e \u00e1cido hialur\u00f4nico;<\/li>\n\n\n\n<li><strong>Livre de \u00e1lcool<\/strong>, j\u00e1 que o \u00e1lcool sempre pode ressecar e irritar a pele.&nbsp;<\/li>\n<\/ul>\n\n\n\n<p>E se voc\u00ea quiser saber mais dicas sobre como usar o p\u00f3s-barba, vale a pena conferir as dicas do canal &#8220;Barba Tradicional&#8221;:<\/p>\n\n\n\n<figure class=\"wp-block-embed is-type-video is-provider-youtube wp-block-embed-youtube wp-embed-aspect-16-9 wp-has-aspect-ratio\"><div class=\"wp-block-embed__wrapper\">\n<iframe title=\"Rotina p\u00f3s-barba - Barbear sem irrita\u00e7\u00e3o, cortes e p\u00ealo encravado | \ud83d\udc88 Barba Tradicional \ud83d\udc88\" width=\"800\" height=\"450\" src=\"https:\/\/www.youtube.com\/embed\/XhSgEGp_JT4?feature=oembed\" frameborder=\"0\" allow=\"accelerometer; autoplay; clipboard-write; encrypted-media; gyroscope; picture-in-picture; web-share\" referrerpolicy=\"strict-origin-when-cross-origin\" allowfullscreen><\/iframe>\n<\/div><\/figure>\n\n\n\n<p>Voc\u00ea sabia que o <a href=\"https:\/\/www.qualfarma.com.br\/vivabem\/cicaplast-baume-b5-para-que-serve\/\" target=\"_blank\" rel=\"noreferrer noopener\">icaplast Baume B5<\/a> \u00e9 um excelente aliado para o p\u00f3s-barba? Entenda neste artigo.<\/p>\n\n\n\n<h2 class=\"wp-block-heading\"><span class=\"ez-toc-section\" id=\"Qual_a_diferenca_entre_gel_pos-barba_balsamo_creme_e_locao\"><\/span>Qual a diferen\u00e7a entre gel p\u00f3s-barba, b\u00e1lsamo, creme e lo\u00e7\u00e3o?\u00a0<span class=\"ez-toc-section-end\"><\/span><\/h2>\n\n\n\n<p>Vamos l\u00e1, \u00e9 muito simples!&nbsp;<\/p>\n\n\n\n<p>O <strong>gel <\/strong>costuma ser mais recomendado para quem tem <strong>pele oleosa<\/strong> por ter uma textura mais leve e de r\u00e1pida absor\u00e7\u00e3o.<\/p>\n\n\n\n<p>J\u00e1 o <strong>b\u00e1lsamo <\/strong>tem uma consist\u00eancia mais espessa e cremosa, o que lhe d\u00e1 um poder maior de hidrata\u00e7\u00e3o. Indicado especialmente para <strong>peles mais secas e sens\u00edveis<\/strong>.<\/p>\n\n\n\n<p>Com textura mais densa e cremosa, o <strong>creme<\/strong> tamb\u00e9m pode ter ingredientes anti-idade e antioxidantes, o que o torna recomendado principalmente para <strong>peles secas e maduras<\/strong>.&nbsp;<\/p>\n\n\n\n<p>E por fim, a <strong>lo\u00e7\u00e3o<\/strong>, que tem uma consist\u00eancia l\u00edquida e pode vir acompanhada de ingredientes que proporcionam uma sensa\u00e7\u00e3o de frescor na pele. Essa op\u00e7\u00e3o costuma ser adequada para <strong>todos os tipos de pele<\/strong>, exceto as sens\u00edveis. Isso porque, visando desinfectar, a lo\u00e7\u00e3o costuma ter \u00e1lcool em sua composi\u00e7\u00e3o.<\/p>\n\n\n\n<p>De qualquer forma, escolher um produto p\u00f3s-barba que se adapte \u00e0s necessidades da sua pele \u00e9 importante. Com isso, se tiver d\u00favidas, consulte um ou uma dermatologista de confian\u00e7a para obter orienta\u00e7\u00e3o personalizada.<\/p>\n\n\n\n<p>Quer aprofundar mais sobre cuidados com a pele? Confira nosso guia sobre <a href=\"https:\/\/www.qualfarma.com.br\/vivabem\/skincare-para-homens-como-montar-uma-rotina-completa\/\" target=\"_blank\" rel=\"noreferrer noopener\">skincare para homens<\/a>.<\/p>\n\n\n\n<h2 class=\"wp-block-heading\"><span class=\"ez-toc-section\" id=\"Melhores_marcas_de_pos-barba\"><\/span>Melhores marcas de p\u00f3s-barba&nbsp;<span class=\"ez-toc-section-end\"><\/span><\/h2>\n\n\n\n<p>Algumas marcas costumam ser mais apreciadas que outras no mundo do p\u00f3s-barba. \u00c9 o caso da Nivea, da Bozzano e da Urban Men, al\u00e9m da Gillette. A seguir, conhe\u00e7a mais detalhes sobre p\u00f3s-barbas em b\u00e1lsamo, gel e lo\u00e7\u00e3o para escolher o seu.<\/p>\n\n\n\n<h3 class=\"wp-block-heading\"><span class=\"ez-toc-section\" id=\"1_Urban_Men\"><\/span>1. Urban Men&nbsp;<span class=\"ez-toc-section-end\"><\/span><\/h3>\n\n\n\n<p>Capaz de amenizar a irrita\u00e7\u00e3o da pele e hidratar a \u00e1rea barbeada rapidamente, o b\u00e1lsamo p\u00f3s-barba da Urban Men \u00e9 livre de corantes e promete deixar a pele mais macia. Na Amazon, sua avalia\u00e7\u00e3o \u00e9 de 4.7\/5.0. Uma boa nota para quem est\u00e1 querendo descobrir um novo p\u00f3s-barba.<\/p>\n\n\n\t\t<div data-elementor-type=\"page\" data-elementor-id=\"2035\" class=\"elementor elementor-2035\" data-elementor-post-type=\"elementor_library\">\n\t\t\t\t\t\t<section class=\"elementor-section elementor-top-section elementor-element elementor-element-64623e33 elementor-section-boxed elementor-section-height-default elementor-section-height-default\" data-id=\"64623e33\" data-element_type=\"section\" data-e-type=\"section\">\n\t\t\t\t\t\t<div class=\"elementor-container elementor-column-gap-default\">\n\t\t\t\t\t<div class=\"elementor-column elementor-col-100 elementor-top-column elementor-element elementor-element-388e7a2e\" data-id=\"388e7a2e\" data-element_type=\"column\" data-e-type=\"column\">\n\t\t\t<div class=\"elementor-widget-wrap elementor-element-populated\">\n\t\t\t\t\t\t<div class=\"elementor-element elementor-element-426f0f98 elementor-widget elementor-widget-ucaddon_card_carousel\" data-id=\"426f0f98\" data-element_type=\"widget\" data-e-type=\"widget\" data-widget_type=\"ucaddon_card_carousel.default\">\n\t\t\t\t<div class=\"elementor-widget-container\">\n\t\t\t\t\t\n<!-- start Card Carousel -->\n\t\t<link id='font-awesome-css' href='https:\/\/www.qualfarma.com.br\/vivabem\/wp-content\/plugins\/unlimited-elements-for-elementor\/assets_libraries\/font-awesome6\/fontawesome-all.min.css' type='text\/css' rel='stylesheet' >\n\t\t<link id='font-awesome-4-shim-css' href='https:\/\/www.qualfarma.com.br\/vivabem\/wp-content\/plugins\/unlimited-elements-for-elementor\/assets_libraries\/font-awesome6\/fontawesome-v4-shims.min.css' type='text\/css' rel='stylesheet' >\n\t\t<link id='owl-carousel-css' href='https:\/\/www.qualfarma.com.br\/vivabem\/wp-content\/plugins\/unlimited-elements-for-elementor\/assets_libraries\/owl-carousel-new\/assets\/owl.carousel.css' type='text\/css' rel='stylesheet' >\n\t\t<link id='uc_ac_assets_file_animate_css_77907-css' href='https:\/\/www.qualfarma.com.br\/vivabem\/wp-content\/uploads\/ac_assets\/uc_classic_carousel\/animate.css' type='text\/css' rel='stylesheet' >\n\n<style>\/* widget: Card Carousel *\/\n\n#uc_card_carousel_elementor_426f0f98-wrapper\n{\n  min-height:1px;\n}\n#uc_card_carousel_elementor_426f0f98 *{\n\t-webkit-box-sizing: border-box;\n\t-moz-box-sizing: border-box;\n\tbox-sizing: border-box;\n}\n\n#uc_card_carousel_elementor_426f0f98 .ue-carousel-item\n{\n  overflow:hidden;\n  transition:0.3s;\n}\n\n#uc_card_carousel_elementor_426f0f98 .uc_classic_carousel_container_holder\n{\n\tdisplay:block;\n\tposition:relative;\n\twidth:100%;\n    box-sizing: border-box;\n}\n#uc_card_carousel_elementor_426f0f98 .uc_classic_carousel_placeholder{\n   position:relative;\n}\n\n#uc_card_carousel_elementor_426f0f98 .uc_classic_carousel_placeholder img, #uc_card_carousel_elementor_426f0f98 .ue_card_carousel_image_overlay\n{\n  transition: all 300ms;\n}\n\n.card_carousel_title\n{\n\tfont-size:21px;\n}\n\n.uc_classic_carousel .uc_classic_carousel_border\n{\n\tdisplay:block;\n    margin:0 auto;\n}\n\n.uc_classic_carousel  .uc_classic_carousel_placeholder img\n{\n\twidth:100%;\n    \n    display:inline-flex;\n}\n.uc_classic_carousel .uc_classic_carousel_content\n{\n  display: flex;\n flex-flow: column nowrap;\n}\n\n.uc_classic_carousel .ue_button\n{\n  margin-top:auto;\n\n}\n\n.uc_classic_carousel .uc_classic_carousel_content .uc_more_btn {\n\tdisplay:inline-block;\n\ttext-decoration:none;\n\ttransition: all 0.5s ease;\n}\n\n\n#uc_card_carousel_elementor_426f0f98 .owl-dots {\noverflow:hidden;\ntext-align:center;\n}\n\n#uc_card_carousel_elementor_426f0f98 .owl-dot {\nborder-radius:50%;\ndisplay:inline-block;\n}\n\n#uc_card_carousel_elementor_426f0f98 .owl-nav .owl-prev,\n#uc_card_carousel_elementor_426f0f98 .owl-nav .owl-next{\n    position:absolute;\n    display:flex;\n  \tjustify-content: center;\n  \talign-items: center;\n    text-align:center;\n}\n\n\n#uc_card_carousel_elementor_426f0f98 .owl-nav .disabled\n{\n    display: none;  \n}\n\n\n#uc_card_carousel_elementor_426f0f98 .ue-item-icon\n{\n  line-height:1em;\n  display:inline-flex;\n  justify-content:center;\n  align-items:center;\n  \n}\n\n#uc_card_carousel_elementor_426f0f98 .ue-item-icon svg\n{\n  height:1em;\n  width:1em;\n}\n\n#uc_card_carousel_elementor_426f0f98 .ue-item-icon-wrapper\n{\n  display:flex;\n}\n\n#uc_card_carousel_elementor_426f0f98 .uc_classic_carousel_container_holder {\n\t max-width: ;\n}\n\n\n\t#uc_card_carousel_elementor_426f0f98 .owl-stage\n        {\n            transition-timing-function: linear!important;\n        }\n\n@media screen and (max-width: 1024px) {\n  #uc_card_carousel_elementor_426f0f98 .uc_classic_carousel_container_holder {\n\t max-width: ;\n  }\n}\n\n@media screen and (max-width: 767px) {\n  #uc_card_carousel_elementor_426f0f98 .uc_classic_carousel_container_holder {\n    max-width: ;\n  }\n}\n\n<\/style>\n\n<div class=\"uc_classic_carousel\" id=\"uc_card_carousel_elementor_426f0f98-wrapper\">\n        <div class=\"uc_carousel owl-carousel uc-items-wrapper  \" id=\"uc_card_carousel_elementor_426f0f98\"  >\n          \t<div class=\"uc_classic_carousel_container_holder ue-item elementor-repeater-item-27d6ac1\">\n  <div class=\"ue-carousel-item\">\n      <div class=\"uc_classic_carousel_placeholder\">\n          <img fetchpriority=\"high\" decoding=\"async\" src=\"https:\/\/www.qualfarma.com.br\/vivabem\/wp-content\/uploads\/2023\/12\/pos-barba-urban.jpeg\"  src=\"https:\/\/www.qualfarma.com.br\/vivabem\/wp-content\/uploads\/2023\/12\/pos-barba-urban.jpeg\" alt=\"P\u00f3s-barba Urban\" width=\"500\" height=\"500\">\n          <\/div>\n    <div class=\"uc_classic_carousel_content\" style=\"direction:rtl;\">\n    \n    \n        \n          \t\n      <div  class=\"card_carousel_title\">Balm P\u00f3s-Barba Urban Men<\/div>\n          \t\n    \n      \n        \n    \n    \t\n    \n    \n        \t \n              <div class=\"ue_button\"><a class=\"uc_more_btn \" href=\"https:\/\/www.qualfarma.com.br\/balm-pos-barba-urban-men-100g\/p\" title=\"!Quero esse\"  target='_blank'>!Quero esse<\/a><\/div>\n        \t    \n    \t\n  <\/div>\n  <\/div>\n<\/div>\n\n      <\/div>\n<\/div>\n<!-- end Card Carousel -->\t\t\t\t<\/div>\n\t\t\t\t<\/div>\n\t\t\t\t\t<\/div>\n\t\t<\/div>\n\t\t\t\t\t<\/div>\n\t\t<\/section>\n\t\t\t\t<\/div>\n\t\t\n\n\n\n<h3 class=\"wp-block-heading\"><span class=\"ez-toc-section\" id=\"2_Nivea_Men\"><\/span>2. Nivea Men&nbsp;<span class=\"ez-toc-section-end\"><\/span><\/h3>\n\n\n\n<p>A lo\u00e7\u00e3o p\u00f3s-barba da Nivea tamb\u00e9m \u00e9 uma boa dica. Com uma f\u00f3rmula sem \u00e1lcool, o produto garante a\u00e7\u00e3o antibacteriana e proporciona uma sensa\u00e7\u00e3o de pele limpa e fresca, amenizando irrita\u00e7\u00f5es. Avalia\u00e7\u00e3o 4.7\/5.0 na Amazon.<\/p>\n\n\n\t\t<div data-elementor-type=\"page\" data-elementor-id=\"2043\" class=\"elementor elementor-2043\" data-elementor-post-type=\"elementor_library\">\n\t\t\t\t\t\t<section class=\"elementor-section elementor-top-section elementor-element elementor-element-64623e33 elementor-section-boxed elementor-section-height-default elementor-section-height-default\" data-id=\"64623e33\" data-element_type=\"section\" data-e-type=\"section\">\n\t\t\t\t\t\t<div class=\"elementor-container elementor-column-gap-default\">\n\t\t\t\t\t<div class=\"elementor-column elementor-col-100 elementor-top-column elementor-element elementor-element-388e7a2e\" data-id=\"388e7a2e\" data-element_type=\"column\" data-e-type=\"column\">\n\t\t\t<div class=\"elementor-widget-wrap elementor-element-populated\">\n\t\t\t\t\t\t<div class=\"elementor-element elementor-element-426f0f98 elementor-widget elementor-widget-ucaddon_card_carousel\" data-id=\"426f0f98\" data-element_type=\"widget\" data-e-type=\"widget\" data-widget_type=\"ucaddon_card_carousel.default\">\n\t\t\t\t<div class=\"elementor-widget-container\">\n\t\t\t\t\t\n<!-- start Card Carousel -->\n\t\t<link id='owl-carousel-css' href='https:\/\/www.qualfarma.com.br\/vivabem\/wp-content\/plugins\/unlimited-elements-for-elementor\/assets_libraries\/owl-carousel-new\/assets\/owl.carousel.css' type='text\/css' rel='stylesheet' >\n\t\t<link id='uc_ac_assets_file_animate_css_77907-css' href='https:\/\/www.qualfarma.com.br\/vivabem\/wp-content\/uploads\/ac_assets\/uc_classic_carousel\/animate.css' type='text\/css' rel='stylesheet' >\n\n<style>\/* widget: Card Carousel *\/\n\n#uc_card_carousel_elementor_426f0f982-wrapper\n{\n  min-height:1px;\n}\n#uc_card_carousel_elementor_426f0f982 *{\n\t-webkit-box-sizing: border-box;\n\t-moz-box-sizing: border-box;\n\tbox-sizing: border-box;\n}\n\n#uc_card_carousel_elementor_426f0f982 .ue-carousel-item\n{\n  overflow:hidden;\n  transition:0.3s;\n}\n\n#uc_card_carousel_elementor_426f0f982 .uc_classic_carousel_container_holder\n{\n\tdisplay:block;\n\tposition:relative;\n\twidth:100%;\n    box-sizing: border-box;\n}\n#uc_card_carousel_elementor_426f0f982 .uc_classic_carousel_placeholder{\n   position:relative;\n}\n\n#uc_card_carousel_elementor_426f0f982 .uc_classic_carousel_placeholder img, #uc_card_carousel_elementor_426f0f982 .ue_card_carousel_image_overlay\n{\n  transition: all 300ms;\n}\n\n.card_carousel_title\n{\n\tfont-size:21px;\n}\n\n.uc_classic_carousel .uc_classic_carousel_border\n{\n\tdisplay:block;\n    margin:0 auto;\n}\n\n.uc_classic_carousel  .uc_classic_carousel_placeholder img\n{\n\twidth:100%;\n    \n    display:inline-flex;\n}\n.uc_classic_carousel .uc_classic_carousel_content\n{\n  display: flex;\n flex-flow: column nowrap;\n}\n\n.uc_classic_carousel .ue_button\n{\n  margin-top:auto;\n\n}\n\n.uc_classic_carousel .uc_classic_carousel_content .uc_more_btn {\n\tdisplay:inline-block;\n\ttext-decoration:none;\n\ttransition: all 0.5s ease;\n}\n\n\n#uc_card_carousel_elementor_426f0f982 .owl-dots {\noverflow:hidden;\ntext-align:center;\n}\n\n#uc_card_carousel_elementor_426f0f982 .owl-dot {\nborder-radius:50%;\ndisplay:inline-block;\n}\n\n#uc_card_carousel_elementor_426f0f982 .owl-nav .owl-prev,\n#uc_card_carousel_elementor_426f0f982 .owl-nav .owl-next{\n    position:absolute;\n    display:flex;\n  \tjustify-content: center;\n  \talign-items: center;\n    text-align:center;\n}\n\n\n#uc_card_carousel_elementor_426f0f982 .owl-nav .disabled\n{\n    display: none;  \n}\n\n\n#uc_card_carousel_elementor_426f0f982 .ue-item-icon\n{\n  line-height:1em;\n  display:inline-flex;\n  justify-content:center;\n  align-items:center;\n  \n}\n\n#uc_card_carousel_elementor_426f0f982 .ue-item-icon svg\n{\n  height:1em;\n  width:1em;\n}\n\n#uc_card_carousel_elementor_426f0f982 .ue-item-icon-wrapper\n{\n  display:flex;\n}\n\n#uc_card_carousel_elementor_426f0f982 .uc_classic_carousel_container_holder {\n\t max-width: ;\n}\n\n\n\t#uc_card_carousel_elementor_426f0f982 .owl-stage\n        {\n            transition-timing-function: linear!important;\n        }\n\n@media screen and (max-width: 1024px) {\n  #uc_card_carousel_elementor_426f0f982 .uc_classic_carousel_container_holder {\n\t max-width: ;\n  }\n}\n\n@media screen and (max-width: 767px) {\n  #uc_card_carousel_elementor_426f0f982 .uc_classic_carousel_container_holder {\n    max-width: ;\n  }\n}\n\n<\/style>\n\n<div class=\"uc_classic_carousel\" id=\"uc_card_carousel_elementor_426f0f982-wrapper\">\n        <div class=\"uc_carousel owl-carousel uc-items-wrapper  \" id=\"uc_card_carousel_elementor_426f0f982\"  >\n          \t<div class=\"uc_classic_carousel_container_holder ue-item elementor-repeater-item-27d6ac1\">\n  <div class=\"ue-carousel-item\">\n      <div class=\"uc_classic_carousel_placeholder\">\n          <img decoding=\"async\" src=\"https:\/\/www.qualfarma.com.br\/vivabem\/wp-content\/uploads\/2023\/12\/pos-barba-nivea.jpeg\"  src=\"https:\/\/www.qualfarma.com.br\/vivabem\/wp-content\/uploads\/2023\/12\/pos-barba-nivea.jpeg\" alt=\"P\u00f3s-barba Nivea\" width=\"500\" height=\"500\">\n          <\/div>\n    <div class=\"uc_classic_carousel_content\" style=\"direction:rtl;\">\n    \n    \n        \n          \t\n      <div  class=\"card_carousel_title\">Lo\u00e7\u00e3o P\u00f3s-Barba Nivea Men Deep Black<\/div>\n          \t\n    \n      \n        \n    \n    \t\n    \n    \n        \t \n              <div class=\"ue_button\"><a class=\"uc_more_btn \" href=\"https:\/\/www.qualfarma.com.br\/locao-pos-barba-nivea-nivea-men-deep-black\/p\" title=\"!Quero esse\"  target='_blank'>!Quero esse<\/a><\/div>\n        \t    \n    \t\n  <\/div>\n  <\/div>\n<\/div>\n\n      <\/div>\n<\/div>\n<!-- end Card Carousel -->\t\t\t\t<\/div>\n\t\t\t\t<\/div>\n\t\t\t\t\t<\/div>\n\t\t<\/div>\n\t\t\t\t\t<\/div>\n\t\t<\/section>\n\t\t\t\t<\/div>\n\t\t\n\n\n\n<h3 class=\"wp-block-heading\"><span class=\"ez-toc-section\" id=\"3_Bozzano\"><\/span>3. Bozzano&nbsp;<span class=\"ez-toc-section-end\"><\/span><\/h3>\n\n\n\n<p>Uma marca de tradi\u00e7\u00e3o como a Bozzano n\u00e3o poderia ficar de fora dessa lista de sugest\u00f5es. Seu gel p\u00f3s-barba refrescante, afinal, promete hidratar a pele por at\u00e9 24h enquanto promove a renova\u00e7\u00e3o celular. Na Amazon, tem nota 4.6\/5.0.&nbsp;<\/p>\n\n\n\t\t<div data-elementor-type=\"page\" data-elementor-id=\"2044\" class=\"elementor elementor-2044\" data-elementor-post-type=\"elementor_library\">\n\t\t\t\t\t\t<section class=\"elementor-section elementor-top-section elementor-element elementor-element-64623e33 elementor-section-boxed elementor-section-height-default elementor-section-height-default\" data-id=\"64623e33\" data-element_type=\"section\" data-e-type=\"section\">\n\t\t\t\t\t\t<div class=\"elementor-container elementor-column-gap-default\">\n\t\t\t\t\t<div class=\"elementor-column elementor-col-100 elementor-top-column elementor-element elementor-element-388e7a2e\" data-id=\"388e7a2e\" data-element_type=\"column\" data-e-type=\"column\">\n\t\t\t<div class=\"elementor-widget-wrap elementor-element-populated\">\n\t\t\t\t\t\t<div class=\"elementor-element elementor-element-426f0f98 elementor-widget elementor-widget-ucaddon_card_carousel\" data-id=\"426f0f98\" data-element_type=\"widget\" data-e-type=\"widget\" data-widget_type=\"ucaddon_card_carousel.default\">\n\t\t\t\t<div class=\"elementor-widget-container\">\n\t\t\t\t\t\n<!-- start Card Carousel -->\n\t\t<link id='owl-carousel-css' href='https:\/\/www.qualfarma.com.br\/vivabem\/wp-content\/plugins\/unlimited-elements-for-elementor\/assets_libraries\/owl-carousel-new\/assets\/owl.carousel.css' type='text\/css' rel='stylesheet' >\n\t\t<link id='uc_ac_assets_file_animate_css_77907-css' href='https:\/\/www.qualfarma.com.br\/vivabem\/wp-content\/uploads\/ac_assets\/uc_classic_carousel\/animate.css' type='text\/css' rel='stylesheet' >\n\n<style>\/* widget: Card Carousel *\/\n\n#uc_card_carousel_elementor_426f0f983-wrapper\n{\n  min-height:1px;\n}\n#uc_card_carousel_elementor_426f0f983 *{\n\t-webkit-box-sizing: border-box;\n\t-moz-box-sizing: border-box;\n\tbox-sizing: border-box;\n}\n\n#uc_card_carousel_elementor_426f0f983 .ue-carousel-item\n{\n  overflow:hidden;\n  transition:0.3s;\n}\n\n#uc_card_carousel_elementor_426f0f983 .uc_classic_carousel_container_holder\n{\n\tdisplay:block;\n\tposition:relative;\n\twidth:100%;\n    box-sizing: border-box;\n}\n#uc_card_carousel_elementor_426f0f983 .uc_classic_carousel_placeholder{\n   position:relative;\n}\n\n#uc_card_carousel_elementor_426f0f983 .uc_classic_carousel_placeholder img, #uc_card_carousel_elementor_426f0f983 .ue_card_carousel_image_overlay\n{\n  transition: all 300ms;\n}\n\n.card_carousel_title\n{\n\tfont-size:21px;\n}\n\n.uc_classic_carousel .uc_classic_carousel_border\n{\n\tdisplay:block;\n    margin:0 auto;\n}\n\n.uc_classic_carousel  .uc_classic_carousel_placeholder img\n{\n\twidth:100%;\n    \n    display:inline-flex;\n}\n.uc_classic_carousel .uc_classic_carousel_content\n{\n  display: flex;\n flex-flow: column nowrap;\n}\n\n.uc_classic_carousel .ue_button\n{\n  margin-top:auto;\n\n}\n\n.uc_classic_carousel .uc_classic_carousel_content .uc_more_btn {\n\tdisplay:inline-block;\n\ttext-decoration:none;\n\ttransition: all 0.5s ease;\n}\n\n\n#uc_card_carousel_elementor_426f0f983 .owl-dots {\noverflow:hidden;\ntext-align:center;\n}\n\n#uc_card_carousel_elementor_426f0f983 .owl-dot {\nborder-radius:50%;\ndisplay:inline-block;\n}\n\n#uc_card_carousel_elementor_426f0f983 .owl-nav .owl-prev,\n#uc_card_carousel_elementor_426f0f983 .owl-nav .owl-next{\n    position:absolute;\n    display:flex;\n  \tjustify-content: center;\n  \talign-items: center;\n    text-align:center;\n}\n\n\n#uc_card_carousel_elementor_426f0f983 .owl-nav .disabled\n{\n    display: none;  \n}\n\n\n#uc_card_carousel_elementor_426f0f983 .ue-item-icon\n{\n  line-height:1em;\n  display:inline-flex;\n  justify-content:center;\n  align-items:center;\n  \n}\n\n#uc_card_carousel_elementor_426f0f983 .ue-item-icon svg\n{\n  height:1em;\n  width:1em;\n}\n\n#uc_card_carousel_elementor_426f0f983 .ue-item-icon-wrapper\n{\n  display:flex;\n}\n\n#uc_card_carousel_elementor_426f0f983 .uc_classic_carousel_container_holder {\n\t max-width: ;\n}\n\n\n\t#uc_card_carousel_elementor_426f0f983 .owl-stage\n        {\n            transition-timing-function: linear!important;\n        }\n\n@media screen and (max-width: 1024px) {\n  #uc_card_carousel_elementor_426f0f983 .uc_classic_carousel_container_holder {\n\t max-width: ;\n  }\n}\n\n@media screen and (max-width: 767px) {\n  #uc_card_carousel_elementor_426f0f983 .uc_classic_carousel_container_holder {\n    max-width: ;\n  }\n}\n\n<\/style>\n\n<div class=\"uc_classic_carousel\" id=\"uc_card_carousel_elementor_426f0f983-wrapper\">\n        <div class=\"uc_carousel owl-carousel uc-items-wrapper  \" id=\"uc_card_carousel_elementor_426f0f983\"  >\n          \t<div class=\"uc_classic_carousel_container_holder ue-item elementor-repeater-item-27d6ac1\">\n  <div class=\"ue-carousel-item\">\n      <div class=\"uc_classic_carousel_placeholder\">\n          <img decoding=\"async\" src=\"https:\/\/www.qualfarma.com.br\/vivabem\/wp-content\/uploads\/2023\/12\/pos-barba-bozzano.jpeg\"  src=\"https:\/\/www.qualfarma.com.br\/vivabem\/wp-content\/uploads\/2023\/12\/pos-barba-bozzano.jpeg\" alt=\"P\u00f3s-barba Bozzano\" width=\"300\" height=\"300\">\n          <\/div>\n    <div class=\"uc_classic_carousel_content\" style=\"direction:rtl;\">\n    \n    \n        \n          \t\n      <div  class=\"card_carousel_title\">Gel P\u00f3s-Barba Bozzano Refrescante<\/div>\n          \t\n    \n      \n        \n    \n    \t\n    \n    \n        \t \n              <div class=\"ue_button\"><a class=\"uc_more_btn \" href=\"https:\/\/www.qualfarma.com.br\/gel-pos-barba-bozzano-refrescante-com-100g\/p\" title=\"!Quero esse\"  target='_blank'>!Quero esse<\/a><\/div>\n        \t    \n    \t\n  <\/div>\n  <\/div>\n<\/div>\n\n      <\/div>\n<\/div>\n<!-- end Card Carousel -->\t\t\t\t<\/div>\n\t\t\t\t<\/div>\n\t\t\t\t\t<\/div>\n\t\t<\/div>\n\t\t\t\t\t<\/div>\n\t\t<\/section>\n\t\t\t\t<\/div>\n\t\t\n\n\n\n<h3 class=\"wp-block-heading\"><span class=\"ez-toc-section\" id=\"4_Gillette\"><\/span>4. Gillette<span class=\"ez-toc-section-end\"><\/span><\/h3>\n\n\n\n<p>O p\u00f3s-barba da Gillette tamb\u00e9m pode ser uma \u00f3tima escolha, uma lo\u00e7\u00e3o voltada para homens com peles sens\u00edveis que tem nota 4.5\/5.0 na Amazon. Sua fun\u00e7\u00e3o \u00e9 garantir um al\u00edvio imediato, hidratar e proteger a pele das irrita\u00e7\u00f5es. Sua fragr\u00e2ncia moderada pode ser um diferencial.<\/p>\n\n\n\t\t<div data-elementor-type=\"page\" data-elementor-id=\"2045\" class=\"elementor elementor-2045\" data-elementor-post-type=\"elementor_library\">\n\t\t\t\t\t\t<section class=\"elementor-section elementor-top-section elementor-element elementor-element-64623e33 elementor-section-boxed elementor-section-height-default elementor-section-height-default\" data-id=\"64623e33\" data-element_type=\"section\" data-e-type=\"section\">\n\t\t\t\t\t\t<div class=\"elementor-container elementor-column-gap-default\">\n\t\t\t\t\t<div class=\"elementor-column elementor-col-100 elementor-top-column elementor-element elementor-element-388e7a2e\" data-id=\"388e7a2e\" data-element_type=\"column\" data-e-type=\"column\">\n\t\t\t<div class=\"elementor-widget-wrap elementor-element-populated\">\n\t\t\t\t\t\t<div class=\"elementor-element elementor-element-426f0f98 elementor-widget elementor-widget-ucaddon_card_carousel\" data-id=\"426f0f98\" data-element_type=\"widget\" data-e-type=\"widget\" data-widget_type=\"ucaddon_card_carousel.default\">\n\t\t\t\t<div class=\"elementor-widget-container\">\n\t\t\t\t\t\n<!-- start Card Carousel -->\n\t\t<link id='owl-carousel-css' href='https:\/\/www.qualfarma.com.br\/vivabem\/wp-content\/plugins\/unlimited-elements-for-elementor\/assets_libraries\/owl-carousel-new\/assets\/owl.carousel.css' type='text\/css' rel='stylesheet' >\n\t\t<link id='uc_ac_assets_file_animate_css_77907-css' href='https:\/\/www.qualfarma.com.br\/vivabem\/wp-content\/uploads\/ac_assets\/uc_classic_carousel\/animate.css' type='text\/css' rel='stylesheet' >\n\n<style>\/* widget: Card Carousel *\/\n\n#uc_card_carousel_elementor_426f0f984-wrapper\n{\n  min-height:1px;\n}\n#uc_card_carousel_elementor_426f0f984 *{\n\t-webkit-box-sizing: border-box;\n\t-moz-box-sizing: border-box;\n\tbox-sizing: border-box;\n}\n\n#uc_card_carousel_elementor_426f0f984 .ue-carousel-item\n{\n  overflow:hidden;\n  transition:0.3s;\n}\n\n#uc_card_carousel_elementor_426f0f984 .uc_classic_carousel_container_holder\n{\n\tdisplay:block;\n\tposition:relative;\n\twidth:100%;\n    box-sizing: border-box;\n}\n#uc_card_carousel_elementor_426f0f984 .uc_classic_carousel_placeholder{\n   position:relative;\n}\n\n#uc_card_carousel_elementor_426f0f984 .uc_classic_carousel_placeholder img, #uc_card_carousel_elementor_426f0f984 .ue_card_carousel_image_overlay\n{\n  transition: all 300ms;\n}\n\n.card_carousel_title\n{\n\tfont-size:21px;\n}\n\n.uc_classic_carousel .uc_classic_carousel_border\n{\n\tdisplay:block;\n    margin:0 auto;\n}\n\n.uc_classic_carousel  .uc_classic_carousel_placeholder img\n{\n\twidth:100%;\n    \n    display:inline-flex;\n}\n.uc_classic_carousel .uc_classic_carousel_content\n{\n  display: flex;\n flex-flow: column nowrap;\n}\n\n.uc_classic_carousel .ue_button\n{\n  margin-top:auto;\n\n}\n\n.uc_classic_carousel .uc_classic_carousel_content .uc_more_btn {\n\tdisplay:inline-block;\n\ttext-decoration:none;\n\ttransition: all 0.5s ease;\n}\n\n\n#uc_card_carousel_elementor_426f0f984 .owl-dots {\noverflow:hidden;\ntext-align:center;\n}\n\n#uc_card_carousel_elementor_426f0f984 .owl-dot {\nborder-radius:50%;\ndisplay:inline-block;\n}\n\n#uc_card_carousel_elementor_426f0f984 .owl-nav .owl-prev,\n#uc_card_carousel_elementor_426f0f984 .owl-nav .owl-next{\n    position:absolute;\n    display:flex;\n  \tjustify-content: center;\n  \talign-items: center;\n    text-align:center;\n}\n\n\n#uc_card_carousel_elementor_426f0f984 .owl-nav .disabled\n{\n    display: none;  \n}\n\n\n#uc_card_carousel_elementor_426f0f984 .ue-item-icon\n{\n  line-height:1em;\n  display:inline-flex;\n  justify-content:center;\n  align-items:center;\n  \n}\n\n#uc_card_carousel_elementor_426f0f984 .ue-item-icon svg\n{\n  height:1em;\n  width:1em;\n}\n\n#uc_card_carousel_elementor_426f0f984 .ue-item-icon-wrapper\n{\n  display:flex;\n}\n\n#uc_card_carousel_elementor_426f0f984 .uc_classic_carousel_container_holder {\n\t max-width: ;\n}\n\n\n\t#uc_card_carousel_elementor_426f0f984 .owl-stage\n        {\n            transition-timing-function: linear!important;\n        }\n\n@media screen and (max-width: 1024px) {\n  #uc_card_carousel_elementor_426f0f984 .uc_classic_carousel_container_holder {\n\t max-width: ;\n  }\n}\n\n@media screen and (max-width: 767px) {\n  #uc_card_carousel_elementor_426f0f984 .uc_classic_carousel_container_holder {\n    max-width: ;\n  }\n}\n\n<\/style>\n\n<div class=\"uc_classic_carousel\" id=\"uc_card_carousel_elementor_426f0f984-wrapper\">\n        <div class=\"uc_carousel owl-carousel uc-items-wrapper  \" id=\"uc_card_carousel_elementor_426f0f984\"  >\n          \t<div class=\"uc_classic_carousel_container_holder ue-item elementor-repeater-item-27d6ac1\">\n  <div class=\"ue-carousel-item\">\n      <div class=\"uc_classic_carousel_placeholder\">\n          <img loading=\"lazy\" decoding=\"async\" src=\"https:\/\/www.qualfarma.com.br\/vivabem\/wp-content\/uploads\/2023\/12\/pos-barba-gilette.jpeg\"  src=\"https:\/\/www.qualfarma.com.br\/vivabem\/wp-content\/uploads\/2023\/12\/pos-barba-gilette.jpeg\" alt=\"P\u00f3s-barba Gilette\" width=\"500\" height=\"500\">\n          <\/div>\n    <div class=\"uc_classic_carousel_content\" style=\"direction:rtl;\">\n    \n    \n        \n          \t\n      <div  class=\"card_carousel_title\">Lo\u00e7\u00e3o P\u00f3s-Barba Hidratante Gillette Sensitive<\/div>\n          \t\n    \n      \n        \n    \n    \t\n    \n    \n        \t \n              <div class=\"ue_button\"><a class=\"uc_more_btn \" href=\"https:\/\/www.qualfarma.com.br\/locao-pos-barba-hidratante-gillette-sensitive-para-peles-sensiveis-com-75ml\/p\" title=\"!Quero esse\"  target='_blank'>!Quero esse<\/a><\/div>\n        \t    \n    \t\n  <\/div>\n  <\/div>\n<\/div>\n\n      <\/div>\n<\/div>\n<!-- end Card Carousel -->\t\t\t\t<\/div>\n\t\t\t\t<\/div>\n\t\t\t\t\t<\/div>\n\t\t<\/div>\n\t\t\t\t\t<\/div>\n\t\t<\/section>\n\t\t\t\t<\/div>\n\t\t\n\n\n\n<p>E a\u00ed, gostou das dicas? Esperamos ter ajudado na escolha do seu novo p\u00f3s-barba. At\u00e9 a pr\u00f3xima!<\/p>\n","protected":false},"excerpt":{"rendered":"<p>Ainda bem que existem muitas op\u00e7\u00f5es de p\u00f3s-barba para seu tipo de pele.<\/p>\n","protected":false},"author":6,"featured_media":1675,"comment_status":"open","ping_status":"open","sticky":false,"template":"","format":"standard","meta":{"tpgb_global_settings":"","footnotes":""},"categories":[123],"tags":[74,78],"class_list":["post-1609","post","type-post","status-publish","format-standard","has-post-thumbnail","hentry","category-rosto","tag-beleza","tag-rosto"],"yoast_head":"<!-- This site is optimized with the Yoast SEO plugin v27.5 - https:\/\/yoast.com\/product\/yoast-seo-wordpress\/ -->\n<title>P\u00f3s-barba: dicas para usar e melhores marcas<\/title>\n<meta name=\"description\" content=\"Sua pele fica irritada ap\u00f3s barbear? Ainda bem que existem muitas op\u00e7\u00f5es de p\u00f3s-barba para voc\u00ea escolher o melhor. D\u00ea uma conferida!\" \/>\n<meta name=\"robots\" content=\"index, follow, max-snippet:-1, max-image-preview:large, max-video-preview:-1\" \/>\n<link rel=\"canonical\" href=\"https:\/\/www.qualfarma.com.br\/vivabem\/pos-barba-dicas-para-usar-e-melhores-marcas\/\" \/>\n<meta property=\"og:locale\" content=\"pt_BR\" \/>\n<meta property=\"og:type\" content=\"article\" \/>\n<meta property=\"og:title\" content=\"P\u00f3s-barba: dicas para usar e melhores marcas\" \/>\n<meta property=\"og:description\" content=\"Sua pele fica irritada ap\u00f3s barbear? Ainda bem que existem muitas op\u00e7\u00f5es de p\u00f3s-barba para voc\u00ea escolher o melhor. D\u00ea uma conferida!\" \/>\n<meta property=\"og:url\" content=\"https:\/\/www.qualfarma.com.br\/vivabem\/pos-barba-dicas-para-usar-e-melhores-marcas\/\" \/>\n<meta property=\"og:site_name\" content=\"Blog Viva Bem por Qualfarma\" \/>\n<meta property=\"article:published_time\" content=\"2023-12-18T07:05:59+00:00\" \/>\n<meta property=\"article:modified_time\" content=\"2024-08-14T17:11:35+00:00\" \/>\n<meta property=\"og:image\" content=\"https:\/\/www.qualfarma.com.br\/vivabem\/wp-content\/uploads\/2023\/12\/pos-barba.jpg\" \/>\n\t<meta property=\"og:image:width\" content=\"750\" \/>\n\t<meta property=\"og:image:height\" content=\"500\" \/>\n\t<meta property=\"og:image:type\" content=\"image\/jpeg\" \/>\n<meta name=\"author\" content=\"Reda\u00e7\u00e3o Qualfarma\" \/>\n<meta name=\"twitter:card\" content=\"summary_large_image\" \/>\n<meta name=\"twitter:label1\" content=\"Escrito por\" \/>\n\t<meta name=\"twitter:data1\" content=\"Reda\u00e7\u00e3o Qualfarma\" \/>\n\t<meta name=\"twitter:label2\" content=\"Est. tempo de leitura\" \/>\n\t<meta name=\"twitter:data2\" content=\"4 minutos\" \/>\n<script type=\"application\/ld+json\" class=\"yoast-schema-graph\">{\"@context\":\"https:\\\/\\\/schema.org\",\"@graph\":[{\"@type\":\"Article\",\"@id\":\"https:\\\/\\\/www.qualfarma.com.br\\\/vivabem\\\/pos-barba-dicas-para-usar-e-melhores-marcas\\\/#article\",\"isPartOf\":{\"@id\":\"https:\\\/\\\/www.qualfarma.com.br\\\/vivabem\\\/pos-barba-dicas-para-usar-e-melhores-marcas\\\/\"},\"author\":{\"name\":\"Reda\u00e7\u00e3o Qualfarma\",\"@id\":\"https:\\\/\\\/www.qualfarma.com.br\\\/vivabem\\\/#\\\/schema\\\/person\\\/e6037ef0f9c3229057f0431b6d899040\"},\"headline\":\"P\u00f3s-barba: dicas para usar e melhores marcas\",\"datePublished\":\"2023-12-18T07:05:59+00:00\",\"dateModified\":\"2024-08-14T17:11:35+00:00\",\"mainEntityOfPage\":{\"@id\":\"https:\\\/\\\/www.qualfarma.com.br\\\/vivabem\\\/pos-barba-dicas-para-usar-e-melhores-marcas\\\/\"},\"wordCount\":780,\"commentCount\":0,\"image\":{\"@id\":\"https:\\\/\\\/www.qualfarma.com.br\\\/vivabem\\\/pos-barba-dicas-para-usar-e-melhores-marcas\\\/#primaryimage\"},\"thumbnailUrl\":\"https:\\\/\\\/www.qualfarma.com.br\\\/vivabem\\\/wp-content\\\/uploads\\\/2023\\\/12\\\/pos-barba.jpg\",\"keywords\":[\"Beleza\",\"Rosto\"],\"articleSection\":[\"Rosto\"],\"inLanguage\":\"pt-BR\",\"potentialAction\":[{\"@type\":\"CommentAction\",\"name\":\"Comment\",\"target\":[\"https:\\\/\\\/www.qualfarma.com.br\\\/vivabem\\\/pos-barba-dicas-para-usar-e-melhores-marcas\\\/#respond\"]}]},{\"@type\":\"WebPage\",\"@id\":\"https:\\\/\\\/www.qualfarma.com.br\\\/vivabem\\\/pos-barba-dicas-para-usar-e-melhores-marcas\\\/\",\"url\":\"https:\\\/\\\/www.qualfarma.com.br\\\/vivabem\\\/pos-barba-dicas-para-usar-e-melhores-marcas\\\/\",\"name\":\"P\u00f3s-barba: dicas para usar e melhores marcas\",\"isPartOf\":{\"@id\":\"https:\\\/\\\/www.qualfarma.com.br\\\/vivabem\\\/#website\"},\"primaryImageOfPage\":{\"@id\":\"https:\\\/\\\/www.qualfarma.com.br\\\/vivabem\\\/pos-barba-dicas-para-usar-e-melhores-marcas\\\/#primaryimage\"},\"image\":{\"@id\":\"https:\\\/\\\/www.qualfarma.com.br\\\/vivabem\\\/pos-barba-dicas-para-usar-e-melhores-marcas\\\/#primaryimage\"},\"thumbnailUrl\":\"https:\\\/\\\/www.qualfarma.com.br\\\/vivabem\\\/wp-content\\\/uploads\\\/2023\\\/12\\\/pos-barba.jpg\",\"datePublished\":\"2023-12-18T07:05:59+00:00\",\"dateModified\":\"2024-08-14T17:11:35+00:00\",\"author\":{\"@id\":\"https:\\\/\\\/www.qualfarma.com.br\\\/vivabem\\\/#\\\/schema\\\/person\\\/e6037ef0f9c3229057f0431b6d899040\"},\"description\":\"Sua pele fica irritada ap\u00f3s barbear? Ainda bem que existem muitas op\u00e7\u00f5es de p\u00f3s-barba para voc\u00ea escolher o melhor. D\u00ea uma conferida!\",\"breadcrumb\":{\"@id\":\"https:\\\/\\\/www.qualfarma.com.br\\\/vivabem\\\/pos-barba-dicas-para-usar-e-melhores-marcas\\\/#breadcrumb\"},\"inLanguage\":\"pt-BR\",\"potentialAction\":[{\"@type\":\"ReadAction\",\"target\":[\"https:\\\/\\\/www.qualfarma.com.br\\\/vivabem\\\/pos-barba-dicas-para-usar-e-melhores-marcas\\\/\"]}]},{\"@type\":\"ImageObject\",\"inLanguage\":\"pt-BR\",\"@id\":\"https:\\\/\\\/www.qualfarma.com.br\\\/vivabem\\\/pos-barba-dicas-para-usar-e-melhores-marcas\\\/#primaryimage\",\"url\":\"https:\\\/\\\/www.qualfarma.com.br\\\/vivabem\\\/wp-content\\\/uploads\\\/2023\\\/12\\\/pos-barba.jpg\",\"contentUrl\":\"https:\\\/\\\/www.qualfarma.com.br\\\/vivabem\\\/wp-content\\\/uploads\\\/2023\\\/12\\\/pos-barba.jpg\",\"width\":750,\"height\":500,\"caption\":\"O gel p\u00f3s-barba acalma e hidrata a pele depois do barbear\"},{\"@type\":\"BreadcrumbList\",\"@id\":\"https:\\\/\\\/www.qualfarma.com.br\\\/vivabem\\\/pos-barba-dicas-para-usar-e-melhores-marcas\\\/#breadcrumb\",\"itemListElement\":[{\"@type\":\"ListItem\",\"position\":1,\"name\":\"Blog Viva Bem\",\"item\":\"https:\\\/\\\/www.qualfarma.com.br\\\/vivabem\\\/\"},{\"@type\":\"ListItem\",\"position\":2,\"name\":\"Beleza\",\"item\":\"https:\\\/\\\/www.qualfarma.com.br\\\/vivabem\\\/beleza\\\/\"},{\"@type\":\"ListItem\",\"position\":3,\"name\":\"Rosto\",\"item\":\"https:\\\/\\\/www.qualfarma.com.br\\\/vivabem\\\/beleza\\\/rosto\\\/\"},{\"@type\":\"ListItem\",\"position\":4,\"name\":\"P\u00f3s-barba: dicas para usar e melhores marcas\"}]},{\"@type\":\"WebSite\",\"@id\":\"https:\\\/\\\/www.qualfarma.com.br\\\/vivabem\\\/#website\",\"url\":\"https:\\\/\\\/www.qualfarma.com.br\\\/vivabem\\\/\",\"name\":\"Blog Viva Bem por Qualfarma\",\"description\":\"\u00ae 2023\",\"potentialAction\":[{\"@type\":\"SearchAction\",\"target\":{\"@type\":\"EntryPoint\",\"urlTemplate\":\"https:\\\/\\\/www.qualfarma.com.br\\\/vivabem\\\/?s={search_term_string}\"},\"query-input\":{\"@type\":\"PropertyValueSpecification\",\"valueRequired\":true,\"valueName\":\"search_term_string\"}}],\"inLanguage\":\"pt-BR\"},{\"@type\":\"Person\",\"@id\":\"https:\\\/\\\/www.qualfarma.com.br\\\/vivabem\\\/#\\\/schema\\\/person\\\/e6037ef0f9c3229057f0431b6d899040\",\"name\":\"Reda\u00e7\u00e3o Qualfarma\",\"image\":{\"@type\":\"ImageObject\",\"inLanguage\":\"pt-BR\",\"@id\":\"https:\\\/\\\/secure.gravatar.com\\\/avatar\\\/329561e79720b1f3782b6f0441eaff93fe95cbf7b7b6dcea21f80c8c42f8f1d0?s=96&d=mm&r=g\",\"url\":\"https:\\\/\\\/secure.gravatar.com\\\/avatar\\\/329561e79720b1f3782b6f0441eaff93fe95cbf7b7b6dcea21f80c8c42f8f1d0?s=96&d=mm&r=g\",\"contentUrl\":\"https:\\\/\\\/secure.gravatar.com\\\/avatar\\\/329561e79720b1f3782b6f0441eaff93fe95cbf7b7b6dcea21f80c8c42f8f1d0?s=96&d=mm&r=g\",\"caption\":\"Reda\u00e7\u00e3o Qualfarma\"},\"description\":\"A Reda\u00e7\u00e3o Qualfarma \u00e9 formada por um time focado em assuntos de sa\u00fade e beleza que se dedica a descomplicar o bem-estar, facilitando o acesso a informa\u00e7\u00f5es e dicas atrav\u00e9s de conte\u00fado de alta qualidade.\"}]}<\/script>\n<!-- \/ Yoast SEO plugin. -->","yoast_head_json":{"title":"P\u00f3s-barba: dicas para usar e melhores marcas","description":"Sua pele fica irritada ap\u00f3s barbear? Ainda bem que existem muitas op\u00e7\u00f5es de p\u00f3s-barba para voc\u00ea escolher o melhor. D\u00ea uma conferida!","robots":{"index":"index","follow":"follow","max-snippet":"max-snippet:-1","max-image-preview":"max-image-preview:large","max-video-preview":"max-video-preview:-1"},"canonical":"https:\/\/www.qualfarma.com.br\/vivabem\/pos-barba-dicas-para-usar-e-melhores-marcas\/","og_locale":"pt_BR","og_type":"article","og_title":"P\u00f3s-barba: dicas para usar e melhores marcas","og_description":"Sua pele fica irritada ap\u00f3s barbear? Ainda bem que existem muitas op\u00e7\u00f5es de p\u00f3s-barba para voc\u00ea escolher o melhor. D\u00ea uma conferida!","og_url":"https:\/\/www.qualfarma.com.br\/vivabem\/pos-barba-dicas-para-usar-e-melhores-marcas\/","og_site_name":"Blog Viva Bem por Qualfarma","article_published_time":"2023-12-18T07:05:59+00:00","article_modified_time":"2024-08-14T17:11:35+00:00","og_image":[{"width":750,"height":500,"url":"https:\/\/www.qualfarma.com.br\/vivabem\/wp-content\/uploads\/2023\/12\/pos-barba.jpg","type":"image\/jpeg"}],"author":"Reda\u00e7\u00e3o Qualfarma","twitter_card":"summary_large_image","twitter_misc":{"Escrito por":"Reda\u00e7\u00e3o Qualfarma","Est. tempo de leitura":"4 minutos"},"schema":{"@context":"https:\/\/schema.org","@graph":[{"@type":"Article","@id":"https:\/\/www.qualfarma.com.br\/vivabem\/pos-barba-dicas-para-usar-e-melhores-marcas\/#article","isPartOf":{"@id":"https:\/\/www.qualfarma.com.br\/vivabem\/pos-barba-dicas-para-usar-e-melhores-marcas\/"},"author":{"name":"Reda\u00e7\u00e3o Qualfarma","@id":"https:\/\/www.qualfarma.com.br\/vivabem\/#\/schema\/person\/e6037ef0f9c3229057f0431b6d899040"},"headline":"P\u00f3s-barba: dicas para usar e melhores marcas","datePublished":"2023-12-18T07:05:59+00:00","dateModified":"2024-08-14T17:11:35+00:00","mainEntityOfPage":{"@id":"https:\/\/www.qualfarma.com.br\/vivabem\/pos-barba-dicas-para-usar-e-melhores-marcas\/"},"wordCount":780,"commentCount":0,"image":{"@id":"https:\/\/www.qualfarma.com.br\/vivabem\/pos-barba-dicas-para-usar-e-melhores-marcas\/#primaryimage"},"thumbnailUrl":"https:\/\/www.qualfarma.com.br\/vivabem\/wp-content\/uploads\/2023\/12\/pos-barba.jpg","keywords":["Beleza","Rosto"],"articleSection":["Rosto"],"inLanguage":"pt-BR","potentialAction":[{"@type":"CommentAction","name":"Comment","target":["https:\/\/www.qualfarma.com.br\/vivabem\/pos-barba-dicas-para-usar-e-melhores-marcas\/#respond"]}]},{"@type":"WebPage","@id":"https:\/\/www.qualfarma.com.br\/vivabem\/pos-barba-dicas-para-usar-e-melhores-marcas\/","url":"https:\/\/www.qualfarma.com.br\/vivabem\/pos-barba-dicas-para-usar-e-melhores-marcas\/","name":"P\u00f3s-barba: dicas para usar e melhores marcas","isPartOf":{"@id":"https:\/\/www.qualfarma.com.br\/vivabem\/#website"},"primaryImageOfPage":{"@id":"https:\/\/www.qualfarma.com.br\/vivabem\/pos-barba-dicas-para-usar-e-melhores-marcas\/#primaryimage"},"image":{"@id":"https:\/\/www.qualfarma.com.br\/vivabem\/pos-barba-dicas-para-usar-e-melhores-marcas\/#primaryimage"},"thumbnailUrl":"https:\/\/www.qualfarma.com.br\/vivabem\/wp-content\/uploads\/2023\/12\/pos-barba.jpg","datePublished":"2023-12-18T07:05:59+00:00","dateModified":"2024-08-14T17:11:35+00:00","author":{"@id":"https:\/\/www.qualfarma.com.br\/vivabem\/#\/schema\/person\/e6037ef0f9c3229057f0431b6d899040"},"description":"Sua pele fica irritada ap\u00f3s barbear? Ainda bem que existem muitas op\u00e7\u00f5es de p\u00f3s-barba para voc\u00ea escolher o melhor. D\u00ea uma conferida!","breadcrumb":{"@id":"https:\/\/www.qualfarma.com.br\/vivabem\/pos-barba-dicas-para-usar-e-melhores-marcas\/#breadcrumb"},"inLanguage":"pt-BR","potentialAction":[{"@type":"ReadAction","target":["https:\/\/www.qualfarma.com.br\/vivabem\/pos-barba-dicas-para-usar-e-melhores-marcas\/"]}]},{"@type":"ImageObject","inLanguage":"pt-BR","@id":"https:\/\/www.qualfarma.com.br\/vivabem\/pos-barba-dicas-para-usar-e-melhores-marcas\/#primaryimage","url":"https:\/\/www.qualfarma.com.br\/vivabem\/wp-content\/uploads\/2023\/12\/pos-barba.jpg","contentUrl":"https:\/\/www.qualfarma.com.br\/vivabem\/wp-content\/uploads\/2023\/12\/pos-barba.jpg","width":750,"height":500,"caption":"O gel p\u00f3s-barba acalma e hidrata a pele depois do barbear"},{"@type":"BreadcrumbList","@id":"https:\/\/www.qualfarma.com.br\/vivabem\/pos-barba-dicas-para-usar-e-melhores-marcas\/#breadcrumb","itemListElement":[{"@type":"ListItem","position":1,"name":"Blog Viva Bem","item":"https:\/\/www.qualfarma.com.br\/vivabem\/"},{"@type":"ListItem","position":2,"name":"Beleza","item":"https:\/\/www.qualfarma.com.br\/vivabem\/beleza\/"},{"@type":"ListItem","position":3,"name":"Rosto","item":"https:\/\/www.qualfarma.com.br\/vivabem\/beleza\/rosto\/"},{"@type":"ListItem","position":4,"name":"P\u00f3s-barba: dicas para usar e melhores marcas"}]},{"@type":"WebSite","@id":"https:\/\/www.qualfarma.com.br\/vivabem\/#website","url":"https:\/\/www.qualfarma.com.br\/vivabem\/","name":"Blog Viva Bem por Qualfarma","description":"\u00ae 2023","potentialAction":[{"@type":"SearchAction","target":{"@type":"EntryPoint","urlTemplate":"https:\/\/www.qualfarma.com.br\/vivabem\/?s={search_term_string}"},"query-input":{"@type":"PropertyValueSpecification","valueRequired":true,"valueName":"search_term_string"}}],"inLanguage":"pt-BR"},{"@type":"Person","@id":"https:\/\/www.qualfarma.com.br\/vivabem\/#\/schema\/person\/e6037ef0f9c3229057f0431b6d899040","name":"Reda\u00e7\u00e3o Qualfarma","image":{"@type":"ImageObject","inLanguage":"pt-BR","@id":"https:\/\/secure.gravatar.com\/avatar\/329561e79720b1f3782b6f0441eaff93fe95cbf7b7b6dcea21f80c8c42f8f1d0?s=96&d=mm&r=g","url":"https:\/\/secure.gravatar.com\/avatar\/329561e79720b1f3782b6f0441eaff93fe95cbf7b7b6dcea21f80c8c42f8f1d0?s=96&d=mm&r=g","contentUrl":"https:\/\/secure.gravatar.com\/avatar\/329561e79720b1f3782b6f0441eaff93fe95cbf7b7b6dcea21f80c8c42f8f1d0?s=96&d=mm&r=g","caption":"Reda\u00e7\u00e3o Qualfarma"},"description":"A Reda\u00e7\u00e3o Qualfarma \u00e9 formada por um time focado em assuntos de sa\u00fade e beleza que se dedica a descomplicar o bem-estar, facilitando o acesso a informa\u00e7\u00f5es e dicas atrav\u00e9s de conte\u00fado de alta qualidade."}]}},"jetpack_featured_media_url":"https:\/\/www.qualfarma.com.br\/vivabem\/wp-content\/uploads\/2023\/12\/pos-barba.jpg","tpgb_featured_images":{"full":["https:\/\/www.qualfarma.com.br\/vivabem\/wp-content\/uploads\/2023\/12\/pos-barba.jpg",750,500,false],"tp-image-grid":["https:\/\/www.qualfarma.com.br\/vivabem\/wp-content\/uploads\/2023\/12\/pos-barba-700x700.jpg",700,700,true],"thumbnail":["https:\/\/www.qualfarma.com.br\/vivabem\/wp-content\/uploads\/2023\/12\/pos-barba-150x150.jpg",150,150,true],"medium":["https:\/\/www.qualfarma.com.br\/vivabem\/wp-content\/uploads\/2023\/12\/pos-barba-300x200.jpg",300,200,true],"medium_large":["https:\/\/www.qualfarma.com.br\/vivabem\/wp-content\/uploads\/2023\/12\/pos-barba.jpg",750,500,false],"large":["https:\/\/www.qualfarma.com.br\/vivabem\/wp-content\/uploads\/2023\/12\/pos-barba.jpg",750,500,false],"default":"https:\/\/www.qualfarma.com.br\/vivabem\/wp-content\/plugins\/the-plus-addons-for-block-editor\/assets\/images\/tpgb-placeholder.jpg"},"tpgb_post_meta_info":{"get_date":"dezembro 18, 2023","get_modified_date":"agosto 14, 2024","category_list":{"category":[{"term_id":123,"name":"Rosto","slug":"rosto","term_group":0,"term_taxonomy_id":123,"taxonomy":"category","description":"","parent":120,"count":2,"filter":"raw"}],"post_tag":[{"term_id":74,"name":"Beleza","slug":"beleza","term_group":0,"term_taxonomy_id":74,"taxonomy":"post_tag","description":"","parent":0,"count":16,"filter":"raw"},{"term_id":78,"name":"Rosto","slug":"rosto","term_group":0,"term_taxonomy_id":78,"taxonomy":"post_tag","description":"","parent":0,"count":3,"filter":"raw"}]},"author_name":"Reda\u00e7\u00e3o Qualfarma","author_url":"https:\/\/www.qualfarma.com.br\/vivabem\/author\/redacao-qualfarma\/","author_email":"contato@maispreco.com","author_website":"","author_description":"A Reda\u00e7\u00e3o Qualfarma \u00e9 formada por um time focado em assuntos de sa\u00fade e beleza que se dedica a descomplicar o bem-estar, facilitando o acesso a informa\u00e7\u00f5es e dicas atrav\u00e9s de conte\u00fado de alta qualidade.","author_facebook":"","author_twitter":"","author_instagram":"","author_role":["author"],"author_firstname":"Reda\u00e7\u00e3o","author_lastname":"Qualfarma","user_login":"redacao.qualfarma","author_avatar":"<img alt='' src='https:\/\/secure.gravatar.com\/avatar\/329561e79720b1f3782b6f0441eaff93fe95cbf7b7b6dcea21f80c8c42f8f1d0?s=200&#038;d=mm&#038;r=g' srcset='https:\/\/secure.gravatar.com\/avatar\/329561e79720b1f3782b6f0441eaff93fe95cbf7b7b6dcea21f80c8c42f8f1d0?s=400&#038;d=mm&#038;r=g 2x' class='avatar avatar-200 photo' height='200' width='200' decoding='async'\/>","author_avatar_url":"https:\/\/secure.gravatar.com\/avatar\/329561e79720b1f3782b6f0441eaff93fe95cbf7b7b6dcea21f80c8c42f8f1d0?s=96&d=mm&r=g","comment_count":0,"post_likes":0,"post_views":0},"tpgb_post_category":{"category":"<a href=\"https:\/\/www.qualfarma.com.br\/vivabem\/beleza\/rosto\/\" alt=\"Rosto\"  class=\"category-rosto\">Rosto<\/a> ","post_tag":"<a href=\"https:\/\/www.qualfarma.com.br\/vivabem\/tag\/beleza\/\" alt=\"Beleza\"  class=\"post_tag-beleza\">Beleza<\/a> <a href=\"https:\/\/www.qualfarma.com.br\/vivabem\/tag\/rosto\/\" alt=\"Rosto\"  class=\"post_tag-rosto\">Rosto<\/a> "},"_links":{"self":[{"href":"https:\/\/www.qualfarma.com.br\/vivabem\/wp-json\/wp\/v2\/posts\/1609","targetHints":{"allow":["GET"]}}],"collection":[{"href":"https:\/\/www.qualfarma.com.br\/vivabem\/wp-json\/wp\/v2\/posts"}],"about":[{"href":"https:\/\/www.qualfarma.com.br\/vivabem\/wp-json\/wp\/v2\/types\/post"}],"author":[{"embeddable":true,"href":"https:\/\/www.qualfarma.com.br\/vivabem\/wp-json\/wp\/v2\/users\/6"}],"replies":[{"embeddable":true,"href":"https:\/\/www.qualfarma.com.br\/vivabem\/wp-json\/wp\/v2\/comments?post=1609"}],"version-history":[{"count":18,"href":"https:\/\/www.qualfarma.com.br\/vivabem\/wp-json\/wp\/v2\/posts\/1609\/revisions"}],"predecessor-version":[{"id":3973,"href":"https:\/\/www.qualfarma.com.br\/vivabem\/wp-json\/wp\/v2\/posts\/1609\/revisions\/3973"}],"wp:featuredmedia":[{"embeddable":true,"href":"https:\/\/www.qualfarma.com.br\/vivabem\/wp-json\/wp\/v2\/media\/1675"}],"wp:attachment":[{"href":"https:\/\/www.qualfarma.com.br\/vivabem\/wp-json\/wp\/v2\/media?parent=1609"}],"wp:term":[{"taxonomy":"category","embeddable":true,"href":"https:\/\/www.qualfarma.com.br\/vivabem\/wp-json\/wp\/v2\/categories?post=1609"},{"taxonomy":"post_tag","embeddable":true,"href":"https:\/\/www.qualfarma.com.br\/vivabem\/wp-json\/wp\/v2\/tags?post=1609"}],"curies":[{"name":"wp","href":"https:\/\/api.w.org\/{rel}","templated":true}]}}