{"id":1606,"date":"2023-12-18T09:25:19","date_gmt":"2023-12-18T09:25:19","guid":{"rendered":"https:\/\/www.qualfarma.com.br\/vivabem\/?p=1606"},"modified":"2024-08-14T17:11:50","modified_gmt":"2024-08-14T17:11:50","slug":"furunculo-causas-e-tratamentos-da-infeccao-de-pele","status":"publish","type":"post","link":"https:\/\/www.qualfarma.com.br\/vivabem\/furunculo-causas-e-tratamentos-da-infeccao-de-pele\/","title":{"rendered":"Fur\u00fanculo: causas e tratamentos da infec\u00e7\u00e3o de pele"},"content":{"rendered":"\n<p>Se voc\u00ea chegou at\u00e9 aqui, provavelmente j\u00e1 ouviu falar sobre <strong>fur\u00fanculo<\/strong>. Essas infec\u00e7\u00f5es de pele podem ser bastante desconfort\u00e1veis e inc\u00f4modas e, neste artigo, vamos resolver algumas quest\u00f5es sobre as causas e tratamentos do problema. Vamos l\u00e1?<\/p>\n\n\n\n<div id=\"ez-toc-container\" class=\"ez-toc-v2_0_82_2 counter-hierarchy ez-toc-counter ez-toc-grey ez-toc-container-direction\">\n<div class=\"ez-toc-title-container\">\n<p class=\"ez-toc-title\" style=\"cursor:inherit\">Navegue pelo assunto<\/p>\n<span class=\"ez-toc-title-toggle\"><\/span><\/div>\n<nav><ul class='ez-toc-list ez-toc-list-level-1 ' ><li class='ez-toc-page-1 ez-toc-heading-level-2'><a class=\"ez-toc-link ez-toc-heading-1\" href=\"https:\/\/www.qualfarma.com.br\/vivabem\/furunculo-causas-e-tratamentos-da-infeccao-de-pele\/#O_que_e_um_furunculo\" >O que \u00e9 um fur\u00fanculo?<\/a><ul class='ez-toc-list-level-3' ><li class='ez-toc-heading-level-3'><a class=\"ez-toc-link ez-toc-heading-2\" href=\"https:\/\/www.qualfarma.com.br\/vivabem\/furunculo-causas-e-tratamentos-da-infeccao-de-pele\/#Furunculo_e_a_mesma_coisa_que_pelo_encravado\" >Fur\u00fanculo \u00e9 a mesma coisa que pelo encravado?<\/a><\/li><\/ul><\/li><li class='ez-toc-page-1 ez-toc-heading-level-2'><a class=\"ez-toc-link ez-toc-heading-3\" href=\"https:\/\/www.qualfarma.com.br\/vivabem\/furunculo-causas-e-tratamentos-da-infeccao-de-pele\/#O_que_causa_um_furunculo\" >O que causa um fur\u00fanculo?<\/a><ul class='ez-toc-list-level-3' ><li class='ez-toc-heading-level-3'><a class=\"ez-toc-link ez-toc-heading-4\" href=\"https:\/\/www.qualfarma.com.br\/vivabem\/furunculo-causas-e-tratamentos-da-infeccao-de-pele\/#Quem_esta_mais_suscetivel\" >Quem est\u00e1 mais suscet\u00edvel?<\/a><\/li><\/ul><\/li><li class='ez-toc-page-1 ez-toc-heading-level-2'><a class=\"ez-toc-link ez-toc-heading-5\" href=\"https:\/\/www.qualfarma.com.br\/vivabem\/furunculo-causas-e-tratamentos-da-infeccao-de-pele\/#Quais_sao_os_sintomas\" >Quais s\u00e3o os sintomas?<\/a><\/li><li class='ez-toc-page-1 ez-toc-heading-level-2'><a class=\"ez-toc-link ez-toc-heading-6\" href=\"https:\/\/www.qualfarma.com.br\/vivabem\/furunculo-causas-e-tratamentos-da-infeccao-de-pele\/#Como_e_feito_o_diagnostico_do_furunculo\" >Como \u00e9 feito o diagn\u00f3stico do fur\u00fanculo?<\/a><\/li><li class='ez-toc-page-1 ez-toc-heading-level-2'><a class=\"ez-toc-link ez-toc-heading-7\" href=\"https:\/\/www.qualfarma.com.br\/vivabem\/furunculo-causas-e-tratamentos-da-infeccao-de-pele\/#Como_e_feito_o_tratamento\" >Como \u00e9 feito o tratamento?<\/a><\/li><li class='ez-toc-page-1 ez-toc-heading-level-2'><a class=\"ez-toc-link ez-toc-heading-8\" href=\"https:\/\/www.qualfarma.com.br\/vivabem\/furunculo-causas-e-tratamentos-da-infeccao-de-pele\/#Quando_procurar_ajuda_medica\" >Quando procurar ajuda m\u00e9dica?&nbsp;<\/a><\/li><li class='ez-toc-page-1 ez-toc-heading-level-2'><a class=\"ez-toc-link ez-toc-heading-9\" href=\"https:\/\/www.qualfarma.com.br\/vivabem\/furunculo-causas-e-tratamentos-da-infeccao-de-pele\/#Perguntas_frequentes_sobre_furunculos\" >Perguntas frequentes sobre fur\u00fanculos<\/a><ul class='ez-toc-list-level-3' ><li class='ez-toc-heading-level-3'><a class=\"ez-toc-link ez-toc-heading-10\" href=\"https:\/\/www.qualfarma.com.br\/vivabem\/furunculo-causas-e-tratamentos-da-infeccao-de-pele\/#O_que_e_bom_para_curar_furunculo\" >O que \u00e9 bom para curar fur\u00fanculo?<\/a><\/li><li class='ez-toc-page-1 ez-toc-heading-level-3'><a class=\"ez-toc-link ez-toc-heading-11\" href=\"https:\/\/www.qualfarma.com.br\/vivabem\/furunculo-causas-e-tratamentos-da-infeccao-de-pele\/#Quanto_tempo_pode_durar_um_furunculo\" >Quanto tempo pode durar um fur\u00fanculo?<\/a><\/li><li class='ez-toc-page-1 ez-toc-heading-level-3'><a class=\"ez-toc-link ez-toc-heading-12\" href=\"https:\/\/www.qualfarma.com.br\/vivabem\/furunculo-causas-e-tratamentos-da-infeccao-de-pele\/#Furunculo_e_perigoso\" >Fur\u00fanculo \u00e9 perigoso?&nbsp;<\/a><\/li><li class='ez-toc-page-1 ez-toc-heading-level-3'><a class=\"ez-toc-link ez-toc-heading-13\" href=\"https:\/\/www.qualfarma.com.br\/vivabem\/furunculo-causas-e-tratamentos-da-infeccao-de-pele\/#Furunculo_e_transmissivel\" >Fur\u00fanculo \u00e9 transmiss\u00edvel?<\/a><\/li><\/ul><\/li><\/ul><\/nav><\/div>\n<h2 class=\"wp-block-heading\"><span class=\"ez-toc-section\" id=\"O_que_e_um_furunculo\"><\/span>O que \u00e9 um fur\u00fanculo?<span class=\"ez-toc-section-end\"><\/span><\/h2>\n\n\n\n<p>Um fur\u00fanculo \u00e9 uma<strong> infec\u00e7\u00e3o bacteriana<\/strong> que acomete o fol\u00edculo piloso \u2014 ou seja, a estrutura do pr\u00f3prio pelo \u2014 e se caracteriza pelo surgimento de um abscesso na pele, uma esp\u00e9cie de caro\u00e7o, com forma\u00e7\u00e3o de pus em seu interior.<\/p>\n\n\n\n<p>A inflama\u00e7\u00e3o pode ser bastante dolorosa e costuma aparecer em regi\u00f5es como virilha e axila.<\/p>\n\n\n\n<h3 class=\"wp-block-heading\"><span class=\"ez-toc-section\" id=\"Furunculo_e_a_mesma_coisa_que_pelo_encravado\"><\/span>Fur\u00fanculo \u00e9 a mesma coisa que pelo encravado?<span class=\"ez-toc-section-end\"><\/span><\/h3>\n\n\n\n<p>N\u00e3o, <strong>fur\u00fanculo e pelo encravado n\u00e3o s\u00e3o a mesma coisa.&nbsp;<\/strong><\/p>\n\n\n\n<p>O pelo encravado ocorre quando um pelo cresce para dentro da pele, causando inflama\u00e7\u00e3o e formando uma pequena protuber\u00e2ncia na pele.&nbsp;<\/p>\n\n\n\n<p>Embora ambas as condi\u00e7\u00f5es possam ser dolorosas, o fur\u00fanculo \u00e9 mais grave e requer tratamento m\u00e9dico adequado.<\/p>\n\n\n\n<h2 class=\"wp-block-heading\"><span class=\"ez-toc-section\" id=\"O_que_causa_um_furunculo\"><\/span>O que causa um fur\u00fanculo?<span class=\"ez-toc-section-end\"><\/span><\/h2>\n\n\n\n<p>O fur\u00fanculo \u00e9 geralmente causado por uma bact\u00e9ria chamada <em>Staphylococcus aureus<\/em>, que, na verdade, pode ser encontrada sobre a pele sem causar nenhum estrago.&nbsp;<\/p>\n\n\n\n<p>Essa bact\u00e9ria, por\u00e9m, tamb\u00e9m pode entrar no corpo por meio de uma falha na prote\u00e7\u00e3o da pele, seja uma baixa na imunidade ou um machucado, arranh\u00f5es, picadas ou mesmo acnes, gerando uma resposta inflamat\u00f3ria. Essa resposta \u00e9 o fur\u00fanculo.&nbsp;<\/p>\n\n\n\n<h3 class=\"wp-block-heading\"><span class=\"ez-toc-section\" id=\"Quem_esta_mais_suscetivel\"><\/span>Quem est\u00e1 mais suscet\u00edvel?<span class=\"ez-toc-section-end\"><\/span><\/h3>\n\n\n\n<p>Os fur\u00fanculos costumam ser mais suscet\u00edveis em pessoas que:&nbsp;<\/p>\n\n\n\n<ul class=\"wp-block-list\">\n<li>Estejam com o <strong>sistema imunol\u00f3gico prejudicado<\/strong>;&nbsp;<\/li>\n\n\n\n<li>Vivam em <strong>m\u00e1s condi\u00e7\u00f5es de higiene<\/strong>;&nbsp;<\/li>\n\n\n\n<li>Usem<strong> roupas muito apertadas<\/strong>;<\/li>\n\n\n\n<li>Tenham problemas de sa\u00fade como <strong>c\u00e2ncer e diabetes<\/strong>.&nbsp;<\/li>\n<\/ul>\n\n\n\n<h2 class=\"wp-block-heading\"><span class=\"ez-toc-section\" id=\"Quais_sao_os_sintomas\"><\/span>Quais s\u00e3o os sintomas?<span class=\"ez-toc-section-end\"><\/span><\/h2>\n\n\n\n<p>Os sintomas mais comuns incluem:<\/p>\n\n\n\n<ul class=\"wp-block-list\">\n<li><strong>Protuber\u00e2ncia vermelha<\/strong> que aumenta gradualmente;<\/li>\n\n\n\n<li><strong>Pus <\/strong>ou l\u00edquido no centro da protuber\u00e2ncia;<\/li>\n\n\n\n<li>Sensibilidade e <strong>dor ao toque<\/strong>;&nbsp;<\/li>\n\n\n\n<li><strong>Incha\u00e7o<\/strong> ao redor da protuber\u00e2ncia;<\/li>\n\n\n\n<li><strong>Sensa\u00e7\u00e3o de calor <\/strong>na \u00e1rea afetada.&nbsp;<\/li>\n<\/ul>\n\n\n\n<p>Casos mais graves da infec\u00e7\u00e3o podem at\u00e9 causar <strong>febre<\/strong>, portanto, fique de olho caso desconfie do surgimento de um fur\u00fanculo e procure tratamento m\u00e9dico se os sintomas se agravarem.<\/p>\n\n\n\n<h2 class=\"wp-block-heading\"><span class=\"ez-toc-section\" id=\"Como_e_feito_o_diagnostico_do_furunculo\"><\/span>Como \u00e9 feito o diagn\u00f3stico do fur\u00fanculo?<span class=\"ez-toc-section-end\"><\/span><\/h2>\n\n\n\n<p>O diagn\u00f3stico dessa infec\u00e7\u00e3o \u00e9 geralmente feito por um profissional de sa\u00fade. Esse ou essa profissional ir\u00e1 avaliar a apar\u00eancia do fur\u00fanculo, realizar um exame f\u00edsico e, se necess\u00e1rio, fazer perguntas sobre os sintomas associados, como dor, vermelhid\u00e3o ou febre.&nbsp;<\/p>\n\n\n\n<p>Em alguns casos, exames adicionais tamb\u00e9m fazer parte do diagn\u00f3stico. Uma cultura de secre\u00e7\u00e3o do fur\u00fanculo, por exemplo, pode ser necess\u00e1ria para descobrir a bact\u00e9ria que est\u00e1 causando o problema.<\/p>\n\n\n\n<h2 class=\"wp-block-heading\"><span class=\"ez-toc-section\" id=\"Como_e_feito_o_tratamento\"><\/span>Como \u00e9 feito o tratamento?<span class=\"ez-toc-section-end\"><\/span><\/h2>\n\n\n\n<p>No geral, o tratamento envolve a <strong>aplica\u00e7\u00e3o de compressas quentes, higiene adequada da \u00e1rea afetada e at\u00e9 a administra\u00e7\u00e3o de antibi\u00f3ticos. <\/strong>Em casos mais graves, um procedimento cir\u00fargico tamb\u00e9m pode ser necess\u00e1rio.&nbsp;<\/p>\n\n\n\n<p>Evitar espremer ou cutucar os fur\u00fanculos tamb\u00e9m faz parte do tratamento, j\u00e1 que isso pode piorar a infec\u00e7\u00e3o. Se voc\u00ea suspeitar de um fur\u00fanculo, portanto, consulte um ou uma profissional de sa\u00fade de sua confian\u00e7a para avalia\u00e7\u00e3o e orienta\u00e7\u00e3o adequada.<\/p>\n\n\n\n<p>Fur\u00fanculo tem tratamento, sim! E voc\u00ea pode entender mais sobre como tratar no v\u00eddeo da Dra. Nat\u00e1lia Cymrot:<\/p>\n\n\n\n<figure class=\"wp-block-embed is-type-video is-provider-youtube wp-block-embed-youtube wp-embed-aspect-16-9 wp-has-aspect-ratio\"><div class=\"wp-block-embed__wrapper\">\n<iframe title=\"Fur\u00fanculo: o que \u00e9 e como tratar\" width=\"800\" height=\"450\" src=\"https:\/\/www.youtube.com\/embed\/dfcnC61C_Fs?feature=oembed\" frameborder=\"0\" allow=\"accelerometer; autoplay; clipboard-write; encrypted-media; gyroscope; picture-in-picture; web-share\" allowfullscreen><\/iframe>\n<\/div><\/figure>\n\n\n\n<h2 class=\"wp-block-heading\"><span class=\"ez-toc-section\" id=\"Quando_procurar_ajuda_medica\"><\/span>Quando procurar ajuda m\u00e9dica?&nbsp;<span class=\"ez-toc-section-end\"><\/span><\/h2>\n\n\n\n<p>Se voc\u00ea suspeita de um fur\u00fanculo, o ideal \u00e9 que voc\u00ea procure ajuda m\u00e9dica de um ou uma dermatologista <strong>antes do problema ficar mais s\u00e9rio<\/strong>. Por\u00e9m, caso a infec\u00e7\u00e3o:<\/p>\n\n\n\n<ul class=\"wp-block-list\">\n<li>N\u00e3o melhore ap\u00f3s uma semana de tratamento caseiro;<\/li>\n\n\n\n<li>Alcance mais que 2 cent\u00edmetros ou apresentar sinais de infec\u00e7\u00e3o, como incha\u00e7o e pus.<\/li>\n<\/ul>\n\n\n\n<p>E voc\u00ea apresente febre ou fadiga, procure ajuda quanto antes. Antes de chegar a isso, vamos lembrar daquela velha premissa: sempre melhor prevenir do que remediar, n\u00e9?<\/p>\n\n\n\n<h2 class=\"wp-block-heading\"><span class=\"ez-toc-section\" id=\"Perguntas_frequentes_sobre_furunculos\"><\/span>Perguntas frequentes sobre fur\u00fanculos<span class=\"ez-toc-section-end\"><\/span><\/h2>\n\n\n\n<p>Agora vamos dar uma conferida nas perguntas mais comuns sobre o tema para voc\u00ea n\u00e3o ter mais d\u00favidas. Olha s\u00f3!<\/p>\n\n\n\n<h3 class=\"wp-block-heading\"><span class=\"ez-toc-section\" id=\"O_que_e_bom_para_curar_furunculo\"><\/span>O que \u00e9 bom para curar fur\u00fanculo?<span class=\"ez-toc-section-end\"><\/span><\/h3>\n\n\n\n<p>Usar <strong>sabonete antiss\u00e9ptico<\/strong> como os da <a href=\"https:\/\/www.qualfarma.com.br\/sabonete-antisseptico-tradicional-granado-90g\/p\" target=\"_blank\" rel=\"noreferrer noopener\">Granado<\/a>, por exemplo, e a aplica\u00e7\u00e3o de <strong>compressas quentes<\/strong> costuma ajudar bastante na cura.<\/p>\n\n\n\n<p>Confira outras op\u00e7\u00f5es de sabonete antiss\u00e9ptico:&nbsp;<\/p>\n\n\n\t\t<div data-elementor-type=\"page\" data-elementor-id=\"2078\" class=\"elementor elementor-2078\" data-elementor-post-type=\"elementor_library\">\n\t\t\t\t\t\t<section class=\"elementor-section elementor-top-section elementor-element elementor-element-5c3fac52 elementor-section-boxed elementor-section-height-default elementor-section-height-default\" data-id=\"5c3fac52\" data-element_type=\"section\" data-e-type=\"section\">\n\t\t\t\t\t\t<div class=\"elementor-container elementor-column-gap-default\">\n\t\t\t\t\t<div class=\"elementor-column elementor-col-100 elementor-top-column elementor-element elementor-element-58855b8d\" data-id=\"58855b8d\" data-element_type=\"column\" data-e-type=\"column\">\n\t\t\t<div class=\"elementor-widget-wrap elementor-element-populated\">\n\t\t\t\t\t\t<div class=\"elementor-element elementor-element-4037fc43 elementor-widget elementor-widget-ucaddon_card_carousel\" data-id=\"4037fc43\" data-element_type=\"widget\" data-e-type=\"widget\" data-widget_type=\"ucaddon_card_carousel.default\">\n\t\t\t\t<div class=\"elementor-widget-container\">\n\t\t\t\t\t\n<!-- start Card Carousel -->\n\t\t<link id='font-awesome-css' href='https:\/\/www.qualfarma.com.br\/vivabem\/wp-content\/plugins\/unlimited-elements-for-elementor\/assets_libraries\/font-awesome6\/fontawesome-all.min.css' type='text\/css' rel='stylesheet' >\n\t\t<link id='font-awesome-4-shim-css' href='https:\/\/www.qualfarma.com.br\/vivabem\/wp-content\/plugins\/unlimited-elements-for-elementor\/assets_libraries\/font-awesome6\/fontawesome-v4-shims.min.css' type='text\/css' rel='stylesheet' >\n\t\t<link id='owl-carousel-css' href='https:\/\/www.qualfarma.com.br\/vivabem\/wp-content\/plugins\/unlimited-elements-for-elementor\/assets_libraries\/owl-carousel-new\/assets\/owl.carousel.css' type='text\/css' rel='stylesheet' >\n\t\t<link id='uc_ac_assets_file_animate_css_77907-css' href='https:\/\/www.qualfarma.com.br\/vivabem\/wp-content\/uploads\/ac_assets\/uc_classic_carousel\/animate.css' type='text\/css' rel='stylesheet' >\n\n<style>\/* widget: Card Carousel *\/\n\n#uc_card_carousel_elementor_4037fc43-wrapper\n{\n  min-height:1px;\n}\n#uc_card_carousel_elementor_4037fc43 *{\n\t-webkit-box-sizing: border-box;\n\t-moz-box-sizing: border-box;\n\tbox-sizing: border-box;\n}\n\n#uc_card_carousel_elementor_4037fc43 .ue-carousel-item\n{\n  overflow:hidden;\n  transition:0.3s;\n}\n\n#uc_card_carousel_elementor_4037fc43 .uc_classic_carousel_container_holder\n{\n\tdisplay:block;\n\tposition:relative;\n\twidth:100%;\n    box-sizing: border-box;\n}\n#uc_card_carousel_elementor_4037fc43 .uc_classic_carousel_placeholder{\n   position:relative;\n}\n\n#uc_card_carousel_elementor_4037fc43 .uc_classic_carousel_placeholder img, #uc_card_carousel_elementor_4037fc43 .ue_card_carousel_image_overlay\n{\n  transition: all 300ms;\n}\n\n.card_carousel_title\n{\n\tfont-size:21px;\n}\n\n.uc_classic_carousel .uc_classic_carousel_border\n{\n\tdisplay:block;\n    margin:0 auto;\n}\n\n.uc_classic_carousel  .uc_classic_carousel_placeholder img\n{\n\twidth:100%;\n    \n    display:inline-flex;\n}\n.uc_classic_carousel .uc_classic_carousel_content\n{\n  display: flex;\n flex-flow: column nowrap;\n}\n\n.uc_classic_carousel .ue_button\n{\n  margin-top:auto;\n\n}\n\n.uc_classic_carousel .uc_classic_carousel_content .uc_more_btn {\n\tdisplay:inline-block;\n\ttext-decoration:none;\n\ttransition: all 0.5s ease;\n}\n\n\n#uc_card_carousel_elementor_4037fc43 .owl-dots {\noverflow:hidden;\ntext-align:center;\n}\n\n#uc_card_carousel_elementor_4037fc43 .owl-dot {\nborder-radius:50%;\ndisplay:inline-block;\n}\n\n#uc_card_carousel_elementor_4037fc43 .owl-nav .owl-prev,\n#uc_card_carousel_elementor_4037fc43 .owl-nav .owl-next{\n    position:absolute;\n    display:flex;\n  \tjustify-content: center;\n  \talign-items: center;\n    text-align:center;\n}\n\n\n#uc_card_carousel_elementor_4037fc43 .owl-nav .disabled\n{\n    display: none;  \n}\n\n\n#uc_card_carousel_elementor_4037fc43 .ue-item-icon\n{\n  line-height:1em;\n  display:inline-flex;\n  justify-content:center;\n  align-items:center;\n  \n}\n\n#uc_card_carousel_elementor_4037fc43 .ue-item-icon svg\n{\n  height:1em;\n  width:1em;\n}\n\n#uc_card_carousel_elementor_4037fc43 .ue-item-icon-wrapper\n{\n  display:flex;\n}\n\n#uc_card_carousel_elementor_4037fc43 .uc_classic_carousel_container_holder {\n\t max-width: ;\n}\n\n\n\t#uc_card_carousel_elementor_4037fc43 .owl-stage\n        {\n            transition-timing-function: linear!important;\n        }\n\n@media screen and (max-width: 1024px) {\n  #uc_card_carousel_elementor_4037fc43 .uc_classic_carousel_container_holder {\n\t max-width: ;\n  }\n}\n\n@media screen and (max-width: 767px) {\n  #uc_card_carousel_elementor_4037fc43 .uc_classic_carousel_container_holder {\n    max-width: ;\n  }\n}\n\n<\/style>\n\n<div class=\"uc_classic_carousel\" id=\"uc_card_carousel_elementor_4037fc43-wrapper\">\n        <div class=\"uc_carousel owl-carousel uc-items-wrapper  \" id=\"uc_card_carousel_elementor_4037fc43\"  >\n          \t<div class=\"uc_classic_carousel_container_holder ue-item elementor-repeater-item-27d6ac1\">\n  <div class=\"ue-carousel-item\">\n      <div class=\"uc_classic_carousel_placeholder\">\n          <img fetchpriority=\"high\" decoding=\"async\" src=\"https:\/\/www.qualfarma.com.br\/vivabem\/wp-content\/uploads\/2023\/12\/sabonete-soapex.jpeg\"  src=\"https:\/\/www.qualfarma.com.br\/vivabem\/wp-content\/uploads\/2023\/12\/sabonete-soapex.jpeg\" alt=\"Sabonete Soapex\" width=\"500\" height=\"500\">\n          <\/div>\n    <div class=\"uc_classic_carousel_content\" style=\"direction:rtl;\">\n    \n    \n        \n          \t\n      <div  class=\"card_carousel_title\">Antiss\u00e9ptico Galderma Soapex 1% Triclosano<\/div>\n          \t\n    \n      \n        \n    \n    \t\n    \n    \n        \t \n              <div class=\"ue_button\"><a class=\"uc_more_btn \" href=\"https:\/\/www.qualfarma.com.br\/sabonete-antisseptico-em-barra-galderma-soapex-1-triclosano-com-80g\/p\" title=\"Quero conhecer\"  target='_blank'>Quero conhecer<\/a><\/div>\n        \t    \n    \t\n  <\/div>\n  <\/div>\n<\/div>\n<div class=\"uc_classic_carousel_container_holder ue-item elementor-repeater-item-5ba2d73\">\n  <div class=\"ue-carousel-item\">\n      <div class=\"uc_classic_carousel_placeholder\">\n          <img decoding=\"async\" src=\"https:\/\/www.qualfarma.com.br\/vivabem\/wp-content\/uploads\/2023\/12\/sabonete-cetaphil.jpeg\"  src=\"https:\/\/www.qualfarma.com.br\/vivabem\/wp-content\/uploads\/2023\/12\/sabonete-cetaphil.jpeg\" alt=\"Sabonete Cetaphil\" width=\"150\" height=\"150\">\n          <\/div>\n    <div class=\"uc_classic_carousel_content\" style=\"direction:rtl;\">\n    \n    \n        \n          \t\n      <div  class=\"card_carousel_title\">Sabonete L\u00edquido Cetaphil Antiss\u00e9ptico<\/div>\n          \t\n    \n      \n        \n    \n    \t\n    \n    \n        \t \n              <div class=\"ue_button\"><a class=\"uc_more_btn \" href=\"https:\/\/www.qualfarma.com.br\/sabonete-liquido-cetaphil-antisseptico-maos-healthy-hygiene-237ml\/p\" title=\"Quero conhecer\"  target='_blank'>Quero conhecer<\/a><\/div>\n        \t    \n    \t\n  <\/div>\n  <\/div>\n<\/div>\n<div class=\"uc_classic_carousel_container_holder ue-item elementor-repeater-item-b9ed134\">\n  <div class=\"ue-carousel-item\">\n      <div class=\"uc_classic_carousel_placeholder\">\n          <img decoding=\"async\" src=\"https:\/\/www.qualfarma.com.br\/vivabem\/wp-content\/uploads\/2023\/12\/sabonete-pielsana.jpeg\"  src=\"https:\/\/www.qualfarma.com.br\/vivabem\/wp-content\/uploads\/2023\/12\/sabonete-pielsana.jpeg\" alt=\"Sabonete Pielsana\" width=\"500\" height=\"500\">\n          <\/div>\n    <div class=\"uc_classic_carousel_content\" style=\"direction:rtl;\">\n    \n    \n        \n          \t\n      <div  class=\"card_carousel_title\">Pielsana Sabonete L\u00edquido Antiss\u00e9ptico Com Phmb<\/div>\n          \t\n    \n      \n        \n    \n    \t\n    \n    \n        \t \n              <div class=\"ue_button\"><a class=\"uc_more_btn \" href=\"https:\/\/www.qualfarma.com.br\/pielsana-sabonete-liquido-antisseptico-com-phmb-500ml\/p\" title=\"Quero conhecer\"  target='_blank'>Quero conhecer<\/a><\/div>\n        \t    \n    \t\n  <\/div>\n  <\/div>\n<\/div>\n\n      <\/div>\n<\/div>\n<!-- end Card Carousel -->\t\t\t\t<\/div>\n\t\t\t\t<\/div>\n\t\t\t\t\t<\/div>\n\t\t<\/div>\n\t\t\t\t\t<\/div>\n\t\t<\/section>\n\t\t\t\t<\/div>\n\t\t\n\n\n\n<h3 class=\"wp-block-heading\"><span class=\"ez-toc-section\" id=\"Quanto_tempo_pode_durar_um_furunculo\"><\/span>Quanto tempo pode durar um fur\u00fanculo?<span class=\"ez-toc-section-end\"><\/span><\/h3>\n\n\n\n<p>Varia bastante de pessoa para pessoa, mas dura normalmente <strong>at\u00e9 3 semanas<\/strong>.<\/p>\n\n\n\n<h3 class=\"wp-block-heading\"><span class=\"ez-toc-section\" id=\"Furunculo_e_perigoso\"><\/span>Fur\u00fanculo \u00e9 perigoso?&nbsp;<span class=\"ez-toc-section-end\"><\/span><\/h3>\n\n\n\n<p>Embora sejam dolorosos, <strong>\u00e9 raro que seja perigoso<\/strong>. Por\u00e9m, \u00e9 preciso cuidar bem da ferida e fazer acompanhamento m\u00e9dico para n\u00e3o permitir que ela se torne uma infec\u00e7\u00e3o mais grave.<\/p>\n\n\n\n<h3 class=\"wp-block-heading\"><span class=\"ez-toc-section\" id=\"Furunculo_e_transmissivel\"><\/span>Fur\u00fanculo \u00e9 transmiss\u00edvel?<span class=\"ez-toc-section-end\"><\/span><\/h3>\n\n\n\n<p><strong>N\u00e3o, fur\u00fanculos n\u00e3o s\u00e3o transmiss\u00edveis.&nbsp;<\/strong><\/p>\n\n\n\n<p>Encontrou o que precisava com esse artigo? Esperamos ter ajudado!&nbsp;<\/p>\n\n\n\n<p><\/p>\n","protected":false},"excerpt":{"rendered":"<p>Essa infec\u00e7\u00e3o de pele, al\u00e9m de chata, \u00e9 muito dolorosa. Confira o que fazer caso um fur\u00fanculo d\u00ea as caras.<\/p>\n","protected":false},"author":7,"featured_media":1616,"comment_status":"open","ping_status":"open","sticky":false,"template":"","format":"standard","meta":{"tpgb_global_settings":"","footnotes":""},"categories":[109],"tags":[87,91],"class_list":["post-1606","post","type-post","status-publish","format-standard","has-post-thumbnail","hentry","category-saude-da-pele","tag-saude","tag-saude-da-pele"],"yoast_head":"<!-- This site is optimized with the Yoast SEO plugin v27.5 - https:\/\/yoast.com\/product\/yoast-seo-wordpress\/ -->\n<title>Fur\u00fanculo: causas e tratamentos da infec\u00e7\u00e3o de pele<\/title>\n<meta name=\"description\" content=\"Desconfia que tem um fur\u00fanculo? Confira o que fazer nesses casos e fique de olho: essa infec\u00e7\u00e3o pode ser bem chatinha, mas tem cura!\" \/>\n<meta name=\"robots\" content=\"index, follow, max-snippet:-1, max-image-preview:large, max-video-preview:-1\" \/>\n<link rel=\"canonical\" href=\"https:\/\/www.qualfarma.com.br\/vivabem\/furunculo-causas-e-tratamentos-da-infeccao-de-pele\/\" \/>\n<meta property=\"og:locale\" content=\"pt_BR\" \/>\n<meta property=\"og:type\" content=\"article\" \/>\n<meta property=\"og:title\" content=\"Fur\u00fanculo: causas e tratamentos da infec\u00e7\u00e3o de pele\" \/>\n<meta property=\"og:description\" content=\"Desconfia que tem um fur\u00fanculo? Confira o que fazer nesses casos e fique de olho: essa infec\u00e7\u00e3o pode ser bem chatinha, mas tem cura!\" \/>\n<meta property=\"og:url\" content=\"https:\/\/www.qualfarma.com.br\/vivabem\/furunculo-causas-e-tratamentos-da-infeccao-de-pele\/\" \/>\n<meta property=\"og:site_name\" content=\"Blog Viva Bem por Qualfarma\" \/>\n<meta property=\"article:published_time\" content=\"2023-12-18T09:25:19+00:00\" \/>\n<meta property=\"article:modified_time\" content=\"2024-08-14T17:11:50+00:00\" \/>\n<meta property=\"og:image\" content=\"https:\/\/www.qualfarma.com.br\/vivabem\/wp-content\/uploads\/2023\/12\/furunculos.jpg\" \/>\n\t<meta property=\"og:image:width\" content=\"750\" \/>\n\t<meta property=\"og:image:height\" content=\"500\" \/>\n\t<meta property=\"og:image:type\" content=\"image\/jpeg\" \/>\n<meta name=\"author\" content=\"Stephanie Kroll\" \/>\n<meta name=\"twitter:card\" content=\"summary_large_image\" \/>\n<meta name=\"twitter:label1\" content=\"Escrito por\" \/>\n\t<meta name=\"twitter:data1\" content=\"Stephanie Kroll\" \/>\n\t<meta name=\"twitter:label2\" content=\"Est. tempo de leitura\" \/>\n\t<meta name=\"twitter:data2\" content=\"4 minutos\" \/>\n<script type=\"application\/ld+json\" class=\"yoast-schema-graph\">{\"@context\":\"https:\\\/\\\/schema.org\",\"@graph\":[{\"@type\":\"Article\",\"@id\":\"https:\\\/\\\/www.qualfarma.com.br\\\/vivabem\\\/furunculo-causas-e-tratamentos-da-infeccao-de-pele\\\/#article\",\"isPartOf\":{\"@id\":\"https:\\\/\\\/www.qualfarma.com.br\\\/vivabem\\\/furunculo-causas-e-tratamentos-da-infeccao-de-pele\\\/\"},\"author\":{\"name\":\"Stephanie Kroll\",\"@id\":\"https:\\\/\\\/www.qualfarma.com.br\\\/vivabem\\\/#\\\/schema\\\/person\\\/a690dda13b8cef2d1093f56c7e09b224\"},\"headline\":\"Fur\u00fanculo: causas e tratamentos da infec\u00e7\u00e3o de pele\",\"datePublished\":\"2023-12-18T09:25:19+00:00\",\"dateModified\":\"2024-08-14T17:11:50+00:00\",\"mainEntityOfPage\":{\"@id\":\"https:\\\/\\\/www.qualfarma.com.br\\\/vivabem\\\/furunculo-causas-e-tratamentos-da-infeccao-de-pele\\\/\"},\"wordCount\":842,\"commentCount\":0,\"image\":{\"@id\":\"https:\\\/\\\/www.qualfarma.com.br\\\/vivabem\\\/furunculo-causas-e-tratamentos-da-infeccao-de-pele\\\/#primaryimage\"},\"thumbnailUrl\":\"https:\\\/\\\/www.qualfarma.com.br\\\/vivabem\\\/wp-content\\\/uploads\\\/2023\\\/12\\\/furunculos.jpg\",\"keywords\":[\"Sa\u00fade\",\"Sa\u00fade da Pele\"],\"articleSection\":[\"Sa\u00fade da pele\"],\"inLanguage\":\"pt-BR\",\"potentialAction\":[{\"@type\":\"CommentAction\",\"name\":\"Comment\",\"target\":[\"https:\\\/\\\/www.qualfarma.com.br\\\/vivabem\\\/furunculo-causas-e-tratamentos-da-infeccao-de-pele\\\/#respond\"]}]},{\"@type\":\"WebPage\",\"@id\":\"https:\\\/\\\/www.qualfarma.com.br\\\/vivabem\\\/furunculo-causas-e-tratamentos-da-infeccao-de-pele\\\/\",\"url\":\"https:\\\/\\\/www.qualfarma.com.br\\\/vivabem\\\/furunculo-causas-e-tratamentos-da-infeccao-de-pele\\\/\",\"name\":\"Fur\u00fanculo: causas e tratamentos da infec\u00e7\u00e3o de pele\",\"isPartOf\":{\"@id\":\"https:\\\/\\\/www.qualfarma.com.br\\\/vivabem\\\/#website\"},\"primaryImageOfPage\":{\"@id\":\"https:\\\/\\\/www.qualfarma.com.br\\\/vivabem\\\/furunculo-causas-e-tratamentos-da-infeccao-de-pele\\\/#primaryimage\"},\"image\":{\"@id\":\"https:\\\/\\\/www.qualfarma.com.br\\\/vivabem\\\/furunculo-causas-e-tratamentos-da-infeccao-de-pele\\\/#primaryimage\"},\"thumbnailUrl\":\"https:\\\/\\\/www.qualfarma.com.br\\\/vivabem\\\/wp-content\\\/uploads\\\/2023\\\/12\\\/furunculos.jpg\",\"datePublished\":\"2023-12-18T09:25:19+00:00\",\"dateModified\":\"2024-08-14T17:11:50+00:00\",\"author\":{\"@id\":\"https:\\\/\\\/www.qualfarma.com.br\\\/vivabem\\\/#\\\/schema\\\/person\\\/a690dda13b8cef2d1093f56c7e09b224\"},\"description\":\"Desconfia que tem um fur\u00fanculo? Confira o que fazer nesses casos e fique de olho: essa infec\u00e7\u00e3o pode ser bem chatinha, mas tem cura!\",\"breadcrumb\":{\"@id\":\"https:\\\/\\\/www.qualfarma.com.br\\\/vivabem\\\/furunculo-causas-e-tratamentos-da-infeccao-de-pele\\\/#breadcrumb\"},\"inLanguage\":\"pt-BR\",\"potentialAction\":[{\"@type\":\"ReadAction\",\"target\":[\"https:\\\/\\\/www.qualfarma.com.br\\\/vivabem\\\/furunculo-causas-e-tratamentos-da-infeccao-de-pele\\\/\"]}]},{\"@type\":\"ImageObject\",\"inLanguage\":\"pt-BR\",\"@id\":\"https:\\\/\\\/www.qualfarma.com.br\\\/vivabem\\\/furunculo-causas-e-tratamentos-da-infeccao-de-pele\\\/#primaryimage\",\"url\":\"https:\\\/\\\/www.qualfarma.com.br\\\/vivabem\\\/wp-content\\\/uploads\\\/2023\\\/12\\\/furunculos.jpg\",\"contentUrl\":\"https:\\\/\\\/www.qualfarma.com.br\\\/vivabem\\\/wp-content\\\/uploads\\\/2023\\\/12\\\/furunculos.jpg\",\"width\":750,\"height\":500,\"caption\":\"Fur\u00fanculo em pele\"},{\"@type\":\"BreadcrumbList\",\"@id\":\"https:\\\/\\\/www.qualfarma.com.br\\\/vivabem\\\/furunculo-causas-e-tratamentos-da-infeccao-de-pele\\\/#breadcrumb\",\"itemListElement\":[{\"@type\":\"ListItem\",\"position\":1,\"name\":\"Blog Viva Bem\",\"item\":\"https:\\\/\\\/www.qualfarma.com.br\\\/vivabem\\\/\"},{\"@type\":\"ListItem\",\"position\":2,\"name\":\"Sa\u00fade\",\"item\":\"https:\\\/\\\/www.qualfarma.com.br\\\/vivabem\\\/saude\\\/\"},{\"@type\":\"ListItem\",\"position\":3,\"name\":\"Sa\u00fade da pele\",\"item\":\"https:\\\/\\\/www.qualfarma.com.br\\\/vivabem\\\/saude\\\/saude-da-pele\\\/\"},{\"@type\":\"ListItem\",\"position\":4,\"name\":\"Fur\u00fanculo: causas e tratamentos da infec\u00e7\u00e3o de pele\"}]},{\"@type\":\"WebSite\",\"@id\":\"https:\\\/\\\/www.qualfarma.com.br\\\/vivabem\\\/#website\",\"url\":\"https:\\\/\\\/www.qualfarma.com.br\\\/vivabem\\\/\",\"name\":\"Blog Viva Bem por Qualfarma\",\"description\":\"\u00ae 2023\",\"potentialAction\":[{\"@type\":\"SearchAction\",\"target\":{\"@type\":\"EntryPoint\",\"urlTemplate\":\"https:\\\/\\\/www.qualfarma.com.br\\\/vivabem\\\/?s={search_term_string}\"},\"query-input\":{\"@type\":\"PropertyValueSpecification\",\"valueRequired\":true,\"valueName\":\"search_term_string\"}}],\"inLanguage\":\"pt-BR\"},{\"@type\":\"Person\",\"@id\":\"https:\\\/\\\/www.qualfarma.com.br\\\/vivabem\\\/#\\\/schema\\\/person\\\/a690dda13b8cef2d1093f56c7e09b224\",\"name\":\"Stephanie Kroll\",\"image\":{\"@type\":\"ImageObject\",\"inLanguage\":\"pt-BR\",\"@id\":\"https:\\\/\\\/secure.gravatar.com\\\/avatar\\\/dd1b82540a7b66c3112346e4a6b0e24b524511df3d028133ca1eea9eafc829bc?s=96&d=mm&r=g\",\"url\":\"https:\\\/\\\/secure.gravatar.com\\\/avatar\\\/dd1b82540a7b66c3112346e4a6b0e24b524511df3d028133ca1eea9eafc829bc?s=96&d=mm&r=g\",\"contentUrl\":\"https:\\\/\\\/secure.gravatar.com\\\/avatar\\\/dd1b82540a7b66c3112346e4a6b0e24b524511df3d028133ca1eea9eafc829bc?s=96&d=mm&r=g\",\"caption\":\"Stephanie Kroll\"},\"description\":\"Graduada em Farm\u00e1cia pela Universidade Federal do Rio de Janeiro (UFRJ), Stephanie Kroll (CRF\\\/RJ 28001) atua na \u00e1rea da sa\u00fade da fam\u00edlia com uma abordagem humanizada e \u00e9 respons\u00e1vel t\u00e9cnica pelos conte\u00fados do Viva Bem por Qualfarma.\"}]}<\/script>\n<!-- \/ Yoast SEO plugin. -->","yoast_head_json":{"title":"Fur\u00fanculo: causas e tratamentos da infec\u00e7\u00e3o de pele","description":"Desconfia que tem um fur\u00fanculo? Confira o que fazer nesses casos e fique de olho: essa infec\u00e7\u00e3o pode ser bem chatinha, mas tem cura!","robots":{"index":"index","follow":"follow","max-snippet":"max-snippet:-1","max-image-preview":"max-image-preview:large","max-video-preview":"max-video-preview:-1"},"canonical":"https:\/\/www.qualfarma.com.br\/vivabem\/furunculo-causas-e-tratamentos-da-infeccao-de-pele\/","og_locale":"pt_BR","og_type":"article","og_title":"Fur\u00fanculo: causas e tratamentos da infec\u00e7\u00e3o de pele","og_description":"Desconfia que tem um fur\u00fanculo? Confira o que fazer nesses casos e fique de olho: essa infec\u00e7\u00e3o pode ser bem chatinha, mas tem cura!","og_url":"https:\/\/www.qualfarma.com.br\/vivabem\/furunculo-causas-e-tratamentos-da-infeccao-de-pele\/","og_site_name":"Blog Viva Bem por Qualfarma","article_published_time":"2023-12-18T09:25:19+00:00","article_modified_time":"2024-08-14T17:11:50+00:00","og_image":[{"width":750,"height":500,"url":"https:\/\/www.qualfarma.com.br\/vivabem\/wp-content\/uploads\/2023\/12\/furunculos.jpg","type":"image\/jpeg"}],"author":"Stephanie Kroll","twitter_card":"summary_large_image","twitter_misc":{"Escrito por":"Stephanie Kroll","Est. tempo de leitura":"4 minutos"},"schema":{"@context":"https:\/\/schema.org","@graph":[{"@type":"Article","@id":"https:\/\/www.qualfarma.com.br\/vivabem\/furunculo-causas-e-tratamentos-da-infeccao-de-pele\/#article","isPartOf":{"@id":"https:\/\/www.qualfarma.com.br\/vivabem\/furunculo-causas-e-tratamentos-da-infeccao-de-pele\/"},"author":{"name":"Stephanie Kroll","@id":"https:\/\/www.qualfarma.com.br\/vivabem\/#\/schema\/person\/a690dda13b8cef2d1093f56c7e09b224"},"headline":"Fur\u00fanculo: causas e tratamentos da infec\u00e7\u00e3o de pele","datePublished":"2023-12-18T09:25:19+00:00","dateModified":"2024-08-14T17:11:50+00:00","mainEntityOfPage":{"@id":"https:\/\/www.qualfarma.com.br\/vivabem\/furunculo-causas-e-tratamentos-da-infeccao-de-pele\/"},"wordCount":842,"commentCount":0,"image":{"@id":"https:\/\/www.qualfarma.com.br\/vivabem\/furunculo-causas-e-tratamentos-da-infeccao-de-pele\/#primaryimage"},"thumbnailUrl":"https:\/\/www.qualfarma.com.br\/vivabem\/wp-content\/uploads\/2023\/12\/furunculos.jpg","keywords":["Sa\u00fade","Sa\u00fade da Pele"],"articleSection":["Sa\u00fade da pele"],"inLanguage":"pt-BR","potentialAction":[{"@type":"CommentAction","name":"Comment","target":["https:\/\/www.qualfarma.com.br\/vivabem\/furunculo-causas-e-tratamentos-da-infeccao-de-pele\/#respond"]}]},{"@type":"WebPage","@id":"https:\/\/www.qualfarma.com.br\/vivabem\/furunculo-causas-e-tratamentos-da-infeccao-de-pele\/","url":"https:\/\/www.qualfarma.com.br\/vivabem\/furunculo-causas-e-tratamentos-da-infeccao-de-pele\/","name":"Fur\u00fanculo: causas e tratamentos da infec\u00e7\u00e3o de pele","isPartOf":{"@id":"https:\/\/www.qualfarma.com.br\/vivabem\/#website"},"primaryImageOfPage":{"@id":"https:\/\/www.qualfarma.com.br\/vivabem\/furunculo-causas-e-tratamentos-da-infeccao-de-pele\/#primaryimage"},"image":{"@id":"https:\/\/www.qualfarma.com.br\/vivabem\/furunculo-causas-e-tratamentos-da-infeccao-de-pele\/#primaryimage"},"thumbnailUrl":"https:\/\/www.qualfarma.com.br\/vivabem\/wp-content\/uploads\/2023\/12\/furunculos.jpg","datePublished":"2023-12-18T09:25:19+00:00","dateModified":"2024-08-14T17:11:50+00:00","author":{"@id":"https:\/\/www.qualfarma.com.br\/vivabem\/#\/schema\/person\/a690dda13b8cef2d1093f56c7e09b224"},"description":"Desconfia que tem um fur\u00fanculo? Confira o que fazer nesses casos e fique de olho: essa infec\u00e7\u00e3o pode ser bem chatinha, mas tem cura!","breadcrumb":{"@id":"https:\/\/www.qualfarma.com.br\/vivabem\/furunculo-causas-e-tratamentos-da-infeccao-de-pele\/#breadcrumb"},"inLanguage":"pt-BR","potentialAction":[{"@type":"ReadAction","target":["https:\/\/www.qualfarma.com.br\/vivabem\/furunculo-causas-e-tratamentos-da-infeccao-de-pele\/"]}]},{"@type":"ImageObject","inLanguage":"pt-BR","@id":"https:\/\/www.qualfarma.com.br\/vivabem\/furunculo-causas-e-tratamentos-da-infeccao-de-pele\/#primaryimage","url":"https:\/\/www.qualfarma.com.br\/vivabem\/wp-content\/uploads\/2023\/12\/furunculos.jpg","contentUrl":"https:\/\/www.qualfarma.com.br\/vivabem\/wp-content\/uploads\/2023\/12\/furunculos.jpg","width":750,"height":500,"caption":"Fur\u00fanculo em pele"},{"@type":"BreadcrumbList","@id":"https:\/\/www.qualfarma.com.br\/vivabem\/furunculo-causas-e-tratamentos-da-infeccao-de-pele\/#breadcrumb","itemListElement":[{"@type":"ListItem","position":1,"name":"Blog Viva Bem","item":"https:\/\/www.qualfarma.com.br\/vivabem\/"},{"@type":"ListItem","position":2,"name":"Sa\u00fade","item":"https:\/\/www.qualfarma.com.br\/vivabem\/saude\/"},{"@type":"ListItem","position":3,"name":"Sa\u00fade da pele","item":"https:\/\/www.qualfarma.com.br\/vivabem\/saude\/saude-da-pele\/"},{"@type":"ListItem","position":4,"name":"Fur\u00fanculo: causas e tratamentos da infec\u00e7\u00e3o de pele"}]},{"@type":"WebSite","@id":"https:\/\/www.qualfarma.com.br\/vivabem\/#website","url":"https:\/\/www.qualfarma.com.br\/vivabem\/","name":"Blog Viva Bem por Qualfarma","description":"\u00ae 2023","potentialAction":[{"@type":"SearchAction","target":{"@type":"EntryPoint","urlTemplate":"https:\/\/www.qualfarma.com.br\/vivabem\/?s={search_term_string}"},"query-input":{"@type":"PropertyValueSpecification","valueRequired":true,"valueName":"search_term_string"}}],"inLanguage":"pt-BR"},{"@type":"Person","@id":"https:\/\/www.qualfarma.com.br\/vivabem\/#\/schema\/person\/a690dda13b8cef2d1093f56c7e09b224","name":"Stephanie Kroll","image":{"@type":"ImageObject","inLanguage":"pt-BR","@id":"https:\/\/secure.gravatar.com\/avatar\/dd1b82540a7b66c3112346e4a6b0e24b524511df3d028133ca1eea9eafc829bc?s=96&d=mm&r=g","url":"https:\/\/secure.gravatar.com\/avatar\/dd1b82540a7b66c3112346e4a6b0e24b524511df3d028133ca1eea9eafc829bc?s=96&d=mm&r=g","contentUrl":"https:\/\/secure.gravatar.com\/avatar\/dd1b82540a7b66c3112346e4a6b0e24b524511df3d028133ca1eea9eafc829bc?s=96&d=mm&r=g","caption":"Stephanie Kroll"},"description":"Graduada em Farm\u00e1cia pela Universidade Federal do Rio de Janeiro (UFRJ), Stephanie Kroll (CRF\/RJ 28001) atua na \u00e1rea da sa\u00fade da fam\u00edlia com uma abordagem humanizada e \u00e9 respons\u00e1vel t\u00e9cnica pelos conte\u00fados do Viva Bem por Qualfarma."}]}},"jetpack_featured_media_url":"https:\/\/www.qualfarma.com.br\/vivabem\/wp-content\/uploads\/2023\/12\/furunculos.jpg","tpgb_featured_images":{"full":["https:\/\/www.qualfarma.com.br\/vivabem\/wp-content\/uploads\/2023\/12\/furunculos.jpg",750,500,false],"tp-image-grid":["https:\/\/www.qualfarma.com.br\/vivabem\/wp-content\/uploads\/2023\/12\/furunculos-700x700.jpg",700,700,true],"thumbnail":["https:\/\/www.qualfarma.com.br\/vivabem\/wp-content\/uploads\/2023\/12\/furunculos-150x150.jpg",150,150,true],"medium":["https:\/\/www.qualfarma.com.br\/vivabem\/wp-content\/uploads\/2023\/12\/furunculos-300x200.jpg",300,200,true],"medium_large":["https:\/\/www.qualfarma.com.br\/vivabem\/wp-content\/uploads\/2023\/12\/furunculos.jpg",750,500,false],"large":["https:\/\/www.qualfarma.com.br\/vivabem\/wp-content\/uploads\/2023\/12\/furunculos.jpg",750,500,false],"default":"https:\/\/www.qualfarma.com.br\/vivabem\/wp-content\/plugins\/the-plus-addons-for-block-editor\/assets\/images\/tpgb-placeholder.jpg"},"tpgb_post_meta_info":{"get_date":"dezembro 18, 2023","get_modified_date":"agosto 14, 2024","category_list":{"category":[{"term_id":109,"name":"Sa\u00fade da pele","slug":"saude-da-pele","term_group":0,"term_taxonomy_id":109,"taxonomy":"category","description":"","parent":106,"count":13,"filter":"raw"}],"post_tag":[{"term_id":87,"name":"Sa\u00fade","slug":"saude","term_group":0,"term_taxonomy_id":87,"taxonomy":"post_tag","description":"","parent":0,"count":21,"filter":"raw"},{"term_id":91,"name":"Sa\u00fade da Pele","slug":"saude-da-pele","term_group":0,"term_taxonomy_id":91,"taxonomy":"post_tag","description":"","parent":0,"count":10,"filter":"raw"}]},"author_name":"Stephanie Kroll","author_url":"https:\/\/www.qualfarma.com.br\/vivabem\/author\/sterabelohotmail-com\/","author_email":"sterabelo@hotmail.com","author_website":"","author_description":"Graduada em Farm\u00e1cia pela Universidade Federal do Rio de Janeiro (UFRJ), Stephanie Kroll (CRF\/RJ 28001) atua na \u00e1rea da sa\u00fade da fam\u00edlia com uma abordagem humanizada e \u00e9 respons\u00e1vel t\u00e9cnica pelos conte\u00fados do Viva Bem por Qualfarma.","author_facebook":"","author_twitter":"","author_instagram":"","author_role":["editor"],"author_firstname":"Stephanie","author_lastname":"Kroll","user_login":"sterabelo@hotmail.com","author_avatar":"<img alt='' src='https:\/\/secure.gravatar.com\/avatar\/dd1b82540a7b66c3112346e4a6b0e24b524511df3d028133ca1eea9eafc829bc?s=200&#038;d=mm&#038;r=g' srcset='https:\/\/secure.gravatar.com\/avatar\/dd1b82540a7b66c3112346e4a6b0e24b524511df3d028133ca1eea9eafc829bc?s=400&#038;d=mm&#038;r=g 2x' class='avatar avatar-200 photo' height='200' width='200' decoding='async'\/>","author_avatar_url":"https:\/\/secure.gravatar.com\/avatar\/dd1b82540a7b66c3112346e4a6b0e24b524511df3d028133ca1eea9eafc829bc?s=96&d=mm&r=g","comment_count":0,"post_likes":0,"post_views":0},"tpgb_post_category":{"category":"<a href=\"https:\/\/www.qualfarma.com.br\/vivabem\/saude\/saude-da-pele\/\" alt=\"Sa\u00fade da pele\"  class=\"category-saude-da-pele\">Sa\u00fade da pele<\/a> ","post_tag":"<a href=\"https:\/\/www.qualfarma.com.br\/vivabem\/tag\/saude\/\" alt=\"Sa\u00fade\"  class=\"post_tag-saude\">Sa\u00fade<\/a> <a href=\"https:\/\/www.qualfarma.com.br\/vivabem\/tag\/saude-da-pele\/\" alt=\"Sa\u00fade da Pele\"  class=\"post_tag-saude-da-pele\">Sa\u00fade da Pele<\/a> "},"_links":{"self":[{"href":"https:\/\/www.qualfarma.com.br\/vivabem\/wp-json\/wp\/v2\/posts\/1606","targetHints":{"allow":["GET"]}}],"collection":[{"href":"https:\/\/www.qualfarma.com.br\/vivabem\/wp-json\/wp\/v2\/posts"}],"about":[{"href":"https:\/\/www.qualfarma.com.br\/vivabem\/wp-json\/wp\/v2\/types\/post"}],"author":[{"embeddable":true,"href":"https:\/\/www.qualfarma.com.br\/vivabem\/wp-json\/wp\/v2\/users\/7"}],"replies":[{"embeddable":true,"href":"https:\/\/www.qualfarma.com.br\/vivabem\/wp-json\/wp\/v2\/comments?post=1606"}],"version-history":[{"count":9,"href":"https:\/\/www.qualfarma.com.br\/vivabem\/wp-json\/wp\/v2\/posts\/1606\/revisions"}],"predecessor-version":[{"id":3357,"href":"https:\/\/www.qualfarma.com.br\/vivabem\/wp-json\/wp\/v2\/posts\/1606\/revisions\/3357"}],"wp:featuredmedia":[{"embeddable":true,"href":"https:\/\/www.qualfarma.com.br\/vivabem\/wp-json\/wp\/v2\/media\/1616"}],"wp:attachment":[{"href":"https:\/\/www.qualfarma.com.br\/vivabem\/wp-json\/wp\/v2\/media?parent=1606"}],"wp:term":[{"taxonomy":"category","embeddable":true,"href":"https:\/\/www.qualfarma.com.br\/vivabem\/wp-json\/wp\/v2\/categories?post=1606"},{"taxonomy":"post_tag","embeddable":true,"href":"https:\/\/www.qualfarma.com.br\/vivabem\/wp-json\/wp\/v2\/tags?post=1606"}],"curies":[{"name":"wp","href":"https:\/\/api.w.org\/{rel}","templated":true}]}}