{"id":1592,"date":"2023-12-17T19:46:22","date_gmt":"2023-12-17T19:46:22","guid":{"rendered":"https:\/\/www.qualfarma.com.br\/vivabem\/?p=1592"},"modified":"2024-08-14T17:11:02","modified_gmt":"2024-08-14T17:11:02","slug":"sabonete-para-espinhas","status":"publish","type":"post","link":"https:\/\/www.qualfarma.com.br\/vivabem\/sabonete-para-espinhas\/","title":{"rendered":"Sabonete para espinhas: como escolher e melhores marcas"},"content":{"rendered":"\n<p>Voc\u00ea sabia que escolher o sabonete certo pode ser um grande aliado no combate \u00e0s espinhas? Neste artigo, vamos dar todas as dicas para que voc\u00ea encontre o <strong>sabonete para espinhas <\/strong>ideal para a sua pele. Al\u00e9m disso, vamos apresentar as melhores marcas do mercado. Vem com a gente!<\/p>\n\n\n\n<div id=\"ez-toc-container\" class=\"ez-toc-v2_0_82_2 counter-hierarchy ez-toc-counter ez-toc-grey ez-toc-container-direction\">\n<div class=\"ez-toc-title-container\">\n<p class=\"ez-toc-title\" style=\"cursor:inherit\">Navegue pelo assunto<\/p>\n<span class=\"ez-toc-title-toggle\"><\/span><\/div>\n<nav><ul class='ez-toc-list ez-toc-list-level-1 ' ><li class='ez-toc-page-1 ez-toc-heading-level-2'><a class=\"ez-toc-link ez-toc-heading-1\" href=\"https:\/\/www.qualfarma.com.br\/vivabem\/sabonete-para-espinhas\/#Por_que_usar_sabonete_para_acne\" >Por que usar sabonete para acne?&nbsp;<\/a><\/li><li class='ez-toc-page-1 ez-toc-heading-level-2'><a class=\"ez-toc-link ez-toc-heading-2\" href=\"https:\/\/www.qualfarma.com.br\/vivabem\/sabonete-para-espinhas\/#Acne_e_cravos_tem_diferenca\" >Acne e cravos: tem diferen\u00e7a?<\/a><\/li><li class='ez-toc-page-1 ez-toc-heading-level-2'><a class=\"ez-toc-link ez-toc-heading-3\" href=\"https:\/\/www.qualfarma.com.br\/vivabem\/sabonete-para-espinhas\/#Como_escolher_o_sabonete_para_espinhas_ideal\" >Como escolher o sabonete para espinhas ideal?&nbsp;<\/a><\/li><li class='ez-toc-page-1 ez-toc-heading-level-2'><a class=\"ez-toc-link ez-toc-heading-4\" href=\"https:\/\/www.qualfarma.com.br\/vivabem\/sabonete-para-espinhas\/#Melhores_sabonetes_para_espinhas_e_cravos_no_rosto\" >Melhores sabonetes para espinhas e cravos no rosto&nbsp;<\/a><ul class='ez-toc-list-level-3' ><li class='ez-toc-heading-level-3'><a class=\"ez-toc-link ez-toc-heading-5\" href=\"https:\/\/www.qualfarma.com.br\/vivabem\/sabonete-para-espinhas\/#1_Gel_de_Limpeza_Facial_La_Roche-Posay_%E2%80%93_Effaclar_Concentrado\" >1. Gel de Limpeza Facial La Roche-Posay &#8211; Effaclar Concentrado<\/a><\/li><li class='ez-toc-page-1 ez-toc-heading-level-3'><a class=\"ez-toc-link ez-toc-heading-6\" href=\"https:\/\/www.qualfarma.com.br\/vivabem\/sabonete-para-espinhas\/#2_Normaderm_Vichy_%E2%80%93_Gel_de_Limpeza_Profunda\" >2. Normaderm Vichy &#8211; Gel de Limpeza Profunda&nbsp;<\/a><\/li><li class='ez-toc-page-1 ez-toc-heading-level-3'><a class=\"ez-toc-link ez-toc-heading-7\" href=\"https:\/\/www.qualfarma.com.br\/vivabem\/sabonete-para-espinhas\/#3_Gel_de_Limpeza_Facial_Avene_%E2%80%93_Cleanance_Gel\" >3. Gel de Limpeza Facial Av\u00e8ne &#8211; Cleanance Gel<\/a><\/li><\/ul><\/li><li class='ez-toc-page-1 ez-toc-heading-level-2'><a class=\"ez-toc-link ez-toc-heading-8\" href=\"https:\/\/www.qualfarma.com.br\/vivabem\/sabonete-para-espinhas\/#Melhores_sabonetes_para_espinhas_no_corpo\" >Melhores sabonetes para espinhas no corpo<\/a><ul class='ez-toc-list-level-3' ><li class='ez-toc-heading-level-3'><a class=\"ez-toc-link ez-toc-heading-9\" href=\"https:\/\/www.qualfarma.com.br\/vivabem\/sabonete-para-espinhas\/#1_Sabonete_Granado_Enxofre\" >1. Sabonete Granado Enxofre<\/a><\/li><li class='ez-toc-page-1 ez-toc-heading-level-3'><a class=\"ez-toc-link ez-toc-heading-10\" href=\"https:\/\/www.qualfarma.com.br\/vivabem\/sabonete-para-espinhas\/#2_Limpador_Antiacne_da_Sallve\" >2. Limpador Antiacne da Sallve<\/a><\/li><\/ul><\/li><\/ul><\/nav><\/div>\n<h2 class=\"wp-block-heading\"><span class=\"ez-toc-section\" id=\"Por_que_usar_sabonete_para_acne\"><\/span>Por que usar sabonete para acne?&nbsp;<span class=\"ez-toc-section-end\"><\/span><\/h2>\n\n\n\n<p>Um sabonete espec\u00edfico para acne \u00e9 importante para o cuidado da pele, pois ele <strong>ajuda a controlar a oleosidade<\/strong>, <strong>combater as bact\u00e9rias causadoras da acne<\/strong> e <strong>desobstruir os poros<\/strong>.&nbsp;<\/p>\n\n\n\n<p>Al\u00e9m disso, esse sabonete pode ajudar a prevenir o surgimento de novas espinhas e promover uma pele mais saud\u00e1vel.&nbsp;Por isso, \u00e9 essencial escolher um sabonete adequado ao seu tipo de pele e seguir uma rotina de limpeza facial regular para obter melhores resultados. Combinado?<\/p>\n\n\n\n<h2 class=\"wp-block-heading\"><span class=\"ez-toc-section\" id=\"Acne_e_cravos_tem_diferenca\"><\/span>Acne e cravos: tem diferen\u00e7a?<span class=\"ez-toc-section-end\"><\/span><\/h2>\n\n\n\n<p>A acne e o cravo s\u00e3o condi\u00e7\u00f5es de pele comuns, mas possuem caracter\u00edsticas distintas.&nbsp;<\/p>\n\n\n\n<p>A <strong>acne \u00e9 uma condi\u00e7\u00e3o inflamat\u00f3ria da pele <\/strong>que ocorre devido ao excesso de produ\u00e7\u00e3o de \u00f3leo pelas gl\u00e2ndulas seb\u00e1ceas, obstru\u00e7\u00e3o dos poros e crescimento bacteriano. Ela pode apresentar les\u00f5es inflamadas, como espinhas e cistos.<\/p>\n\n\n\n<p>Por outro lado, os <strong>cravos s\u00e3o obstru\u00e7\u00f5es dos poros<\/strong> causadas pelo ac\u00famulo de c\u00e9lulas mortas e sebo. Existem dois tipos de cravos: cravos pretos (abertos) e cravos brancos (fechados).&nbsp;<\/p>\n\n\n\n<p>O cravo preto ocorre quando o poro obstru\u00eddo fica exposto ao ar, sofrendo oxida\u00e7\u00e3o e adquirindo uma colora\u00e7\u00e3o escura. J\u00e1 o cravo branco ocorre quando o poro obstru\u00eddo fica fechado, sem exposi\u00e7\u00e3o ao ar, resultando em uma protuber\u00e2ncia branca na pele.<\/p>\n\n\n\n<p>Ambas as condi\u00e7\u00f5es podem ser tratadas com cuidados adequados com a pele como limpeza regular, uso de produtos espec\u00edficos e, em alguns casos, tratamentos m\u00e9dicos. Por isso, refor\u00e7amos a import\u00e2ncia de consultar um dermatologista para um diagn\u00f3stico preciso e um plano de tratamento personalizado.<\/p>\n\n\n\n<p>E se desejar aprofundar o conhecimento no tema, a P\u00e2mela, do canal Esteticista a Bordo, explica em detalhes as diferen\u00e7as entre espinhas e cravos:<\/p>\n\n\n\n<figure class=\"wp-block-embed is-type-video is-provider-youtube wp-block-embed-youtube wp-embed-aspect-4-3 wp-has-aspect-ratio\"><div class=\"wp-block-embed__wrapper\">\n<iframe title=\"QUAL A DIFEREN\u00c7A ENTRE CRAVO, ESPINHA E ESPINHA INTERNA | Acne\" width=\"800\" height=\"600\" src=\"https:\/\/www.youtube.com\/embed\/qcaEqLPbO5w?feature=oembed\" frameborder=\"0\" allow=\"accelerometer; autoplay; clipboard-write; encrypted-media; gyroscope; picture-in-picture; web-share\" referrerpolicy=\"strict-origin-when-cross-origin\" allowfullscreen><\/iframe>\n<\/div><\/figure>\n\n\n\n<h2 class=\"wp-block-heading\"><span class=\"ez-toc-section\" id=\"Como_escolher_o_sabonete_para_espinhas_ideal\"><\/span>Como escolher o sabonete para espinhas ideal?&nbsp;<span class=\"ez-toc-section-end\"><\/span><\/h2>\n\n\n\n<p>Ao escolher um sabonete para tratar espinhas, \u00e9 importante considerar alguns fatores:<\/p>\n\n\n\n<ul class=\"wp-block-list\">\n<li>Opte por um sabonete suave, que n\u00e3o resseque a pele;<\/li>\n\n\n\n<li>Procure por ingredientes como \u00e1cido salic\u00edlico, per\u00f3xido de benzo\u00edla ou enxofre, pois s\u00e3o eficazes no combate \u00e0s espinhas;<\/li>\n\n\n\n<li>Verifique se o sabonete \u00e9 livre de \u00f3leos e n\u00e3o comedog\u00eanico, para evitar o entupimento dos poros.&nbsp;<\/li>\n<\/ul>\n\n\n\n<p>Mas lembre-se: consultar um dermatologista \u00e9 fundamental para encontrar a melhor op\u00e7\u00e3o para o seu tipo de pele.<\/p>\n\n\n\n<h2 class=\"wp-block-heading\"><span class=\"ez-toc-section\" id=\"Melhores_sabonetes_para_espinhas_e_cravos_no_rosto\"><\/span>Melhores sabonetes para espinhas e cravos no rosto&nbsp;<span class=\"ez-toc-section-end\"><\/span><\/h2>\n\n\n\n<p>Atualmente, h\u00e1 diversas as op\u00e7\u00f5es de sabonetes para espinhas e cravos dispon\u00edveis no mercado.&nbsp;<\/p>\n\n\n\n<p>Para ajudar voc\u00ea nessa escolha, selecionamos tr\u00eas op\u00e7\u00f5es de sabonetes de marcas altamente confi\u00e1veis e recomendadas, e que oferecem resultados comprovados. Confira:<\/p>\n\n\n\n<h3 class=\"wp-block-heading\"><span class=\"ez-toc-section\" id=\"1_Gel_de_Limpeza_Facial_La_Roche-Posay_%E2%80%93_Effaclar_Concentrado\"><\/span>1. Gel de Limpeza Facial La Roche-Posay &#8211; Effaclar Concentrado<span class=\"ez-toc-section-end\"><\/span><\/h3>\n\n\n\n<p>O <strong>Gel de Limpeza Facial Effaclar Concentrado<\/strong> foi formulado especificamente para atender \u00e0s necessidades das peles brasileiras \u2014 e \u00e9 a nossa primeira recomenda\u00e7\u00e3o!<\/p>\n\n\n\n<p>Sua f\u00f3rmula concentrada cont\u00e9m \u00c1cido Salic\u00edlico, Zinco e LHA, uma nova gera\u00e7\u00e3o de renovador celular. Indicado para peles oleosas a acneicas, o gel proporciona limpeza profunda, purifica\u00e7\u00e3o e prepara\u00e7\u00e3o ideal para a aplica\u00e7\u00e3o de outros produtos.&nbsp;<\/p>\n\n\n\n<p>Al\u00e9m de tudo, esse sabonete controla a oleosidade de forma duradoura e efetivamente reduz os sinais de acne.<\/p>\n\n\n\t\t<div data-elementor-type=\"page\" data-elementor-id=\"1971\" class=\"elementor elementor-1971\" data-elementor-post-type=\"elementor_library\">\n\t\t\t\t\t\t<section class=\"elementor-section elementor-top-section elementor-element elementor-element-64623e33 elementor-section-boxed elementor-section-height-default elementor-section-height-default\" data-id=\"64623e33\" data-element_type=\"section\" data-e-type=\"section\">\n\t\t\t\t\t\t<div class=\"elementor-container elementor-column-gap-default\">\n\t\t\t\t\t<div class=\"elementor-column elementor-col-100 elementor-top-column elementor-element elementor-element-388e7a2e\" data-id=\"388e7a2e\" data-element_type=\"column\" data-e-type=\"column\">\n\t\t\t<div class=\"elementor-widget-wrap elementor-element-populated\">\n\t\t\t\t\t\t<div class=\"elementor-element elementor-element-426f0f98 elementor-widget elementor-widget-ucaddon_card_carousel\" data-id=\"426f0f98\" data-element_type=\"widget\" data-e-type=\"widget\" data-widget_type=\"ucaddon_card_carousel.default\">\n\t\t\t\t<div class=\"elementor-widget-container\">\n\t\t\t\t\t\n<!-- start Card Carousel -->\n\t\t<link id='font-awesome-css' href='https:\/\/www.qualfarma.com.br\/vivabem\/wp-content\/plugins\/unlimited-elements-for-elementor\/assets_libraries\/font-awesome6\/fontawesome-all.min.css' type='text\/css' rel='stylesheet' >\n\t\t<link id='font-awesome-4-shim-css' href='https:\/\/www.qualfarma.com.br\/vivabem\/wp-content\/plugins\/unlimited-elements-for-elementor\/assets_libraries\/font-awesome6\/fontawesome-v4-shims.min.css' type='text\/css' rel='stylesheet' >\n\t\t<link id='owl-carousel-css' href='https:\/\/www.qualfarma.com.br\/vivabem\/wp-content\/plugins\/unlimited-elements-for-elementor\/assets_libraries\/owl-carousel-new\/assets\/owl.carousel.css' type='text\/css' rel='stylesheet' >\n\t\t<link id='uc_ac_assets_file_animate_css_77907-css' href='https:\/\/www.qualfarma.com.br\/vivabem\/wp-content\/uploads\/ac_assets\/uc_classic_carousel\/animate.css' type='text\/css' rel='stylesheet' >\n\n<style>\/* widget: Card Carousel *\/\n\n#uc_card_carousel_elementor_426f0f98-wrapper\n{\n  min-height:1px;\n}\n#uc_card_carousel_elementor_426f0f98 *{\n\t-webkit-box-sizing: border-box;\n\t-moz-box-sizing: border-box;\n\tbox-sizing: border-box;\n}\n\n#uc_card_carousel_elementor_426f0f98 .ue-carousel-item\n{\n  overflow:hidden;\n  transition:0.3s;\n}\n\n#uc_card_carousel_elementor_426f0f98 .uc_classic_carousel_container_holder\n{\n\tdisplay:block;\n\tposition:relative;\n\twidth:100%;\n    box-sizing: border-box;\n}\n#uc_card_carousel_elementor_426f0f98 .uc_classic_carousel_placeholder{\n   position:relative;\n}\n\n#uc_card_carousel_elementor_426f0f98 .uc_classic_carousel_placeholder img, #uc_card_carousel_elementor_426f0f98 .ue_card_carousel_image_overlay\n{\n  transition: all 300ms;\n}\n\n.card_carousel_title\n{\n\tfont-size:21px;\n}\n\n.uc_classic_carousel .uc_classic_carousel_border\n{\n\tdisplay:block;\n    margin:0 auto;\n}\n\n.uc_classic_carousel  .uc_classic_carousel_placeholder img\n{\n\twidth:100%;\n    \n    display:inline-flex;\n}\n.uc_classic_carousel .uc_classic_carousel_content\n{\n  display: flex;\n flex-flow: column nowrap;\n}\n\n.uc_classic_carousel .ue_button\n{\n  margin-top:auto;\n\n}\n\n.uc_classic_carousel .uc_classic_carousel_content .uc_more_btn {\n\tdisplay:inline-block;\n\ttext-decoration:none;\n\ttransition: all 0.5s ease;\n}\n\n\n#uc_card_carousel_elementor_426f0f98 .owl-dots {\noverflow:hidden;\ntext-align:center;\n}\n\n#uc_card_carousel_elementor_426f0f98 .owl-dot {\nborder-radius:50%;\ndisplay:inline-block;\n}\n\n#uc_card_carousel_elementor_426f0f98 .owl-nav .owl-prev,\n#uc_card_carousel_elementor_426f0f98 .owl-nav .owl-next{\n    position:absolute;\n    display:flex;\n  \tjustify-content: center;\n  \talign-items: center;\n    text-align:center;\n}\n\n\n#uc_card_carousel_elementor_426f0f98 .owl-nav .disabled\n{\n    display: none;  \n}\n\n\n#uc_card_carousel_elementor_426f0f98 .ue-item-icon\n{\n  line-height:1em;\n  display:inline-flex;\n  justify-content:center;\n  align-items:center;\n  \n}\n\n#uc_card_carousel_elementor_426f0f98 .ue-item-icon svg\n{\n  height:1em;\n  width:1em;\n}\n\n#uc_card_carousel_elementor_426f0f98 .ue-item-icon-wrapper\n{\n  display:flex;\n}\n\n#uc_card_carousel_elementor_426f0f98 .uc_classic_carousel_container_holder {\n\t max-width: ;\n}\n\n\n\t#uc_card_carousel_elementor_426f0f98 .owl-stage\n        {\n            transition-timing-function: linear!important;\n        }\n\n@media screen and (max-width: 1024px) {\n  #uc_card_carousel_elementor_426f0f98 .uc_classic_carousel_container_holder {\n\t max-width: ;\n  }\n}\n\n@media screen and (max-width: 767px) {\n  #uc_card_carousel_elementor_426f0f98 .uc_classic_carousel_container_holder {\n    max-width: ;\n  }\n}\n\n<\/style>\n\n<div class=\"uc_classic_carousel\" id=\"uc_card_carousel_elementor_426f0f98-wrapper\">\n        <div class=\"uc_carousel owl-carousel uc-items-wrapper  \" id=\"uc_card_carousel_elementor_426f0f98\"  >\n          \t<div class=\"uc_classic_carousel_container_holder ue-item elementor-repeater-item-27d6ac1\">\n  <div class=\"ue-carousel-item\">\n      <div class=\"uc_classic_carousel_placeholder\">\n          <img fetchpriority=\"high\" decoding=\"async\" src=\"https:\/\/www.qualfarma.com.br\/vivabem\/wp-content\/uploads\/2023\/12\/sabonete-la-roche.jpeg\"  src=\"https:\/\/www.qualfarma.com.br\/vivabem\/wp-content\/uploads\/2023\/12\/sabonete-la-roche.jpeg\" alt=\"Sabonete La Roche\" width=\"500\" height=\"500\">\n          <\/div>\n    <div class=\"uc_classic_carousel_content\" style=\"direction:rtl;\">\n    \n    \n        \n          \t\n      <div  class=\"card_carousel_title\">Gel de Limpeza Facial La Roche-Posay - Effaclar Concentrado<\/div>\n          \t\n    \n      \n        \n    \n    \t\n    \n    \n        \t \n              <div class=\"ue_button\"><a class=\"uc_more_btn \" href=\"https:\/\/www.qualfarma.com.br\/gel-de-limpeza-facial-effaclar-concentrado-de-la-roche-posay-60g\/p\" title=\"!Quero esse\"  target='_blank'>!Quero esse<\/a><\/div>\n        \t    \n    \t\n  <\/div>\n  <\/div>\n<\/div>\n\n      <\/div>\n<\/div>\n<!-- end Card Carousel -->\t\t\t\t<\/div>\n\t\t\t\t<\/div>\n\t\t\t\t\t<\/div>\n\t\t<\/div>\n\t\t\t\t\t<\/div>\n\t\t<\/section>\n\t\t\t\t<\/div>\n\t\t\n\n\n\n<h3 class=\"wp-block-heading\"><span class=\"ez-toc-section\" id=\"2_Normaderm_Vichy_%E2%80%93_Gel_de_Limpeza_Profunda\"><\/span>2. Normaderm Vichy &#8211; Gel de Limpeza Profunda&nbsp;<span class=\"ez-toc-section-end\"><\/span><\/h3>\n\n\n\n<p>O<strong> Normaderm Gel de Limpeza Profunda <\/strong>\u00e9 ideal para peles mistas a oleosas, pois remove c\u00e9lulas mortas, impurezas e diminui imperfei\u00e7\u00f5es como poros obstru\u00eddos, poros dilatados e brilho excessivo. \u00c9 bastante recomendado como substituto do sabonete l\u00edquido.<\/p>\n\n\n\n<p>Dos principais benef\u00edcios do Normaderm, podemos destacar que ele:&nbsp;<\/p>\n\n\n\n<ul class=\"wp-block-list\">\n<li>Limpa profundamente;<\/li>\n\n\n\n<li>Controla a oleosidade;<\/li>\n\n\n\n<li>Controla o brilho;<\/li>\n\n\n\n<li>Desobstrui os poros;<\/li>\n\n\n\n<li>Possui a\u00e7\u00e3o calmante e anti-inflamat\u00f3ria;<\/li>\n\n\n\n<li>N\u00e3o resseca e n\u00e3o repuxa a pele.<\/li>\n<\/ul>\n\n\n\t\t<div data-elementor-type=\"page\" data-elementor-id=\"1977\" class=\"elementor elementor-1977\" data-elementor-post-type=\"elementor_library\">\n\t\t\t\t\t\t<section class=\"elementor-section elementor-top-section elementor-element elementor-element-64623e33 elementor-section-boxed elementor-section-height-default elementor-section-height-default\" data-id=\"64623e33\" data-element_type=\"section\" data-e-type=\"section\">\n\t\t\t\t\t\t<div class=\"elementor-container elementor-column-gap-default\">\n\t\t\t\t\t<div class=\"elementor-column elementor-col-100 elementor-top-column elementor-element elementor-element-388e7a2e\" data-id=\"388e7a2e\" data-element_type=\"column\" data-e-type=\"column\">\n\t\t\t<div class=\"elementor-widget-wrap elementor-element-populated\">\n\t\t\t\t\t\t<div class=\"elementor-element elementor-element-426f0f98 elementor-widget elementor-widget-ucaddon_card_carousel\" data-id=\"426f0f98\" data-element_type=\"widget\" data-e-type=\"widget\" data-widget_type=\"ucaddon_card_carousel.default\">\n\t\t\t\t<div class=\"elementor-widget-container\">\n\t\t\t\t\t\n<!-- start Card Carousel -->\n\t\t<link id='owl-carousel-css' href='https:\/\/www.qualfarma.com.br\/vivabem\/wp-content\/plugins\/unlimited-elements-for-elementor\/assets_libraries\/owl-carousel-new\/assets\/owl.carousel.css' type='text\/css' rel='stylesheet' >\n\t\t<link id='uc_ac_assets_file_animate_css_77907-css' href='https:\/\/www.qualfarma.com.br\/vivabem\/wp-content\/uploads\/ac_assets\/uc_classic_carousel\/animate.css' type='text\/css' rel='stylesheet' >\n\n<style>\/* widget: Card Carousel *\/\n\n#uc_card_carousel_elementor_426f0f982-wrapper\n{\n  min-height:1px;\n}\n#uc_card_carousel_elementor_426f0f982 *{\n\t-webkit-box-sizing: border-box;\n\t-moz-box-sizing: border-box;\n\tbox-sizing: border-box;\n}\n\n#uc_card_carousel_elementor_426f0f982 .ue-carousel-item\n{\n  overflow:hidden;\n  transition:0.3s;\n}\n\n#uc_card_carousel_elementor_426f0f982 .uc_classic_carousel_container_holder\n{\n\tdisplay:block;\n\tposition:relative;\n\twidth:100%;\n    box-sizing: border-box;\n}\n#uc_card_carousel_elementor_426f0f982 .uc_classic_carousel_placeholder{\n   position:relative;\n}\n\n#uc_card_carousel_elementor_426f0f982 .uc_classic_carousel_placeholder img, #uc_card_carousel_elementor_426f0f982 .ue_card_carousel_image_overlay\n{\n  transition: all 300ms;\n}\n\n.card_carousel_title\n{\n\tfont-size:21px;\n}\n\n.uc_classic_carousel .uc_classic_carousel_border\n{\n\tdisplay:block;\n    margin:0 auto;\n}\n\n.uc_classic_carousel  .uc_classic_carousel_placeholder img\n{\n\twidth:100%;\n    \n    display:inline-flex;\n}\n.uc_classic_carousel .uc_classic_carousel_content\n{\n  display: flex;\n flex-flow: column nowrap;\n}\n\n.uc_classic_carousel .ue_button\n{\n  margin-top:auto;\n\n}\n\n.uc_classic_carousel .uc_classic_carousel_content .uc_more_btn {\n\tdisplay:inline-block;\n\ttext-decoration:none;\n\ttransition: all 0.5s ease;\n}\n\n\n#uc_card_carousel_elementor_426f0f982 .owl-dots {\noverflow:hidden;\ntext-align:center;\n}\n\n#uc_card_carousel_elementor_426f0f982 .owl-dot {\nborder-radius:50%;\ndisplay:inline-block;\n}\n\n#uc_card_carousel_elementor_426f0f982 .owl-nav .owl-prev,\n#uc_card_carousel_elementor_426f0f982 .owl-nav .owl-next{\n    position:absolute;\n    display:flex;\n  \tjustify-content: center;\n  \talign-items: center;\n    text-align:center;\n}\n\n\n#uc_card_carousel_elementor_426f0f982 .owl-nav .disabled\n{\n    display: none;  \n}\n\n\n#uc_card_carousel_elementor_426f0f982 .ue-item-icon\n{\n  line-height:1em;\n  display:inline-flex;\n  justify-content:center;\n  align-items:center;\n  \n}\n\n#uc_card_carousel_elementor_426f0f982 .ue-item-icon svg\n{\n  height:1em;\n  width:1em;\n}\n\n#uc_card_carousel_elementor_426f0f982 .ue-item-icon-wrapper\n{\n  display:flex;\n}\n\n#uc_card_carousel_elementor_426f0f982 .uc_classic_carousel_container_holder {\n\t max-width: ;\n}\n\n\n\t#uc_card_carousel_elementor_426f0f982 .owl-stage\n        {\n            transition-timing-function: linear!important;\n        }\n\n@media screen and (max-width: 1024px) {\n  #uc_card_carousel_elementor_426f0f982 .uc_classic_carousel_container_holder {\n\t max-width: ;\n  }\n}\n\n@media screen and (max-width: 767px) {\n  #uc_card_carousel_elementor_426f0f982 .uc_classic_carousel_container_holder {\n    max-width: ;\n  }\n}\n\n<\/style>\n\n<div class=\"uc_classic_carousel\" id=\"uc_card_carousel_elementor_426f0f982-wrapper\">\n        <div class=\"uc_carousel owl-carousel uc-items-wrapper  \" id=\"uc_card_carousel_elementor_426f0f982\"  >\n          \t<div class=\"uc_classic_carousel_container_holder ue-item elementor-repeater-item-27d6ac1\">\n  <div class=\"ue-carousel-item\">\n      <div class=\"uc_classic_carousel_placeholder\">\n          <img decoding=\"async\" src=\"https:\/\/www.qualfarma.com.br\/vivabem\/wp-content\/uploads\/2023\/12\/sabonete-vichy.jpeg\"  src=\"https:\/\/www.qualfarma.com.br\/vivabem\/wp-content\/uploads\/2023\/12\/sabonete-vichy.jpeg\" alt=\"Sabonete Vichy\" width=\"500\" height=\"500\">\n          <\/div>\n    <div class=\"uc_classic_carousel_content\" style=\"direction:rtl;\">\n    \n    \n        \n          \t\n      <div  class=\"card_carousel_title\">Normaderm Vichy - Gel de Limpeza Profunda<\/div>\n          \t\n    \n      \n        \n    \n    \t\n    \n    \n        \t \n              <div class=\"ue_button\"><a class=\"uc_more_btn \" href=\"https:\/\/www.qualfarma.com.br\/gel-de-limpeza-profunda-para-pele-oleosa-normaderm-vichy-60g\/p\" title=\"!Quero esse\"  target='_blank'>!Quero esse<\/a><\/div>\n        \t    \n    \t\n  <\/div>\n  <\/div>\n<\/div>\n\n      <\/div>\n<\/div>\n<!-- end Card Carousel -->\t\t\t\t<\/div>\n\t\t\t\t<\/div>\n\t\t\t\t\t<\/div>\n\t\t<\/div>\n\t\t\t\t\t<\/div>\n\t\t<\/section>\n\t\t\t\t<\/div>\n\t\t\n\n\n\n<h3 class=\"wp-block-heading\"><span class=\"ez-toc-section\" id=\"3_Gel_de_Limpeza_Facial_Avene_%E2%80%93_Cleanance_Gel\"><\/span>3. Gel de Limpeza Facial Av\u00e8ne &#8211; Cleanance Gel<span class=\"ez-toc-section-end\"><\/span><\/h3>\n\n\n\n<p><strong>Cleanance Gel<\/strong> \u00e9 um produto especializado em limpeza facial que oferece uma limpeza profunda sem causar ressecamento na pele.&nbsp;<\/p>\n\n\n\n<p>Sua f\u00f3rmula exclusiva conta com ativos que garantem resultados impressionantes: redu\u00e7\u00e3o de 90% da oleosidade, 85% dos poros dilatados e 82% dos cravos em apenas 15 dias*.&nbsp;<\/p>\n\n\n\n<p>Comprovadamente eficaz, o Cleanance Gel elimina o excesso de oleosidade, regula a produ\u00e7\u00e3o de sebo e combate as bact\u00e9rias respons\u00e1veis pela acne.<\/p>\n\n\n\t\t<div data-elementor-type=\"page\" data-elementor-id=\"1983\" class=\"elementor elementor-1983\" data-elementor-post-type=\"elementor_library\">\n\t\t\t\t\t\t<section class=\"elementor-section elementor-top-section elementor-element elementor-element-64623e33 elementor-section-boxed elementor-section-height-default elementor-section-height-default\" data-id=\"64623e33\" data-element_type=\"section\" data-e-type=\"section\">\n\t\t\t\t\t\t<div class=\"elementor-container elementor-column-gap-default\">\n\t\t\t\t\t<div class=\"elementor-column elementor-col-100 elementor-top-column elementor-element elementor-element-388e7a2e\" data-id=\"388e7a2e\" data-element_type=\"column\" data-e-type=\"column\">\n\t\t\t<div class=\"elementor-widget-wrap elementor-element-populated\">\n\t\t\t\t\t\t<div class=\"elementor-element elementor-element-426f0f98 elementor-widget elementor-widget-ucaddon_card_carousel\" data-id=\"426f0f98\" data-element_type=\"widget\" data-e-type=\"widget\" data-widget_type=\"ucaddon_card_carousel.default\">\n\t\t\t\t<div class=\"elementor-widget-container\">\n\t\t\t\t\t\n<!-- start Card Carousel -->\n\t\t<link id='owl-carousel-css' href='https:\/\/www.qualfarma.com.br\/vivabem\/wp-content\/plugins\/unlimited-elements-for-elementor\/assets_libraries\/owl-carousel-new\/assets\/owl.carousel.css' type='text\/css' rel='stylesheet' >\n\t\t<link id='uc_ac_assets_file_animate_css_77907-css' href='https:\/\/www.qualfarma.com.br\/vivabem\/wp-content\/uploads\/ac_assets\/uc_classic_carousel\/animate.css' type='text\/css' rel='stylesheet' >\n\n<style>\/* widget: Card Carousel *\/\n\n#uc_card_carousel_elementor_426f0f983-wrapper\n{\n  min-height:1px;\n}\n#uc_card_carousel_elementor_426f0f983 *{\n\t-webkit-box-sizing: border-box;\n\t-moz-box-sizing: border-box;\n\tbox-sizing: border-box;\n}\n\n#uc_card_carousel_elementor_426f0f983 .ue-carousel-item\n{\n  overflow:hidden;\n  transition:0.3s;\n}\n\n#uc_card_carousel_elementor_426f0f983 .uc_classic_carousel_container_holder\n{\n\tdisplay:block;\n\tposition:relative;\n\twidth:100%;\n    box-sizing: border-box;\n}\n#uc_card_carousel_elementor_426f0f983 .uc_classic_carousel_placeholder{\n   position:relative;\n}\n\n#uc_card_carousel_elementor_426f0f983 .uc_classic_carousel_placeholder img, #uc_card_carousel_elementor_426f0f983 .ue_card_carousel_image_overlay\n{\n  transition: all 300ms;\n}\n\n.card_carousel_title\n{\n\tfont-size:21px;\n}\n\n.uc_classic_carousel .uc_classic_carousel_border\n{\n\tdisplay:block;\n    margin:0 auto;\n}\n\n.uc_classic_carousel  .uc_classic_carousel_placeholder img\n{\n\twidth:100%;\n    \n    display:inline-flex;\n}\n.uc_classic_carousel .uc_classic_carousel_content\n{\n  display: flex;\n flex-flow: column nowrap;\n}\n\n.uc_classic_carousel .ue_button\n{\n  margin-top:auto;\n\n}\n\n.uc_classic_carousel .uc_classic_carousel_content .uc_more_btn {\n\tdisplay:inline-block;\n\ttext-decoration:none;\n\ttransition: all 0.5s ease;\n}\n\n\n#uc_card_carousel_elementor_426f0f983 .owl-dots {\noverflow:hidden;\ntext-align:center;\n}\n\n#uc_card_carousel_elementor_426f0f983 .owl-dot {\nborder-radius:50%;\ndisplay:inline-block;\n}\n\n#uc_card_carousel_elementor_426f0f983 .owl-nav .owl-prev,\n#uc_card_carousel_elementor_426f0f983 .owl-nav .owl-next{\n    position:absolute;\n    display:flex;\n  \tjustify-content: center;\n  \talign-items: center;\n    text-align:center;\n}\n\n\n#uc_card_carousel_elementor_426f0f983 .owl-nav .disabled\n{\n    display: none;  \n}\n\n\n#uc_card_carousel_elementor_426f0f983 .ue-item-icon\n{\n  line-height:1em;\n  display:inline-flex;\n  justify-content:center;\n  align-items:center;\n  \n}\n\n#uc_card_carousel_elementor_426f0f983 .ue-item-icon svg\n{\n  height:1em;\n  width:1em;\n}\n\n#uc_card_carousel_elementor_426f0f983 .ue-item-icon-wrapper\n{\n  display:flex;\n}\n\n#uc_card_carousel_elementor_426f0f983 .uc_classic_carousel_container_holder {\n\t max-width: ;\n}\n\n\n\t#uc_card_carousel_elementor_426f0f983 .owl-stage\n        {\n            transition-timing-function: linear!important;\n        }\n\n@media screen and (max-width: 1024px) {\n  #uc_card_carousel_elementor_426f0f983 .uc_classic_carousel_container_holder {\n\t max-width: ;\n  }\n}\n\n@media screen and (max-width: 767px) {\n  #uc_card_carousel_elementor_426f0f983 .uc_classic_carousel_container_holder {\n    max-width: ;\n  }\n}\n\n<\/style>\n\n<div class=\"uc_classic_carousel\" id=\"uc_card_carousel_elementor_426f0f983-wrapper\">\n        <div class=\"uc_carousel owl-carousel uc-items-wrapper  \" id=\"uc_card_carousel_elementor_426f0f983\"  >\n          \t<div class=\"uc_classic_carousel_container_holder ue-item elementor-repeater-item-27d6ac1\">\n  <div class=\"ue-carousel-item\">\n      <div class=\"uc_classic_carousel_placeholder\">\n          <img decoding=\"async\" src=\"https:\/\/www.qualfarma.com.br\/vivabem\/wp-content\/uploads\/2023\/12\/gel-de-limpeza-avene.jpeg\"  src=\"https:\/\/www.qualfarma.com.br\/vivabem\/wp-content\/uploads\/2023\/12\/gel-de-limpeza-avene.jpeg\" alt=\"Gel de limpeza Avene\" width=\"500\" height=\"500\">\n          <\/div>\n    <div class=\"uc_classic_carousel_content\" style=\"direction:rtl;\">\n    \n    \n        \n          \t\n      <div  class=\"card_carousel_title\">Gel de Limpeza Facial Av\u00e8ne - Cleanance Gel<\/div>\n          \t\n    \n      \n        \n    \n    \t\n    \n    \n        \t \n              <div class=\"ue_button\"><a class=\"uc_more_btn \" href=\"https:\/\/www.qualfarma.com.br\/gel-de-limpeza-avene-cleanance-60ml\/p\" title=\"!Quero esse\"  target='_blank'>!Quero esse<\/a><\/div>\n        \t    \n    \t\n  <\/div>\n  <\/div>\n<\/div>\n\n      <\/div>\n<\/div>\n<!-- end Card Carousel -->\t\t\t\t<\/div>\n\t\t\t\t<\/div>\n\t\t\t\t\t<\/div>\n\t\t<\/div>\n\t\t\t\t\t<\/div>\n\t\t<\/section>\n\t\t\t\t<\/div>\n\t\t\n\n\n\n<h2 class=\"wp-block-heading\"><span class=\"ez-toc-section\" id=\"Melhores_sabonetes_para_espinhas_no_corpo\"><\/span>Melhores sabonetes para espinhas no corpo<span class=\"ez-toc-section-end\"><\/span><\/h2>\n\n\n\n<h3 class=\"wp-block-heading\"><span class=\"ez-toc-section\" id=\"1_Sabonete_Granado_Enxofre\"><\/span>1. Sabonete Granado Enxofre<span class=\"ez-toc-section-end\"><\/span><\/h3>\n\n\n\n<p>Recomendado para pele acneica e couro cabeludo com m\u00e9dio ou baixo grau de oleosidade, o sabonete \u00e0 base vegetal e enxofre a 7% \u00e9 eficaz no tratamento de cravos e espinhas.&nbsp;<\/p>\n\n\n\n<p>Al\u00e9m de promover uma limpeza profunda, n\u00e3o resseca a pele e n\u00e3o cont\u00e9m parabenos nem ingredientes de origem animal.<\/p>\n\n\n\t\t<div data-elementor-type=\"page\" data-elementor-id=\"1987\" class=\"elementor elementor-1987\" data-elementor-post-type=\"elementor_library\">\n\t\t\t\t\t\t<section class=\"elementor-section elementor-top-section elementor-element elementor-element-64623e33 elementor-section-boxed elementor-section-height-default elementor-section-height-default\" data-id=\"64623e33\" data-element_type=\"section\" data-e-type=\"section\">\n\t\t\t\t\t\t<div class=\"elementor-container elementor-column-gap-default\">\n\t\t\t\t\t<div class=\"elementor-column elementor-col-100 elementor-top-column elementor-element elementor-element-388e7a2e\" data-id=\"388e7a2e\" data-element_type=\"column\" data-e-type=\"column\">\n\t\t\t<div class=\"elementor-widget-wrap elementor-element-populated\">\n\t\t\t\t\t\t<div class=\"elementor-element elementor-element-426f0f98 elementor-widget elementor-widget-ucaddon_card_carousel\" data-id=\"426f0f98\" data-element_type=\"widget\" data-e-type=\"widget\" data-widget_type=\"ucaddon_card_carousel.default\">\n\t\t\t\t<div class=\"elementor-widget-container\">\n\t\t\t\t\t\n<!-- start Card Carousel -->\n\t\t<link id='owl-carousel-css' href='https:\/\/www.qualfarma.com.br\/vivabem\/wp-content\/plugins\/unlimited-elements-for-elementor\/assets_libraries\/owl-carousel-new\/assets\/owl.carousel.css' type='text\/css' rel='stylesheet' >\n\t\t<link id='uc_ac_assets_file_animate_css_77907-css' href='https:\/\/www.qualfarma.com.br\/vivabem\/wp-content\/uploads\/ac_assets\/uc_classic_carousel\/animate.css' type='text\/css' rel='stylesheet' >\n\n<style>\/* widget: Card Carousel *\/\n\n#uc_card_carousel_elementor_426f0f984-wrapper\n{\n  min-height:1px;\n}\n#uc_card_carousel_elementor_426f0f984 *{\n\t-webkit-box-sizing: border-box;\n\t-moz-box-sizing: border-box;\n\tbox-sizing: border-box;\n}\n\n#uc_card_carousel_elementor_426f0f984 .ue-carousel-item\n{\n  overflow:hidden;\n  transition:0.3s;\n}\n\n#uc_card_carousel_elementor_426f0f984 .uc_classic_carousel_container_holder\n{\n\tdisplay:block;\n\tposition:relative;\n\twidth:100%;\n    box-sizing: border-box;\n}\n#uc_card_carousel_elementor_426f0f984 .uc_classic_carousel_placeholder{\n   position:relative;\n}\n\n#uc_card_carousel_elementor_426f0f984 .uc_classic_carousel_placeholder img, #uc_card_carousel_elementor_426f0f984 .ue_card_carousel_image_overlay\n{\n  transition: all 300ms;\n}\n\n.card_carousel_title\n{\n\tfont-size:21px;\n}\n\n.uc_classic_carousel .uc_classic_carousel_border\n{\n\tdisplay:block;\n    margin:0 auto;\n}\n\n.uc_classic_carousel  .uc_classic_carousel_placeholder img\n{\n\twidth:100%;\n    \n    display:inline-flex;\n}\n.uc_classic_carousel .uc_classic_carousel_content\n{\n  display: flex;\n flex-flow: column nowrap;\n}\n\n.uc_classic_carousel .ue_button\n{\n  margin-top:auto;\n\n}\n\n.uc_classic_carousel .uc_classic_carousel_content .uc_more_btn {\n\tdisplay:inline-block;\n\ttext-decoration:none;\n\ttransition: all 0.5s ease;\n}\n\n\n#uc_card_carousel_elementor_426f0f984 .owl-dots {\noverflow:hidden;\ntext-align:center;\n}\n\n#uc_card_carousel_elementor_426f0f984 .owl-dot {\nborder-radius:50%;\ndisplay:inline-block;\n}\n\n#uc_card_carousel_elementor_426f0f984 .owl-nav .owl-prev,\n#uc_card_carousel_elementor_426f0f984 .owl-nav .owl-next{\n    position:absolute;\n    display:flex;\n  \tjustify-content: center;\n  \talign-items: center;\n    text-align:center;\n}\n\n\n#uc_card_carousel_elementor_426f0f984 .owl-nav .disabled\n{\n    display: none;  \n}\n\n\n#uc_card_carousel_elementor_426f0f984 .ue-item-icon\n{\n  line-height:1em;\n  display:inline-flex;\n  justify-content:center;\n  align-items:center;\n  \n}\n\n#uc_card_carousel_elementor_426f0f984 .ue-item-icon svg\n{\n  height:1em;\n  width:1em;\n}\n\n#uc_card_carousel_elementor_426f0f984 .ue-item-icon-wrapper\n{\n  display:flex;\n}\n\n#uc_card_carousel_elementor_426f0f984 .uc_classic_carousel_container_holder {\n\t max-width: ;\n}\n\n\n\t#uc_card_carousel_elementor_426f0f984 .owl-stage\n        {\n            transition-timing-function: linear!important;\n        }\n\n@media screen and (max-width: 1024px) {\n  #uc_card_carousel_elementor_426f0f984 .uc_classic_carousel_container_holder {\n\t max-width: ;\n  }\n}\n\n@media screen and (max-width: 767px) {\n  #uc_card_carousel_elementor_426f0f984 .uc_classic_carousel_container_holder {\n    max-width: ;\n  }\n}\n\n<\/style>\n\n<div class=\"uc_classic_carousel\" id=\"uc_card_carousel_elementor_426f0f984-wrapper\">\n        <div class=\"uc_carousel owl-carousel uc-items-wrapper  \" id=\"uc_card_carousel_elementor_426f0f984\"  >\n          \t<div class=\"uc_classic_carousel_container_holder ue-item elementor-repeater-item-27d6ac1\">\n  <div class=\"ue-carousel-item\">\n      <div class=\"uc_classic_carousel_placeholder\">\n          <img loading=\"lazy\" decoding=\"async\" src=\"https:\/\/www.qualfarma.com.br\/vivabem\/wp-content\/uploads\/2023\/12\/sabonete-granado.jpeg\"  src=\"https:\/\/www.qualfarma.com.br\/vivabem\/wp-content\/uploads\/2023\/12\/sabonete-granado.jpeg\" alt=\"Sabonete Granado\" width=\"500\" height=\"500\">\n          <\/div>\n    <div class=\"uc_classic_carousel_content\" style=\"direction:rtl;\">\n    \n    \n        \n          \t\n      <div  class=\"card_carousel_title\">Sabonete Granado Enxofre<\/div>\n          \t\n    \n      \n        \n    \n    \t\n    \n    \n        \t \n              <div class=\"ue_button\"><a class=\"uc_more_btn \" href=\"https:\/\/www.qualfarma.com.br\/sabonete-liquido-granado-enxofre-250ml\/p\" title=\"!Quero esse\"  target='_blank'>!Quero esse<\/a><\/div>\n        \t    \n    \t\n  <\/div>\n  <\/div>\n<\/div>\n\n      <\/div>\n<\/div>\n<!-- end Card Carousel -->\t\t\t\t<\/div>\n\t\t\t\t<\/div>\n\t\t\t\t\t<\/div>\n\t\t<\/div>\n\t\t\t\t\t<\/div>\n\t\t<\/section>\n\t\t\t\t<\/div>\n\t\t\n\n\n\n<h3 class=\"wp-block-heading\"><span class=\"ez-toc-section\" id=\"2_Limpador_Antiacne_da_Sallve\"><\/span>2. Limpador Antiacne da Sallve<span class=\"ez-toc-section-end\"><\/span><\/h3>\n\n\n\n<p>O<strong> limpador antiacne da Sallve<\/strong> promove uma limpeza profunda, sem ressecar e sem sulfatos.&nbsp;<\/p>\n\n\n\n<p>Formulado com \u00c1cido Salic\u00edlico, Melaleuca e Niacinamida, contribui para prevenir cravos e espinhas. Al\u00e9m disso, o produto possui as seguintes vantagens:&nbsp;<\/p>\n\n\n\n<ul class=\"wp-block-list\">\n<li>Limpa profundamente e remove maquiagens leves sem ressecar;<\/li>\n\n\n\n<li>Controla a oleosidade;<\/li>\n\n\n\n<li>Auxilia no tratamento de espinhas e cravos, minimiza poros dilatados.<\/li>\n<\/ul>\n\n\n\n<div class=\"wp-block-columns produto-posts is-layout-flex wp-container-core-columns-is-layout-28f84493 wp-block-columns-is-layout-flex\">\n<div class=\"wp-block-column is-layout-flow wp-block-column-is-layout-flow\" style=\"flex-basis:33.33%\">\n<div class=\"wp-block-columns produto-posts is-layout-flex wp-container-core-columns-is-layout-28f84493 wp-block-columns-is-layout-flex\">\n<div class=\"wp-block-column is-layout-flow wp-block-column-is-layout-flow\">\n<figure class=\"wp-block-image aligncenter size-full is-resized\"><img loading=\"lazy\" decoding=\"async\" width=\"179\" height=\"281\" src=\"https:\/\/www.qualfarma.com.br\/vivabem\/wp-content\/uploads\/2023\/12\/limpador-antiacne-sallve.png\" alt=\"Limpador antiacne Sallve\" class=\"wp-image-3322\" style=\"aspect-ratio:1.3768844221105527;object-fit:cover;width:227px;height:auto\" srcset=\"https:\/\/www.qualfarma.com.br\/vivabem\/wp-content\/uploads\/2023\/12\/limpador-antiacne-sallve.png 179w, https:\/\/www.qualfarma.com.br\/vivabem\/wp-content\/uploads\/2023\/12\/limpador-antiacne-sallve-150x235.png 150w\" sizes=\"(max-width: 179px) 100vw, 179px\" \/><\/figure>\n\n\n\n<p class=\"has-text-align-center has-medium-font-size\">Limpador Antiacne Sallve<\/p>\n\n\n\n<div class=\"wp-block-buttons alignwide is-content-justification-center is-layout-flex wp-container-core-buttons-is-layout-a89b3969 wp-block-buttons-is-layout-flex\">\n<div class=\"wp-block-button is-style-fill\"><a class=\"wp-block-button__link has-vivid-purple-background-color has-background has-text-align-center wp-element-button\" href=\"https:\/\/www.qualfarma.com.br\/limpador-antiacne-facial-sallve-300ml\/p\">Quero esse!<\/a><\/div>\n<\/div>\n<\/div>\n<\/div>\n<\/div>\n<\/div>\n\n\n\n<p>J\u00e1 escolheu seus produtos? Espero que este conte\u00fado tenha ajudado. At\u00e9 a pr\u00f3xima!<\/p>\n","protected":false},"excerpt":{"rendered":"<p>Na d\u00favida se um sabonete para acne pode ajudar sua pele? Conhe\u00e7a as marcas com resultados comprovados!<\/p>\n","protected":false},"author":6,"featured_media":1596,"comment_status":"open","ping_status":"open","sticky":false,"template":"","format":"standard","meta":{"tpgb_global_settings":"","footnotes":""},"categories":[1],"tags":[99,86],"class_list":["post-1592","post","type-post","status-publish","format-standard","has-post-thumbnail","hentry","category-destaque","tag-skincare","tag-tratamentos-skincare"],"yoast_head":"<!-- This site is optimized with the Yoast SEO plugin v27.5 - https:\/\/yoast.com\/product\/yoast-seo-wordpress\/ -->\n<title>Sabonete para espinhas: como escolher e melhores marcas<\/title>\n<meta name=\"description\" content=\"Na d\u00favida de como escolher o sabonete para espinhas ideal? Saiba como encontrar a melhor op\u00e7\u00e3o e conhe\u00e7a as melhores marcas dispon\u00edveis.\" \/>\n<meta name=\"robots\" content=\"index, follow, max-snippet:-1, max-image-preview:large, max-video-preview:-1\" \/>\n<link rel=\"canonical\" href=\"https:\/\/www.qualfarma.com.br\/vivabem\/sabonete-para-espinhas\/\" \/>\n<meta property=\"og:locale\" content=\"pt_BR\" \/>\n<meta property=\"og:type\" content=\"article\" \/>\n<meta property=\"og:title\" content=\"Sabonete para espinhas: como escolher e melhores marcas\" \/>\n<meta property=\"og:description\" content=\"Na d\u00favida de como escolher o sabonete para espinhas ideal? Saiba como encontrar a melhor op\u00e7\u00e3o e conhe\u00e7a as melhores marcas dispon\u00edveis.\" \/>\n<meta property=\"og:url\" content=\"https:\/\/www.qualfarma.com.br\/vivabem\/sabonete-para-espinhas\/\" \/>\n<meta property=\"og:site_name\" content=\"Blog Viva Bem por Qualfarma\" \/>\n<meta property=\"article:published_time\" content=\"2023-12-17T19:46:22+00:00\" \/>\n<meta property=\"article:modified_time\" content=\"2024-08-14T17:11:02+00:00\" \/>\n<meta property=\"og:image\" content=\"https:\/\/www.qualfarma.com.br\/vivabem\/wp-content\/uploads\/2023\/12\/sabonete-para-espinhas.jpg\" \/>\n\t<meta property=\"og:image:width\" content=\"750\" \/>\n\t<meta property=\"og:image:height\" content=\"500\" \/>\n\t<meta property=\"og:image:type\" content=\"image\/jpeg\" \/>\n<meta name=\"author\" content=\"Reda\u00e7\u00e3o Qualfarma\" \/>\n<meta name=\"twitter:card\" content=\"summary_large_image\" \/>\n<meta name=\"twitter:label1\" content=\"Escrito por\" \/>\n\t<meta name=\"twitter:data1\" content=\"Reda\u00e7\u00e3o Qualfarma\" \/>\n\t<meta name=\"twitter:label2\" content=\"Est. tempo de leitura\" \/>\n\t<meta name=\"twitter:data2\" content=\"6 minutos\" \/>\n<script type=\"application\/ld+json\" class=\"yoast-schema-graph\">{\"@context\":\"https:\\\/\\\/schema.org\",\"@graph\":[{\"@type\":\"Article\",\"@id\":\"https:\\\/\\\/www.qualfarma.com.br\\\/vivabem\\\/sabonete-para-espinhas\\\/#article\",\"isPartOf\":{\"@id\":\"https:\\\/\\\/www.qualfarma.com.br\\\/vivabem\\\/sabonete-para-espinhas\\\/\"},\"author\":{\"name\":\"Reda\u00e7\u00e3o Qualfarma\",\"@id\":\"https:\\\/\\\/www.qualfarma.com.br\\\/vivabem\\\/#\\\/schema\\\/person\\\/e6037ef0f9c3229057f0431b6d899040\"},\"headline\":\"Sabonete para espinhas: como escolher e melhores marcas\",\"datePublished\":\"2023-12-17T19:46:22+00:00\",\"dateModified\":\"2024-08-14T17:11:02+00:00\",\"mainEntityOfPage\":{\"@id\":\"https:\\\/\\\/www.qualfarma.com.br\\\/vivabem\\\/sabonete-para-espinhas\\\/\"},\"wordCount\":926,\"commentCount\":0,\"image\":{\"@id\":\"https:\\\/\\\/www.qualfarma.com.br\\\/vivabem\\\/sabonete-para-espinhas\\\/#primaryimage\"},\"thumbnailUrl\":\"https:\\\/\\\/www.qualfarma.com.br\\\/vivabem\\\/wp-content\\\/uploads\\\/2023\\\/12\\\/sabonete-para-espinhas.jpg\",\"keywords\":[\"Skincare\",\"Tratamentos\"],\"articleSection\":[\"Destaques\"],\"inLanguage\":\"pt-BR\",\"potentialAction\":[{\"@type\":\"CommentAction\",\"name\":\"Comment\",\"target\":[\"https:\\\/\\\/www.qualfarma.com.br\\\/vivabem\\\/sabonete-para-espinhas\\\/#respond\"]}]},{\"@type\":\"WebPage\",\"@id\":\"https:\\\/\\\/www.qualfarma.com.br\\\/vivabem\\\/sabonete-para-espinhas\\\/\",\"url\":\"https:\\\/\\\/www.qualfarma.com.br\\\/vivabem\\\/sabonete-para-espinhas\\\/\",\"name\":\"Sabonete para espinhas: como escolher e melhores marcas\",\"isPartOf\":{\"@id\":\"https:\\\/\\\/www.qualfarma.com.br\\\/vivabem\\\/#website\"},\"primaryImageOfPage\":{\"@id\":\"https:\\\/\\\/www.qualfarma.com.br\\\/vivabem\\\/sabonete-para-espinhas\\\/#primaryimage\"},\"image\":{\"@id\":\"https:\\\/\\\/www.qualfarma.com.br\\\/vivabem\\\/sabonete-para-espinhas\\\/#primaryimage\"},\"thumbnailUrl\":\"https:\\\/\\\/www.qualfarma.com.br\\\/vivabem\\\/wp-content\\\/uploads\\\/2023\\\/12\\\/sabonete-para-espinhas.jpg\",\"datePublished\":\"2023-12-17T19:46:22+00:00\",\"dateModified\":\"2024-08-14T17:11:02+00:00\",\"author\":{\"@id\":\"https:\\\/\\\/www.qualfarma.com.br\\\/vivabem\\\/#\\\/schema\\\/person\\\/e6037ef0f9c3229057f0431b6d899040\"},\"description\":\"Na d\u00favida de como escolher o sabonete para espinhas ideal? Saiba como encontrar a melhor op\u00e7\u00e3o e conhe\u00e7a as melhores marcas dispon\u00edveis.\",\"breadcrumb\":{\"@id\":\"https:\\\/\\\/www.qualfarma.com.br\\\/vivabem\\\/sabonete-para-espinhas\\\/#breadcrumb\"},\"inLanguage\":\"pt-BR\",\"potentialAction\":[{\"@type\":\"ReadAction\",\"target\":[\"https:\\\/\\\/www.qualfarma.com.br\\\/vivabem\\\/sabonete-para-espinhas\\\/\"]}]},{\"@type\":\"ImageObject\",\"inLanguage\":\"pt-BR\",\"@id\":\"https:\\\/\\\/www.qualfarma.com.br\\\/vivabem\\\/sabonete-para-espinhas\\\/#primaryimage\",\"url\":\"https:\\\/\\\/www.qualfarma.com.br\\\/vivabem\\\/wp-content\\\/uploads\\\/2023\\\/12\\\/sabonete-para-espinhas.jpg\",\"contentUrl\":\"https:\\\/\\\/www.qualfarma.com.br\\\/vivabem\\\/wp-content\\\/uploads\\\/2023\\\/12\\\/sabonete-para-espinhas.jpg\",\"width\":750,\"height\":500,\"caption\":\"Escolher o sabonete para espinhas \u00e9 crucial para uma rotina de skincare assertiva\"},{\"@type\":\"BreadcrumbList\",\"@id\":\"https:\\\/\\\/www.qualfarma.com.br\\\/vivabem\\\/sabonete-para-espinhas\\\/#breadcrumb\",\"itemListElement\":[{\"@type\":\"ListItem\",\"position\":1,\"name\":\"Blog Viva Bem\",\"item\":\"https:\\\/\\\/www.qualfarma.com.br\\\/vivabem\\\/\"},{\"@type\":\"ListItem\",\"position\":2,\"name\":\"Destaques\",\"item\":\"https:\\\/\\\/www.qualfarma.com.br\\\/vivabem\\\/destaque\\\/\"},{\"@type\":\"ListItem\",\"position\":3,\"name\":\"Sabonete para espinhas: como escolher e melhores marcas\"}]},{\"@type\":\"WebSite\",\"@id\":\"https:\\\/\\\/www.qualfarma.com.br\\\/vivabem\\\/#website\",\"url\":\"https:\\\/\\\/www.qualfarma.com.br\\\/vivabem\\\/\",\"name\":\"Blog Viva Bem por Qualfarma\",\"description\":\"\u00ae 2023\",\"potentialAction\":[{\"@type\":\"SearchAction\",\"target\":{\"@type\":\"EntryPoint\",\"urlTemplate\":\"https:\\\/\\\/www.qualfarma.com.br\\\/vivabem\\\/?s={search_term_string}\"},\"query-input\":{\"@type\":\"PropertyValueSpecification\",\"valueRequired\":true,\"valueName\":\"search_term_string\"}}],\"inLanguage\":\"pt-BR\"},{\"@type\":\"Person\",\"@id\":\"https:\\\/\\\/www.qualfarma.com.br\\\/vivabem\\\/#\\\/schema\\\/person\\\/e6037ef0f9c3229057f0431b6d899040\",\"name\":\"Reda\u00e7\u00e3o Qualfarma\",\"image\":{\"@type\":\"ImageObject\",\"inLanguage\":\"pt-BR\",\"@id\":\"https:\\\/\\\/secure.gravatar.com\\\/avatar\\\/329561e79720b1f3782b6f0441eaff93fe95cbf7b7b6dcea21f80c8c42f8f1d0?s=96&d=mm&r=g\",\"url\":\"https:\\\/\\\/secure.gravatar.com\\\/avatar\\\/329561e79720b1f3782b6f0441eaff93fe95cbf7b7b6dcea21f80c8c42f8f1d0?s=96&d=mm&r=g\",\"contentUrl\":\"https:\\\/\\\/secure.gravatar.com\\\/avatar\\\/329561e79720b1f3782b6f0441eaff93fe95cbf7b7b6dcea21f80c8c42f8f1d0?s=96&d=mm&r=g\",\"caption\":\"Reda\u00e7\u00e3o Qualfarma\"},\"description\":\"A Reda\u00e7\u00e3o Qualfarma \u00e9 formada por um time focado em assuntos de sa\u00fade e beleza que se dedica a descomplicar o bem-estar, facilitando o acesso a informa\u00e7\u00f5es e dicas atrav\u00e9s de conte\u00fado de alta qualidade.\"}]}<\/script>\n<!-- \/ Yoast SEO plugin. -->","yoast_head_json":{"title":"Sabonete para espinhas: como escolher e melhores marcas","description":"Na d\u00favida de como escolher o sabonete para espinhas ideal? Saiba como encontrar a melhor op\u00e7\u00e3o e conhe\u00e7a as melhores marcas dispon\u00edveis.","robots":{"index":"index","follow":"follow","max-snippet":"max-snippet:-1","max-image-preview":"max-image-preview:large","max-video-preview":"max-video-preview:-1"},"canonical":"https:\/\/www.qualfarma.com.br\/vivabem\/sabonete-para-espinhas\/","og_locale":"pt_BR","og_type":"article","og_title":"Sabonete para espinhas: como escolher e melhores marcas","og_description":"Na d\u00favida de como escolher o sabonete para espinhas ideal? Saiba como encontrar a melhor op\u00e7\u00e3o e conhe\u00e7a as melhores marcas dispon\u00edveis.","og_url":"https:\/\/www.qualfarma.com.br\/vivabem\/sabonete-para-espinhas\/","og_site_name":"Blog Viva Bem por Qualfarma","article_published_time":"2023-12-17T19:46:22+00:00","article_modified_time":"2024-08-14T17:11:02+00:00","og_image":[{"width":750,"height":500,"url":"https:\/\/www.qualfarma.com.br\/vivabem\/wp-content\/uploads\/2023\/12\/sabonete-para-espinhas.jpg","type":"image\/jpeg"}],"author":"Reda\u00e7\u00e3o Qualfarma","twitter_card":"summary_large_image","twitter_misc":{"Escrito por":"Reda\u00e7\u00e3o Qualfarma","Est. tempo de leitura":"6 minutos"},"schema":{"@context":"https:\/\/schema.org","@graph":[{"@type":"Article","@id":"https:\/\/www.qualfarma.com.br\/vivabem\/sabonete-para-espinhas\/#article","isPartOf":{"@id":"https:\/\/www.qualfarma.com.br\/vivabem\/sabonete-para-espinhas\/"},"author":{"name":"Reda\u00e7\u00e3o Qualfarma","@id":"https:\/\/www.qualfarma.com.br\/vivabem\/#\/schema\/person\/e6037ef0f9c3229057f0431b6d899040"},"headline":"Sabonete para espinhas: como escolher e melhores marcas","datePublished":"2023-12-17T19:46:22+00:00","dateModified":"2024-08-14T17:11:02+00:00","mainEntityOfPage":{"@id":"https:\/\/www.qualfarma.com.br\/vivabem\/sabonete-para-espinhas\/"},"wordCount":926,"commentCount":0,"image":{"@id":"https:\/\/www.qualfarma.com.br\/vivabem\/sabonete-para-espinhas\/#primaryimage"},"thumbnailUrl":"https:\/\/www.qualfarma.com.br\/vivabem\/wp-content\/uploads\/2023\/12\/sabonete-para-espinhas.jpg","keywords":["Skincare","Tratamentos"],"articleSection":["Destaques"],"inLanguage":"pt-BR","potentialAction":[{"@type":"CommentAction","name":"Comment","target":["https:\/\/www.qualfarma.com.br\/vivabem\/sabonete-para-espinhas\/#respond"]}]},{"@type":"WebPage","@id":"https:\/\/www.qualfarma.com.br\/vivabem\/sabonete-para-espinhas\/","url":"https:\/\/www.qualfarma.com.br\/vivabem\/sabonete-para-espinhas\/","name":"Sabonete para espinhas: como escolher e melhores marcas","isPartOf":{"@id":"https:\/\/www.qualfarma.com.br\/vivabem\/#website"},"primaryImageOfPage":{"@id":"https:\/\/www.qualfarma.com.br\/vivabem\/sabonete-para-espinhas\/#primaryimage"},"image":{"@id":"https:\/\/www.qualfarma.com.br\/vivabem\/sabonete-para-espinhas\/#primaryimage"},"thumbnailUrl":"https:\/\/www.qualfarma.com.br\/vivabem\/wp-content\/uploads\/2023\/12\/sabonete-para-espinhas.jpg","datePublished":"2023-12-17T19:46:22+00:00","dateModified":"2024-08-14T17:11:02+00:00","author":{"@id":"https:\/\/www.qualfarma.com.br\/vivabem\/#\/schema\/person\/e6037ef0f9c3229057f0431b6d899040"},"description":"Na d\u00favida de como escolher o sabonete para espinhas ideal? Saiba como encontrar a melhor op\u00e7\u00e3o e conhe\u00e7a as melhores marcas dispon\u00edveis.","breadcrumb":{"@id":"https:\/\/www.qualfarma.com.br\/vivabem\/sabonete-para-espinhas\/#breadcrumb"},"inLanguage":"pt-BR","potentialAction":[{"@type":"ReadAction","target":["https:\/\/www.qualfarma.com.br\/vivabem\/sabonete-para-espinhas\/"]}]},{"@type":"ImageObject","inLanguage":"pt-BR","@id":"https:\/\/www.qualfarma.com.br\/vivabem\/sabonete-para-espinhas\/#primaryimage","url":"https:\/\/www.qualfarma.com.br\/vivabem\/wp-content\/uploads\/2023\/12\/sabonete-para-espinhas.jpg","contentUrl":"https:\/\/www.qualfarma.com.br\/vivabem\/wp-content\/uploads\/2023\/12\/sabonete-para-espinhas.jpg","width":750,"height":500,"caption":"Escolher o sabonete para espinhas \u00e9 crucial para uma rotina de skincare assertiva"},{"@type":"BreadcrumbList","@id":"https:\/\/www.qualfarma.com.br\/vivabem\/sabonete-para-espinhas\/#breadcrumb","itemListElement":[{"@type":"ListItem","position":1,"name":"Blog Viva Bem","item":"https:\/\/www.qualfarma.com.br\/vivabem\/"},{"@type":"ListItem","position":2,"name":"Destaques","item":"https:\/\/www.qualfarma.com.br\/vivabem\/destaque\/"},{"@type":"ListItem","position":3,"name":"Sabonete para espinhas: como escolher e melhores marcas"}]},{"@type":"WebSite","@id":"https:\/\/www.qualfarma.com.br\/vivabem\/#website","url":"https:\/\/www.qualfarma.com.br\/vivabem\/","name":"Blog Viva Bem por Qualfarma","description":"\u00ae 2023","potentialAction":[{"@type":"SearchAction","target":{"@type":"EntryPoint","urlTemplate":"https:\/\/www.qualfarma.com.br\/vivabem\/?s={search_term_string}"},"query-input":{"@type":"PropertyValueSpecification","valueRequired":true,"valueName":"search_term_string"}}],"inLanguage":"pt-BR"},{"@type":"Person","@id":"https:\/\/www.qualfarma.com.br\/vivabem\/#\/schema\/person\/e6037ef0f9c3229057f0431b6d899040","name":"Reda\u00e7\u00e3o Qualfarma","image":{"@type":"ImageObject","inLanguage":"pt-BR","@id":"https:\/\/secure.gravatar.com\/avatar\/329561e79720b1f3782b6f0441eaff93fe95cbf7b7b6dcea21f80c8c42f8f1d0?s=96&d=mm&r=g","url":"https:\/\/secure.gravatar.com\/avatar\/329561e79720b1f3782b6f0441eaff93fe95cbf7b7b6dcea21f80c8c42f8f1d0?s=96&d=mm&r=g","contentUrl":"https:\/\/secure.gravatar.com\/avatar\/329561e79720b1f3782b6f0441eaff93fe95cbf7b7b6dcea21f80c8c42f8f1d0?s=96&d=mm&r=g","caption":"Reda\u00e7\u00e3o Qualfarma"},"description":"A Reda\u00e7\u00e3o Qualfarma \u00e9 formada por um time focado em assuntos de sa\u00fade e beleza que se dedica a descomplicar o bem-estar, facilitando o acesso a informa\u00e7\u00f5es e dicas atrav\u00e9s de conte\u00fado de alta qualidade."}]}},"jetpack_featured_media_url":"https:\/\/www.qualfarma.com.br\/vivabem\/wp-content\/uploads\/2023\/12\/sabonete-para-espinhas.jpg","tpgb_featured_images":{"full":["https:\/\/www.qualfarma.com.br\/vivabem\/wp-content\/uploads\/2023\/12\/sabonete-para-espinhas.jpg",750,500,false],"tp-image-grid":["https:\/\/www.qualfarma.com.br\/vivabem\/wp-content\/uploads\/2023\/12\/sabonete-para-espinhas-700x700.jpg",700,700,true],"thumbnail":["https:\/\/www.qualfarma.com.br\/vivabem\/wp-content\/uploads\/2023\/12\/sabonete-para-espinhas-150x150.jpg",150,150,true],"medium":["https:\/\/www.qualfarma.com.br\/vivabem\/wp-content\/uploads\/2023\/12\/sabonete-para-espinhas-300x200.jpg",300,200,true],"medium_large":["https:\/\/www.qualfarma.com.br\/vivabem\/wp-content\/uploads\/2023\/12\/sabonete-para-espinhas.jpg",750,500,false],"large":["https:\/\/www.qualfarma.com.br\/vivabem\/wp-content\/uploads\/2023\/12\/sabonete-para-espinhas.jpg",750,500,false],"default":"https:\/\/www.qualfarma.com.br\/vivabem\/wp-content\/plugins\/the-plus-addons-for-block-editor\/assets\/images\/tpgb-placeholder.jpg"},"tpgb_post_meta_info":{"get_date":"dezembro 17, 2023","get_modified_date":"agosto 14, 2024","category_list":{"category":[{"term_id":1,"name":"Destaques","slug":"destaque","term_group":0,"term_taxonomy_id":1,"taxonomy":"category","description":"","parent":0,"count":4,"filter":"raw"}],"post_tag":[{"term_id":99,"name":"Skincare","slug":"skincare","term_group":0,"term_taxonomy_id":99,"taxonomy":"post_tag","description":"","parent":0,"count":14,"filter":"raw"},{"term_id":86,"name":"Tratamentos","slug":"tratamentos-skincare","term_group":0,"term_taxonomy_id":86,"taxonomy":"post_tag","description":"","parent":0,"count":4,"filter":"raw"}]},"author_name":"Reda\u00e7\u00e3o Qualfarma","author_url":"https:\/\/www.qualfarma.com.br\/vivabem\/author\/redacao-qualfarma\/","author_email":"contato@maispreco.com","author_website":"","author_description":"A Reda\u00e7\u00e3o Qualfarma \u00e9 formada por um time focado em assuntos de sa\u00fade e beleza que se dedica a descomplicar o bem-estar, facilitando o acesso a informa\u00e7\u00f5es e dicas atrav\u00e9s de conte\u00fado de alta qualidade.","author_facebook":"","author_twitter":"","author_instagram":"","author_role":["author"],"author_firstname":"Reda\u00e7\u00e3o","author_lastname":"Qualfarma","user_login":"redacao.qualfarma","author_avatar":"<img alt='' src='https:\/\/secure.gravatar.com\/avatar\/329561e79720b1f3782b6f0441eaff93fe95cbf7b7b6dcea21f80c8c42f8f1d0?s=200&#038;d=mm&#038;r=g' srcset='https:\/\/secure.gravatar.com\/avatar\/329561e79720b1f3782b6f0441eaff93fe95cbf7b7b6dcea21f80c8c42f8f1d0?s=400&#038;d=mm&#038;r=g 2x' class='avatar avatar-200 photo' height='200' width='200' decoding='async'\/>","author_avatar_url":"https:\/\/secure.gravatar.com\/avatar\/329561e79720b1f3782b6f0441eaff93fe95cbf7b7b6dcea21f80c8c42f8f1d0?s=96&d=mm&r=g","comment_count":0,"post_likes":0,"post_views":0},"tpgb_post_category":{"category":"<a href=\"https:\/\/www.qualfarma.com.br\/vivabem\/destaque\/\" alt=\"Destaques\"  class=\"category-destaque\">Destaques<\/a> ","post_tag":"<a href=\"https:\/\/www.qualfarma.com.br\/vivabem\/tag\/skincare\/\" alt=\"Skincare\"  class=\"post_tag-skincare\">Skincare<\/a> <a href=\"https:\/\/www.qualfarma.com.br\/vivabem\/tag\/tratamentos-skincare\/\" alt=\"Tratamentos\"  class=\"post_tag-tratamentos-skincare\">Tratamentos<\/a> "},"_links":{"self":[{"href":"https:\/\/www.qualfarma.com.br\/vivabem\/wp-json\/wp\/v2\/posts\/1592","targetHints":{"allow":["GET"]}}],"collection":[{"href":"https:\/\/www.qualfarma.com.br\/vivabem\/wp-json\/wp\/v2\/posts"}],"about":[{"href":"https:\/\/www.qualfarma.com.br\/vivabem\/wp-json\/wp\/v2\/types\/post"}],"author":[{"embeddable":true,"href":"https:\/\/www.qualfarma.com.br\/vivabem\/wp-json\/wp\/v2\/users\/6"}],"replies":[{"embeddable":true,"href":"https:\/\/www.qualfarma.com.br\/vivabem\/wp-json\/wp\/v2\/comments?post=1592"}],"version-history":[{"count":24,"href":"https:\/\/www.qualfarma.com.br\/vivabem\/wp-json\/wp\/v2\/posts\/1592\/revisions"}],"predecessor-version":[{"id":3324,"href":"https:\/\/www.qualfarma.com.br\/vivabem\/wp-json\/wp\/v2\/posts\/1592\/revisions\/3324"}],"wp:featuredmedia":[{"embeddable":true,"href":"https:\/\/www.qualfarma.com.br\/vivabem\/wp-json\/wp\/v2\/media\/1596"}],"wp:attachment":[{"href":"https:\/\/www.qualfarma.com.br\/vivabem\/wp-json\/wp\/v2\/media?parent=1592"}],"wp:term":[{"taxonomy":"category","embeddable":true,"href":"https:\/\/www.qualfarma.com.br\/vivabem\/wp-json\/wp\/v2\/categories?post=1592"},{"taxonomy":"post_tag","embeddable":true,"href":"https:\/\/www.qualfarma.com.br\/vivabem\/wp-json\/wp\/v2\/tags?post=1592"}],"curies":[{"name":"wp","href":"https:\/\/api.w.org\/{rel}","templated":true}]}}