{"id":1565,"date":"2023-12-17T15:01:01","date_gmt":"2023-12-17T15:01:01","guid":{"rendered":"https:\/\/www.qualfarma.com.br\/vivabem\/?p=1565"},"modified":"2024-08-14T17:07:24","modified_gmt":"2024-08-14T17:07:24","slug":"vitamina-c-para-o-rosto","status":"publish","type":"post","link":"https:\/\/www.qualfarma.com.br\/vivabem\/vitamina-c-para-o-rosto\/","title":{"rendered":"Vitamina C para o rosto: benef\u00edcios e melhores marcas"},"content":{"rendered":"\n<p>Al\u00e9m de ser famosa por fortalecer o nosso sistema imunol\u00f3gico, a vitamina C tamb\u00e9m \u00e9 altamente ben\u00e9fica para a nossa pele por prevenir o envelhecimento precoce e colaborar para a s\u00edntese de col\u00e1geno. Incluir a <strong>vitamina C para o rosto<\/strong> na sua rotina de skincare, portanto, \u00e9 valios\u00edssimo para deixar a pele mais saud\u00e1vel.&nbsp;<\/p>\n\n\n\n<p>Diante disso, vamos conhecer mais sobre os benef\u00edcios desse antioxidante e as marcas que est\u00e3o dando o que falar no assunto?<\/p>\n\n\n\n<div id=\"ez-toc-container\" class=\"ez-toc-v2_0_82_2 counter-hierarchy ez-toc-counter ez-toc-grey ez-toc-container-direction\">\n<div class=\"ez-toc-title-container\">\n<p class=\"ez-toc-title\" style=\"cursor:inherit\">Navegue pelo assunto<\/p>\n<span class=\"ez-toc-title-toggle\"><\/span><\/div>\n<nav><ul class='ez-toc-list ez-toc-list-level-1 ' ><li class='ez-toc-page-1 ez-toc-heading-level-2'><a class=\"ez-toc-link ez-toc-heading-1\" href=\"https:\/\/www.qualfarma.com.br\/vivabem\/vitamina-c-para-o-rosto\/#Como_usar_a_vitamina_C_para_o_rosto\" >Como usar a vitamina C para o rosto?<\/a><ul class='ez-toc-list-level-3' ><li class='ez-toc-heading-level-3'><a class=\"ez-toc-link ez-toc-heading-2\" href=\"https:\/\/www.qualfarma.com.br\/vivabem\/vitamina-c-para-o-rosto\/#O_que_e_a_vitamina_C\" >O que \u00e9 a vitamina C?<\/a><\/li><\/ul><\/li><li class='ez-toc-page-1 ez-toc-heading-level-2'><a class=\"ez-toc-link ez-toc-heading-3\" href=\"https:\/\/www.qualfarma.com.br\/vivabem\/vitamina-c-para-o-rosto\/#Quais_sao_os_beneficios_da_vitamina_C\" >Quais s\u00e3o os benef\u00edcios da vitamina C?&nbsp;<\/a><ul class='ez-toc-list-level-3' ><li class='ez-toc-heading-level-3'><a class=\"ez-toc-link ez-toc-heading-4\" href=\"https:\/\/www.qualfarma.com.br\/vivabem\/vitamina-c-para-o-rosto\/#Deixa_a_pele_mais_saudavel\" >Deixa a pele mais saud\u00e1vel<\/a><\/li><li class='ez-toc-page-1 ez-toc-heading-level-3'><a class=\"ez-toc-link ez-toc-heading-5\" href=\"https:\/\/www.qualfarma.com.br\/vivabem\/vitamina-c-para-o-rosto\/#Protege_a_pele\" >Protege a pele<\/a><\/li><li class='ez-toc-page-1 ez-toc-heading-level-3'><a class=\"ez-toc-link ez-toc-heading-6\" href=\"https:\/\/www.qualfarma.com.br\/vivabem\/vitamina-c-para-o-rosto\/#Fortalece_a_imunidade\" >Fortalece a imunidade&nbsp;<\/a><\/li><li class='ez-toc-page-1 ez-toc-heading-level-3'><a class=\"ez-toc-link ez-toc-heading-7\" href=\"https:\/\/www.qualfarma.com.br\/vivabem\/vitamina-c-para-o-rosto\/#Desintoxica_tanto_a_pele_como_o_corpo\" >Desintoxica tanto a pele como o corpo<\/a><\/li><li class='ez-toc-page-1 ez-toc-heading-level-3'><a class=\"ez-toc-link ez-toc-heading-8\" href=\"https:\/\/www.qualfarma.com.br\/vivabem\/vitamina-c-para-o-rosto\/#Combate_o_estresse_e_melhora_o_humor\" >Combate o estresse e melhora o humor&nbsp;<\/a><\/li><\/ul><\/li><li class='ez-toc-page-1 ez-toc-heading-level-2'><a class=\"ez-toc-link ez-toc-heading-9\" href=\"https:\/\/www.qualfarma.com.br\/vivabem\/vitamina-c-para-o-rosto\/#Como_inserir_a_vitamina_C_na_rotina_de_skincare\" >Como inserir a vitamina C na rotina de skincare?<\/a><\/li><li class='ez-toc-page-1 ez-toc-heading-level-2'><a class=\"ez-toc-link ez-toc-heading-10\" href=\"https:\/\/www.qualfarma.com.br\/vivabem\/vitamina-c-para-o-rosto\/#Melhores_produtos_com_vitamina_C_para_o_rosto\" >Melhores produtos com vitamina C para o rosto&nbsp;<\/a><ul class='ez-toc-list-level-3' ><li class='ez-toc-heading-level-3'><a class=\"ez-toc-link ez-toc-heading-11\" href=\"https:\/\/www.qualfarma.com.br\/vivabem\/vitamina-c-para-o-rosto\/#1_Serum_Antioxidante_com_Vitamina_C_10_Skinceuticals\" >1. S\u00e9rum Antioxidante com Vitamina C 10 Skinceuticals<\/a><\/li><li class='ez-toc-page-1 ez-toc-heading-level-3'><a class=\"ez-toc-link ez-toc-heading-12\" href=\"https:\/\/www.qualfarma.com.br\/vivabem\/vitamina-c-para-o-rosto\/#2_Serum_Clareador_Vichy_Liftactiv_com_Vitamina_C\" >2. S\u00e9rum Clareador Vichy Liftactiv com Vitamina C<\/a><\/li><li class='ez-toc-page-1 ez-toc-heading-level-3'><a class=\"ez-toc-link ez-toc-heading-13\" href=\"https:\/\/www.qualfarma.com.br\/vivabem\/vitamina-c-para-o-rosto\/#3_Serum_anti-idade_com_vitamina_C_20_ADCOS\" >3. S\u00e9rum anti-idade com vitamina C 20 ADCOS<\/a><\/li><li class='ez-toc-page-1 ez-toc-heading-level-3'><a class=\"ez-toc-link ez-toc-heading-14\" href=\"https:\/\/www.qualfarma.com.br\/vivabem\/vitamina-c-para-o-rosto\/#4_Serum_facial_anti-idade_Salicyli_C_10_La_Roche-Posay\" >4. S\u00e9rum facial anti-idade Salicyli C 10 La Roche-Posay&nbsp;<\/a><\/li><\/ul><\/li><\/ul><\/nav><\/div>\n<h2 class=\"wp-block-heading\"><span class=\"ez-toc-section\" id=\"Como_usar_a_vitamina_C_para_o_rosto\"><\/span>Como usar a vitamina C para o rosto?<span class=\"ez-toc-section-end\"><\/span><\/h2>\n\n\n\n<p>Hoje em dia h\u00e1 uma variedade de op\u00e7\u00f5es t\u00f3picas de vitamina C para o rosto, entre cremes e s\u00e9runs.&nbsp;<\/p>\n\n\n\n<p>O ideal, portanto, \u00e9 que voc\u00ea inclua a vitamina C para o rosto no seu dia a dia, combinando o produto de sua escolha ao protetor solar pelas manh\u00e3s ou ao hidratante noturno na hora do skincare depois de um dia longo de trabalho, por exemplo. Ou ambos.&nbsp;<\/p>\n\n\n\n<p>Tudo vai depender, por\u00e9m, da indica\u00e7\u00e3o do seu ou da sua dermatologista, combinado? Esse ou essa profissional \u00e9 especialista no assunto e definitivamente vai saber as melhores solu\u00e7\u00f5es e combina\u00e7\u00f5es para a sua pele.&nbsp;<\/p>\n\n\n\n<h3 class=\"wp-block-heading\"><span class=\"ez-toc-section\" id=\"O_que_e_a_vitamina_C\"><\/span>O que \u00e9 a vitamina C?<span class=\"ez-toc-section-end\"><\/span><\/h3>\n\n\n\n<p>A vitamina C nada mais \u00e9 que um poderoso antioxidante encontrado naturalmente em frutas c\u00edtricas como laranja, morango e kiwi e, ainda, legumes como br\u00f3colis, piment\u00f5es e couve.&nbsp;<\/p>\n\n\n\n<p>Por ser considerada basicamente superpoderosa, a vitamina C para o rosto em forma de dermocosm\u00e9tico j\u00e1 ganhou um lugar de carinho nas prateleiras de muitos banheiros do Brasil.&nbsp;<\/p>\n\n\n\n<p>Quando em contato frequente com a nossa pele, afinal, a vitamina pode colaborar para a prote\u00e7\u00e3o di\u00e1ria contra os raios solares, suavizar a apar\u00eancia de manchas, linhas e marcas do rosto e estimular a produ\u00e7\u00e3o do nosso maior queridinho: o col\u00e1geno.<\/p>\n\n\n\n<h2 class=\"wp-block-heading\"><span class=\"ez-toc-section\" id=\"Quais_sao_os_beneficios_da_vitamina_C\"><\/span>Quais s\u00e3o os benef\u00edcios da vitamina C?&nbsp;<span class=\"ez-toc-section-end\"><\/span><\/h2>\n\n\n\n<p>Embora seja usualmente procurada para aumentar a imunidade, a vitamina C tem uma s\u00e9rie de benef\u00edcios para o corpo em geral. Vamos aos principais tanto para a pele como para o organismo como um todo.&nbsp;<\/p>\n\n\n\n<h3 class=\"wp-block-heading\"><span class=\"ez-toc-section\" id=\"Deixa_a_pele_mais_saudavel\"><\/span>Deixa a pele mais saud\u00e1vel<span class=\"ez-toc-section-end\"><\/span><\/h3>\n\n\n\n<p>Como se j\u00e1 n\u00e3o bastasse o poder da vitamina C de colaborar para um tom de pele mais uniforme, prevenir rugas e manter a pele mais firme e el\u00e1stica por estimular a produ\u00e7\u00e3o de col\u00e1geno \u2014 prote\u00edna que tamb\u00e9m tem um papel essencial para a sa\u00fade dos cabelos e das unhas \u2014, a vitamina C vai al\u00e9m em suas vantagens.<\/p>\n\n\n\n<p>O antioxidante, afinal, tamb\u00e9m acelera o processo de cicatriza\u00e7\u00e3o da pele em caso de feridas por promover a regenera\u00e7\u00e3o de tecidos, o que garante um maior poder cicatrizante para a pele.&nbsp;<\/p>\n\n\n\n<h3 class=\"wp-block-heading\"><span class=\"ez-toc-section\" id=\"Protege_a_pele\"><\/span>Protege a pele<span class=\"ez-toc-section-end\"><\/span><\/h3>\n\n\n\n<p>Todo mundo sabe que \u00e9 preciso proteger a pele dos malef\u00edcios que o sol pode trazer, mas sabia que a vitamina C tamb\u00e9m ajuda nessa prote\u00e7\u00e3o? \u00c9 s\u00e9rio!&nbsp;<\/p>\n\n\n\n<p>A vitamina pode potencializar o protetor solar combatendo a a\u00e7\u00e3o dos radicais livres. Mas o que s\u00e3o esses radicais? S\u00e3o mol\u00e9culas naturalmente produzidas pelo nosso corpo que, quando em excesso \u2014 o que acontece por conta de fatores externos como, entre outros, contato com polui\u00e7\u00e3o e raios ultravioletas \u2014, atacam c\u00e9lulas saud\u00e1veis e acabam causando o envelhecimento precoce da pele.&nbsp;<\/p>\n\n\n\n<p>Diante disso, a vitamina C combate e neutraliza a a\u00e7\u00e3o desses radicais. Tem como n\u00e3o amar?&nbsp;<\/p>\n\n\n\n<h3 class=\"wp-block-heading\"><span class=\"ez-toc-section\" id=\"Fortalece_a_imunidade\"><\/span>Fortalece a imunidade&nbsp;<span class=\"ez-toc-section-end\"><\/span><\/h3>\n\n\n\n<p>Sabe outra raz\u00e3o da vitamina C ser superprotetora? Ela estimula a produ\u00e7\u00e3o de gl\u00f3bulos brancos, um dos respons\u00e1veis pela defesa do nosso organismo contra alergias e infec\u00e7\u00f5es como a pr\u00f3pria gripe, por exemplo.&nbsp;<\/p>\n\n\n\n<p>Mas isso n\u00e3o quer dizer que voc\u00ea deve suplementar vitamina C sempre que sentir algum sintoma de resfriado, ok? O ideal \u00e9 que um profissional da sa\u00fade indique a suplementa\u00e7\u00e3o caso haja a necessidade comprovada por exames \u2014 do contr\u00e1rio, pode ser que voc\u00ea acabe simplesmente gastando dinheiro \u00e0 toa.&nbsp;<\/p>\n\n\n\n<h3 class=\"wp-block-heading\"><span class=\"ez-toc-section\" id=\"Desintoxica_tanto_a_pele_como_o_corpo\"><\/span>Desintoxica tanto a pele como o corpo<span class=\"ez-toc-section-end\"><\/span><\/h3>\n\n\n\n<p>Al\u00e9m de ser um \u00f3timo antioxidante, a vitamina C tamb\u00e9m se destaca pelo seu poder desintoxicante tanto para a pele como para o organismo.&nbsp;<\/p>\n\n\n\n<p>N\u00e3o \u00e9 \u00e0 toa que, depois das festas de fim de ano, \u00e9 comum recome\u00e7ar a temporada dos sucos com couve e frutas como acerola, abacaxi e lim\u00e3o, entre outras, j\u00e1 que s\u00e3o alimentos conhecidos pela concentra\u00e7\u00e3o da vitamina C. \u00c9 a temporada do detox!<\/p>\n\n\n\n<h3 class=\"wp-block-heading\"><span class=\"ez-toc-section\" id=\"Combate_o_estresse_e_melhora_o_humor\"><\/span>Combate o estresse e melhora o humor&nbsp;<span class=\"ez-toc-section-end\"><\/span><\/h3>\n\n\n\n<p>A vitamina C tamb\u00e9m \u00e9 uma ex\u00edmia ajudante do controle dos n\u00edveis de cortisol no sangue e da s\u00edntese de neurotransmissores como serotonina e dopamina, popularmente conhecidas como os horm\u00f4nios do bem-estar.<\/p>\n\n\n\n<p>O micronutriente tanto colabora para o bem-estar do nosso sistema nervoso que j\u00e1 foi at\u00e9 objeto de<a href=\"https:\/\/www.mdpi.com\/2076-3921\/11\/3\/463\"> estudo da MDPI<\/a> (Multidisciplinary Digital Publishing Institute), uma editora de publica\u00e7\u00f5es cient\u00edficas de acesso aberto, que descobriu que a defici\u00eancia da vitamina pode at\u00e9 estar ligada a dificuldades cognitivas, depress\u00e3o e confus\u00e3o mental.<\/p>\n\n\n\n<h2 class=\"wp-block-heading\"><span class=\"ez-toc-section\" id=\"Como_inserir_a_vitamina_C_na_rotina_de_skincare\"><\/span>Como inserir a vitamina C na rotina de skincare?<span class=\"ez-toc-section-end\"><\/span><\/h2>\n\n\n\n<p>Voc\u00ea pode inserir a vitamina C na sua rotina de skincare tanto pela manh\u00e3 como pela noite. Mas seu uso pela manh\u00e3 costuma ser mais indicado.<\/p>\n\n\n\n<p>A principal raz\u00e3o para isso \u00e9 a capacidade da vitamina de potencializar a a\u00e7\u00e3o do seu protetor solar, contribuindo ainda mais para o combate ao envelhecimento precoce. Isso sem contar o brilho e vi\u00e7o que a vitamina C d\u00e1 para a pele, n\u00e9? Voc\u00ea j\u00e1 sai de casa arrasando!&nbsp;<\/p>\n\n\n\n<p>Pela manh\u00e3, portanto, voc\u00ea vai:&nbsp;<\/p>\n\n\n\n<ol class=\"wp-block-list\">\n<li>Lavar o rosto com seu gel de limpeza;&nbsp;<\/li>\n\n\n\n<li>Aplicar o creme, <a href=\"https:\/\/www.qualfarma.com.br\/vivabem\/o-que-e-serum\/\" target=\"_blank\" rel=\"noreferrer noopener\">s\u00e9rum<\/a> ou outro produto de sua escolha com vitamina C;<\/li>\n\n\n\n<li>Aplicar o seu protetor solar para rosto.&nbsp;<\/li>\n<\/ol>\n\n\n\n<p>Muito simples, n\u00e3o \u00e9 mesmo? Em poucos minutinhos voc\u00ea se protege e se ilumina.<\/p>\n\n\n\n<p>E se voc\u00ea for viajar, n\u00e3o esque\u00e7a de incluir sua vitamina C na sua <a href=\"https:\/\/www.qualfarma.com.br\/vivabem\/o-que-levar-na-necessaire-de-viagem\/\" target=\"_blank\" rel=\"noreferrer noopener\">n\u00e9cessaire de viagem<\/a>.<\/p>\n\n\n\n<h2 class=\"wp-block-heading\"><span class=\"ez-toc-section\" id=\"Melhores_produtos_com_vitamina_C_para_o_rosto\"><\/span><strong>Melhores produtos com vitamina C para o rosto<\/strong>&nbsp;<span class=\"ez-toc-section-end\"><\/span><\/h2>\n\n\n\n<p>Agora que voc\u00ea j\u00e1 sabe como a vitamina C pode ser extremamente ben\u00e9fica tamb\u00e9m para o seu rosto, vamos conferir algumas op\u00e7\u00f5es de vitamina C para o rosto que podem entrar para a sua rotina de skincare.&nbsp;<\/p>\n\n\n\n<h3 class=\"wp-block-heading\"><span class=\"ez-toc-section\" id=\"1_Serum_Antioxidante_com_Vitamina_C_10_Skinceuticals\"><\/span>1. S\u00e9rum Antioxidante com Vitamina C 10 Skinceuticals<span class=\"ez-toc-section-end\"><\/span><\/h3>\n\n\n\n<p>O primeiro produto com vitamina C para o rosto \u00e9 da Skinceuticals, uma das marcas mais prestigiadas do mercado de skincare. Entre os benef\u00edcios deste s\u00e9rum, podemos citar:<\/p>\n\n\n\n<ul class=\"wp-block-list\">\n<li>10% de vitamina C pura;&nbsp;<\/li>\n\n\n\n<li>Textura de f\u00e1cil absor\u00e7\u00e3o;<\/li>\n\n\n\n<li>Mais uniformidade e brilho para a pele;<\/li>\n\n\n\n<li>Preven\u00e7\u00e3o e redu\u00e7\u00e3o de linhas finas e rugas;&nbsp;<\/li>\n\n\n\n<li>Sem parabenos ou fragr\u00e2ncia.<\/li>\n<\/ul>\n\n\n\t\t<div data-elementor-type=\"page\" data-elementor-id=\"2017\" class=\"elementor elementor-2017\" data-elementor-post-type=\"elementor_library\">\n\t\t\t\t\t\t<section class=\"elementor-section elementor-top-section elementor-element elementor-element-64623e33 elementor-section-boxed elementor-section-height-default elementor-section-height-default\" data-id=\"64623e33\" data-element_type=\"section\" data-e-type=\"section\">\n\t\t\t\t\t\t<div class=\"elementor-container elementor-column-gap-default\">\n\t\t\t\t\t<div class=\"elementor-column elementor-col-100 elementor-top-column elementor-element elementor-element-388e7a2e\" data-id=\"388e7a2e\" data-element_type=\"column\" data-e-type=\"column\">\n\t\t\t<div class=\"elementor-widget-wrap elementor-element-populated\">\n\t\t\t\t\t\t<div class=\"elementor-element elementor-element-426f0f98 elementor-widget elementor-widget-ucaddon_card_carousel\" data-id=\"426f0f98\" data-element_type=\"widget\" data-e-type=\"widget\" data-widget_type=\"ucaddon_card_carousel.default\">\n\t\t\t\t<div class=\"elementor-widget-container\">\n\t\t\t\t\t\n<!-- start Card Carousel -->\n\t\t<link id='font-awesome-css' href='https:\/\/www.qualfarma.com.br\/vivabem\/wp-content\/plugins\/unlimited-elements-for-elementor\/assets_libraries\/font-awesome6\/fontawesome-all.min.css' type='text\/css' rel='stylesheet' >\n\t\t<link id='font-awesome-4-shim-css' href='https:\/\/www.qualfarma.com.br\/vivabem\/wp-content\/plugins\/unlimited-elements-for-elementor\/assets_libraries\/font-awesome6\/fontawesome-v4-shims.min.css' type='text\/css' rel='stylesheet' >\n\t\t<link id='owl-carousel-css' href='https:\/\/www.qualfarma.com.br\/vivabem\/wp-content\/plugins\/unlimited-elements-for-elementor\/assets_libraries\/owl-carousel-new\/assets\/owl.carousel.css' type='text\/css' rel='stylesheet' >\n\t\t<link id='uc_ac_assets_file_animate_css_77907-css' href='https:\/\/www.qualfarma.com.br\/vivabem\/wp-content\/uploads\/ac_assets\/uc_classic_carousel\/animate.css' type='text\/css' rel='stylesheet' >\n\n<style>\/* widget: Card Carousel *\/\n\n#uc_card_carousel_elementor_426f0f98-wrapper\n{\n  min-height:1px;\n}\n#uc_card_carousel_elementor_426f0f98 *{\n\t-webkit-box-sizing: border-box;\n\t-moz-box-sizing: border-box;\n\tbox-sizing: border-box;\n}\n\n#uc_card_carousel_elementor_426f0f98 .ue-carousel-item\n{\n  overflow:hidden;\n  transition:0.3s;\n}\n\n#uc_card_carousel_elementor_426f0f98 .uc_classic_carousel_container_holder\n{\n\tdisplay:block;\n\tposition:relative;\n\twidth:100%;\n    box-sizing: border-box;\n}\n#uc_card_carousel_elementor_426f0f98 .uc_classic_carousel_placeholder{\n   position:relative;\n}\n\n#uc_card_carousel_elementor_426f0f98 .uc_classic_carousel_placeholder img, #uc_card_carousel_elementor_426f0f98 .ue_card_carousel_image_overlay\n{\n  transition: all 300ms;\n}\n\n.card_carousel_title\n{\n\tfont-size:21px;\n}\n\n.uc_classic_carousel .uc_classic_carousel_border\n{\n\tdisplay:block;\n    margin:0 auto;\n}\n\n.uc_classic_carousel  .uc_classic_carousel_placeholder img\n{\n\twidth:100%;\n    \n    display:inline-flex;\n}\n.uc_classic_carousel .uc_classic_carousel_content\n{\n  display: flex;\n flex-flow: column nowrap;\n}\n\n.uc_classic_carousel .ue_button\n{\n  margin-top:auto;\n\n}\n\n.uc_classic_carousel .uc_classic_carousel_content .uc_more_btn {\n\tdisplay:inline-block;\n\ttext-decoration:none;\n\ttransition: all 0.5s ease;\n}\n\n\n#uc_card_carousel_elementor_426f0f98 .owl-dots {\noverflow:hidden;\ntext-align:center;\n}\n\n#uc_card_carousel_elementor_426f0f98 .owl-dot {\nborder-radius:50%;\ndisplay:inline-block;\n}\n\n#uc_card_carousel_elementor_426f0f98 .owl-nav .owl-prev,\n#uc_card_carousel_elementor_426f0f98 .owl-nav .owl-next{\n    position:absolute;\n    display:flex;\n  \tjustify-content: center;\n  \talign-items: center;\n    text-align:center;\n}\n\n\n#uc_card_carousel_elementor_426f0f98 .owl-nav .disabled\n{\n    display: none;  \n}\n\n\n#uc_card_carousel_elementor_426f0f98 .ue-item-icon\n{\n  line-height:1em;\n  display:inline-flex;\n  justify-content:center;\n  align-items:center;\n  \n}\n\n#uc_card_carousel_elementor_426f0f98 .ue-item-icon svg\n{\n  height:1em;\n  width:1em;\n}\n\n#uc_card_carousel_elementor_426f0f98 .ue-item-icon-wrapper\n{\n  display:flex;\n}\n\n#uc_card_carousel_elementor_426f0f98 .uc_classic_carousel_container_holder {\n\t max-width: ;\n}\n\n\n\t#uc_card_carousel_elementor_426f0f98 .owl-stage\n        {\n            transition-timing-function: linear!important;\n        }\n\n@media screen and (max-width: 1024px) {\n  #uc_card_carousel_elementor_426f0f98 .uc_classic_carousel_container_holder {\n\t max-width: ;\n  }\n}\n\n@media screen and (max-width: 767px) {\n  #uc_card_carousel_elementor_426f0f98 .uc_classic_carousel_container_holder {\n    max-width: ;\n  }\n}\n\n<\/style>\n\n<div class=\"uc_classic_carousel\" id=\"uc_card_carousel_elementor_426f0f98-wrapper\">\n        <div class=\"uc_carousel owl-carousel uc-items-wrapper  \" id=\"uc_card_carousel_elementor_426f0f98\"  >\n          \t<div class=\"uc_classic_carousel_container_holder ue-item elementor-repeater-item-27d6ac1\">\n  <div class=\"ue-carousel-item\">\n      <div class=\"uc_classic_carousel_placeholder\">\n          <img fetchpriority=\"high\" decoding=\"async\" src=\"https:\/\/www.qualfarma.com.br\/vivabem\/wp-content\/uploads\/2023\/12\/vitamina-c-skinceuticals.jpeg\"  src=\"https:\/\/www.qualfarma.com.br\/vivabem\/wp-content\/uploads\/2023\/12\/vitamina-c-skinceuticals.jpeg\" alt=\"Vitamina C Skinceuticals\" width=\"450\" height=\"450\">\n          <\/div>\n    <div class=\"uc_classic_carousel_content\" style=\"direction:rtl;\">\n    \n    \n        \n          \t\n      <div  class=\"card_carousel_title\">S\u00e9rum Antioxidante Skinceuticals Com Vitamina C<\/div>\n          \t\n    \n      \n        \n    \n    \t\n    \n    \n        \t \n              <div class=\"ue_button\"><a class=\"uc_more_btn \" href=\"https:\/\/www.qualfarma.com.br\/serum-antioxidante-skinceuticals-com-vitamina-c-serum-10-30ml\/p\" title=\"!Quero esse\"  target='_blank'>!Quero esse<\/a><\/div>\n        \t    \n    \t\n  <\/div>\n  <\/div>\n<\/div>\n\n      <\/div>\n<\/div>\n<!-- end Card Carousel -->\t\t\t\t<\/div>\n\t\t\t\t<\/div>\n\t\t\t\t\t<\/div>\n\t\t<\/div>\n\t\t\t\t\t<\/div>\n\t\t<\/section>\n\t\t\t\t<\/div>\n\t\t\n\n\n\n<h3 class=\"wp-block-heading\"><span class=\"ez-toc-section\" id=\"2_Serum_Clareador_Vichy_Liftactiv_com_Vitamina_C\"><\/span>2. S\u00e9rum Clareador Vichy Liftactiv com Vitamina C<span class=\"ez-toc-section-end\"><\/span><\/h3>\n\n\n\n<p>J\u00e1 o s\u00e9rum com vitamina C da Vichy combina 15% de vitamina C com \u00e1cido hialur\u00f4nico e, de acordo com estudos cl\u00ednicos da pr\u00f3pria Vichy, promete:<\/p>\n\n\n\n<ul class=\"wp-block-list\">\n<li>Pele mais <strong>firme<\/strong> em apenas 10 dias;<\/li>\n\n\n\n<li>Pele 40% mais <strong>iluminada<\/strong> em 1 m\u00eas;<\/li>\n\n\n\n<li>Pele 51% mais <strong>uniforme <\/strong>em 3 meses.&nbsp;<\/li>\n<\/ul>\n\n\n\n<p>O produto da vez ainda est\u00e1 livre de parabenos, corantes e fragr\u00e2ncia.&nbsp;<\/p>\n\n\n\t\t<div data-elementor-type=\"page\" data-elementor-id=\"2021\" class=\"elementor elementor-2021\" data-elementor-post-type=\"elementor_library\">\n\t\t\t\t\t\t<section class=\"elementor-section elementor-top-section elementor-element elementor-element-64623e33 elementor-section-boxed elementor-section-height-default elementor-section-height-default\" data-id=\"64623e33\" data-element_type=\"section\" data-e-type=\"section\">\n\t\t\t\t\t\t<div class=\"elementor-container elementor-column-gap-default\">\n\t\t\t\t\t<div class=\"elementor-column elementor-col-100 elementor-top-column elementor-element elementor-element-388e7a2e\" data-id=\"388e7a2e\" data-element_type=\"column\" data-e-type=\"column\">\n\t\t\t<div class=\"elementor-widget-wrap elementor-element-populated\">\n\t\t\t\t\t\t<div class=\"elementor-element elementor-element-426f0f98 elementor-widget elementor-widget-ucaddon_card_carousel\" data-id=\"426f0f98\" data-element_type=\"widget\" data-e-type=\"widget\" data-widget_type=\"ucaddon_card_carousel.default\">\n\t\t\t\t<div class=\"elementor-widget-container\">\n\t\t\t\t\t\n<!-- start Card Carousel -->\n\t\t<link id='owl-carousel-css' href='https:\/\/www.qualfarma.com.br\/vivabem\/wp-content\/plugins\/unlimited-elements-for-elementor\/assets_libraries\/owl-carousel-new\/assets\/owl.carousel.css' type='text\/css' rel='stylesheet' >\n\t\t<link id='uc_ac_assets_file_animate_css_77907-css' href='https:\/\/www.qualfarma.com.br\/vivabem\/wp-content\/uploads\/ac_assets\/uc_classic_carousel\/animate.css' type='text\/css' rel='stylesheet' >\n\n<style>\/* widget: Card Carousel *\/\n\n#uc_card_carousel_elementor_426f0f982-wrapper\n{\n  min-height:1px;\n}\n#uc_card_carousel_elementor_426f0f982 *{\n\t-webkit-box-sizing: border-box;\n\t-moz-box-sizing: border-box;\n\tbox-sizing: border-box;\n}\n\n#uc_card_carousel_elementor_426f0f982 .ue-carousel-item\n{\n  overflow:hidden;\n  transition:0.3s;\n}\n\n#uc_card_carousel_elementor_426f0f982 .uc_classic_carousel_container_holder\n{\n\tdisplay:block;\n\tposition:relative;\n\twidth:100%;\n    box-sizing: border-box;\n}\n#uc_card_carousel_elementor_426f0f982 .uc_classic_carousel_placeholder{\n   position:relative;\n}\n\n#uc_card_carousel_elementor_426f0f982 .uc_classic_carousel_placeholder img, #uc_card_carousel_elementor_426f0f982 .ue_card_carousel_image_overlay\n{\n  transition: all 300ms;\n}\n\n.card_carousel_title\n{\n\tfont-size:21px;\n}\n\n.uc_classic_carousel .uc_classic_carousel_border\n{\n\tdisplay:block;\n    margin:0 auto;\n}\n\n.uc_classic_carousel  .uc_classic_carousel_placeholder img\n{\n\twidth:100%;\n    \n    display:inline-flex;\n}\n.uc_classic_carousel .uc_classic_carousel_content\n{\n  display: flex;\n flex-flow: column nowrap;\n}\n\n.uc_classic_carousel .ue_button\n{\n  margin-top:auto;\n\n}\n\n.uc_classic_carousel .uc_classic_carousel_content .uc_more_btn {\n\tdisplay:inline-block;\n\ttext-decoration:none;\n\ttransition: all 0.5s ease;\n}\n\n\n#uc_card_carousel_elementor_426f0f982 .owl-dots {\noverflow:hidden;\ntext-align:center;\n}\n\n#uc_card_carousel_elementor_426f0f982 .owl-dot {\nborder-radius:50%;\ndisplay:inline-block;\n}\n\n#uc_card_carousel_elementor_426f0f982 .owl-nav .owl-prev,\n#uc_card_carousel_elementor_426f0f982 .owl-nav .owl-next{\n    position:absolute;\n    display:flex;\n  \tjustify-content: center;\n  \talign-items: center;\n    text-align:center;\n}\n\n\n#uc_card_carousel_elementor_426f0f982 .owl-nav .disabled\n{\n    display: none;  \n}\n\n\n#uc_card_carousel_elementor_426f0f982 .ue-item-icon\n{\n  line-height:1em;\n  display:inline-flex;\n  justify-content:center;\n  align-items:center;\n  \n}\n\n#uc_card_carousel_elementor_426f0f982 .ue-item-icon svg\n{\n  height:1em;\n  width:1em;\n}\n\n#uc_card_carousel_elementor_426f0f982 .ue-item-icon-wrapper\n{\n  display:flex;\n}\n\n#uc_card_carousel_elementor_426f0f982 .uc_classic_carousel_container_holder {\n\t max-width: ;\n}\n\n\n\t#uc_card_carousel_elementor_426f0f982 .owl-stage\n        {\n            transition-timing-function: linear!important;\n        }\n\n@media screen and (max-width: 1024px) {\n  #uc_card_carousel_elementor_426f0f982 .uc_classic_carousel_container_holder {\n\t max-width: ;\n  }\n}\n\n@media screen and (max-width: 767px) {\n  #uc_card_carousel_elementor_426f0f982 .uc_classic_carousel_container_holder {\n    max-width: ;\n  }\n}\n\n<\/style>\n\n<div class=\"uc_classic_carousel\" id=\"uc_card_carousel_elementor_426f0f982-wrapper\">\n        <div class=\"uc_carousel owl-carousel uc-items-wrapper  \" id=\"uc_card_carousel_elementor_426f0f982\"  >\n          \t<div class=\"uc_classic_carousel_container_holder ue-item elementor-repeater-item-27d6ac1\">\n  <div class=\"ue-carousel-item\">\n      <div class=\"uc_classic_carousel_placeholder\">\n          <img decoding=\"async\" src=\"https:\/\/www.qualfarma.com.br\/vivabem\/wp-content\/uploads\/2023\/12\/vitamina-c-vichy.jpeg\"  src=\"https:\/\/www.qualfarma.com.br\/vivabem\/wp-content\/uploads\/2023\/12\/vitamina-c-vichy.jpeg\" alt=\"Vitamina C Vichy\" width=\"450\" height=\"450\">\n          <\/div>\n    <div class=\"uc_classic_carousel_content\" style=\"direction:rtl;\">\n    \n    \n        \n          \t\n      <div  class=\"card_carousel_title\">S\u00e9rum Clareador Vichy Liftactiv Vitamina C<\/div>\n          \t\n    \n      \n        \n    \n    \t\n    \n    \n        \t \n              <div class=\"ue_button\"><a class=\"uc_more_btn \" href=\"https:\/\/www.qualfarma.com.br\/serum-clareador-vichy-liftactiv-vitamina-c-10ml\/p\" title=\"!Quero esse\"  target='_blank'>!Quero esse<\/a><\/div>\n        \t    \n    \t\n  <\/div>\n  <\/div>\n<\/div>\n\n      <\/div>\n<\/div>\n<!-- end Card Carousel -->\t\t\t\t<\/div>\n\t\t\t\t<\/div>\n\t\t\t\t\t<\/div>\n\t\t<\/div>\n\t\t\t\t\t<\/div>\n\t\t<\/section>\n\t\t\t\t<\/div>\n\t\t\n\n\n\n<h3 class=\"wp-block-heading\"><span class=\"ez-toc-section\" id=\"3_Serum_anti-idade_com_vitamina_C_20_ADCOS\"><\/span>3. S\u00e9rum anti-idade com vitamina C 20 ADCOS<span class=\"ez-toc-section-end\"><\/span><\/h3>\n\n\n\n<p>O s\u00e9rum anti-idade com 20% de vitamina C da ADCOS tamb\u00e9m pode ser uma \u00f3tima pedida.&nbsp;<\/p>\n\n\n\n<p>Com a\u00e7\u00e3o clareadora e garantindo tudo que a vitamina C promete para a pele \u2014 <strong>uniformidade, luminosidade e aumento da prote\u00e7\u00e3o<\/strong> quando usado em conjunto com o protetor solar&nbsp;\u2014, o s\u00e9rum em quest\u00e3o garante efic\u00e1cia comprovada por meio de pesquisa realizada pela pr\u00f3pria ADCOS com volunt\u00e1rios.&nbsp;<\/p>\n\n\n\t\t<div data-elementor-type=\"page\" data-elementor-id=\"2024\" class=\"elementor elementor-2024\" data-elementor-post-type=\"elementor_library\">\n\t\t\t\t\t\t<section class=\"elementor-section elementor-top-section elementor-element elementor-element-64623e33 elementor-section-boxed elementor-section-height-default elementor-section-height-default\" data-id=\"64623e33\" data-element_type=\"section\" data-e-type=\"section\">\n\t\t\t\t\t\t<div class=\"elementor-container elementor-column-gap-default\">\n\t\t\t\t\t<div class=\"elementor-column elementor-col-100 elementor-top-column elementor-element elementor-element-388e7a2e\" data-id=\"388e7a2e\" data-element_type=\"column\" data-e-type=\"column\">\n\t\t\t<div class=\"elementor-widget-wrap elementor-element-populated\">\n\t\t\t\t\t\t<div class=\"elementor-element elementor-element-426f0f98 elementor-widget elementor-widget-ucaddon_card_carousel\" data-id=\"426f0f98\" data-element_type=\"widget\" data-e-type=\"widget\" data-widget_type=\"ucaddon_card_carousel.default\">\n\t\t\t\t<div class=\"elementor-widget-container\">\n\t\t\t\t\t\n<!-- start Card Carousel -->\n\t\t<link id='owl-carousel-css' href='https:\/\/www.qualfarma.com.br\/vivabem\/wp-content\/plugins\/unlimited-elements-for-elementor\/assets_libraries\/owl-carousel-new\/assets\/owl.carousel.css' type='text\/css' rel='stylesheet' >\n\t\t<link id='uc_ac_assets_file_animate_css_77907-css' href='https:\/\/www.qualfarma.com.br\/vivabem\/wp-content\/uploads\/ac_assets\/uc_classic_carousel\/animate.css' type='text\/css' rel='stylesheet' >\n\n<style>\/* widget: Card Carousel *\/\n\n#uc_card_carousel_elementor_426f0f983-wrapper\n{\n  min-height:1px;\n}\n#uc_card_carousel_elementor_426f0f983 *{\n\t-webkit-box-sizing: border-box;\n\t-moz-box-sizing: border-box;\n\tbox-sizing: border-box;\n}\n\n#uc_card_carousel_elementor_426f0f983 .ue-carousel-item\n{\n  overflow:hidden;\n  transition:0.3s;\n}\n\n#uc_card_carousel_elementor_426f0f983 .uc_classic_carousel_container_holder\n{\n\tdisplay:block;\n\tposition:relative;\n\twidth:100%;\n    box-sizing: border-box;\n}\n#uc_card_carousel_elementor_426f0f983 .uc_classic_carousel_placeholder{\n   position:relative;\n}\n\n#uc_card_carousel_elementor_426f0f983 .uc_classic_carousel_placeholder img, #uc_card_carousel_elementor_426f0f983 .ue_card_carousel_image_overlay\n{\n  transition: all 300ms;\n}\n\n.card_carousel_title\n{\n\tfont-size:21px;\n}\n\n.uc_classic_carousel .uc_classic_carousel_border\n{\n\tdisplay:block;\n    margin:0 auto;\n}\n\n.uc_classic_carousel  .uc_classic_carousel_placeholder img\n{\n\twidth:100%;\n    \n    display:inline-flex;\n}\n.uc_classic_carousel .uc_classic_carousel_content\n{\n  display: flex;\n flex-flow: column nowrap;\n}\n\n.uc_classic_carousel .ue_button\n{\n  margin-top:auto;\n\n}\n\n.uc_classic_carousel .uc_classic_carousel_content .uc_more_btn {\n\tdisplay:inline-block;\n\ttext-decoration:none;\n\ttransition: all 0.5s ease;\n}\n\n\n#uc_card_carousel_elementor_426f0f983 .owl-dots {\noverflow:hidden;\ntext-align:center;\n}\n\n#uc_card_carousel_elementor_426f0f983 .owl-dot {\nborder-radius:50%;\ndisplay:inline-block;\n}\n\n#uc_card_carousel_elementor_426f0f983 .owl-nav .owl-prev,\n#uc_card_carousel_elementor_426f0f983 .owl-nav .owl-next{\n    position:absolute;\n    display:flex;\n  \tjustify-content: center;\n  \talign-items: center;\n    text-align:center;\n}\n\n\n#uc_card_carousel_elementor_426f0f983 .owl-nav .disabled\n{\n    display: none;  \n}\n\n\n#uc_card_carousel_elementor_426f0f983 .ue-item-icon\n{\n  line-height:1em;\n  display:inline-flex;\n  justify-content:center;\n  align-items:center;\n  \n}\n\n#uc_card_carousel_elementor_426f0f983 .ue-item-icon svg\n{\n  height:1em;\n  width:1em;\n}\n\n#uc_card_carousel_elementor_426f0f983 .ue-item-icon-wrapper\n{\n  display:flex;\n}\n\n#uc_card_carousel_elementor_426f0f983 .uc_classic_carousel_container_holder {\n\t max-width: ;\n}\n\n\n\t#uc_card_carousel_elementor_426f0f983 .owl-stage\n        {\n            transition-timing-function: linear!important;\n        }\n\n@media screen and (max-width: 1024px) {\n  #uc_card_carousel_elementor_426f0f983 .uc_classic_carousel_container_holder {\n\t max-width: ;\n  }\n}\n\n@media screen and (max-width: 767px) {\n  #uc_card_carousel_elementor_426f0f983 .uc_classic_carousel_container_holder {\n    max-width: ;\n  }\n}\n\n<\/style>\n\n<div class=\"uc_classic_carousel\" id=\"uc_card_carousel_elementor_426f0f983-wrapper\">\n        <div class=\"uc_carousel owl-carousel uc-items-wrapper  \" id=\"uc_card_carousel_elementor_426f0f983\"  >\n          \t<div class=\"uc_classic_carousel_container_holder ue-item elementor-repeater-item-27d6ac1\">\n  <div class=\"ue-carousel-item\">\n      <div class=\"uc_classic_carousel_placeholder\">\n          <img decoding=\"async\" src=\"https:\/\/www.qualfarma.com.br\/vivabem\/wp-content\/uploads\/2023\/12\/vitamina-c-adcos.jpeg\"  src=\"https:\/\/www.qualfarma.com.br\/vivabem\/wp-content\/uploads\/2023\/12\/vitamina-c-adcos.jpeg\" alt=\"Vitamina C Adcos\" width=\"500\" height=\"500\">\n          <\/div>\n    <div class=\"uc_classic_carousel_content\" style=\"direction:rtl;\">\n    \n    \n        \n          \t\n      <div  class=\"card_carousel_title\">Derma Complex Concentrado Vitamina C 20 Adcos<\/div>\n          \t\n    \n      \n        \n    \n    \t\n    \n    \n        \t \n              <div class=\"ue_button\"><a class=\"uc_more_btn \" href=\"https:\/\/www.qualfarma.com.br\/derma-complex-concentrado-vitamina-c-20-adcos-serum-anti-idade-15ml\/p\" title=\"!Quero esse\"  target='_blank'>!Quero esse<\/a><\/div>\n        \t    \n    \t\n  <\/div>\n  <\/div>\n<\/div>\n\n      <\/div>\n<\/div>\n<!-- end Card Carousel -->\t\t\t\t<\/div>\n\t\t\t\t<\/div>\n\t\t\t\t\t<\/div>\n\t\t<\/div>\n\t\t\t\t\t<\/div>\n\t\t<\/section>\n\t\t\t\t<\/div>\n\t\t\n\n\n\n<h3 class=\"wp-block-heading\"><span class=\"ez-toc-section\" id=\"4_Serum_facial_anti-idade_Salicyli_C_10_La_Roche-Posay\"><\/span>4. S\u00e9rum facial anti-idade Salicyli C 10 La Roche-Posay&nbsp;<span class=\"ez-toc-section-end\"><\/span><\/h3>\n\n\n\n<p>E por \u00faltimo, mas n\u00e3o menos importante, temos tamb\u00e9m o s\u00e9rum facial com vitamina C da La Roche-Posay. Altamente indicado at\u00e9 para as peles mais sens\u00edveis, esse produto tem textura de f\u00e1cil absor\u00e7\u00e3o, acabamento aveludado e \u00e9 indispens\u00e1vel em muitos n\u00e9cessaires.<\/p>\n\n\n\n<p>Sua efic\u00e1cia tamb\u00e9m \u00e9 comprovada: em oito semanas de uso, quase 100% dos entrevistados notaram a pele com mais vi\u00e7o.&nbsp;<\/p>\n\n\n\t\t<div data-elementor-type=\"page\" data-elementor-id=\"2031\" class=\"elementor elementor-2031\" data-elementor-post-type=\"elementor_library\">\n\t\t\t\t\t\t<section class=\"elementor-section elementor-top-section elementor-element elementor-element-64623e33 elementor-section-boxed elementor-section-height-default elementor-section-height-default\" data-id=\"64623e33\" data-element_type=\"section\" data-e-type=\"section\">\n\t\t\t\t\t\t<div class=\"elementor-container elementor-column-gap-default\">\n\t\t\t\t\t<div class=\"elementor-column elementor-col-100 elementor-top-column elementor-element elementor-element-388e7a2e\" data-id=\"388e7a2e\" data-element_type=\"column\" data-e-type=\"column\">\n\t\t\t<div class=\"elementor-widget-wrap elementor-element-populated\">\n\t\t\t\t\t\t<div class=\"elementor-element elementor-element-426f0f98 elementor-widget elementor-widget-ucaddon_card_carousel\" data-id=\"426f0f98\" data-element_type=\"widget\" data-e-type=\"widget\" data-widget_type=\"ucaddon_card_carousel.default\">\n\t\t\t\t<div class=\"elementor-widget-container\">\n\t\t\t\t\t\n<!-- start Card Carousel -->\n\t\t<link id='owl-carousel-css' href='https:\/\/www.qualfarma.com.br\/vivabem\/wp-content\/plugins\/unlimited-elements-for-elementor\/assets_libraries\/owl-carousel-new\/assets\/owl.carousel.css' type='text\/css' rel='stylesheet' >\n\t\t<link id='uc_ac_assets_file_animate_css_77907-css' href='https:\/\/www.qualfarma.com.br\/vivabem\/wp-content\/uploads\/ac_assets\/uc_classic_carousel\/animate.css' type='text\/css' rel='stylesheet' >\n\n<style>\/* widget: Card Carousel *\/\n\n#uc_card_carousel_elementor_426f0f984-wrapper\n{\n  min-height:1px;\n}\n#uc_card_carousel_elementor_426f0f984 *{\n\t-webkit-box-sizing: border-box;\n\t-moz-box-sizing: border-box;\n\tbox-sizing: border-box;\n}\n\n#uc_card_carousel_elementor_426f0f984 .ue-carousel-item\n{\n  overflow:hidden;\n  transition:0.3s;\n}\n\n#uc_card_carousel_elementor_426f0f984 .uc_classic_carousel_container_holder\n{\n\tdisplay:block;\n\tposition:relative;\n\twidth:100%;\n    box-sizing: border-box;\n}\n#uc_card_carousel_elementor_426f0f984 .uc_classic_carousel_placeholder{\n   position:relative;\n}\n\n#uc_card_carousel_elementor_426f0f984 .uc_classic_carousel_placeholder img, #uc_card_carousel_elementor_426f0f984 .ue_card_carousel_image_overlay\n{\n  transition: all 300ms;\n}\n\n.card_carousel_title\n{\n\tfont-size:21px;\n}\n\n.uc_classic_carousel .uc_classic_carousel_border\n{\n\tdisplay:block;\n    margin:0 auto;\n}\n\n.uc_classic_carousel  .uc_classic_carousel_placeholder img\n{\n\twidth:100%;\n    \n    display:inline-flex;\n}\n.uc_classic_carousel .uc_classic_carousel_content\n{\n  display: flex;\n flex-flow: column nowrap;\n}\n\n.uc_classic_carousel .ue_button\n{\n  margin-top:auto;\n\n}\n\n.uc_classic_carousel .uc_classic_carousel_content .uc_more_btn {\n\tdisplay:inline-block;\n\ttext-decoration:none;\n\ttransition: all 0.5s ease;\n}\n\n\n#uc_card_carousel_elementor_426f0f984 .owl-dots {\noverflow:hidden;\ntext-align:center;\n}\n\n#uc_card_carousel_elementor_426f0f984 .owl-dot {\nborder-radius:50%;\ndisplay:inline-block;\n}\n\n#uc_card_carousel_elementor_426f0f984 .owl-nav .owl-prev,\n#uc_card_carousel_elementor_426f0f984 .owl-nav .owl-next{\n    position:absolute;\n    display:flex;\n  \tjustify-content: center;\n  \talign-items: center;\n    text-align:center;\n}\n\n\n#uc_card_carousel_elementor_426f0f984 .owl-nav .disabled\n{\n    display: none;  \n}\n\n\n#uc_card_carousel_elementor_426f0f984 .ue-item-icon\n{\n  line-height:1em;\n  display:inline-flex;\n  justify-content:center;\n  align-items:center;\n  \n}\n\n#uc_card_carousel_elementor_426f0f984 .ue-item-icon svg\n{\n  height:1em;\n  width:1em;\n}\n\n#uc_card_carousel_elementor_426f0f984 .ue-item-icon-wrapper\n{\n  display:flex;\n}\n\n#uc_card_carousel_elementor_426f0f984 .uc_classic_carousel_container_holder {\n\t max-width: ;\n}\n\n\n\t#uc_card_carousel_elementor_426f0f984 .owl-stage\n        {\n            transition-timing-function: linear!important;\n        }\n\n@media screen and (max-width: 1024px) {\n  #uc_card_carousel_elementor_426f0f984 .uc_classic_carousel_container_holder {\n\t max-width: ;\n  }\n}\n\n@media screen and (max-width: 767px) {\n  #uc_card_carousel_elementor_426f0f984 .uc_classic_carousel_container_holder {\n    max-width: ;\n  }\n}\n\n<\/style>\n\n<div class=\"uc_classic_carousel\" id=\"uc_card_carousel_elementor_426f0f984-wrapper\">\n        <div class=\"uc_carousel owl-carousel uc-items-wrapper  \" id=\"uc_card_carousel_elementor_426f0f984\"  >\n          \t<div class=\"uc_classic_carousel_container_holder ue-item elementor-repeater-item-27d6ac1\">\n  <div class=\"ue-carousel-item\">\n      <div class=\"uc_classic_carousel_placeholder\">\n          <img loading=\"lazy\" decoding=\"async\" src=\"https:\/\/www.qualfarma.com.br\/vivabem\/wp-content\/uploads\/2023\/12\/vitamina-c-la-roche.jpeg\"  src=\"https:\/\/www.qualfarma.com.br\/vivabem\/wp-content\/uploads\/2023\/12\/vitamina-c-la-roche.jpeg\" alt=\"Vitamina C La Roche\" width=\"500\" height=\"500\">\n          <\/div>\n    <div class=\"uc_classic_carousel_content\" style=\"direction:rtl;\">\n    \n    \n        \n          \t\n      <div  class=\"card_carousel_title\">S\u00e9rum Facial Anti-Idade La Roche Posay Salicyli C10<\/div>\n          \t\n    \n      \n        \n    \n    \t\n    \n    \n        \t \n              <div class=\"ue_button\"><a class=\"uc_more_btn \" href=\"https:\/\/www.qualfarma.com.br\/serum-facial-anti-idade-la-roche-posay-salicyli-c10-15-ml\/p\" title=\"!Quero esse\"  target='_blank'>!Quero esse<\/a><\/div>\n        \t    \n    \t\n  <\/div>\n  <\/div>\n<\/div>\n\n      <\/div>\n<\/div>\n<!-- end Card Carousel -->\t\t\t\t<\/div>\n\t\t\t\t<\/div>\n\t\t\t\t\t<\/div>\n\t\t<\/div>\n\t\t\t\t\t<\/div>\n\t\t<\/section>\n\t\t\t\t<\/div>\n\t\t\n\n\n\n<p>E a\u00ed, gostou das dicas? Conte com o <strong>Qualfarma<\/strong> para encontrar a melhor oferta de vitamina C para o rosto. Assim que voc\u00ea encontrar o seu produto ideal, certamente n\u00e3o vai mais querer ficar sem!<\/p>\n\n\n\n<p>E se voc\u00ea n\u00e3o sabe por onde come\u00e7ar para escolher a vitamina C ideal para o seu rosto, o v\u00eddeo da Dra. Marina Hayashida pode ajudar:<\/p>\n\n\n\n<figure class=\"wp-block-embed is-type-video is-provider-youtube wp-block-embed-youtube wp-embed-aspect-16-9 wp-has-aspect-ratio\"><div class=\"wp-block-embed__wrapper\">\n<iframe title=\"VITAMINA C PARA ROSTO | Descubra como escolher a melhor vitamina c para o rosto\" width=\"800\" height=\"450\" src=\"https:\/\/www.youtube.com\/embed\/Wbp4nVBc2W4?feature=oembed&#038;enablejsapi=1&#038;origin=https:\/\/www.qualfarma.com.br\/vivabem\" frameborder=\"0\" allow=\"accelerometer; autoplay; clipboard-write; encrypted-media; gyroscope; picture-in-picture; web-share\" referrerpolicy=\"strict-origin-when-cross-origin\" allowfullscreen><\/iframe>\n<\/div><\/figure>\n\n\n\n<p>At\u00e9 a pr\u00f3xima!<\/p>\n","protected":false},"excerpt":{"rendered":"<p>Fortalecer o sistema imunol\u00f3gico \u00e9 s\u00f3 uma das vantagens da vitamina C, que tamb\u00e9m \u00e9 queridinha do skincare.<\/p>\n","protected":false},"author":6,"featured_media":1567,"comment_status":"open","ping_status":"open","sticky":false,"template":"","format":"standard","meta":{"tpgb_global_settings":"","footnotes":""},"categories":[105],"tags":[100,99],"class_list":["post-1565","post","type-post","status-publish","format-standard","has-post-thumbnail","hentry","category-rotinas-de-skincare","tag-rotinas-de-skincare","tag-skincare"],"yoast_head":"<!-- This site is optimized with the Yoast SEO plugin v27.5 - https:\/\/yoast.com\/product\/yoast-seo-wordpress\/ -->\n<title>Vitamina C para o rosto: benef\u00edcios e melhores marcas<\/title>\n<meta name=\"description\" content=\"Voc\u00ea sabe quais s\u00e3o os benef\u00edcios da Vitamina C para o rosto? Conhe\u00e7a as vantagens de usar o composto e potencialize o skincare!\" \/>\n<meta name=\"robots\" content=\"index, follow, max-snippet:-1, max-image-preview:large, max-video-preview:-1\" \/>\n<link rel=\"canonical\" href=\"https:\/\/www.qualfarma.com.br\/vivabem\/vitamina-c-para-o-rosto\/\" \/>\n<meta property=\"og:locale\" content=\"pt_BR\" \/>\n<meta property=\"og:type\" content=\"article\" \/>\n<meta property=\"og:title\" content=\"Vitamina C para o rosto: benef\u00edcios e melhores marcas\" \/>\n<meta property=\"og:description\" content=\"Voc\u00ea sabe quais s\u00e3o os benef\u00edcios da Vitamina C para o rosto? Conhe\u00e7a as vantagens de usar o composto e potencialize o skincare!\" \/>\n<meta property=\"og:url\" content=\"https:\/\/www.qualfarma.com.br\/vivabem\/vitamina-c-para-o-rosto\/\" \/>\n<meta property=\"og:site_name\" content=\"Blog Viva Bem por Qualfarma\" \/>\n<meta property=\"article:published_time\" content=\"2023-12-17T15:01:01+00:00\" \/>\n<meta property=\"article:modified_time\" content=\"2024-08-14T17:07:24+00:00\" \/>\n<meta property=\"og:image\" content=\"https:\/\/www.qualfarma.com.br\/vivabem\/wp-content\/uploads\/2023\/12\/vitamina-c-para-o-rosto.jpg\" \/>\n\t<meta property=\"og:image:width\" content=\"750\" \/>\n\t<meta property=\"og:image:height\" content=\"500\" \/>\n\t<meta property=\"og:image:type\" content=\"image\/jpeg\" \/>\n<meta name=\"author\" content=\"Reda\u00e7\u00e3o Qualfarma\" \/>\n<meta name=\"twitter:card\" content=\"summary_large_image\" \/>\n<meta name=\"twitter:label1\" content=\"Escrito por\" \/>\n\t<meta name=\"twitter:data1\" content=\"Reda\u00e7\u00e3o Qualfarma\" \/>\n\t<meta name=\"twitter:label2\" content=\"Est. tempo de leitura\" \/>\n\t<meta name=\"twitter:data2\" content=\"8 minutos\" \/>\n<script type=\"application\/ld+json\" class=\"yoast-schema-graph\">{\"@context\":\"https:\\\/\\\/schema.org\",\"@graph\":[{\"@type\":\"Article\",\"@id\":\"https:\\\/\\\/www.qualfarma.com.br\\\/vivabem\\\/vitamina-c-para-o-rosto\\\/#article\",\"isPartOf\":{\"@id\":\"https:\\\/\\\/www.qualfarma.com.br\\\/vivabem\\\/vitamina-c-para-o-rosto\\\/\"},\"author\":{\"name\":\"Reda\u00e7\u00e3o Qualfarma\",\"@id\":\"https:\\\/\\\/www.qualfarma.com.br\\\/vivabem\\\/#\\\/schema\\\/person\\\/e6037ef0f9c3229057f0431b6d899040\"},\"headline\":\"Vitamina C para o rosto: benef\u00edcios e melhores marcas\",\"datePublished\":\"2023-12-17T15:01:01+00:00\",\"dateModified\":\"2024-08-14T17:07:24+00:00\",\"mainEntityOfPage\":{\"@id\":\"https:\\\/\\\/www.qualfarma.com.br\\\/vivabem\\\/vitamina-c-para-o-rosto\\\/\"},\"wordCount\":1464,\"commentCount\":0,\"image\":{\"@id\":\"https:\\\/\\\/www.qualfarma.com.br\\\/vivabem\\\/vitamina-c-para-o-rosto\\\/#primaryimage\"},\"thumbnailUrl\":\"https:\\\/\\\/www.qualfarma.com.br\\\/vivabem\\\/wp-content\\\/uploads\\\/2023\\\/12\\\/vitamina-c-para-o-rosto.jpg\",\"keywords\":[\"Rotinas de Skincare\",\"Skincare\"],\"articleSection\":[\"Rotinas de skincare\"],\"inLanguage\":\"pt-BR\",\"potentialAction\":[{\"@type\":\"CommentAction\",\"name\":\"Comment\",\"target\":[\"https:\\\/\\\/www.qualfarma.com.br\\\/vivabem\\\/vitamina-c-para-o-rosto\\\/#respond\"]}]},{\"@type\":\"WebPage\",\"@id\":\"https:\\\/\\\/www.qualfarma.com.br\\\/vivabem\\\/vitamina-c-para-o-rosto\\\/\",\"url\":\"https:\\\/\\\/www.qualfarma.com.br\\\/vivabem\\\/vitamina-c-para-o-rosto\\\/\",\"name\":\"Vitamina C para o rosto: benef\u00edcios e melhores marcas\",\"isPartOf\":{\"@id\":\"https:\\\/\\\/www.qualfarma.com.br\\\/vivabem\\\/#website\"},\"primaryImageOfPage\":{\"@id\":\"https:\\\/\\\/www.qualfarma.com.br\\\/vivabem\\\/vitamina-c-para-o-rosto\\\/#primaryimage\"},\"image\":{\"@id\":\"https:\\\/\\\/www.qualfarma.com.br\\\/vivabem\\\/vitamina-c-para-o-rosto\\\/#primaryimage\"},\"thumbnailUrl\":\"https:\\\/\\\/www.qualfarma.com.br\\\/vivabem\\\/wp-content\\\/uploads\\\/2023\\\/12\\\/vitamina-c-para-o-rosto.jpg\",\"datePublished\":\"2023-12-17T15:01:01+00:00\",\"dateModified\":\"2024-08-14T17:07:24+00:00\",\"author\":{\"@id\":\"https:\\\/\\\/www.qualfarma.com.br\\\/vivabem\\\/#\\\/schema\\\/person\\\/e6037ef0f9c3229057f0431b6d899040\"},\"description\":\"Voc\u00ea sabe quais s\u00e3o os benef\u00edcios da Vitamina C para o rosto? Conhe\u00e7a as vantagens de usar o composto e potencialize o skincare!\",\"breadcrumb\":{\"@id\":\"https:\\\/\\\/www.qualfarma.com.br\\\/vivabem\\\/vitamina-c-para-o-rosto\\\/#breadcrumb\"},\"inLanguage\":\"pt-BR\",\"potentialAction\":[{\"@type\":\"ReadAction\",\"target\":[\"https:\\\/\\\/www.qualfarma.com.br\\\/vivabem\\\/vitamina-c-para-o-rosto\\\/\"]}]},{\"@type\":\"ImageObject\",\"inLanguage\":\"pt-BR\",\"@id\":\"https:\\\/\\\/www.qualfarma.com.br\\\/vivabem\\\/vitamina-c-para-o-rosto\\\/#primaryimage\",\"url\":\"https:\\\/\\\/www.qualfarma.com.br\\\/vivabem\\\/wp-content\\\/uploads\\\/2023\\\/12\\\/vitamina-c-para-o-rosto.jpg\",\"contentUrl\":\"https:\\\/\\\/www.qualfarma.com.br\\\/vivabem\\\/wp-content\\\/uploads\\\/2023\\\/12\\\/vitamina-c-para-o-rosto.jpg\",\"width\":750,\"height\":500,\"caption\":\"A vitamina C \u00e9 uma grande aliada na rotina do skincare!\"},{\"@type\":\"BreadcrumbList\",\"@id\":\"https:\\\/\\\/www.qualfarma.com.br\\\/vivabem\\\/vitamina-c-para-o-rosto\\\/#breadcrumb\",\"itemListElement\":[{\"@type\":\"ListItem\",\"position\":1,\"name\":\"Blog Viva Bem\",\"item\":\"https:\\\/\\\/www.qualfarma.com.br\\\/vivabem\\\/\"},{\"@type\":\"ListItem\",\"position\":2,\"name\":\"Skincare\",\"item\":\"https:\\\/\\\/www.qualfarma.com.br\\\/vivabem\\\/skincare\\\/\"},{\"@type\":\"ListItem\",\"position\":3,\"name\":\"Rotinas de skincare\",\"item\":\"https:\\\/\\\/www.qualfarma.com.br\\\/vivabem\\\/skincare\\\/rotinas-de-skincare\\\/\"},{\"@type\":\"ListItem\",\"position\":4,\"name\":\"Vitamina C para o rosto: benef\u00edcios e melhores marcas\"}]},{\"@type\":\"WebSite\",\"@id\":\"https:\\\/\\\/www.qualfarma.com.br\\\/vivabem\\\/#website\",\"url\":\"https:\\\/\\\/www.qualfarma.com.br\\\/vivabem\\\/\",\"name\":\"Blog Viva Bem por Qualfarma\",\"description\":\"\u00ae 2023\",\"potentialAction\":[{\"@type\":\"SearchAction\",\"target\":{\"@type\":\"EntryPoint\",\"urlTemplate\":\"https:\\\/\\\/www.qualfarma.com.br\\\/vivabem\\\/?s={search_term_string}\"},\"query-input\":{\"@type\":\"PropertyValueSpecification\",\"valueRequired\":true,\"valueName\":\"search_term_string\"}}],\"inLanguage\":\"pt-BR\"},{\"@type\":\"Person\",\"@id\":\"https:\\\/\\\/www.qualfarma.com.br\\\/vivabem\\\/#\\\/schema\\\/person\\\/e6037ef0f9c3229057f0431b6d899040\",\"name\":\"Reda\u00e7\u00e3o Qualfarma\",\"image\":{\"@type\":\"ImageObject\",\"inLanguage\":\"pt-BR\",\"@id\":\"https:\\\/\\\/secure.gravatar.com\\\/avatar\\\/329561e79720b1f3782b6f0441eaff93fe95cbf7b7b6dcea21f80c8c42f8f1d0?s=96&d=mm&r=g\",\"url\":\"https:\\\/\\\/secure.gravatar.com\\\/avatar\\\/329561e79720b1f3782b6f0441eaff93fe95cbf7b7b6dcea21f80c8c42f8f1d0?s=96&d=mm&r=g\",\"contentUrl\":\"https:\\\/\\\/secure.gravatar.com\\\/avatar\\\/329561e79720b1f3782b6f0441eaff93fe95cbf7b7b6dcea21f80c8c42f8f1d0?s=96&d=mm&r=g\",\"caption\":\"Reda\u00e7\u00e3o Qualfarma\"},\"description\":\"A Reda\u00e7\u00e3o Qualfarma \u00e9 formada por um time focado em assuntos de sa\u00fade e beleza que se dedica a descomplicar o bem-estar, facilitando o acesso a informa\u00e7\u00f5es e dicas atrav\u00e9s de conte\u00fado de alta qualidade.\"}]}<\/script>\n<!-- \/ Yoast SEO plugin. -->","yoast_head_json":{"title":"Vitamina C para o rosto: benef\u00edcios e melhores marcas","description":"Voc\u00ea sabe quais s\u00e3o os benef\u00edcios da Vitamina C para o rosto? Conhe\u00e7a as vantagens de usar o composto e potencialize o skincare!","robots":{"index":"index","follow":"follow","max-snippet":"max-snippet:-1","max-image-preview":"max-image-preview:large","max-video-preview":"max-video-preview:-1"},"canonical":"https:\/\/www.qualfarma.com.br\/vivabem\/vitamina-c-para-o-rosto\/","og_locale":"pt_BR","og_type":"article","og_title":"Vitamina C para o rosto: benef\u00edcios e melhores marcas","og_description":"Voc\u00ea sabe quais s\u00e3o os benef\u00edcios da Vitamina C para o rosto? Conhe\u00e7a as vantagens de usar o composto e potencialize o skincare!","og_url":"https:\/\/www.qualfarma.com.br\/vivabem\/vitamina-c-para-o-rosto\/","og_site_name":"Blog Viva Bem por Qualfarma","article_published_time":"2023-12-17T15:01:01+00:00","article_modified_time":"2024-08-14T17:07:24+00:00","og_image":[{"width":750,"height":500,"url":"https:\/\/www.qualfarma.com.br\/vivabem\/wp-content\/uploads\/2023\/12\/vitamina-c-para-o-rosto.jpg","type":"image\/jpeg"}],"author":"Reda\u00e7\u00e3o Qualfarma","twitter_card":"summary_large_image","twitter_misc":{"Escrito por":"Reda\u00e7\u00e3o Qualfarma","Est. tempo de leitura":"8 minutos"},"schema":{"@context":"https:\/\/schema.org","@graph":[{"@type":"Article","@id":"https:\/\/www.qualfarma.com.br\/vivabem\/vitamina-c-para-o-rosto\/#article","isPartOf":{"@id":"https:\/\/www.qualfarma.com.br\/vivabem\/vitamina-c-para-o-rosto\/"},"author":{"name":"Reda\u00e7\u00e3o Qualfarma","@id":"https:\/\/www.qualfarma.com.br\/vivabem\/#\/schema\/person\/e6037ef0f9c3229057f0431b6d899040"},"headline":"Vitamina C para o rosto: benef\u00edcios e melhores marcas","datePublished":"2023-12-17T15:01:01+00:00","dateModified":"2024-08-14T17:07:24+00:00","mainEntityOfPage":{"@id":"https:\/\/www.qualfarma.com.br\/vivabem\/vitamina-c-para-o-rosto\/"},"wordCount":1464,"commentCount":0,"image":{"@id":"https:\/\/www.qualfarma.com.br\/vivabem\/vitamina-c-para-o-rosto\/#primaryimage"},"thumbnailUrl":"https:\/\/www.qualfarma.com.br\/vivabem\/wp-content\/uploads\/2023\/12\/vitamina-c-para-o-rosto.jpg","keywords":["Rotinas de Skincare","Skincare"],"articleSection":["Rotinas de skincare"],"inLanguage":"pt-BR","potentialAction":[{"@type":"CommentAction","name":"Comment","target":["https:\/\/www.qualfarma.com.br\/vivabem\/vitamina-c-para-o-rosto\/#respond"]}]},{"@type":"WebPage","@id":"https:\/\/www.qualfarma.com.br\/vivabem\/vitamina-c-para-o-rosto\/","url":"https:\/\/www.qualfarma.com.br\/vivabem\/vitamina-c-para-o-rosto\/","name":"Vitamina C para o rosto: benef\u00edcios e melhores marcas","isPartOf":{"@id":"https:\/\/www.qualfarma.com.br\/vivabem\/#website"},"primaryImageOfPage":{"@id":"https:\/\/www.qualfarma.com.br\/vivabem\/vitamina-c-para-o-rosto\/#primaryimage"},"image":{"@id":"https:\/\/www.qualfarma.com.br\/vivabem\/vitamina-c-para-o-rosto\/#primaryimage"},"thumbnailUrl":"https:\/\/www.qualfarma.com.br\/vivabem\/wp-content\/uploads\/2023\/12\/vitamina-c-para-o-rosto.jpg","datePublished":"2023-12-17T15:01:01+00:00","dateModified":"2024-08-14T17:07:24+00:00","author":{"@id":"https:\/\/www.qualfarma.com.br\/vivabem\/#\/schema\/person\/e6037ef0f9c3229057f0431b6d899040"},"description":"Voc\u00ea sabe quais s\u00e3o os benef\u00edcios da Vitamina C para o rosto? Conhe\u00e7a as vantagens de usar o composto e potencialize o skincare!","breadcrumb":{"@id":"https:\/\/www.qualfarma.com.br\/vivabem\/vitamina-c-para-o-rosto\/#breadcrumb"},"inLanguage":"pt-BR","potentialAction":[{"@type":"ReadAction","target":["https:\/\/www.qualfarma.com.br\/vivabem\/vitamina-c-para-o-rosto\/"]}]},{"@type":"ImageObject","inLanguage":"pt-BR","@id":"https:\/\/www.qualfarma.com.br\/vivabem\/vitamina-c-para-o-rosto\/#primaryimage","url":"https:\/\/www.qualfarma.com.br\/vivabem\/wp-content\/uploads\/2023\/12\/vitamina-c-para-o-rosto.jpg","contentUrl":"https:\/\/www.qualfarma.com.br\/vivabem\/wp-content\/uploads\/2023\/12\/vitamina-c-para-o-rosto.jpg","width":750,"height":500,"caption":"A vitamina C \u00e9 uma grande aliada na rotina do skincare!"},{"@type":"BreadcrumbList","@id":"https:\/\/www.qualfarma.com.br\/vivabem\/vitamina-c-para-o-rosto\/#breadcrumb","itemListElement":[{"@type":"ListItem","position":1,"name":"Blog Viva Bem","item":"https:\/\/www.qualfarma.com.br\/vivabem\/"},{"@type":"ListItem","position":2,"name":"Skincare","item":"https:\/\/www.qualfarma.com.br\/vivabem\/skincare\/"},{"@type":"ListItem","position":3,"name":"Rotinas de skincare","item":"https:\/\/www.qualfarma.com.br\/vivabem\/skincare\/rotinas-de-skincare\/"},{"@type":"ListItem","position":4,"name":"Vitamina C para o rosto: benef\u00edcios e melhores marcas"}]},{"@type":"WebSite","@id":"https:\/\/www.qualfarma.com.br\/vivabem\/#website","url":"https:\/\/www.qualfarma.com.br\/vivabem\/","name":"Blog Viva Bem por Qualfarma","description":"\u00ae 2023","potentialAction":[{"@type":"SearchAction","target":{"@type":"EntryPoint","urlTemplate":"https:\/\/www.qualfarma.com.br\/vivabem\/?s={search_term_string}"},"query-input":{"@type":"PropertyValueSpecification","valueRequired":true,"valueName":"search_term_string"}}],"inLanguage":"pt-BR"},{"@type":"Person","@id":"https:\/\/www.qualfarma.com.br\/vivabem\/#\/schema\/person\/e6037ef0f9c3229057f0431b6d899040","name":"Reda\u00e7\u00e3o Qualfarma","image":{"@type":"ImageObject","inLanguage":"pt-BR","@id":"https:\/\/secure.gravatar.com\/avatar\/329561e79720b1f3782b6f0441eaff93fe95cbf7b7b6dcea21f80c8c42f8f1d0?s=96&d=mm&r=g","url":"https:\/\/secure.gravatar.com\/avatar\/329561e79720b1f3782b6f0441eaff93fe95cbf7b7b6dcea21f80c8c42f8f1d0?s=96&d=mm&r=g","contentUrl":"https:\/\/secure.gravatar.com\/avatar\/329561e79720b1f3782b6f0441eaff93fe95cbf7b7b6dcea21f80c8c42f8f1d0?s=96&d=mm&r=g","caption":"Reda\u00e7\u00e3o Qualfarma"},"description":"A Reda\u00e7\u00e3o Qualfarma \u00e9 formada por um time focado em assuntos de sa\u00fade e beleza que se dedica a descomplicar o bem-estar, facilitando o acesso a informa\u00e7\u00f5es e dicas atrav\u00e9s de conte\u00fado de alta qualidade."}]}},"jetpack_featured_media_url":"https:\/\/www.qualfarma.com.br\/vivabem\/wp-content\/uploads\/2023\/12\/vitamina-c-para-o-rosto.jpg","tpgb_featured_images":{"full":["https:\/\/www.qualfarma.com.br\/vivabem\/wp-content\/uploads\/2023\/12\/vitamina-c-para-o-rosto.jpg",750,500,false],"tp-image-grid":["https:\/\/www.qualfarma.com.br\/vivabem\/wp-content\/uploads\/2023\/12\/vitamina-c-para-o-rosto-700x700.jpg",700,700,true],"thumbnail":["https:\/\/www.qualfarma.com.br\/vivabem\/wp-content\/uploads\/2023\/12\/vitamina-c-para-o-rosto-150x150.jpg",150,150,true],"medium":["https:\/\/www.qualfarma.com.br\/vivabem\/wp-content\/uploads\/2023\/12\/vitamina-c-para-o-rosto-300x200.jpg",300,200,true],"medium_large":["https:\/\/www.qualfarma.com.br\/vivabem\/wp-content\/uploads\/2023\/12\/vitamina-c-para-o-rosto.jpg",750,500,false],"large":["https:\/\/www.qualfarma.com.br\/vivabem\/wp-content\/uploads\/2023\/12\/vitamina-c-para-o-rosto.jpg",750,500,false],"default":"https:\/\/www.qualfarma.com.br\/vivabem\/wp-content\/plugins\/the-plus-addons-for-block-editor\/assets\/images\/tpgb-placeholder.jpg"},"tpgb_post_meta_info":{"get_date":"dezembro 17, 2023","get_modified_date":"agosto 14, 2024","category_list":{"category":[{"term_id":105,"name":"Rotinas de skincare","slug":"rotinas-de-skincare","term_group":0,"term_taxonomy_id":105,"taxonomy":"category","description":"","parent":104,"count":12,"filter":"raw"}],"post_tag":[{"term_id":100,"name":"Rotinas de Skincare","slug":"rotinas-de-skincare","term_group":0,"term_taxonomy_id":100,"taxonomy":"post_tag","description":"","parent":0,"count":10,"filter":"raw"},{"term_id":99,"name":"Skincare","slug":"skincare","term_group":0,"term_taxonomy_id":99,"taxonomy":"post_tag","description":"","parent":0,"count":14,"filter":"raw"}]},"author_name":"Reda\u00e7\u00e3o Qualfarma","author_url":"https:\/\/www.qualfarma.com.br\/vivabem\/author\/redacao-qualfarma\/","author_email":"contato@maispreco.com","author_website":"","author_description":"A Reda\u00e7\u00e3o Qualfarma \u00e9 formada por um time focado em assuntos de sa\u00fade e beleza que se dedica a descomplicar o bem-estar, facilitando o acesso a informa\u00e7\u00f5es e dicas atrav\u00e9s de conte\u00fado de alta qualidade.","author_facebook":"","author_twitter":"","author_instagram":"","author_role":["author"],"author_firstname":"Reda\u00e7\u00e3o","author_lastname":"Qualfarma","user_login":"redacao.qualfarma","author_avatar":"<img alt='' src='https:\/\/secure.gravatar.com\/avatar\/329561e79720b1f3782b6f0441eaff93fe95cbf7b7b6dcea21f80c8c42f8f1d0?s=200&#038;d=mm&#038;r=g' srcset='https:\/\/secure.gravatar.com\/avatar\/329561e79720b1f3782b6f0441eaff93fe95cbf7b7b6dcea21f80c8c42f8f1d0?s=400&#038;d=mm&#038;r=g 2x' class='avatar avatar-200 photo' height='200' width='200' decoding='async'\/>","author_avatar_url":"https:\/\/secure.gravatar.com\/avatar\/329561e79720b1f3782b6f0441eaff93fe95cbf7b7b6dcea21f80c8c42f8f1d0?s=96&d=mm&r=g","comment_count":0,"post_likes":0,"post_views":0},"tpgb_post_category":{"category":"<a href=\"https:\/\/www.qualfarma.com.br\/vivabem\/skincare\/rotinas-de-skincare\/\" alt=\"Rotinas de skincare\"  class=\"category-rotinas-de-skincare\">Rotinas de skincare<\/a> ","post_tag":"<a href=\"https:\/\/www.qualfarma.com.br\/vivabem\/tag\/rotinas-de-skincare\/\" alt=\"Rotinas de Skincare\"  class=\"post_tag-rotinas-de-skincare\">Rotinas de Skincare<\/a> <a href=\"https:\/\/www.qualfarma.com.br\/vivabem\/tag\/skincare\/\" alt=\"Skincare\"  class=\"post_tag-skincare\">Skincare<\/a> "},"_links":{"self":[{"href":"https:\/\/www.qualfarma.com.br\/vivabem\/wp-json\/wp\/v2\/posts\/1565","targetHints":{"allow":["GET"]}}],"collection":[{"href":"https:\/\/www.qualfarma.com.br\/vivabem\/wp-json\/wp\/v2\/posts"}],"about":[{"href":"https:\/\/www.qualfarma.com.br\/vivabem\/wp-json\/wp\/v2\/types\/post"}],"author":[{"embeddable":true,"href":"https:\/\/www.qualfarma.com.br\/vivabem\/wp-json\/wp\/v2\/users\/6"}],"replies":[{"embeddable":true,"href":"https:\/\/www.qualfarma.com.br\/vivabem\/wp-json\/wp\/v2\/comments?post=1565"}],"version-history":[{"count":26,"href":"https:\/\/www.qualfarma.com.br\/vivabem\/wp-json\/wp\/v2\/posts\/1565\/revisions"}],"predecessor-version":[{"id":3263,"href":"https:\/\/www.qualfarma.com.br\/vivabem\/wp-json\/wp\/v2\/posts\/1565\/revisions\/3263"}],"wp:featuredmedia":[{"embeddable":true,"href":"https:\/\/www.qualfarma.com.br\/vivabem\/wp-json\/wp\/v2\/media\/1567"}],"wp:attachment":[{"href":"https:\/\/www.qualfarma.com.br\/vivabem\/wp-json\/wp\/v2\/media?parent=1565"}],"wp:term":[{"taxonomy":"category","embeddable":true,"href":"https:\/\/www.qualfarma.com.br\/vivabem\/wp-json\/wp\/v2\/categories?post=1565"},{"taxonomy":"post_tag","embeddable":true,"href":"https:\/\/www.qualfarma.com.br\/vivabem\/wp-json\/wp\/v2\/tags?post=1565"}],"curies":[{"name":"wp","href":"https:\/\/api.w.org\/{rel}","templated":true}]}}